{"id":65914,"date":"2020-11-18T22:23:36","date_gmt":"2020-11-19T03:23:36","guid":{"rendered":"https:\/\/aeronoticias.com.pe\/noticiero\/?p=65914"},"modified":"2020-11-18T22:23:40","modified_gmt":"2020-11-19T03:23:40","slug":"reinicia-operacion-aeropuerto-de-san-andres-tras-paso-de-huracan","status":"publish","type":"post","link":"https:\/\/aeronoticias.com.pe\/noticiero\/transporte-aereo\/reinicia-operacion-aeropuerto-de-san-andres-tras-paso-de-huracan\/","title":{"rendered":"Reinicia operaci\u00f3n aeropuerto de San Andr\u00e9s tras paso de hurac\u00e1n"},"content":{"rendered":"\n<p><strong>(Aeronoticias)<\/strong>.- La Aeron\u00e1utica Civil reactiv\u00f3 las operaciones a\u00e9reas comerciales desde y hacia el Aeropuerto Gustavo Rojas Pinilla de San Andr\u00e9s (Colombia), a partir de las 7:00 a.m. de este mi\u00e9rcoles, para de garantizar la salida de turistas que quedaron atrapados en la isla a causa del paso del hurac\u00e1n Iota , y permitir la llegada de ayuda a los damnificados.<\/p>\n\n\n\n<p>Seg\u00fan la entidad, desde este martes 17 noviembre, se iniciaron las operaciones de la aviaci\u00f3n de Estado como parte del compromiso del Gobierno para llevar ayuda a los damnificados por el paso del hurac\u00e1n , as\u00ed como a sus familias.<\/p>\n\n\n\n<p>Aunque el terminal a\u00e9reo presenta da\u00f1os en la infraestructura que se est\u00e1n evaluando para poder ser reparados lo m\u00e1s pronto posible, el aeropuerto se encuentra en condiciones seguras de operaci\u00f3n, que permiten la salida y el ingreso de aeronaves para el transporte de personas y la llegada de ayudas para los damnificados que dej\u00f3 este fen\u00f3meno natural sin precedentes que azot\u00f3 a la Isla.<\/p>\n\n\n\n<p>Fuente: <strong><em>El Tiempo<\/em><\/strong>.<\/p>\n","protected":false},"excerpt":{"rendered":"<p>(Aeronoticias).- La Aeron\u00e1utica Civil reactiv\u00f3 las operaciones a\u00e9reas comerciales desde y hacia el Aeropuerto Gustavo Rojas Pinilla de San Andr\u00e9s (Colombia), a partir de las 7:00 a.m. de este mi\u00e9rcoles, para de garantizar la salida de turistas que quedaron atrapados en la isla a causa del paso del hurac\u00e1n Iota , y permitir la llegada [&hellip;]<\/p>\n","protected":false},"author":4,"featured_media":65915,"comment_status":"open","ping_status":"open","sticky":false,"template":"","format":"standard","meta":{"tdm_status":"","tdm_grid_status":"","footnotes":""},"categories":[32,11],"tags":[898,897],"class_list":{"0":"post-65914","1":"post","2":"type-post","3":"status-publish","4":"format-standard","5":"has-post-thumbnail","7":"category-internacional","8":"category-transporte-aereo","9":"tag-huracan","10":"tag-san-andres"},"yoast_head":"<!-- This site is optimized with the Yoast SEO plugin v25.1 - https:\/\/yoast.com\/wordpress\/plugins\/seo\/ -->\n<title>Reinicia operaci\u00f3n aeropuerto de San Andr\u00e9s tras paso de hurac\u00e1n<\/title>\n<meta name=\"description\" content=\"Portal de noticias del Per\u00fa sobre el transporte a\u00e9reo, aviaci\u00f3n, turismo, hoteleria, actualidad.\" \/>\n<meta name=\"robots\" content=\"index, follow, max-snippet:-1, max-image-preview:large, max-video-preview:-1\" \/>\n<link rel=\"canonical\" href=\"https:\/\/aeronoticias.com.pe\/noticiero\/transporte-aereo\/reinicia-operacion-aeropuerto-de-san-andres-tras-paso-de-huracan\/\" \/>\n<meta property=\"og:locale\" content=\"es_ES\" \/>\n<meta property=\"og:type\" content=\"article\" \/>\n<meta property=\"og:title\" content=\"Reinicia operaci\u00f3n aeropuerto de San Andr\u00e9s tras paso de hurac\u00e1n\" \/>\n<meta property=\"og:description\" content=\"Portal de noticias del Per\u00fa sobre el transporte a\u00e9reo, aviaci\u00f3n, turismo, hoteleria, actualidad.\" \/>\n<meta property=\"og:url\" content=\"https:\/\/aeronoticias.com.pe\/noticiero\/transporte-aereo\/reinicia-operacion-aeropuerto-de-san-andres-tras-paso-de-huracan\/\" \/>\n<meta property=\"og:site_name\" content=\"Aeronoticias.com.pe\" \/>\n<meta property=\"article:publisher\" content=\"https:\/\/www.facebook.com\/Aeronoticias.com.pe\/\" \/>\n<meta property=\"article:published_time\" content=\"2020-11-19T03:23:36+00:00\" \/>\n<meta property=\"article:modified_time\" content=\"2020-11-19T03:23:40+00:00\" \/>\n<meta property=\"og:image\" content=\"https:\/\/aeronoticias.com.pe\/noticiero\/wp-content\/uploads\/2020\/11\/Aeropuerto-de-San-Andres.jpg\" \/>\n\t<meta property=\"og:image:width\" content=\"800\" \/>\n\t<meta property=\"og:image:height\" content=\"400\" \/>\n\t<meta property=\"og:image:type\" content=\"image\/jpeg\" \/>\n<meta name=\"author\" content=\"Jefrey Cuya\" \/>\n<meta name=\"twitter:card\" content=\"summary_large_image\" \/>\n<meta name=\"twitter:creator\" content=\"@aeronoticias\" \/>\n<meta name=\"twitter:site\" content=\"@aeronoticias\" \/>\n<meta name=\"twitter:label1\" content=\"Escrito por\" \/>\n\t<meta name=\"twitter:data1\" content=\"Jefrey Cuya\" \/>\n\t<meta name=\"twitter:label2\" content=\"Tiempo de lectura\" \/>\n\t<meta name=\"twitter:data2\" content=\"1 minuto\" \/>\n<script type=\"application\/ld+json\" class=\"yoast-schema-graph\">{\"@context\":\"https:\/\/schema.org\",\"@graph\":[{\"@type\":\"WebPage\",\"@id\":\"https:\/\/aeronoticias.com.pe\/noticiero\/transporte-aereo\/reinicia-operacion-aeropuerto-de-san-andres-tras-paso-de-huracan\/\",\"url\":\"https:\/\/aeronoticias.com.pe\/noticiero\/transporte-aereo\/reinicia-operacion-aeropuerto-de-san-andres-tras-paso-de-huracan\/\",\"name\":\"Reinicia operaci\u00f3n aeropuerto de San Andr\u00e9s tras paso de hurac\u00e1n\",\"isPartOf\":{\"@id\":\"https:\/\/aeronoticias.com.pe\/noticiero\/#website\"},\"primaryImageOfPage\":{\"@id\":\"https:\/\/aeronoticias.com.pe\/noticiero\/transporte-aereo\/reinicia-operacion-aeropuerto-de-san-andres-tras-paso-de-huracan\/#primaryimage\"},\"image\":{\"@id\":\"https:\/\/aeronoticias.com.pe\/noticiero\/transporte-aereo\/reinicia-operacion-aeropuerto-de-san-andres-tras-paso-de-huracan\/#primaryimage\"},\"thumbnailUrl\":\"https:\/\/aeronoticias.com.pe\/noticiero\/wp-content\/uploads\/2020\/11\/Aeropuerto-de-San-Andres.jpg\",\"datePublished\":\"2020-11-19T03:23:36+00:00\",\"dateModified\":\"2020-11-19T03:23:40+00:00\",\"author\":{\"@id\":\"https:\/\/aeronoticias.com.pe\/noticiero\/#\/schema\/person\/9ef7422a13b22ab480ffc29639f442b0\"},\"description\":\"Portal de noticias del Per\u00fa sobre el transporte a\u00e9reo, aviaci\u00f3n, turismo, hoteleria, actualidad.\",\"breadcrumb\":{\"@id\":\"https:\/\/aeronoticias.com.pe\/noticiero\/transporte-aereo\/reinicia-operacion-aeropuerto-de-san-andres-tras-paso-de-huracan\/#breadcrumb\"},\"inLanguage\":\"es\",\"potentialAction\":[{\"@type\":\"ReadAction\",\"target\":[\"https:\/\/aeronoticias.com.pe\/noticiero\/transporte-aereo\/reinicia-operacion-aeropuerto-de-san-andres-tras-paso-de-huracan\/\"]}]},{\"@type\":\"ImageObject\",\"inLanguage\":\"es\",\"@id\":\"https:\/\/aeronoticias.com.pe\/noticiero\/transporte-aereo\/reinicia-operacion-aeropuerto-de-san-andres-tras-paso-de-huracan\/#primaryimage\",\"url\":\"https:\/\/aeronoticias.com.pe\/noticiero\/wp-content\/uploads\/2020\/11\/Aeropuerto-de-San-Andres.jpg\",\"contentUrl\":\"https:\/\/aeronoticias.com.pe\/noticiero\/wp-content\/uploads\/2020\/11\/Aeropuerto-de-San-Andres.jpg\",\"width\":800,\"height\":400},{\"@type\":\"BreadcrumbList\",\"@id\":\"https:\/\/aeronoticias.com.pe\/noticiero\/transporte-aereo\/reinicia-operacion-aeropuerto-de-san-andres-tras-paso-de-huracan\/#breadcrumb\",\"itemListElement\":[{\"@type\":\"ListItem\",\"position\":1,\"name\":\"Portada\",\"item\":\"https:\/\/aeronoticias.com.pe\/noticiero\/\"},{\"@type\":\"ListItem\",\"position\":2,\"name\":\"Reinicia operaci\u00f3n aeropuerto de San Andr\u00e9s tras paso de hurac\u00e1n\"}]},{\"@type\":\"WebSite\",\"@id\":\"https:\/\/aeronoticias.com.pe\/noticiero\/#website\",\"url\":\"https:\/\/aeronoticias.com.pe\/noticiero\/\",\"name\":\"Aeronoticias.com.pe\",\"description\":\"Noticias de tranporte aereo, turismo, hoteles, gastronomia, actualidad, internacional\",\"potentialAction\":[{\"@type\":\"SearchAction\",\"target\":{\"@type\":\"EntryPoint\",\"urlTemplate\":\"https:\/\/aeronoticias.com.pe\/noticiero\/?s={search_term_string}\"},\"query-input\":{\"@type\":\"PropertyValueSpecification\",\"valueRequired\":true,\"valueName\":\"search_term_string\"}}],\"inLanguage\":\"es\"},{\"@type\":\"Person\",\"@id\":\"https:\/\/aeronoticias.com.pe\/noticiero\/#\/schema\/person\/9ef7422a13b22ab480ffc29639f442b0\",\"name\":\"Jefrey Cuya\",\"url\":\"https:\/\/aeronoticias.com.pe\/noticiero\/author\/jefreycuya\/\"}]}<\/script>\n<!-- \/ Yoast SEO plugin. -->","yoast_head_json":{"title":"Reinicia operaci\u00f3n aeropuerto de San Andr\u00e9s tras paso de hurac\u00e1n","description":"Portal de noticias del Per\u00fa sobre el transporte a\u00e9reo, aviaci\u00f3n, turismo, hoteleria, actualidad.","robots":{"index":"index","follow":"follow","max-snippet":"max-snippet:-1","max-image-preview":"max-image-preview:large","max-video-preview":"max-video-preview:-1"},"canonical":"https:\/\/aeronoticias.com.pe\/noticiero\/transporte-aereo\/reinicia-operacion-aeropuerto-de-san-andres-tras-paso-de-huracan\/","og_locale":"es_ES","og_type":"article","og_title":"Reinicia operaci\u00f3n aeropuerto de San Andr\u00e9s tras paso de hurac\u00e1n","og_description":"Portal de noticias del Per\u00fa sobre el transporte a\u00e9reo, aviaci\u00f3n, turismo, hoteleria, actualidad.","og_url":"https:\/\/aeronoticias.com.pe\/noticiero\/transporte-aereo\/reinicia-operacion-aeropuerto-de-san-andres-tras-paso-de-huracan\/","og_site_name":"Aeronoticias.com.pe","article_publisher":"https:\/\/www.facebook.com\/Aeronoticias.com.pe\/","article_published_time":"2020-11-19T03:23:36+00:00","article_modified_time":"2020-11-19T03:23:40+00:00","og_image":[{"width":800,"height":400,"url":"https:\/\/aeronoticias.com.pe\/noticiero\/wp-content\/uploads\/2020\/11\/Aeropuerto-de-San-Andres.jpg","type":"image\/jpeg"}],"author":"Jefrey Cuya","twitter_card":"summary_large_image","twitter_creator":"@aeronoticias","twitter_site":"@aeronoticias","twitter_misc":{"Escrito por":"Jefrey Cuya","Tiempo de lectura":"1 minuto"},"schema":{"@context":"https:\/\/schema.org","@graph":[{"@type":"WebPage","@id":"https:\/\/aeronoticias.com.pe\/noticiero\/transporte-aereo\/reinicia-operacion-aeropuerto-de-san-andres-tras-paso-de-huracan\/","url":"https:\/\/aeronoticias.com.pe\/noticiero\/transporte-aereo\/reinicia-operacion-aeropuerto-de-san-andres-tras-paso-de-huracan\/","name":"Reinicia operaci\u00f3n aeropuerto de San Andr\u00e9s tras paso de hurac\u00e1n","isPartOf":{"@id":"https:\/\/aeronoticias.com.pe\/noticiero\/#website"},"primaryImageOfPage":{"@id":"https:\/\/aeronoticias.com.pe\/noticiero\/transporte-aereo\/reinicia-operacion-aeropuerto-de-san-andres-tras-paso-de-huracan\/#primaryimage"},"image":{"@id":"https:\/\/aeronoticias.com.pe\/noticiero\/transporte-aereo\/reinicia-operacion-aeropuerto-de-san-andres-tras-paso-de-huracan\/#primaryimage"},"thumbnailUrl":"https:\/\/aeronoticias.com.pe\/noticiero\/wp-content\/uploads\/2020\/11\/Aeropuerto-de-San-Andres.jpg","datePublished":"2020-11-19T03:23:36+00:00","dateModified":"2020-11-19T03:23:40+00:00","author":{"@id":"https:\/\/aeronoticias.com.pe\/noticiero\/#\/schema\/person\/9ef7422a13b22ab480ffc29639f442b0"},"description":"Portal de noticias del Per\u00fa sobre el transporte a\u00e9reo, aviaci\u00f3n, turismo, hoteleria, actualidad.","breadcrumb":{"@id":"https:\/\/aeronoticias.com.pe\/noticiero\/transporte-aereo\/reinicia-operacion-aeropuerto-de-san-andres-tras-paso-de-huracan\/#breadcrumb"},"inLanguage":"es","potentialAction":[{"@type":"ReadAction","target":["https:\/\/aeronoticias.com.pe\/noticiero\/transporte-aereo\/reinicia-operacion-aeropuerto-de-san-andres-tras-paso-de-huracan\/"]}]},{"@type":"ImageObject","inLanguage":"es","@id":"https:\/\/aeronoticias.com.pe\/noticiero\/transporte-aereo\/reinicia-operacion-aeropuerto-de-san-andres-tras-paso-de-huracan\/#primaryimage","url":"https:\/\/aeronoticias.com.pe\/noticiero\/wp-content\/uploads\/2020\/11\/Aeropuerto-de-San-Andres.jpg","contentUrl":"https:\/\/aeronoticias.com.pe\/noticiero\/wp-content\/uploads\/2020\/11\/Aeropuerto-de-San-Andres.jpg","width":800,"height":400},{"@type":"BreadcrumbList","@id":"https:\/\/aeronoticias.com.pe\/noticiero\/transporte-aereo\/reinicia-operacion-aeropuerto-de-san-andres-tras-paso-de-huracan\/#breadcrumb","itemListElement":[{"@type":"ListItem","position":1,"name":"Portada","item":"https:\/\/aeronoticias.com.pe\/noticiero\/"},{"@type":"ListItem","position":2,"name":"Reinicia operaci\u00f3n aeropuerto de San Andr\u00e9s tras paso de hurac\u00e1n"}]},{"@type":"WebSite","@id":"https:\/\/aeronoticias.com.pe\/noticiero\/#website","url":"https:\/\/aeronoticias.com.pe\/noticiero\/","name":"Aeronoticias.com.pe","description":"Noticias de tranporte aereo, turismo, hoteles, gastronomia, actualidad, internacional","potentialAction":[{"@type":"SearchAction","target":{"@type":"EntryPoint","urlTemplate":"https:\/\/aeronoticias.com.pe\/noticiero\/?s={search_term_string}"},"query-input":{"@type":"PropertyValueSpecification","valueRequired":true,"valueName":"search_term_string"}}],"inLanguage":"es"},{"@type":"Person","@id":"https:\/\/aeronoticias.com.pe\/noticiero\/#\/schema\/person\/9ef7422a13b22ab480ffc29639f442b0","name":"Jefrey Cuya","url":"https:\/\/aeronoticias.com.pe\/noticiero\/author\/jefreycuya\/"}]}},"_links":{"self":[{"href":"https:\/\/aeronoticias.com.pe\/noticiero\/wp-json\/wp\/v2\/posts\/65914","targetHints":{"allow":["GET"]}}],"collection":[{"href":"https:\/\/aeronoticias.com.pe\/noticiero\/wp-json\/wp\/v2\/posts"}],"about":[{"href":"https:\/\/aeronoticias.com.pe\/noticiero\/wp-json\/wp\/v2\/types\/post"}],"author":[{"embeddable":true,"href":"https:\/\/aeronoticias.com.pe\/noticiero\/wp-json\/wp\/v2\/users\/4"}],"replies":[{"embeddable":true,"href":"https:\/\/aeronoticias.com.pe\/noticiero\/wp-json\/wp\/v2\/comments?post=65914"}],"version-history":[{"count":0,"href":"https:\/\/aeronoticias.com.pe\/noticiero\/wp-json\/wp\/v2\/posts\/65914\/revisions"}],"wp:featuredmedia":[{"embeddable":true,"href":"https:\/\/aeronoticias.com.pe\/noticiero\/wp-json\/wp\/v2\/media\/65915"}],"wp:attachment":[{"href":"https:\/\/aeronoticias.com.pe\/noticiero\/wp-json\/wp\/v2\/media?parent=65914"}],"wp:term":[{"taxonomy":"category","embeddable":true,"href":"https:\/\/aeronoticias.com.pe\/noticiero\/wp-json\/wp\/v2\/categories?post=65914"},{"taxonomy":"post_tag","embeddable":true,"href":"https:\/\/aeronoticias.com.pe\/noticiero\/wp-json\/wp\/v2\/tags?post=65914"}],"curies":[{"name":"wp","href":"https:\/\/api.w.org\/{rel}","templated":true}]}}