{"id":65919,"date":"2020-11-18T20:27:00","date_gmt":"2020-11-19T01:27:00","guid":{"rendered":"https:\/\/aeronoticias.com.pe\/noticiero\/?p=65919"},"modified":"2020-11-18T22:31:04","modified_gmt":"2020-11-19T03:31:04","slug":"la-ue-no-encuentra-consenso-para-los-test-rapidos-de-coronavirus","status":"publish","type":"post","link":"https:\/\/aeronoticias.com.pe\/noticiero\/transporte-aereo\/la-ue-no-encuentra-consenso-para-los-test-rapidos-de-coronavirus\/","title":{"rendered":"La UE no encuentra consenso para los test r\u00e1pidos de coronavirus"},"content":{"rendered":"\n<p><strong>(Aeronoticias)<\/strong>.- Muchos gobiernos de la UE se oponen a una normativa com\u00fan sobre el uso de pruebas r\u00e1pidas de COVID-19, seg\u00fan revel\u00f3 un documento interno visto por Reuters que supone un nuevo golpe a unas compa\u00f1\u00edas a\u00e9reas que apuestan por este tipo de tests para resucitar el sector de los viajes.<\/p>\n\n\n\n<p>Las aerol\u00edneas est\u00e1n presionando a los gobiernos por alternativas a las restricciones de movimiento en medio de la segunda ola de la pandemia que actualmente est\u00e1 barriendo Europa, con compa\u00f1\u00edas de bandera como Lufthansa y Alitalia liderando el uso de pruebas r\u00e1pidas de ant\u00edgenos.<\/p>\n\n\n\n<p>Sin embargo, numerosos gobiernos de la UE no est\u00e1n listos para procedimientos comunes sobre unas pruebas que facilitar\u00eda los viajes a trav\u00e9s de Europa, seg\u00fan el documento preparado por el gobierno alem\u00e1n, que actualmente ocupa la presidencia de turno de la UE.<\/p>\n\n\n\n<p>\u201cUn gran n\u00famero de Estados miembros dejaron claro que las discusiones sobre los est\u00e1ndares y criterios m\u00ednimos comunes eran prematuras\u201d, reza el documento, fechado el 12 de noviembre.<\/p>\n\n\n\n<p>El documento estar\u00e1 sobre la mesa cuando los l\u00edderes de la UE discutan la coordinaci\u00f3n en la lucha contra la pandemia en una videoconferencia el jueves.<\/p>\n\n\n\n<p>Los test r\u00e1pidos de ant\u00edgenos no son tan precisos como las pruebas PCR (reacci\u00f3n en cadena de la polimerasa), pero pueden dar resultados en unos pocos minutos, en lugar de varios d\u00edas.<\/p>\n\n\n\n<p>Fuente: <strong><em>Reuters<\/em><\/strong>.<\/p>\n","protected":false},"excerpt":{"rendered":"<p>(Aeronoticias).- Muchos gobiernos de la UE se oponen a una normativa com\u00fan sobre el uso de pruebas r\u00e1pidas de COVID-19, seg\u00fan revel\u00f3 un documento interno visto por Reuters que supone un nuevo golpe a unas compa\u00f1\u00edas a\u00e9reas que apuestan por este tipo de tests para resucitar el sector de los viajes. Las aerol\u00edneas est\u00e1n presionando [&hellip;]<\/p>\n","protected":false},"author":4,"featured_media":65920,"comment_status":"open","ping_status":"open","sticky":false,"template":"","format":"standard","meta":{"tdm_status":"","tdm_grid_status":"","footnotes":""},"categories":[32,11],"tags":[163,899,442],"class_list":{"0":"post-65919","1":"post","2":"type-post","3":"status-publish","4":"format-standard","5":"has-post-thumbnail","7":"category-internacional","8":"category-transporte-aereo","9":"tag-coronavirus","10":"tag-pruebas-rapidas","11":"tag-union-europea"},"yoast_head":"<!-- This site is optimized with the Yoast SEO plugin v25.1 - https:\/\/yoast.com\/wordpress\/plugins\/seo\/ -->\n<title>La UE no encuentra consenso para los test r\u00e1pidos de coronavirus<\/title>\n<meta name=\"description\" content=\"Portal de noticias del Per\u00fa sobre el transporte a\u00e9reo, aviaci\u00f3n, turismo, hoteleria, actualidad.\" \/>\n<meta name=\"robots\" content=\"index, follow, max-snippet:-1, max-image-preview:large, max-video-preview:-1\" \/>\n<link rel=\"canonical\" href=\"https:\/\/aeronoticias.com.pe\/noticiero\/transporte-aereo\/la-ue-no-encuentra-consenso-para-los-test-rapidos-de-coronavirus\/\" \/>\n<meta property=\"og:locale\" content=\"es_ES\" \/>\n<meta property=\"og:type\" content=\"article\" \/>\n<meta property=\"og:title\" content=\"La UE no encuentra consenso para los test r\u00e1pidos de coronavirus\" \/>\n<meta property=\"og:description\" content=\"Portal de noticias del Per\u00fa sobre el transporte a\u00e9reo, aviaci\u00f3n, turismo, hoteleria, actualidad.\" \/>\n<meta property=\"og:url\" content=\"https:\/\/aeronoticias.com.pe\/noticiero\/transporte-aereo\/la-ue-no-encuentra-consenso-para-los-test-rapidos-de-coronavirus\/\" \/>\n<meta property=\"og:site_name\" content=\"Aeronoticias.com.pe\" \/>\n<meta property=\"article:publisher\" content=\"https:\/\/www.facebook.com\/Aeronoticias.com.pe\/\" \/>\n<meta property=\"article:published_time\" content=\"2020-11-19T01:27:00+00:00\" \/>\n<meta property=\"article:modified_time\" content=\"2020-11-19T03:31:04+00:00\" \/>\n<meta property=\"og:image\" content=\"https:\/\/aeronoticias.com.pe\/noticiero\/wp-content\/uploads\/2020\/11\/Covid-19.jpg\" \/>\n\t<meta property=\"og:image:width\" content=\"800\" \/>\n\t<meta property=\"og:image:height\" content=\"400\" \/>\n\t<meta property=\"og:image:type\" content=\"image\/jpeg\" \/>\n<meta name=\"author\" content=\"Jefrey Cuya\" \/>\n<meta name=\"twitter:card\" content=\"summary_large_image\" \/>\n<meta name=\"twitter:creator\" content=\"@aeronoticias\" \/>\n<meta name=\"twitter:site\" content=\"@aeronoticias\" \/>\n<meta name=\"twitter:label1\" content=\"Escrito por\" \/>\n\t<meta name=\"twitter:data1\" content=\"Jefrey Cuya\" \/>\n\t<meta name=\"twitter:label2\" content=\"Tiempo de lectura\" \/>\n\t<meta name=\"twitter:data2\" content=\"1 minuto\" \/>\n<script type=\"application\/ld+json\" class=\"yoast-schema-graph\">{\"@context\":\"https:\/\/schema.org\",\"@graph\":[{\"@type\":\"WebPage\",\"@id\":\"https:\/\/aeronoticias.com.pe\/noticiero\/transporte-aereo\/la-ue-no-encuentra-consenso-para-los-test-rapidos-de-coronavirus\/\",\"url\":\"https:\/\/aeronoticias.com.pe\/noticiero\/transporte-aereo\/la-ue-no-encuentra-consenso-para-los-test-rapidos-de-coronavirus\/\",\"name\":\"La UE no encuentra consenso para los test r\u00e1pidos de coronavirus\",\"isPartOf\":{\"@id\":\"https:\/\/aeronoticias.com.pe\/noticiero\/#website\"},\"primaryImageOfPage\":{\"@id\":\"https:\/\/aeronoticias.com.pe\/noticiero\/transporte-aereo\/la-ue-no-encuentra-consenso-para-los-test-rapidos-de-coronavirus\/#primaryimage\"},\"image\":{\"@id\":\"https:\/\/aeronoticias.com.pe\/noticiero\/transporte-aereo\/la-ue-no-encuentra-consenso-para-los-test-rapidos-de-coronavirus\/#primaryimage\"},\"thumbnailUrl\":\"https:\/\/aeronoticias.com.pe\/noticiero\/wp-content\/uploads\/2020\/11\/Covid-19.jpg\",\"datePublished\":\"2020-11-19T01:27:00+00:00\",\"dateModified\":\"2020-11-19T03:31:04+00:00\",\"author\":{\"@id\":\"https:\/\/aeronoticias.com.pe\/noticiero\/#\/schema\/person\/9ef7422a13b22ab480ffc29639f442b0\"},\"description\":\"Portal de noticias del Per\u00fa sobre el transporte a\u00e9reo, aviaci\u00f3n, turismo, hoteleria, actualidad.\",\"breadcrumb\":{\"@id\":\"https:\/\/aeronoticias.com.pe\/noticiero\/transporte-aereo\/la-ue-no-encuentra-consenso-para-los-test-rapidos-de-coronavirus\/#breadcrumb\"},\"inLanguage\":\"es\",\"potentialAction\":[{\"@type\":\"ReadAction\",\"target\":[\"https:\/\/aeronoticias.com.pe\/noticiero\/transporte-aereo\/la-ue-no-encuentra-consenso-para-los-test-rapidos-de-coronavirus\/\"]}]},{\"@type\":\"ImageObject\",\"inLanguage\":\"es\",\"@id\":\"https:\/\/aeronoticias.com.pe\/noticiero\/transporte-aereo\/la-ue-no-encuentra-consenso-para-los-test-rapidos-de-coronavirus\/#primaryimage\",\"url\":\"https:\/\/aeronoticias.com.pe\/noticiero\/wp-content\/uploads\/2020\/11\/Covid-19.jpg\",\"contentUrl\":\"https:\/\/aeronoticias.com.pe\/noticiero\/wp-content\/uploads\/2020\/11\/Covid-19.jpg\",\"width\":800,\"height\":400},{\"@type\":\"BreadcrumbList\",\"@id\":\"https:\/\/aeronoticias.com.pe\/noticiero\/transporte-aereo\/la-ue-no-encuentra-consenso-para-los-test-rapidos-de-coronavirus\/#breadcrumb\",\"itemListElement\":[{\"@type\":\"ListItem\",\"position\":1,\"name\":\"Portada\",\"item\":\"https:\/\/aeronoticias.com.pe\/noticiero\/\"},{\"@type\":\"ListItem\",\"position\":2,\"name\":\"La UE no encuentra consenso para los test r\u00e1pidos de coronavirus\"}]},{\"@type\":\"WebSite\",\"@id\":\"https:\/\/aeronoticias.com.pe\/noticiero\/#website\",\"url\":\"https:\/\/aeronoticias.com.pe\/noticiero\/\",\"name\":\"Aeronoticias.com.pe\",\"description\":\"Noticias de tranporte aereo, turismo, hoteles, gastronomia, actualidad, internacional\",\"potentialAction\":[{\"@type\":\"SearchAction\",\"target\":{\"@type\":\"EntryPoint\",\"urlTemplate\":\"https:\/\/aeronoticias.com.pe\/noticiero\/?s={search_term_string}\"},\"query-input\":{\"@type\":\"PropertyValueSpecification\",\"valueRequired\":true,\"valueName\":\"search_term_string\"}}],\"inLanguage\":\"es\"},{\"@type\":\"Person\",\"@id\":\"https:\/\/aeronoticias.com.pe\/noticiero\/#\/schema\/person\/9ef7422a13b22ab480ffc29639f442b0\",\"name\":\"Jefrey Cuya\",\"url\":\"https:\/\/aeronoticias.com.pe\/noticiero\/author\/jefreycuya\/\"}]}<\/script>\n<!-- \/ Yoast SEO plugin. -->","yoast_head_json":{"title":"La UE no encuentra consenso para los test r\u00e1pidos de coronavirus","description":"Portal de noticias del Per\u00fa sobre el transporte a\u00e9reo, aviaci\u00f3n, turismo, hoteleria, actualidad.","robots":{"index":"index","follow":"follow","max-snippet":"max-snippet:-1","max-image-preview":"max-image-preview:large","max-video-preview":"max-video-preview:-1"},"canonical":"https:\/\/aeronoticias.com.pe\/noticiero\/transporte-aereo\/la-ue-no-encuentra-consenso-para-los-test-rapidos-de-coronavirus\/","og_locale":"es_ES","og_type":"article","og_title":"La UE no encuentra consenso para los test r\u00e1pidos de coronavirus","og_description":"Portal de noticias del Per\u00fa sobre el transporte a\u00e9reo, aviaci\u00f3n, turismo, hoteleria, actualidad.","og_url":"https:\/\/aeronoticias.com.pe\/noticiero\/transporte-aereo\/la-ue-no-encuentra-consenso-para-los-test-rapidos-de-coronavirus\/","og_site_name":"Aeronoticias.com.pe","article_publisher":"https:\/\/www.facebook.com\/Aeronoticias.com.pe\/","article_published_time":"2020-11-19T01:27:00+00:00","article_modified_time":"2020-11-19T03:31:04+00:00","og_image":[{"width":800,"height":400,"url":"https:\/\/aeronoticias.com.pe\/noticiero\/wp-content\/uploads\/2020\/11\/Covid-19.jpg","type":"image\/jpeg"}],"author":"Jefrey Cuya","twitter_card":"summary_large_image","twitter_creator":"@aeronoticias","twitter_site":"@aeronoticias","twitter_misc":{"Escrito por":"Jefrey Cuya","Tiempo de lectura":"1 minuto"},"schema":{"@context":"https:\/\/schema.org","@graph":[{"@type":"WebPage","@id":"https:\/\/aeronoticias.com.pe\/noticiero\/transporte-aereo\/la-ue-no-encuentra-consenso-para-los-test-rapidos-de-coronavirus\/","url":"https:\/\/aeronoticias.com.pe\/noticiero\/transporte-aereo\/la-ue-no-encuentra-consenso-para-los-test-rapidos-de-coronavirus\/","name":"La UE no encuentra consenso para los test r\u00e1pidos de coronavirus","isPartOf":{"@id":"https:\/\/aeronoticias.com.pe\/noticiero\/#website"},"primaryImageOfPage":{"@id":"https:\/\/aeronoticias.com.pe\/noticiero\/transporte-aereo\/la-ue-no-encuentra-consenso-para-los-test-rapidos-de-coronavirus\/#primaryimage"},"image":{"@id":"https:\/\/aeronoticias.com.pe\/noticiero\/transporte-aereo\/la-ue-no-encuentra-consenso-para-los-test-rapidos-de-coronavirus\/#primaryimage"},"thumbnailUrl":"https:\/\/aeronoticias.com.pe\/noticiero\/wp-content\/uploads\/2020\/11\/Covid-19.jpg","datePublished":"2020-11-19T01:27:00+00:00","dateModified":"2020-11-19T03:31:04+00:00","author":{"@id":"https:\/\/aeronoticias.com.pe\/noticiero\/#\/schema\/person\/9ef7422a13b22ab480ffc29639f442b0"},"description":"Portal de noticias del Per\u00fa sobre el transporte a\u00e9reo, aviaci\u00f3n, turismo, hoteleria, actualidad.","breadcrumb":{"@id":"https:\/\/aeronoticias.com.pe\/noticiero\/transporte-aereo\/la-ue-no-encuentra-consenso-para-los-test-rapidos-de-coronavirus\/#breadcrumb"},"inLanguage":"es","potentialAction":[{"@type":"ReadAction","target":["https:\/\/aeronoticias.com.pe\/noticiero\/transporte-aereo\/la-ue-no-encuentra-consenso-para-los-test-rapidos-de-coronavirus\/"]}]},{"@type":"ImageObject","inLanguage":"es","@id":"https:\/\/aeronoticias.com.pe\/noticiero\/transporte-aereo\/la-ue-no-encuentra-consenso-para-los-test-rapidos-de-coronavirus\/#primaryimage","url":"https:\/\/aeronoticias.com.pe\/noticiero\/wp-content\/uploads\/2020\/11\/Covid-19.jpg","contentUrl":"https:\/\/aeronoticias.com.pe\/noticiero\/wp-content\/uploads\/2020\/11\/Covid-19.jpg","width":800,"height":400},{"@type":"BreadcrumbList","@id":"https:\/\/aeronoticias.com.pe\/noticiero\/transporte-aereo\/la-ue-no-encuentra-consenso-para-los-test-rapidos-de-coronavirus\/#breadcrumb","itemListElement":[{"@type":"ListItem","position":1,"name":"Portada","item":"https:\/\/aeronoticias.com.pe\/noticiero\/"},{"@type":"ListItem","position":2,"name":"La UE no encuentra consenso para los test r\u00e1pidos de coronavirus"}]},{"@type":"WebSite","@id":"https:\/\/aeronoticias.com.pe\/noticiero\/#website","url":"https:\/\/aeronoticias.com.pe\/noticiero\/","name":"Aeronoticias.com.pe","description":"Noticias de tranporte aereo, turismo, hoteles, gastronomia, actualidad, internacional","potentialAction":[{"@type":"SearchAction","target":{"@type":"EntryPoint","urlTemplate":"https:\/\/aeronoticias.com.pe\/noticiero\/?s={search_term_string}"},"query-input":{"@type":"PropertyValueSpecification","valueRequired":true,"valueName":"search_term_string"}}],"inLanguage":"es"},{"@type":"Person","@id":"https:\/\/aeronoticias.com.pe\/noticiero\/#\/schema\/person\/9ef7422a13b22ab480ffc29639f442b0","name":"Jefrey Cuya","url":"https:\/\/aeronoticias.com.pe\/noticiero\/author\/jefreycuya\/"}]}},"_links":{"self":[{"href":"https:\/\/aeronoticias.com.pe\/noticiero\/wp-json\/wp\/v2\/posts\/65919","targetHints":{"allow":["GET"]}}],"collection":[{"href":"https:\/\/aeronoticias.com.pe\/noticiero\/wp-json\/wp\/v2\/posts"}],"about":[{"href":"https:\/\/aeronoticias.com.pe\/noticiero\/wp-json\/wp\/v2\/types\/post"}],"author":[{"embeddable":true,"href":"https:\/\/aeronoticias.com.pe\/noticiero\/wp-json\/wp\/v2\/users\/4"}],"replies":[{"embeddable":true,"href":"https:\/\/aeronoticias.com.pe\/noticiero\/wp-json\/wp\/v2\/comments?post=65919"}],"version-history":[{"count":0,"href":"https:\/\/aeronoticias.com.pe\/noticiero\/wp-json\/wp\/v2\/posts\/65919\/revisions"}],"wp:featuredmedia":[{"embeddable":true,"href":"https:\/\/aeronoticias.com.pe\/noticiero\/wp-json\/wp\/v2\/media\/65920"}],"wp:attachment":[{"href":"https:\/\/aeronoticias.com.pe\/noticiero\/wp-json\/wp\/v2\/media?parent=65919"}],"wp:term":[{"taxonomy":"category","embeddable":true,"href":"https:\/\/aeronoticias.com.pe\/noticiero\/wp-json\/wp\/v2\/categories?post=65919"},{"taxonomy":"post_tag","embeddable":true,"href":"https:\/\/aeronoticias.com.pe\/noticiero\/wp-json\/wp\/v2\/tags?post=65919"}],"curies":[{"name":"wp","href":"https:\/\/api.w.org\/{rel}","templated":true}]}}