{"id":65922,"date":"2020-11-18T22:40:05","date_gmt":"2020-11-19T03:40:05","guid":{"rendered":"https:\/\/aeronoticias.com.pe\/noticiero\/?p=65922"},"modified":"2020-11-18T22:40:10","modified_gmt":"2020-11-19T03:40:10","slug":"francisco-sagasti-tomo-juramento-al-nuevo-gabinete-ministerial","status":"publish","type":"post","link":"https:\/\/aeronoticias.com.pe\/noticiero\/politica\/francisco-sagasti-tomo-juramento-al-nuevo-gabinete-ministerial\/","title":{"rendered":"Francisco Sagasti tom\u00f3 juramento al nuevo gabinete ministerial"},"content":{"rendered":"\n<p><strong><em>(Aeronoticias)<\/em><\/strong>.- En una ceremonia solemne en Palacio de Gobierno, se llev\u00f3 a cabo la juramentaci\u00f3n del Consejo de Ministros para el\u00a0<strong>gobierno de transici\u00f3n de\u00a0<a href=\"https:\/\/rpp.pe\/politica\/gobierno\/francisco-sagasti-estos-serian-los-ministros-del-gobierno-de-transicion-noticia-1304949\">Francisco Sagasti<\/a><\/strong>.\u00a0En esta sesi\u00f3n juraron 17 de los 18 integrantes de\u00a0la PCM.<\/p>\n\n\n\n<p>El presidente interino,&nbsp;<strong>Francisco Sagasti Hochhausler<\/strong>, tom\u00f3 juramento a su gabinete ministerial en un ceremonia realizada este mi\u00e9rcoles en Palacio de Gobierno.<\/p>\n\n\n\n<p><a href=\"https:\/\/rpp.pe\/politica\/gobierno\/violeta-bermudez-seria-la-nueva-presidenta-del-consejo-de-ministros-noticia-1304946?ns_source=self&amp;ns_mchannel=articulo.body&amp;ns_campaign=content.rel\" target=\"_blank\" rel=\"noreferrer noopener\"><strong>Violeta Berm\u00fadez<\/strong>&nbsp;es la nueva presidenta del Consejo de Ministros<\/a>&nbsp;y su gabinete se conforma de la siguiente manera:<\/p>\n\n\n\n<p>1.&nbsp;<a href=\"https:\/\/rpp.pe\/economia\/economia\/economista-waldo-mendoza-seria-el-nuevo-ministro-de-economia-y-finanzas-mef-francisco-sagasti-noticia-1304887?ns_source=self&amp;ns_mchannel=articulo.body&amp;ns_campaign=content.rel\" target=\"_blank\" rel=\"noreferrer noopener\"><strong>Waldo Mendoza<\/strong>&nbsp;asume el Ministerio de Econom\u00eda y Finanzas<\/a>.<\/p>\n\n\n\n<p>2.&nbsp;<strong>Nuria Esparch Fern\u00e1ndez<\/strong>&nbsp;va&nbsp;al Ministerio de Defensa.<\/p>\n\n\n\n<p>3.&nbsp;<strong>Ismael&nbsp;Rub\u00e9n Vargas&nbsp;C\u00e9spedes<\/strong>&nbsp;liderar\u00e1&nbsp;el Ministerio del Interior.<\/p>\n\n\n\n<p>4.<strong>&nbsp;Ricardo Cuenca Pareja<\/strong>&nbsp;encabezar\u00e1&nbsp;el Ministerio de Educaci\u00f3n.<br><br>5.&nbsp;<strong>Eduardo Vega Luna<\/strong>&nbsp;tomar\u00e1&nbsp;el Ministerio de Justicia y Derechos Humanos.<\/p>\n\n\n\n<p>6.&nbsp;<strong>Silvana Vargas<\/strong>&nbsp;har\u00e1 lo propio en el Ministerio de Desarrollo e Inclusi\u00f3n Social.<\/p>\n\n\n\n<p>7.&nbsp;<strong>Esther Elizabeth Astete Rodr\u00edguez<\/strong>&nbsp;se har\u00e1 cargo de la cartera de Relaciones Exteriores.<\/p>\n\n\n\n<p>8.&nbsp;<strong>Federico Tenorio Calder\u00f3n<\/strong>&nbsp;asume el sector Agricultura y Riego.<\/p>\n\n\n\n<p>9.&nbsp;<strong>Jos\u00e9 Luis Chicoma<\/strong>&nbsp;estar\u00e1 al frente del Ministerio de la Producci\u00f3n.<\/p>\n\n\n\n<p>10.<strong>&nbsp;Claudia Cornejo Mome<\/strong>&nbsp;fue elegida para el Ministerio de Comercio Exterior y Turismo.<\/p>\n\n\n\n<p>11.&nbsp;<strong>Eduardo Gonz\u00e1lez Ch\u00e1vez<\/strong>&nbsp;va al despacho de Transportes y Comunicaciones.<\/p>\n\n\n\n<p>12.<strong>&nbsp;Silvia Loli Espinoza<\/strong>&nbsp;liderar\u00e1 el Ministerio de la Mujer y Poblaciones Vulnerables.<\/p>\n\n\n\n<p>13.<strong>&nbsp;Javier Quijandr\u00eda Acosta<\/strong>&nbsp;estar\u00e1 a la cabeza del&nbsp;Ministerio del Ambiente.<\/p>\n\n\n\n<p>14.&nbsp;<strong>Solangel Fern\u00e1ndez<\/strong>&nbsp;conducir\u00e1 el despacho de Vivienda, Construcci\u00f3n y Saneamiento.<\/p>\n\n\n\n<p>15.&nbsp;<a href=\"https:\/\/rpp.pe\/politica\/gobierno\/pilar-mazzetti-regresa-como-ministra-de-salud-perfil-noticia-1304967?fbclid=IwAR21miUf2k2Z0ik35RUzf3nYgnG4m3MeGjzz0Iq9GJ71Wz2Yb_IdiPsEiMs\" target=\"_blank\" rel=\"noreferrer noopener\"><strong>Pilar Mazzetti Soler<\/strong><\/a>&nbsp;regresa al Ministerio de Salud.<\/p>\n\n\n\n<p>16.&nbsp;<strong>Javier Palacios Gallegos<\/strong>&nbsp;retoma el Ministerio de Trabajo y Promoci\u00f3n del Empleo.<\/p>\n\n\n\n<p>17.&nbsp;<strong>Alejandro Neyra S\u00e1nchez<\/strong>&nbsp;vuelve al Ministerio de Cultura.<\/p>\n\n\n\n<p>Sin embargo, no jur\u00f3 en esta ceremonia la persona que estar\u00e1 al frente del Ministerio de Energ\u00eda y Minas.<\/p>\n\n\n\n<p>El\u00a0<strong>presidente de la Rep\u00fablica, Francisco Sagasti,<\/strong>\u00a0ya hab\u00eda asegurado en\u00a0<em>RPP<\/em>\u00a0que buscar\u00eda un\u00a0<strong>\u00abgabinete plural\u00bb<\/strong>\u00a0que represente la diversidad de la ciudadan\u00eda.<\/p>\n\n\n\n<p>\u00abEste gobierno de transici\u00f3n no ser\u00e1 un gobierno partidista, sino plural que responda precisamente a la necesidad de que la pol\u00edtica sea un punto de encuentro, para que sin renunciar a nuestros perspectivas, nuestros ideales y nuestras maneras de ver el mundo lleguemos a compromisos reales de acci\u00f3n compartida\u00bb, dijo el martes durante la ceremonia de sucesi\u00f3n constitucional en el Congreso.<\/p>\n\n\n\n<p>Fuente: <strong><em>RPP<\/em><\/strong>.<\/p>\n\n\n\n<figure class=\"wp-block-image\"><a href=\"https:\/\/rpp.pe\/politica\/gobierno\/perfil-elizabeth-astete-la-canciller-del-gobierno-de-transicion-noticia-1305011\"><img decoding=\"async\" src=\"https:\/\/s.rpp-noticias.io\/static\/img\/placeholder.gif\" alt=\"Perfil | Elizabeth Astete, la canciller del Gobierno de Transici\u00f3n\"\/><\/a><\/figure>\n\n\n\n<figure class=\"wp-block-image\"><a href=\"https:\/\/rpp.pe\/peru\/actualidad\/carmen-omonte-aclara-que-continuara-postulando-a-la-vicepresidencia-con-alianza-para-el-progreso-tras-renuncia-a-la-bancada-cesar-acuna-noticia-1305015\"><img decoding=\"async\" src=\"https:\/\/s.rpp-noticias.io\/static\/img\/placeholder.gif\" alt=\"Carmen Omonte continuar\u00e1 postulando a la vicepresidencia con APP tras renuncia a la bancada\"\/><\/a><\/figure>\n\n\n\n<figure class=\"wp-block-image\"><a href=\"https:\/\/rpp.pe\/politica\/gobierno\/el-investigador-ricardo-cuenca-asumio-la-cartera-del-ministerio-de-educacion-perfil-noticia-1304955?utm_source=tesugerimosleer&amp;utm_medium=clic&amp;utm_campaign=tesugerimosleer_clic\"><img decoding=\"async\" src=\"https:\/\/s.rpp-noticias.io\/static\/img\/placeholder.gif\" alt=\"El investigador Ricardo Cuenca asumi\u00f3 la cartera del Ministerio de Educaci\u00f3n [Perfil]\"\/><\/a><\/figure>\n\n\n\n<figure class=\"wp-block-image\"><a href=\"https:\/\/rpp.pe\/politica\/gobierno\/alejandro-neyra-retorna-al-ministerio-de-cultura-perfil-noticia-1304965?utm_source=tesugerimosleer&amp;utm_medium=clic&amp;utm_campaign=tesugerimosleer_clic\"><img decoding=\"async\" src=\"https:\/\/s.rpp-noticias.io\/static\/img\/placeholder.gif\" alt=\"Alejandro Neyra retorna al Ministerio de Cultura [Perfil]\"\/><\/a><\/figure>\n\n\n\n<figure class=\"wp-block-image\"><a href=\"https:\/\/rpp.pe\/politica\/gobierno\/gabriel-quijandria-asume-el-ministerio-del-ambiente-perfil-noticia-1305000?utm_source=tesugerimosleer&amp;utm_medium=clic&amp;utm_campaign=tesugerimosleer_clic\"><img decoding=\"async\" src=\"https:\/\/s.rpp-noticias.io\/static\/img\/placeholder.gif\" alt=\"Gabriel Quijandr\u00eda asume el Ministerio del Ambiente [Perfil]\"\/><\/a><\/figure>\n\n\n\n<figure class=\"wp-block-image\"><a href=\"https:\/\/rpp.pe\/economia\/economia\/este-es-el-perfil-del-nuevo-ministro-de-produccion-de-francisco-sagasti-noticia-1305016?utm_source=tesugerimosleer&amp;utm_medium=clic&amp;utm_campaign=tesugerimosleer_clic\"><img decoding=\"async\" src=\"https:\/\/s.rpp-noticias.io\/static\/img\/placeholder.gif\" alt=\"Este es el perfil del nuevo ministro de Producci\u00f3n de Francisco Sagasti\"\/><\/a><\/figure>\n\n\n\n<figure class=\"wp-block-image\"><img decoding=\"async\" src=\"https:\/\/s.rpp-noticias.io\/static\/img\/placeholder.gif\" alt=\"El investigador Ricardo Cuenca asumi\u00f3 la cartera del Ministerio de Educaci\u00f3n [Perfil]\"\/><\/figure>\n","protected":false},"excerpt":{"rendered":"<p>(Aeronoticias).- En una ceremonia solemne en Palacio de Gobierno, se llev\u00f3 a cabo la juramentaci\u00f3n del Consejo de Ministros para el\u00a0gobierno de transici\u00f3n de\u00a0Francisco Sagasti.\u00a0En esta sesi\u00f3n juraron 17 de los 18 integrantes de\u00a0la PCM. El presidente interino,&nbsp;Francisco Sagasti Hochhausler, tom\u00f3 juramento a su gabinete ministerial en un ceremonia realizada este mi\u00e9rcoles en Palacio de [&hellip;]<\/p>\n","protected":false},"author":4,"featured_media":65923,"comment_status":"open","ping_status":"open","sticky":false,"template":"","format":"standard","meta":{"tdm_status":"","tdm_grid_status":"","footnotes":""},"categories":[36],"tags":[865,97],"class_list":{"0":"post-65922","1":"post","2":"type-post","3":"status-publish","4":"format-standard","5":"has-post-thumbnail","7":"category-politica","8":"tag-francisco-sagasti","9":"tag-peru"},"yoast_head":"<!-- This site is optimized with the Yoast SEO plugin v25.1 - https:\/\/yoast.com\/wordpress\/plugins\/seo\/ -->\n<title>Francisco Sagasti tom\u00f3 juramento al nuevo gabinete ministerial<\/title>\n<meta name=\"description\" content=\"Portal de noticias del Per\u00fa sobre el transporte a\u00e9reo, aviaci\u00f3n, turismo, hoteleria, actualidad.\" \/>\n<meta name=\"robots\" content=\"index, follow, max-snippet:-1, max-image-preview:large, max-video-preview:-1\" \/>\n<link rel=\"canonical\" href=\"https:\/\/aeronoticias.com.pe\/noticiero\/politica\/francisco-sagasti-tomo-juramento-al-nuevo-gabinete-ministerial\/\" \/>\n<meta property=\"og:locale\" content=\"es_ES\" \/>\n<meta property=\"og:type\" content=\"article\" \/>\n<meta property=\"og:title\" content=\"Francisco Sagasti tom\u00f3 juramento al nuevo gabinete ministerial\" \/>\n<meta property=\"og:description\" content=\"Portal de noticias del Per\u00fa sobre el transporte a\u00e9reo, aviaci\u00f3n, turismo, hoteleria, actualidad.\" \/>\n<meta property=\"og:url\" content=\"https:\/\/aeronoticias.com.pe\/noticiero\/politica\/francisco-sagasti-tomo-juramento-al-nuevo-gabinete-ministerial\/\" \/>\n<meta property=\"og:site_name\" content=\"Aeronoticias.com.pe\" \/>\n<meta property=\"article:publisher\" content=\"https:\/\/www.facebook.com\/Aeronoticias.com.pe\/\" \/>\n<meta property=\"article:published_time\" content=\"2020-11-19T03:40:05+00:00\" \/>\n<meta property=\"article:modified_time\" content=\"2020-11-19T03:40:10+00:00\" \/>\n<meta property=\"og:image\" content=\"https:\/\/aeronoticias.com.pe\/noticiero\/wp-content\/uploads\/2020\/11\/372837_1024613.jpg\" \/>\n\t<meta property=\"og:image:width\" content=\"604\" \/>\n\t<meta property=\"og:image:height\" content=\"339\" \/>\n\t<meta property=\"og:image:type\" content=\"image\/jpeg\" \/>\n<meta name=\"author\" content=\"Jefrey Cuya\" \/>\n<meta name=\"twitter:card\" content=\"summary_large_image\" \/>\n<meta name=\"twitter:creator\" content=\"@aeronoticias\" \/>\n<meta name=\"twitter:site\" content=\"@aeronoticias\" \/>\n<meta name=\"twitter:label1\" content=\"Escrito por\" \/>\n\t<meta name=\"twitter:data1\" content=\"Jefrey Cuya\" \/>\n\t<meta name=\"twitter:label2\" content=\"Tiempo de lectura\" \/>\n\t<meta name=\"twitter:data2\" content=\"2 minutos\" \/>\n<script type=\"application\/ld+json\" class=\"yoast-schema-graph\">{\"@context\":\"https:\/\/schema.org\",\"@graph\":[{\"@type\":\"WebPage\",\"@id\":\"https:\/\/aeronoticias.com.pe\/noticiero\/politica\/francisco-sagasti-tomo-juramento-al-nuevo-gabinete-ministerial\/\",\"url\":\"https:\/\/aeronoticias.com.pe\/noticiero\/politica\/francisco-sagasti-tomo-juramento-al-nuevo-gabinete-ministerial\/\",\"name\":\"Francisco Sagasti tom\u00f3 juramento al nuevo gabinete ministerial\",\"isPartOf\":{\"@id\":\"https:\/\/aeronoticias.com.pe\/noticiero\/#website\"},\"primaryImageOfPage\":{\"@id\":\"https:\/\/aeronoticias.com.pe\/noticiero\/politica\/francisco-sagasti-tomo-juramento-al-nuevo-gabinete-ministerial\/#primaryimage\"},\"image\":{\"@id\":\"https:\/\/aeronoticias.com.pe\/noticiero\/politica\/francisco-sagasti-tomo-juramento-al-nuevo-gabinete-ministerial\/#primaryimage\"},\"thumbnailUrl\":\"https:\/\/aeronoticias.com.pe\/noticiero\/wp-content\/uploads\/2020\/11\/372837_1024613.jpg\",\"datePublished\":\"2020-11-19T03:40:05+00:00\",\"dateModified\":\"2020-11-19T03:40:10+00:00\",\"author\":{\"@id\":\"https:\/\/aeronoticias.com.pe\/noticiero\/#\/schema\/person\/9ef7422a13b22ab480ffc29639f442b0\"},\"description\":\"Portal de noticias del Per\u00fa sobre el transporte a\u00e9reo, aviaci\u00f3n, turismo, hoteleria, actualidad.\",\"breadcrumb\":{\"@id\":\"https:\/\/aeronoticias.com.pe\/noticiero\/politica\/francisco-sagasti-tomo-juramento-al-nuevo-gabinete-ministerial\/#breadcrumb\"},\"inLanguage\":\"es\",\"potentialAction\":[{\"@type\":\"ReadAction\",\"target\":[\"https:\/\/aeronoticias.com.pe\/noticiero\/politica\/francisco-sagasti-tomo-juramento-al-nuevo-gabinete-ministerial\/\"]}]},{\"@type\":\"ImageObject\",\"inLanguage\":\"es\",\"@id\":\"https:\/\/aeronoticias.com.pe\/noticiero\/politica\/francisco-sagasti-tomo-juramento-al-nuevo-gabinete-ministerial\/#primaryimage\",\"url\":\"https:\/\/aeronoticias.com.pe\/noticiero\/wp-content\/uploads\/2020\/11\/372837_1024613.jpg\",\"contentUrl\":\"https:\/\/aeronoticias.com.pe\/noticiero\/wp-content\/uploads\/2020\/11\/372837_1024613.jpg\",\"width\":604,\"height\":339},{\"@type\":\"BreadcrumbList\",\"@id\":\"https:\/\/aeronoticias.com.pe\/noticiero\/politica\/francisco-sagasti-tomo-juramento-al-nuevo-gabinete-ministerial\/#breadcrumb\",\"itemListElement\":[{\"@type\":\"ListItem\",\"position\":1,\"name\":\"Portada\",\"item\":\"https:\/\/aeronoticias.com.pe\/noticiero\/\"},{\"@type\":\"ListItem\",\"position\":2,\"name\":\"Francisco Sagasti tom\u00f3 juramento al nuevo gabinete ministerial\"}]},{\"@type\":\"WebSite\",\"@id\":\"https:\/\/aeronoticias.com.pe\/noticiero\/#website\",\"url\":\"https:\/\/aeronoticias.com.pe\/noticiero\/\",\"name\":\"Aeronoticias.com.pe\",\"description\":\"Noticias de tranporte aereo, turismo, hoteles, gastronomia, actualidad, internacional\",\"potentialAction\":[{\"@type\":\"SearchAction\",\"target\":{\"@type\":\"EntryPoint\",\"urlTemplate\":\"https:\/\/aeronoticias.com.pe\/noticiero\/?s={search_term_string}\"},\"query-input\":{\"@type\":\"PropertyValueSpecification\",\"valueRequired\":true,\"valueName\":\"search_term_string\"}}],\"inLanguage\":\"es\"},{\"@type\":\"Person\",\"@id\":\"https:\/\/aeronoticias.com.pe\/noticiero\/#\/schema\/person\/9ef7422a13b22ab480ffc29639f442b0\",\"name\":\"Jefrey Cuya\",\"url\":\"https:\/\/aeronoticias.com.pe\/noticiero\/author\/jefreycuya\/\"}]}<\/script>\n<!-- \/ Yoast SEO plugin. -->","yoast_head_json":{"title":"Francisco Sagasti tom\u00f3 juramento al nuevo gabinete ministerial","description":"Portal de noticias del Per\u00fa sobre el transporte a\u00e9reo, aviaci\u00f3n, turismo, hoteleria, actualidad.","robots":{"index":"index","follow":"follow","max-snippet":"max-snippet:-1","max-image-preview":"max-image-preview:large","max-video-preview":"max-video-preview:-1"},"canonical":"https:\/\/aeronoticias.com.pe\/noticiero\/politica\/francisco-sagasti-tomo-juramento-al-nuevo-gabinete-ministerial\/","og_locale":"es_ES","og_type":"article","og_title":"Francisco Sagasti tom\u00f3 juramento al nuevo gabinete ministerial","og_description":"Portal de noticias del Per\u00fa sobre el transporte a\u00e9reo, aviaci\u00f3n, turismo, hoteleria, actualidad.","og_url":"https:\/\/aeronoticias.com.pe\/noticiero\/politica\/francisco-sagasti-tomo-juramento-al-nuevo-gabinete-ministerial\/","og_site_name":"Aeronoticias.com.pe","article_publisher":"https:\/\/www.facebook.com\/Aeronoticias.com.pe\/","article_published_time":"2020-11-19T03:40:05+00:00","article_modified_time":"2020-11-19T03:40:10+00:00","og_image":[{"width":604,"height":339,"url":"https:\/\/aeronoticias.com.pe\/noticiero\/wp-content\/uploads\/2020\/11\/372837_1024613.jpg","type":"image\/jpeg"}],"author":"Jefrey Cuya","twitter_card":"summary_large_image","twitter_creator":"@aeronoticias","twitter_site":"@aeronoticias","twitter_misc":{"Escrito por":"Jefrey Cuya","Tiempo de lectura":"2 minutos"},"schema":{"@context":"https:\/\/schema.org","@graph":[{"@type":"WebPage","@id":"https:\/\/aeronoticias.com.pe\/noticiero\/politica\/francisco-sagasti-tomo-juramento-al-nuevo-gabinete-ministerial\/","url":"https:\/\/aeronoticias.com.pe\/noticiero\/politica\/francisco-sagasti-tomo-juramento-al-nuevo-gabinete-ministerial\/","name":"Francisco Sagasti tom\u00f3 juramento al nuevo gabinete ministerial","isPartOf":{"@id":"https:\/\/aeronoticias.com.pe\/noticiero\/#website"},"primaryImageOfPage":{"@id":"https:\/\/aeronoticias.com.pe\/noticiero\/politica\/francisco-sagasti-tomo-juramento-al-nuevo-gabinete-ministerial\/#primaryimage"},"image":{"@id":"https:\/\/aeronoticias.com.pe\/noticiero\/politica\/francisco-sagasti-tomo-juramento-al-nuevo-gabinete-ministerial\/#primaryimage"},"thumbnailUrl":"https:\/\/aeronoticias.com.pe\/noticiero\/wp-content\/uploads\/2020\/11\/372837_1024613.jpg","datePublished":"2020-11-19T03:40:05+00:00","dateModified":"2020-11-19T03:40:10+00:00","author":{"@id":"https:\/\/aeronoticias.com.pe\/noticiero\/#\/schema\/person\/9ef7422a13b22ab480ffc29639f442b0"},"description":"Portal de noticias del Per\u00fa sobre el transporte a\u00e9reo, aviaci\u00f3n, turismo, hoteleria, actualidad.","breadcrumb":{"@id":"https:\/\/aeronoticias.com.pe\/noticiero\/politica\/francisco-sagasti-tomo-juramento-al-nuevo-gabinete-ministerial\/#breadcrumb"},"inLanguage":"es","potentialAction":[{"@type":"ReadAction","target":["https:\/\/aeronoticias.com.pe\/noticiero\/politica\/francisco-sagasti-tomo-juramento-al-nuevo-gabinete-ministerial\/"]}]},{"@type":"ImageObject","inLanguage":"es","@id":"https:\/\/aeronoticias.com.pe\/noticiero\/politica\/francisco-sagasti-tomo-juramento-al-nuevo-gabinete-ministerial\/#primaryimage","url":"https:\/\/aeronoticias.com.pe\/noticiero\/wp-content\/uploads\/2020\/11\/372837_1024613.jpg","contentUrl":"https:\/\/aeronoticias.com.pe\/noticiero\/wp-content\/uploads\/2020\/11\/372837_1024613.jpg","width":604,"height":339},{"@type":"BreadcrumbList","@id":"https:\/\/aeronoticias.com.pe\/noticiero\/politica\/francisco-sagasti-tomo-juramento-al-nuevo-gabinete-ministerial\/#breadcrumb","itemListElement":[{"@type":"ListItem","position":1,"name":"Portada","item":"https:\/\/aeronoticias.com.pe\/noticiero\/"},{"@type":"ListItem","position":2,"name":"Francisco Sagasti tom\u00f3 juramento al nuevo gabinete ministerial"}]},{"@type":"WebSite","@id":"https:\/\/aeronoticias.com.pe\/noticiero\/#website","url":"https:\/\/aeronoticias.com.pe\/noticiero\/","name":"Aeronoticias.com.pe","description":"Noticias de tranporte aereo, turismo, hoteles, gastronomia, actualidad, internacional","potentialAction":[{"@type":"SearchAction","target":{"@type":"EntryPoint","urlTemplate":"https:\/\/aeronoticias.com.pe\/noticiero\/?s={search_term_string}"},"query-input":{"@type":"PropertyValueSpecification","valueRequired":true,"valueName":"search_term_string"}}],"inLanguage":"es"},{"@type":"Person","@id":"https:\/\/aeronoticias.com.pe\/noticiero\/#\/schema\/person\/9ef7422a13b22ab480ffc29639f442b0","name":"Jefrey Cuya","url":"https:\/\/aeronoticias.com.pe\/noticiero\/author\/jefreycuya\/"}]}},"_links":{"self":[{"href":"https:\/\/aeronoticias.com.pe\/noticiero\/wp-json\/wp\/v2\/posts\/65922","targetHints":{"allow":["GET"]}}],"collection":[{"href":"https:\/\/aeronoticias.com.pe\/noticiero\/wp-json\/wp\/v2\/posts"}],"about":[{"href":"https:\/\/aeronoticias.com.pe\/noticiero\/wp-json\/wp\/v2\/types\/post"}],"author":[{"embeddable":true,"href":"https:\/\/aeronoticias.com.pe\/noticiero\/wp-json\/wp\/v2\/users\/4"}],"replies":[{"embeddable":true,"href":"https:\/\/aeronoticias.com.pe\/noticiero\/wp-json\/wp\/v2\/comments?post=65922"}],"version-history":[{"count":0,"href":"https:\/\/aeronoticias.com.pe\/noticiero\/wp-json\/wp\/v2\/posts\/65922\/revisions"}],"wp:featuredmedia":[{"embeddable":true,"href":"https:\/\/aeronoticias.com.pe\/noticiero\/wp-json\/wp\/v2\/media\/65923"}],"wp:attachment":[{"href":"https:\/\/aeronoticias.com.pe\/noticiero\/wp-json\/wp\/v2\/media?parent=65922"}],"wp:term":[{"taxonomy":"category","embeddable":true,"href":"https:\/\/aeronoticias.com.pe\/noticiero\/wp-json\/wp\/v2\/categories?post=65922"},{"taxonomy":"post_tag","embeddable":true,"href":"https:\/\/aeronoticias.com.pe\/noticiero\/wp-json\/wp\/v2\/tags?post=65922"}],"curies":[{"name":"wp","href":"https:\/\/api.w.org\/{rel}","templated":true}]}}