{"id":6673,"date":"2009-11-10T17:12:09","date_gmt":"2009-11-10T17:12:09","guid":{"rendered":"http:\/\/desarrollo.mcvicious.com\/aero2020\/2009\/11\/10\/expertos-mundiales-analizan-relacion-entre-cambio-climatico-y-desastres\/"},"modified":"2009-11-10T17:12:09","modified_gmt":"2009-11-10T17:12:09","slug":"expertos-mundiales-analizan-relacion-entre-cambio-climatico-y-desastres","status":"publish","type":"post","link":"https:\/\/aeronoticias.com.pe\/noticiero\/ultimas\/1\/expertos-mundiales-analizan-relacion-entre-cambio-climatico-y-desastres\/","title":{"rendered":"EXPERTOS MUNDIALES ANALIZAN RELACI\u00d3N ENTRE CAMBIO CLIM\u00c1TICO Y DESASTRES"},"content":{"rendered":"<div style=\"text-align: justify\">La incidencia del cambio clim\u00e1tico en el riesgo de los desastres naturales que sufre la Tierra es uno de los temas que 90 expertos mundiales comenzaron a evaluar desde hoy hasta el 12 de noviembre en la ciudad de Panam\u00e1.\u00a0M\u00f3nica Alvarado, vocera del Instituto Smithsonian de Investigaciones Tropicales, en cuyo auditorio se re\u00fanen los cient\u00edficos del denominado Grupo Intergubernamental de Expertos sobre el Cambio Clim\u00e1tico (Ipcc), destac\u00f3 que este encuentro estudiar\u00e1 la magnitud de este fen\u00f3meno.<\/div>\n<div style=\"text-align: justify\"><\/div>\n<div style=\"text-align: justify\">\u00abEl panel internacional se abocar\u00e1 en redactar un informe, estudiando el enlace entre los eventos extremos que estamos viviendo y el cambio clim\u00e1tico\u00bb, explic\u00f3 a Xinhua.\u00a0Alvarado indic\u00f3 que los expertos evaluar\u00e1n dispositivos que pueden tomar los gobiernos para adoptar medidas preventivas frente a las amenazas clim\u00e1ticas y examinar\u00e1n estrategias que deben utilizar la poblaci\u00f3n para adaptarse al cambio clim\u00e1tico.<\/div>\n<div style=\"text-align: justify\">\n<div style=\"text-align: center\"><img decoding=\"async\" src=\"images\/stories\/09\/11\/101109\/desastre.jpg\" border=\"0\" alt=\" EXPERTOS MUNDIALES ANALIZAN RELACI\u00d3N ENTRE CAMBIO CLIM\u00c1TICO Y DESASTRES\" title=\" EXPERTOS MUNDIALES ANALIZAN RELACI\u00d3N ENTRE CAMBIO CLIM\u00c1TICO Y DESASTRES\" \/><\/div>\n<\/div>\n<div style=\"text-align: justify\">La reuni\u00f3n intergubernamental tambi\u00e9n despert\u00f3 la atenci\u00f3n de organizaciones civiles y no gubernamentales de Panam\u00e1 que trabajan en la preservaci\u00f3n de la naturaleza.\u00a0\u00abHan solicitado participar organizaciones ambientales como la Asociaci\u00f3n Nacional para la Conservaci\u00f3n de la Naturaleza(Ancon), la organizaci\u00f3n ecologista Mar Viva y diversos consultores que trabajan con la sociedad civil\u00bb, anot\u00f3.<\/div>\n<div style=\"text-align: justify\"><\/div>\n<div style=\"text-align: justify\">Este evento es auspiciado por la Estrategia Internacional de las Naciones Unidas para la Reducci\u00f3n de Desastres(Unisdr) y es el promotor de la evaluaci\u00f3n del Cuarto Informe de Evaluaci\u00f3n del Ipcc, cuyo documento sirve de base para las discusiones de este encuentro.<\/div>\n<div style=\"text-align: justify\"><\/div>\n<div style=\"text-align: justify\">Se tiene previsto que al final de la evaluaci\u00f3n de este informe, los expertos realizar\u00e1n una declaraci\u00f3n p\u00fablica para dar a conocer las medidas adoptadas, que ser\u00e1n presentadas en diciembre durante la pr\u00f3xima Cumbre Mundial de Cambio Clim\u00e1tico en Copenhague, Dinamarca.<\/div>\n<div style=\"text-align: justify\"><\/div>\n<div style=\"text-align: justify\"><\/div>\n","protected":false},"excerpt":{"rendered":"<p>La incidencia del cambio clim\u00e1tico en el riesgo de los desastres naturales que sufre la Tierra es uno de los temas que 90 expertos mundiales comenzaron a evaluar desde hoy hasta el 12 de noviembre en la ciudad de Panam\u00e1.\u00a0M\u00f3nica Alvarado, vocera del Instituto Smithsonian de Investigaciones Tropicales, en cuyo auditorio se re\u00fanen los cient\u00edficos [&hellip;]<\/p>\n","protected":false},"author":1,"featured_media":0,"comment_status":"open","ping_status":"open","sticky":false,"template":"","format":"standard","meta":{"tdm_status":"","tdm_grid_status":"","footnotes":""},"categories":[30],"tags":[],"class_list":{"0":"post-6673","1":"post","2":"type-post","3":"status-publish","4":"format-standard","6":"category-30"},"yoast_head":"<!-- This site is optimized with the Yoast SEO plugin v25.1 - https:\/\/yoast.com\/wordpress\/plugins\/seo\/ -->\n<title>EXPERTOS MUNDIALES ANALIZAN RELACI\u00d3N ENTRE CAMBIO CLIM\u00c1TICO Y DESASTRES<\/title>\n<meta name=\"description\" content=\"Portal de noticias del Per\u00fa sobre el transporte a\u00e9reo, aviaci\u00f3n, turismo, hoteleria, actualidad.\" \/>\n<meta name=\"robots\" content=\"index, follow, max-snippet:-1, max-image-preview:large, max-video-preview:-1\" \/>\n<link rel=\"canonical\" href=\"https:\/\/aeronoticias.com.pe\/noticiero\/ultimas\/1\/expertos-mundiales-analizan-relacion-entre-cambio-climatico-y-desastres\/\" \/>\n<meta property=\"og:locale\" content=\"es_ES\" \/>\n<meta property=\"og:type\" content=\"article\" \/>\n<meta property=\"og:title\" content=\"EXPERTOS MUNDIALES ANALIZAN RELACI\u00d3N ENTRE CAMBIO CLIM\u00c1TICO Y DESASTRES\" \/>\n<meta property=\"og:description\" content=\"Portal de noticias del Per\u00fa sobre el transporte a\u00e9reo, aviaci\u00f3n, turismo, hoteleria, actualidad.\" \/>\n<meta property=\"og:url\" content=\"https:\/\/aeronoticias.com.pe\/noticiero\/ultimas\/1\/expertos-mundiales-analizan-relacion-entre-cambio-climatico-y-desastres\/\" \/>\n<meta property=\"og:site_name\" content=\"Aeronoticias.com.pe\" \/>\n<meta property=\"article:publisher\" content=\"https:\/\/www.facebook.com\/Aeronoticias.com.pe\/\" \/>\n<meta property=\"article:published_time\" content=\"2009-11-10T17:12:09+00:00\" \/>\n<meta name=\"author\" content=\"Redacci\u00f3n Aeronoticias\" \/>\n<meta name=\"twitter:card\" content=\"summary_large_image\" \/>\n<meta name=\"twitter:creator\" content=\"@aeronoticias\" \/>\n<meta name=\"twitter:site\" content=\"@aeronoticias\" \/>\n<meta name=\"twitter:label1\" content=\"Escrito por\" \/>\n\t<meta name=\"twitter:data1\" content=\"Redacci\u00f3n Aeronoticias\" \/>\n\t<meta name=\"twitter:label2\" content=\"Tiempo de lectura\" \/>\n\t<meta name=\"twitter:data2\" content=\"2 minutos\" \/>\n<script type=\"application\/ld+json\" class=\"yoast-schema-graph\">{\"@context\":\"https:\/\/schema.org\",\"@graph\":[{\"@type\":\"WebPage\",\"@id\":\"https:\/\/aeronoticias.com.pe\/noticiero\/ultimas\/1\/expertos-mundiales-analizan-relacion-entre-cambio-climatico-y-desastres\/\",\"url\":\"https:\/\/aeronoticias.com.pe\/noticiero\/ultimas\/1\/expertos-mundiales-analizan-relacion-entre-cambio-climatico-y-desastres\/\",\"name\":\"EXPERTOS MUNDIALES ANALIZAN RELACI\u00d3N ENTRE CAMBIO CLIM\u00c1TICO Y DESASTRES\",\"isPartOf\":{\"@id\":\"https:\/\/aeronoticias.com.pe\/noticiero\/#website\"},\"datePublished\":\"2009-11-10T17:12:09+00:00\",\"author\":{\"@id\":\"https:\/\/aeronoticias.com.pe\/noticiero\/#\/schema\/person\/fc1e5d578f4b62ba1cf7ac2bba1170a0\"},\"description\":\"Portal de noticias del Per\u00fa sobre el transporte a\u00e9reo, aviaci\u00f3n, turismo, hoteleria, actualidad.\",\"breadcrumb\":{\"@id\":\"https:\/\/aeronoticias.com.pe\/noticiero\/ultimas\/1\/expertos-mundiales-analizan-relacion-entre-cambio-climatico-y-desastres\/#breadcrumb\"},\"inLanguage\":\"es\",\"potentialAction\":[{\"@type\":\"ReadAction\",\"target\":[\"https:\/\/aeronoticias.com.pe\/noticiero\/ultimas\/1\/expertos-mundiales-analizan-relacion-entre-cambio-climatico-y-desastres\/\"]}]},{\"@type\":\"BreadcrumbList\",\"@id\":\"https:\/\/aeronoticias.com.pe\/noticiero\/ultimas\/1\/expertos-mundiales-analizan-relacion-entre-cambio-climatico-y-desastres\/#breadcrumb\",\"itemListElement\":[{\"@type\":\"ListItem\",\"position\":1,\"name\":\"Portada\",\"item\":\"https:\/\/aeronoticias.com.pe\/noticiero\/\"},{\"@type\":\"ListItem\",\"position\":2,\"name\":\"EXPERTOS MUNDIALES ANALIZAN RELACI\u00d3N ENTRE CAMBIO CLIM\u00c1TICO Y DESASTRES\"}]},{\"@type\":\"WebSite\",\"@id\":\"https:\/\/aeronoticias.com.pe\/noticiero\/#website\",\"url\":\"https:\/\/aeronoticias.com.pe\/noticiero\/\",\"name\":\"Aeronoticias.com.pe\",\"description\":\"Noticias de tranporte aereo, turismo, hoteles, gastronomia, actualidad, internacional\",\"potentialAction\":[{\"@type\":\"SearchAction\",\"target\":{\"@type\":\"EntryPoint\",\"urlTemplate\":\"https:\/\/aeronoticias.com.pe\/noticiero\/?s={search_term_string}\"},\"query-input\":{\"@type\":\"PropertyValueSpecification\",\"valueRequired\":true,\"valueName\":\"search_term_string\"}}],\"inLanguage\":\"es\"},{\"@type\":\"Person\",\"@id\":\"https:\/\/aeronoticias.com.pe\/noticiero\/#\/schema\/person\/fc1e5d578f4b62ba1cf7ac2bba1170a0\",\"name\":\"Redacci\u00f3n Aeronoticias\",\"url\":\"https:\/\/aeronoticias.com.pe\/noticiero\/author\/piloto\/\"}]}<\/script>\n<!-- \/ Yoast SEO plugin. -->","yoast_head_json":{"title":"EXPERTOS MUNDIALES ANALIZAN RELACI\u00d3N ENTRE CAMBIO CLIM\u00c1TICO Y DESASTRES","description":"Portal de noticias del Per\u00fa sobre el transporte a\u00e9reo, aviaci\u00f3n, turismo, hoteleria, actualidad.","robots":{"index":"index","follow":"follow","max-snippet":"max-snippet:-1","max-image-preview":"max-image-preview:large","max-video-preview":"max-video-preview:-1"},"canonical":"https:\/\/aeronoticias.com.pe\/noticiero\/ultimas\/1\/expertos-mundiales-analizan-relacion-entre-cambio-climatico-y-desastres\/","og_locale":"es_ES","og_type":"article","og_title":"EXPERTOS MUNDIALES ANALIZAN RELACI\u00d3N ENTRE CAMBIO CLIM\u00c1TICO Y DESASTRES","og_description":"Portal de noticias del Per\u00fa sobre el transporte a\u00e9reo, aviaci\u00f3n, turismo, hoteleria, actualidad.","og_url":"https:\/\/aeronoticias.com.pe\/noticiero\/ultimas\/1\/expertos-mundiales-analizan-relacion-entre-cambio-climatico-y-desastres\/","og_site_name":"Aeronoticias.com.pe","article_publisher":"https:\/\/www.facebook.com\/Aeronoticias.com.pe\/","article_published_time":"2009-11-10T17:12:09+00:00","author":"Redacci\u00f3n Aeronoticias","twitter_card":"summary_large_image","twitter_creator":"@aeronoticias","twitter_site":"@aeronoticias","twitter_misc":{"Escrito por":"Redacci\u00f3n Aeronoticias","Tiempo de lectura":"2 minutos"},"schema":{"@context":"https:\/\/schema.org","@graph":[{"@type":"WebPage","@id":"https:\/\/aeronoticias.com.pe\/noticiero\/ultimas\/1\/expertos-mundiales-analizan-relacion-entre-cambio-climatico-y-desastres\/","url":"https:\/\/aeronoticias.com.pe\/noticiero\/ultimas\/1\/expertos-mundiales-analizan-relacion-entre-cambio-climatico-y-desastres\/","name":"EXPERTOS MUNDIALES ANALIZAN RELACI\u00d3N ENTRE CAMBIO CLIM\u00c1TICO Y DESASTRES","isPartOf":{"@id":"https:\/\/aeronoticias.com.pe\/noticiero\/#website"},"datePublished":"2009-11-10T17:12:09+00:00","author":{"@id":"https:\/\/aeronoticias.com.pe\/noticiero\/#\/schema\/person\/fc1e5d578f4b62ba1cf7ac2bba1170a0"},"description":"Portal de noticias del Per\u00fa sobre el transporte a\u00e9reo, aviaci\u00f3n, turismo, hoteleria, actualidad.","breadcrumb":{"@id":"https:\/\/aeronoticias.com.pe\/noticiero\/ultimas\/1\/expertos-mundiales-analizan-relacion-entre-cambio-climatico-y-desastres\/#breadcrumb"},"inLanguage":"es","potentialAction":[{"@type":"ReadAction","target":["https:\/\/aeronoticias.com.pe\/noticiero\/ultimas\/1\/expertos-mundiales-analizan-relacion-entre-cambio-climatico-y-desastres\/"]}]},{"@type":"BreadcrumbList","@id":"https:\/\/aeronoticias.com.pe\/noticiero\/ultimas\/1\/expertos-mundiales-analizan-relacion-entre-cambio-climatico-y-desastres\/#breadcrumb","itemListElement":[{"@type":"ListItem","position":1,"name":"Portada","item":"https:\/\/aeronoticias.com.pe\/noticiero\/"},{"@type":"ListItem","position":2,"name":"EXPERTOS MUNDIALES ANALIZAN RELACI\u00d3N ENTRE CAMBIO CLIM\u00c1TICO Y DESASTRES"}]},{"@type":"WebSite","@id":"https:\/\/aeronoticias.com.pe\/noticiero\/#website","url":"https:\/\/aeronoticias.com.pe\/noticiero\/","name":"Aeronoticias.com.pe","description":"Noticias de tranporte aereo, turismo, hoteles, gastronomia, actualidad, internacional","potentialAction":[{"@type":"SearchAction","target":{"@type":"EntryPoint","urlTemplate":"https:\/\/aeronoticias.com.pe\/noticiero\/?s={search_term_string}"},"query-input":{"@type":"PropertyValueSpecification","valueRequired":true,"valueName":"search_term_string"}}],"inLanguage":"es"},{"@type":"Person","@id":"https:\/\/aeronoticias.com.pe\/noticiero\/#\/schema\/person\/fc1e5d578f4b62ba1cf7ac2bba1170a0","name":"Redacci\u00f3n Aeronoticias","url":"https:\/\/aeronoticias.com.pe\/noticiero\/author\/piloto\/"}]}},"_links":{"self":[{"href":"https:\/\/aeronoticias.com.pe\/noticiero\/wp-json\/wp\/v2\/posts\/6673","targetHints":{"allow":["GET"]}}],"collection":[{"href":"https:\/\/aeronoticias.com.pe\/noticiero\/wp-json\/wp\/v2\/posts"}],"about":[{"href":"https:\/\/aeronoticias.com.pe\/noticiero\/wp-json\/wp\/v2\/types\/post"}],"author":[{"embeddable":true,"href":"https:\/\/aeronoticias.com.pe\/noticiero\/wp-json\/wp\/v2\/users\/1"}],"replies":[{"embeddable":true,"href":"https:\/\/aeronoticias.com.pe\/noticiero\/wp-json\/wp\/v2\/comments?post=6673"}],"version-history":[{"count":0,"href":"https:\/\/aeronoticias.com.pe\/noticiero\/wp-json\/wp\/v2\/posts\/6673\/revisions"}],"wp:attachment":[{"href":"https:\/\/aeronoticias.com.pe\/noticiero\/wp-json\/wp\/v2\/media?parent=6673"}],"wp:term":[{"taxonomy":"category","embeddable":true,"href":"https:\/\/aeronoticias.com.pe\/noticiero\/wp-json\/wp\/v2\/categories?post=6673"},{"taxonomy":"post_tag","embeddable":true,"href":"https:\/\/aeronoticias.com.pe\/noticiero\/wp-json\/wp\/v2\/tags?post=6673"}],"curies":[{"name":"wp","href":"https:\/\/api.w.org\/{rel}","templated":true}]}}