{"id":6676,"date":"2009-11-10T17:14:48","date_gmt":"2009-11-10T17:14:48","guid":{"rendered":"http:\/\/desarrollo.mcvicious.com\/aero2020\/2009\/11\/10\/oms-reformas-para-el-cuidado-de-la-salud-de-mujeres\/"},"modified":"2009-11-10T17:14:48","modified_gmt":"2009-11-10T17:14:48","slug":"oms-reformas-para-el-cuidado-de-la-salud-de-mujeres","status":"publish","type":"post","link":"https:\/\/aeronoticias.com.pe\/noticiero\/salud\/oms-reformas-para-el-cuidado-de-la-salud-de-mujeres\/","title":{"rendered":"OMS: REFORMAS PARA EL CUIDADO DE LA SALUD DE MUJERES"},"content":{"rendered":"<div style=\"text-align: justify\">La Organizaci\u00f3n Mundial de la Salud (OMS) pidi\u00f3 hoy en Ginebra una reforma en el cuidado de la salud de mujeres y ni\u00f1as.\u00a0El informe de la OMS \u00abMujeres y salud: evidencia de hoy, agenda de ma\u00f1ana\u00bb, utiliza datos actuales para registrar las disparidades en la salud de las mujeres desde reci\u00e9n nacidas hasta mayores de 60 a\u00f1os.<\/div>\n<div style=\"text-align: justify\"><\/div>\n<div style=\"text-align: justify\">\u00abSi se niega a las mujeres la oportunidad de desarrollar todo su potencial humano, incluyendo su potencial para llevar vidas sanas y al menos relativamente felices, \u00bfc\u00f3mo se puede considerar que esta es una sociedad relamente sana?\u00bb, pregunt\u00f3 la directora general de la OMS, Dra. Margaret Chan.<\/div>\n<div style=\"text-align: justify\">\n<div style=\"text-align: center\"><img decoding=\"async\" src=\"images\/stories\/09\/11\/101109\/margaret.jpg\" border=\"0\" alt=\"OMS: REFORMAS PARA EL CUIDADO DE LA SALUD DE MUJERES\" title=\"OMS: REFORMAS PARA EL CUIDADO DE LA SALUD DE MUJERES\" \/><\/div>\n<\/div>\n<div style=\"text-align: justify\">El informe se\u00f1ala que mientras las mujeres representan la mayor parte de los proveedores de cuidado de la salud, sus propias necesidades m\u00e9dicas a menudo no son satisfechas en las \u00e1reas de violencia sexual, an\u00e1lisis de c\u00e1ncer cervical y salud mental. Adem\u00e1s, el bajo estatus socioecon\u00f3mico, que se traduce en falta de acceso a la educaci\u00f3n, a la toma de decisiones y al ingreso, limita la capacidad de las mujeres para proteger su salud, dijo el estudio.<\/div>\n<div style=\"text-align: justify\"><\/div>\n<div style=\"text-align: justify\">\u00abNo veremos un progreso significativo mientras las mujeres sean consideradas ciudadanas de segunda clase en muchas partes del mundo\u00bb, dijo la Dra. Chan, a\u00f1adiendo que \u00ablas relaciones de poder desiguales se traducen en un desigual acceso al cuidado de la salud y en un control desigual sobre los recursos de salud\u00bb.<\/div>\n<div style=\"text-align: justify\"><\/div>\n<div style=\"text-align: justify\">El reporte aconseja generar oportunidades para el liderazgo femenino, dise\u00f1ar sistemas de salud que atiendan mejor las necesidades de las mujeres, fortalecer los cambios en las pol\u00edticas p\u00fablicas para manejar los determinantes sociales y econ\u00f3micos de la salud que afectan negativamente a las mujeres, y construir una mejor base de conocimiento.<\/div>\n<div style=\"text-align: justify\"><\/div>\n","protected":false},"excerpt":{"rendered":"<p>La Organizaci\u00f3n Mundial de la Salud (OMS) pidi\u00f3 hoy en Ginebra una reforma en el cuidado de la salud de mujeres y ni\u00f1as.\u00a0El informe de la OMS \u00abMujeres y salud: evidencia de hoy, agenda de ma\u00f1ana\u00bb, utiliza datos actuales para registrar las disparidades en la salud de las mujeres desde reci\u00e9n nacidas hasta mayores de [&hellip;]<\/p>\n","protected":false},"author":1,"featured_media":0,"comment_status":"open","ping_status":"open","sticky":false,"template":"","format":"standard","meta":{"tdm_status":"","tdm_grid_status":"","footnotes":""},"categories":[37],"tags":[],"class_list":{"0":"post-6676","1":"post","2":"type-post","3":"status-publish","4":"format-standard","6":"category-salud"},"yoast_head":"<!-- This site is optimized with the Yoast SEO plugin v25.1 - https:\/\/yoast.com\/wordpress\/plugins\/seo\/ -->\n<title>OMS: REFORMAS PARA EL CUIDADO DE LA SALUD DE MUJERES<\/title>\n<meta name=\"description\" content=\"Portal de noticias del Per\u00fa sobre el transporte a\u00e9reo, aviaci\u00f3n, turismo, hoteleria, actualidad.\" \/>\n<meta name=\"robots\" content=\"index, follow, max-snippet:-1, max-image-preview:large, max-video-preview:-1\" \/>\n<link rel=\"canonical\" href=\"https:\/\/aeronoticias.com.pe\/noticiero\/salud\/oms-reformas-para-el-cuidado-de-la-salud-de-mujeres\/\" \/>\n<meta property=\"og:locale\" content=\"es_ES\" \/>\n<meta property=\"og:type\" content=\"article\" \/>\n<meta property=\"og:title\" content=\"OMS: REFORMAS PARA EL CUIDADO DE LA SALUD DE MUJERES\" \/>\n<meta property=\"og:description\" content=\"Portal de noticias del Per\u00fa sobre el transporte a\u00e9reo, aviaci\u00f3n, turismo, hoteleria, actualidad.\" \/>\n<meta property=\"og:url\" content=\"https:\/\/aeronoticias.com.pe\/noticiero\/salud\/oms-reformas-para-el-cuidado-de-la-salud-de-mujeres\/\" \/>\n<meta property=\"og:site_name\" content=\"Aeronoticias.com.pe\" \/>\n<meta property=\"article:publisher\" content=\"https:\/\/www.facebook.com\/Aeronoticias.com.pe\/\" \/>\n<meta property=\"article:published_time\" content=\"2009-11-10T17:14:48+00:00\" \/>\n<meta name=\"author\" content=\"Redacci\u00f3n Aeronoticias\" \/>\n<meta name=\"twitter:card\" content=\"summary_large_image\" \/>\n<meta name=\"twitter:creator\" content=\"@aeronoticias\" \/>\n<meta name=\"twitter:site\" content=\"@aeronoticias\" \/>\n<meta name=\"twitter:label1\" content=\"Escrito por\" \/>\n\t<meta name=\"twitter:data1\" content=\"Redacci\u00f3n Aeronoticias\" \/>\n\t<meta name=\"twitter:label2\" content=\"Tiempo de lectura\" \/>\n\t<meta name=\"twitter:data2\" content=\"2 minutos\" \/>\n<script type=\"application\/ld+json\" class=\"yoast-schema-graph\">{\"@context\":\"https:\/\/schema.org\",\"@graph\":[{\"@type\":\"WebPage\",\"@id\":\"https:\/\/aeronoticias.com.pe\/noticiero\/salud\/oms-reformas-para-el-cuidado-de-la-salud-de-mujeres\/\",\"url\":\"https:\/\/aeronoticias.com.pe\/noticiero\/salud\/oms-reformas-para-el-cuidado-de-la-salud-de-mujeres\/\",\"name\":\"OMS: REFORMAS PARA EL CUIDADO DE LA SALUD DE MUJERES\",\"isPartOf\":{\"@id\":\"https:\/\/aeronoticias.com.pe\/noticiero\/#website\"},\"datePublished\":\"2009-11-10T17:14:48+00:00\",\"author\":{\"@id\":\"https:\/\/aeronoticias.com.pe\/noticiero\/#\/schema\/person\/fc1e5d578f4b62ba1cf7ac2bba1170a0\"},\"description\":\"Portal de noticias del Per\u00fa sobre el transporte a\u00e9reo, aviaci\u00f3n, turismo, hoteleria, actualidad.\",\"breadcrumb\":{\"@id\":\"https:\/\/aeronoticias.com.pe\/noticiero\/salud\/oms-reformas-para-el-cuidado-de-la-salud-de-mujeres\/#breadcrumb\"},\"inLanguage\":\"es\",\"potentialAction\":[{\"@type\":\"ReadAction\",\"target\":[\"https:\/\/aeronoticias.com.pe\/noticiero\/salud\/oms-reformas-para-el-cuidado-de-la-salud-de-mujeres\/\"]}]},{\"@type\":\"BreadcrumbList\",\"@id\":\"https:\/\/aeronoticias.com.pe\/noticiero\/salud\/oms-reformas-para-el-cuidado-de-la-salud-de-mujeres\/#breadcrumb\",\"itemListElement\":[{\"@type\":\"ListItem\",\"position\":1,\"name\":\"Portada\",\"item\":\"https:\/\/aeronoticias.com.pe\/noticiero\/\"},{\"@type\":\"ListItem\",\"position\":2,\"name\":\"OMS: REFORMAS PARA EL CUIDADO DE LA SALUD DE MUJERES\"}]},{\"@type\":\"WebSite\",\"@id\":\"https:\/\/aeronoticias.com.pe\/noticiero\/#website\",\"url\":\"https:\/\/aeronoticias.com.pe\/noticiero\/\",\"name\":\"Aeronoticias.com.pe\",\"description\":\"Noticias de tranporte aereo, turismo, hoteles, gastronomia, actualidad, internacional\",\"potentialAction\":[{\"@type\":\"SearchAction\",\"target\":{\"@type\":\"EntryPoint\",\"urlTemplate\":\"https:\/\/aeronoticias.com.pe\/noticiero\/?s={search_term_string}\"},\"query-input\":{\"@type\":\"PropertyValueSpecification\",\"valueRequired\":true,\"valueName\":\"search_term_string\"}}],\"inLanguage\":\"es\"},{\"@type\":\"Person\",\"@id\":\"https:\/\/aeronoticias.com.pe\/noticiero\/#\/schema\/person\/fc1e5d578f4b62ba1cf7ac2bba1170a0\",\"name\":\"Redacci\u00f3n Aeronoticias\",\"url\":\"https:\/\/aeronoticias.com.pe\/noticiero\/author\/piloto\/\"}]}<\/script>\n<!-- \/ Yoast SEO plugin. -->","yoast_head_json":{"title":"OMS: REFORMAS PARA EL CUIDADO DE LA SALUD DE MUJERES","description":"Portal de noticias del Per\u00fa sobre el transporte a\u00e9reo, aviaci\u00f3n, turismo, hoteleria, actualidad.","robots":{"index":"index","follow":"follow","max-snippet":"max-snippet:-1","max-image-preview":"max-image-preview:large","max-video-preview":"max-video-preview:-1"},"canonical":"https:\/\/aeronoticias.com.pe\/noticiero\/salud\/oms-reformas-para-el-cuidado-de-la-salud-de-mujeres\/","og_locale":"es_ES","og_type":"article","og_title":"OMS: REFORMAS PARA EL CUIDADO DE LA SALUD DE MUJERES","og_description":"Portal de noticias del Per\u00fa sobre el transporte a\u00e9reo, aviaci\u00f3n, turismo, hoteleria, actualidad.","og_url":"https:\/\/aeronoticias.com.pe\/noticiero\/salud\/oms-reformas-para-el-cuidado-de-la-salud-de-mujeres\/","og_site_name":"Aeronoticias.com.pe","article_publisher":"https:\/\/www.facebook.com\/Aeronoticias.com.pe\/","article_published_time":"2009-11-10T17:14:48+00:00","author":"Redacci\u00f3n Aeronoticias","twitter_card":"summary_large_image","twitter_creator":"@aeronoticias","twitter_site":"@aeronoticias","twitter_misc":{"Escrito por":"Redacci\u00f3n Aeronoticias","Tiempo de lectura":"2 minutos"},"schema":{"@context":"https:\/\/schema.org","@graph":[{"@type":"WebPage","@id":"https:\/\/aeronoticias.com.pe\/noticiero\/salud\/oms-reformas-para-el-cuidado-de-la-salud-de-mujeres\/","url":"https:\/\/aeronoticias.com.pe\/noticiero\/salud\/oms-reformas-para-el-cuidado-de-la-salud-de-mujeres\/","name":"OMS: REFORMAS PARA EL CUIDADO DE LA SALUD DE MUJERES","isPartOf":{"@id":"https:\/\/aeronoticias.com.pe\/noticiero\/#website"},"datePublished":"2009-11-10T17:14:48+00:00","author":{"@id":"https:\/\/aeronoticias.com.pe\/noticiero\/#\/schema\/person\/fc1e5d578f4b62ba1cf7ac2bba1170a0"},"description":"Portal de noticias del Per\u00fa sobre el transporte a\u00e9reo, aviaci\u00f3n, turismo, hoteleria, actualidad.","breadcrumb":{"@id":"https:\/\/aeronoticias.com.pe\/noticiero\/salud\/oms-reformas-para-el-cuidado-de-la-salud-de-mujeres\/#breadcrumb"},"inLanguage":"es","potentialAction":[{"@type":"ReadAction","target":["https:\/\/aeronoticias.com.pe\/noticiero\/salud\/oms-reformas-para-el-cuidado-de-la-salud-de-mujeres\/"]}]},{"@type":"BreadcrumbList","@id":"https:\/\/aeronoticias.com.pe\/noticiero\/salud\/oms-reformas-para-el-cuidado-de-la-salud-de-mujeres\/#breadcrumb","itemListElement":[{"@type":"ListItem","position":1,"name":"Portada","item":"https:\/\/aeronoticias.com.pe\/noticiero\/"},{"@type":"ListItem","position":2,"name":"OMS: REFORMAS PARA EL CUIDADO DE LA SALUD DE MUJERES"}]},{"@type":"WebSite","@id":"https:\/\/aeronoticias.com.pe\/noticiero\/#website","url":"https:\/\/aeronoticias.com.pe\/noticiero\/","name":"Aeronoticias.com.pe","description":"Noticias de tranporte aereo, turismo, hoteles, gastronomia, actualidad, internacional","potentialAction":[{"@type":"SearchAction","target":{"@type":"EntryPoint","urlTemplate":"https:\/\/aeronoticias.com.pe\/noticiero\/?s={search_term_string}"},"query-input":{"@type":"PropertyValueSpecification","valueRequired":true,"valueName":"search_term_string"}}],"inLanguage":"es"},{"@type":"Person","@id":"https:\/\/aeronoticias.com.pe\/noticiero\/#\/schema\/person\/fc1e5d578f4b62ba1cf7ac2bba1170a0","name":"Redacci\u00f3n Aeronoticias","url":"https:\/\/aeronoticias.com.pe\/noticiero\/author\/piloto\/"}]}},"_links":{"self":[{"href":"https:\/\/aeronoticias.com.pe\/noticiero\/wp-json\/wp\/v2\/posts\/6676","targetHints":{"allow":["GET"]}}],"collection":[{"href":"https:\/\/aeronoticias.com.pe\/noticiero\/wp-json\/wp\/v2\/posts"}],"about":[{"href":"https:\/\/aeronoticias.com.pe\/noticiero\/wp-json\/wp\/v2\/types\/post"}],"author":[{"embeddable":true,"href":"https:\/\/aeronoticias.com.pe\/noticiero\/wp-json\/wp\/v2\/users\/1"}],"replies":[{"embeddable":true,"href":"https:\/\/aeronoticias.com.pe\/noticiero\/wp-json\/wp\/v2\/comments?post=6676"}],"version-history":[{"count":0,"href":"https:\/\/aeronoticias.com.pe\/noticiero\/wp-json\/wp\/v2\/posts\/6676\/revisions"}],"wp:attachment":[{"href":"https:\/\/aeronoticias.com.pe\/noticiero\/wp-json\/wp\/v2\/media?parent=6676"}],"wp:term":[{"taxonomy":"category","embeddable":true,"href":"https:\/\/aeronoticias.com.pe\/noticiero\/wp-json\/wp\/v2\/categories?post=6676"},{"taxonomy":"post_tag","embeddable":true,"href":"https:\/\/aeronoticias.com.pe\/noticiero\/wp-json\/wp\/v2\/tags?post=6676"}],"curies":[{"name":"wp","href":"https:\/\/api.w.org\/{rel}","templated":true}]}}