{"id":6678,"date":"2009-11-10T17:19:39","date_gmt":"2009-11-10T17:19:39","guid":{"rendered":"http:\/\/desarrollo.mcvicious.com\/aero2020\/2009\/11\/10\/siemens-recibe-pedido-de-turbinas-eolicas-de-mexico\/"},"modified":"2009-11-10T17:19:39","modified_gmt":"2009-11-10T17:19:39","slug":"siemens-recibe-pedido-de-turbinas-eolicas-de-mexico","status":"publish","type":"post","link":"https:\/\/aeronoticias.com.pe\/noticiero\/27\/siemens-recibe-pedido-de-turbinas-eolicas-de-mexico\/","title":{"rendered":"SIEMENS RECIBE PEDIDO DE TURBINAS E\u00d3LICAS DE M\u00c9XICO"},"content":{"rendered":"<div style=\"text-align: justify\">El conglomerado industrial alem\u00e1n Siemens AG anunci\u00f3 el martes que ha recibido un pedido de turbinas de viento desde M\u00e9xico, el primero que llega de Latinoam\u00e9rica.\u00a0Siemens, con sede en Munich, dijo que gener\u00f3 ingresos por 23.000 millones de euros (34.000 millones de d\u00f3lares) en su cartera ambiental, m\u00e1s que los 20.700 millones de euros del 2008.<\/div>\n<div style=\"text-align: justify\"><\/div>\n<div style=\"text-align: justify\">Siemens dijo que recibi\u00f3 un pedido por 70 turbinas para el parque e\u00f3lico Los Vergeles en Tamaulipas, M\u00e9xico, valuadas en unos 270 millones de d\u00f3lares, y otro pedido de Transpowder New Zealand Limited por 164 millones de euros para perfeccionar el tendido el\u00e9ctrico.\u00a0La compa\u00f1\u00eda dijo que el pedido mexicano es el primero de la regi\u00f3n latinoamericana de turbinas de viento.<\/div>\n<div style=\"text-align: justify\">\n<div style=\"text-align: center\"><img decoding=\"async\" src=\"images\/stories\/09\/11\/101109\/siemens.jpg\" border=\"0\" alt=\"SIEMENS RECIBE PEDIDO DE TURBINAS E\u00d3LICAS DE M\u00c9XICO \" title=\"SIEMENS RECIBE PEDIDO DE TURBINAS E\u00d3LICAS DE M\u00c9XICO \" \/><\/div>\n<\/div>\n<div style=\"text-align: justify\">Siemens agreg\u00f3 que el comprador es el Grupo Soluciones en Energ\u00edas Renovables, de M\u00e9xico. Con una capacidad instalada total superior a los 160 megavatios, se cree que el parque e\u00f3lico Los Vergeles suministrar\u00e1 energ\u00eda limpia a 200.000 hogares para ser el mayor establecimiento de su tipo en M\u00e9xico.\u00a0En Nueva Zelanda, Siemens modernizar\u00e1 y aumentar\u00e1 la capacidad del enlace directo de alto voltaje entre las islas del norte y del sur para Transpower, la empresa nacional de energ\u00eda con sede en Wellington.<\/div>\n<div style=\"text-align: justify\"><\/div>\n<div style=\"text-align: justify\">\u00abNuestros productos y soluciones verdes contribuyen a estabilizar nuestro negocio durante la crisis econ\u00f3mica\u00bb, dijo Barbara Kux, directora de sostenibilidad de la firma, en una declaraci\u00f3n.<\/div>\n<div style=\"text-align: justify\"><\/div>\n<div style=\"text-align: justify\">Siemens hab\u00eda dicho antes este a\u00f1o que anticipa que los gobiernos de las 20 principales econom\u00edas mundiales gastar\u00e1n unos 430.000 millones de d\u00f3lares en los pr\u00f3ximos a\u00f1os para mejorar la infraestructura el\u00e9ctrica y redes de transporte para hacerlas m\u00e1s eficientes y menos perjudiciales para el ambiente. La firma dijo que espera beneficiarse con esa tendencia y aumentar sus ingresos en la cartera ambiental a 25.000 millones de euros para el 2011.<\/div>\n<div style=\"text-align: justify\"><\/div>\n","protected":false},"excerpt":{"rendered":"<p>El conglomerado industrial alem\u00e1n Siemens AG anunci\u00f3 el martes que ha recibido un pedido de turbinas de viento desde M\u00e9xico, el primero que llega de Latinoam\u00e9rica.\u00a0Siemens, con sede en Munich, dijo que gener\u00f3 ingresos por 23.000 millones de euros (34.000 millones de d\u00f3lares) en su cartera ambiental, m\u00e1s que los 20.700 millones de euros del [&hellip;]<\/p>\n","protected":false},"author":1,"featured_media":0,"comment_status":"open","ping_status":"open","sticky":false,"template":"","format":"standard","meta":{"tdm_status":"","tdm_grid_status":"","footnotes":""},"categories":[35],"tags":[],"class_list":{"0":"post-6678","1":"post","2":"type-post","3":"status-publish","4":"format-standard","6":"category-35"},"yoast_head":"<!-- This site is optimized with the Yoast SEO plugin v25.1 - https:\/\/yoast.com\/wordpress\/plugins\/seo\/ -->\n<title>SIEMENS RECIBE PEDIDO DE TURBINAS E\u00d3LICAS DE M\u00c9XICO<\/title>\n<meta name=\"description\" content=\"Portal de noticias del Per\u00fa sobre el transporte a\u00e9reo, aviaci\u00f3n, turismo, hoteleria, actualidad.\" \/>\n<meta name=\"robots\" content=\"index, follow, max-snippet:-1, max-image-preview:large, max-video-preview:-1\" \/>\n<link rel=\"canonical\" href=\"https:\/\/aeronoticias.com.pe\/noticiero\/27\/siemens-recibe-pedido-de-turbinas-eolicas-de-mexico\/\" \/>\n<meta property=\"og:locale\" content=\"es_ES\" \/>\n<meta property=\"og:type\" content=\"article\" \/>\n<meta property=\"og:title\" content=\"SIEMENS RECIBE PEDIDO DE TURBINAS E\u00d3LICAS DE M\u00c9XICO\" \/>\n<meta property=\"og:description\" content=\"Portal de noticias del Per\u00fa sobre el transporte a\u00e9reo, aviaci\u00f3n, turismo, hoteleria, actualidad.\" \/>\n<meta property=\"og:url\" content=\"https:\/\/aeronoticias.com.pe\/noticiero\/27\/siemens-recibe-pedido-de-turbinas-eolicas-de-mexico\/\" \/>\n<meta property=\"og:site_name\" content=\"Aeronoticias.com.pe\" \/>\n<meta property=\"article:publisher\" content=\"https:\/\/www.facebook.com\/Aeronoticias.com.pe\/\" \/>\n<meta property=\"article:published_time\" content=\"2009-11-10T17:19:39+00:00\" \/>\n<meta name=\"author\" content=\"Redacci\u00f3n Aeronoticias\" \/>\n<meta name=\"twitter:card\" content=\"summary_large_image\" \/>\n<meta name=\"twitter:creator\" content=\"@aeronoticias\" \/>\n<meta name=\"twitter:site\" content=\"@aeronoticias\" \/>\n<meta name=\"twitter:label1\" content=\"Escrito por\" \/>\n\t<meta name=\"twitter:data1\" content=\"Redacci\u00f3n Aeronoticias\" \/>\n\t<meta name=\"twitter:label2\" content=\"Tiempo de lectura\" \/>\n\t<meta name=\"twitter:data2\" content=\"2 minutos\" \/>\n<script type=\"application\/ld+json\" class=\"yoast-schema-graph\">{\"@context\":\"https:\/\/schema.org\",\"@graph\":[{\"@type\":\"WebPage\",\"@id\":\"https:\/\/aeronoticias.com.pe\/noticiero\/27\/siemens-recibe-pedido-de-turbinas-eolicas-de-mexico\/\",\"url\":\"https:\/\/aeronoticias.com.pe\/noticiero\/27\/siemens-recibe-pedido-de-turbinas-eolicas-de-mexico\/\",\"name\":\"SIEMENS RECIBE PEDIDO DE TURBINAS E\u00d3LICAS DE M\u00c9XICO\",\"isPartOf\":{\"@id\":\"https:\/\/aeronoticias.com.pe\/noticiero\/#website\"},\"datePublished\":\"2009-11-10T17:19:39+00:00\",\"author\":{\"@id\":\"https:\/\/aeronoticias.com.pe\/noticiero\/#\/schema\/person\/fc1e5d578f4b62ba1cf7ac2bba1170a0\"},\"description\":\"Portal de noticias del Per\u00fa sobre el transporte a\u00e9reo, aviaci\u00f3n, turismo, hoteleria, actualidad.\",\"breadcrumb\":{\"@id\":\"https:\/\/aeronoticias.com.pe\/noticiero\/27\/siemens-recibe-pedido-de-turbinas-eolicas-de-mexico\/#breadcrumb\"},\"inLanguage\":\"es\",\"potentialAction\":[{\"@type\":\"ReadAction\",\"target\":[\"https:\/\/aeronoticias.com.pe\/noticiero\/27\/siemens-recibe-pedido-de-turbinas-eolicas-de-mexico\/\"]}]},{\"@type\":\"BreadcrumbList\",\"@id\":\"https:\/\/aeronoticias.com.pe\/noticiero\/27\/siemens-recibe-pedido-de-turbinas-eolicas-de-mexico\/#breadcrumb\",\"itemListElement\":[{\"@type\":\"ListItem\",\"position\":1,\"name\":\"Portada\",\"item\":\"https:\/\/aeronoticias.com.pe\/noticiero\/\"},{\"@type\":\"ListItem\",\"position\":2,\"name\":\"SIEMENS RECIBE PEDIDO DE TURBINAS E\u00d3LICAS DE M\u00c9XICO\"}]},{\"@type\":\"WebSite\",\"@id\":\"https:\/\/aeronoticias.com.pe\/noticiero\/#website\",\"url\":\"https:\/\/aeronoticias.com.pe\/noticiero\/\",\"name\":\"Aeronoticias.com.pe\",\"description\":\"Noticias de tranporte aereo, turismo, hoteles, gastronomia, actualidad, internacional\",\"potentialAction\":[{\"@type\":\"SearchAction\",\"target\":{\"@type\":\"EntryPoint\",\"urlTemplate\":\"https:\/\/aeronoticias.com.pe\/noticiero\/?s={search_term_string}\"},\"query-input\":{\"@type\":\"PropertyValueSpecification\",\"valueRequired\":true,\"valueName\":\"search_term_string\"}}],\"inLanguage\":\"es\"},{\"@type\":\"Person\",\"@id\":\"https:\/\/aeronoticias.com.pe\/noticiero\/#\/schema\/person\/fc1e5d578f4b62ba1cf7ac2bba1170a0\",\"name\":\"Redacci\u00f3n Aeronoticias\",\"url\":\"https:\/\/aeronoticias.com.pe\/noticiero\/author\/piloto\/\"}]}<\/script>\n<!-- \/ Yoast SEO plugin. -->","yoast_head_json":{"title":"SIEMENS RECIBE PEDIDO DE TURBINAS E\u00d3LICAS DE M\u00c9XICO","description":"Portal de noticias del Per\u00fa sobre el transporte a\u00e9reo, aviaci\u00f3n, turismo, hoteleria, actualidad.","robots":{"index":"index","follow":"follow","max-snippet":"max-snippet:-1","max-image-preview":"max-image-preview:large","max-video-preview":"max-video-preview:-1"},"canonical":"https:\/\/aeronoticias.com.pe\/noticiero\/27\/siemens-recibe-pedido-de-turbinas-eolicas-de-mexico\/","og_locale":"es_ES","og_type":"article","og_title":"SIEMENS RECIBE PEDIDO DE TURBINAS E\u00d3LICAS DE M\u00c9XICO","og_description":"Portal de noticias del Per\u00fa sobre el transporte a\u00e9reo, aviaci\u00f3n, turismo, hoteleria, actualidad.","og_url":"https:\/\/aeronoticias.com.pe\/noticiero\/27\/siemens-recibe-pedido-de-turbinas-eolicas-de-mexico\/","og_site_name":"Aeronoticias.com.pe","article_publisher":"https:\/\/www.facebook.com\/Aeronoticias.com.pe\/","article_published_time":"2009-11-10T17:19:39+00:00","author":"Redacci\u00f3n Aeronoticias","twitter_card":"summary_large_image","twitter_creator":"@aeronoticias","twitter_site":"@aeronoticias","twitter_misc":{"Escrito por":"Redacci\u00f3n Aeronoticias","Tiempo de lectura":"2 minutos"},"schema":{"@context":"https:\/\/schema.org","@graph":[{"@type":"WebPage","@id":"https:\/\/aeronoticias.com.pe\/noticiero\/27\/siemens-recibe-pedido-de-turbinas-eolicas-de-mexico\/","url":"https:\/\/aeronoticias.com.pe\/noticiero\/27\/siemens-recibe-pedido-de-turbinas-eolicas-de-mexico\/","name":"SIEMENS RECIBE PEDIDO DE TURBINAS E\u00d3LICAS DE M\u00c9XICO","isPartOf":{"@id":"https:\/\/aeronoticias.com.pe\/noticiero\/#website"},"datePublished":"2009-11-10T17:19:39+00:00","author":{"@id":"https:\/\/aeronoticias.com.pe\/noticiero\/#\/schema\/person\/fc1e5d578f4b62ba1cf7ac2bba1170a0"},"description":"Portal de noticias del Per\u00fa sobre el transporte a\u00e9reo, aviaci\u00f3n, turismo, hoteleria, actualidad.","breadcrumb":{"@id":"https:\/\/aeronoticias.com.pe\/noticiero\/27\/siemens-recibe-pedido-de-turbinas-eolicas-de-mexico\/#breadcrumb"},"inLanguage":"es","potentialAction":[{"@type":"ReadAction","target":["https:\/\/aeronoticias.com.pe\/noticiero\/27\/siemens-recibe-pedido-de-turbinas-eolicas-de-mexico\/"]}]},{"@type":"BreadcrumbList","@id":"https:\/\/aeronoticias.com.pe\/noticiero\/27\/siemens-recibe-pedido-de-turbinas-eolicas-de-mexico\/#breadcrumb","itemListElement":[{"@type":"ListItem","position":1,"name":"Portada","item":"https:\/\/aeronoticias.com.pe\/noticiero\/"},{"@type":"ListItem","position":2,"name":"SIEMENS RECIBE PEDIDO DE TURBINAS E\u00d3LICAS DE M\u00c9XICO"}]},{"@type":"WebSite","@id":"https:\/\/aeronoticias.com.pe\/noticiero\/#website","url":"https:\/\/aeronoticias.com.pe\/noticiero\/","name":"Aeronoticias.com.pe","description":"Noticias de tranporte aereo, turismo, hoteles, gastronomia, actualidad, internacional","potentialAction":[{"@type":"SearchAction","target":{"@type":"EntryPoint","urlTemplate":"https:\/\/aeronoticias.com.pe\/noticiero\/?s={search_term_string}"},"query-input":{"@type":"PropertyValueSpecification","valueRequired":true,"valueName":"search_term_string"}}],"inLanguage":"es"},{"@type":"Person","@id":"https:\/\/aeronoticias.com.pe\/noticiero\/#\/schema\/person\/fc1e5d578f4b62ba1cf7ac2bba1170a0","name":"Redacci\u00f3n Aeronoticias","url":"https:\/\/aeronoticias.com.pe\/noticiero\/author\/piloto\/"}]}},"_links":{"self":[{"href":"https:\/\/aeronoticias.com.pe\/noticiero\/wp-json\/wp\/v2\/posts\/6678","targetHints":{"allow":["GET"]}}],"collection":[{"href":"https:\/\/aeronoticias.com.pe\/noticiero\/wp-json\/wp\/v2\/posts"}],"about":[{"href":"https:\/\/aeronoticias.com.pe\/noticiero\/wp-json\/wp\/v2\/types\/post"}],"author":[{"embeddable":true,"href":"https:\/\/aeronoticias.com.pe\/noticiero\/wp-json\/wp\/v2\/users\/1"}],"replies":[{"embeddable":true,"href":"https:\/\/aeronoticias.com.pe\/noticiero\/wp-json\/wp\/v2\/comments?post=6678"}],"version-history":[{"count":0,"href":"https:\/\/aeronoticias.com.pe\/noticiero\/wp-json\/wp\/v2\/posts\/6678\/revisions"}],"wp:attachment":[{"href":"https:\/\/aeronoticias.com.pe\/noticiero\/wp-json\/wp\/v2\/media?parent=6678"}],"wp:term":[{"taxonomy":"category","embeddable":true,"href":"https:\/\/aeronoticias.com.pe\/noticiero\/wp-json\/wp\/v2\/categories?post=6678"},{"taxonomy":"post_tag","embeddable":true,"href":"https:\/\/aeronoticias.com.pe\/noticiero\/wp-json\/wp\/v2\/tags?post=6678"}],"curies":[{"name":"wp","href":"https:\/\/api.w.org\/{rel}","templated":true}]}}