{"id":6679,"date":"2009-11-10T17:34:37","date_gmt":"2009-11-10T17:34:37","guid":{"rendered":"http:\/\/desarrollo.mcvicious.com\/aero2020\/2009\/11\/10\/uruguay-cumbre-del-mercosur-en-diciembre\/"},"modified":"2009-11-10T17:34:37","modified_gmt":"2009-11-10T17:34:37","slug":"uruguay-cumbre-del-mercosur-en-diciembre","status":"publish","type":"post","link":"https:\/\/aeronoticias.com.pe\/noticiero\/politica\/uruguay-cumbre-del-mercosur-en-diciembre\/","title":{"rendered":"URUGUAY: CUMBRE DEL MERCOSUR EN DICIEMBRE"},"content":{"rendered":"<div style=\"text-align: justify\">La cumbre del Mercosur, el bloque comercial que atraviesa dificultades comerciales y pol\u00edticas, se reunir\u00e1 en diciembre en esta capital, se inform\u00f3 en las oficinas administrativas del organismo. La reuni\u00f3n se realizar\u00e1 entre el 7 y 8 de diciembre y los presidentes de Argentina, Brasil, Paraguay y Uruguay, como miembros fundadores, discutir\u00e1n su agenda en la nueva sede de la llamada Torre Ejecutiva, ubicada en el centro capitalino frente a la Plaza Independencia.<\/div>\n<div style=\"text-align: justify\"><\/div>\n<div style=\"text-align: justify\">Los cancilleres y los ministros de Econom\u00eda se reunir\u00e1n en la sede del Mercosur en la zona del Parque Rod\u00f3 de cara al R\u00edo de la Plata. El presidente Tabar\u00e9 V\u00e1zquez cumplir\u00e1 su \u00faltima gesti\u00f3n al frente del Mercosur ya que el primero de marzo entregar\u00e1 el poder al pr\u00f3ximo presidente uruguayo que ser\u00e1 electo el 29 de este mes en una segunda ronda entre el candidato oficialista Jos\u00e9 Mujica y Luis A. Lacalle, del partido Nacional.<\/div>\n<div style=\"text-align: justify\">\n<div style=\"text-align: center\"><img decoding=\"async\" src=\"images\/stories\/09\/11\/101109\/mrcosur.jpg\" border=\"0\" alt=\"URUGUAY: CUMBRE DEL MERCOSUR EN DICIEMBRE\" title=\"URUGUAY: CUMBRE DEL MERCOSUR EN DICIEMBRE\" \/><\/div>\n<\/div>\n<div style=\"text-align: justify\">Todas las encuestas favorecen a Mujica, de 74 a\u00f1os, quien ha entablado una cordial relaci\u00f3n con la presidenta de Argentina, Cristina Fern\u00e1ndez y su esposo el ex mandatario N\u00e9stor Kirchner. V\u00e1zquez, sin embargo, ha tenido fuertes desavenencias con ambos a prop\u00f3sito de la instalaci\u00f3n de una planta de celulosa en la margen oriental del compartido R\u00edo Uruguay.<\/div>\n<div style=\"text-align: justify\"><\/div>\n<div style=\"text-align: justify\">Ambientalistas de la provincia argentina de Entre R\u00edos mantienen hace tres a\u00f1os cortado uno de tres puentes internacionales como protesta y V\u00e1zquez se ha rehusado negociar bajo esa situaci\u00f3n, que se est\u00e1 ventilando en la Corte Internacional de Justicia de La Haya. Este es uno de los problemas calientes del Mercosur, donde Brasil y Paraguay han tomado distancia.<\/div>\n<div style=\"text-align: justify\"><\/div>\n<div style=\"text-align: justify\">Otros problemas comerciales aluden a las medidas para-arancelarias como las demoras de los pa\u00edses m\u00e1s grandes en conceder los permisos de importaci\u00f3n que toman bilateralmente entre s\u00ed los socios. El otro problema que prevalece es la demorada incorporaci\u00f3n de Venezuela, pendiente desde que se firm\u00f3 la adhesi\u00f3n para sumarse como miembro pleno en 2005.<\/div>\n<div style=\"text-align: justify\"><\/div>\n<div style=\"text-align: justify\">El gobierno de Luiz In\u00e1cio Lula da Silva solicit\u00f3 a los senadores que aprueben la incorporaci\u00f3n debido a la importancia comercial con Venezuela que supera los 4.000 millones de d\u00f3lares. Empero, se desconoce que har\u00e1 Paraguay ya que su presidente Fernando Lugo retir\u00f3 el pedido que estaba en el congreso paraguayo, donde en 1991 se cre\u00f3 el Mercosur. S\u00f3lo los congresos argentino y uruguayo ya lo han aceptado.<\/div>\n<div style=\"text-align: justify\"><\/div>\n<div style=\"text-align: justify\">El Mercosur es una uni\u00f3n aduanera imperfecta con un Arancel Externo Com\u00fan que por intereses ocasionales de sus miembros lo manejan como protecci\u00f3n a sus intereses internos para no verse afectados por productos de terceros pa\u00edses. Bolivia y Chile son miembros asociados, al igual que los pa\u00edses de la Comunidad Andina de Naciones (Ecuador, Colombia y Per\u00fa.<\/div>\n<div style=\"text-align: justify\"><\/div>\n","protected":false},"excerpt":{"rendered":"<p>La cumbre del Mercosur, el bloque comercial que atraviesa dificultades comerciales y pol\u00edticas, se reunir\u00e1 en diciembre en esta capital, se inform\u00f3 en las oficinas administrativas del organismo. La reuni\u00f3n se realizar\u00e1 entre el 7 y 8 de diciembre y los presidentes de Argentina, Brasil, Paraguay y Uruguay, como miembros fundadores, discutir\u00e1n su agenda en [&hellip;]<\/p>\n","protected":false},"author":1,"featured_media":0,"comment_status":"open","ping_status":"open","sticky":false,"template":"","format":"standard","meta":{"tdm_status":"","tdm_grid_status":"","footnotes":""},"categories":[36],"tags":[],"class_list":{"0":"post-6679","1":"post","2":"type-post","3":"status-publish","4":"format-standard","6":"category-politica"},"yoast_head":"<!-- This site is optimized with the Yoast SEO plugin v25.1 - https:\/\/yoast.com\/wordpress\/plugins\/seo\/ -->\n<title>URUGUAY: CUMBRE DEL MERCOSUR EN DICIEMBRE<\/title>\n<meta name=\"description\" content=\"Portal de noticias del Per\u00fa sobre el transporte a\u00e9reo, aviaci\u00f3n, turismo, hoteleria, actualidad.\" \/>\n<meta name=\"robots\" content=\"index, follow, max-snippet:-1, max-image-preview:large, max-video-preview:-1\" \/>\n<link rel=\"canonical\" href=\"https:\/\/aeronoticias.com.pe\/noticiero\/politica\/uruguay-cumbre-del-mercosur-en-diciembre\/\" \/>\n<meta property=\"og:locale\" content=\"es_ES\" \/>\n<meta property=\"og:type\" content=\"article\" \/>\n<meta property=\"og:title\" content=\"URUGUAY: CUMBRE DEL MERCOSUR EN DICIEMBRE\" \/>\n<meta property=\"og:description\" content=\"Portal de noticias del Per\u00fa sobre el transporte a\u00e9reo, aviaci\u00f3n, turismo, hoteleria, actualidad.\" \/>\n<meta property=\"og:url\" content=\"https:\/\/aeronoticias.com.pe\/noticiero\/politica\/uruguay-cumbre-del-mercosur-en-diciembre\/\" \/>\n<meta property=\"og:site_name\" content=\"Aeronoticias.com.pe\" \/>\n<meta property=\"article:publisher\" content=\"https:\/\/www.facebook.com\/Aeronoticias.com.pe\/\" \/>\n<meta property=\"article:published_time\" content=\"2009-11-10T17:34:37+00:00\" \/>\n<meta name=\"author\" content=\"Redacci\u00f3n Aeronoticias\" \/>\n<meta name=\"twitter:card\" content=\"summary_large_image\" \/>\n<meta name=\"twitter:creator\" content=\"@aeronoticias\" \/>\n<meta name=\"twitter:site\" content=\"@aeronoticias\" \/>\n<meta name=\"twitter:label1\" content=\"Escrito por\" \/>\n\t<meta name=\"twitter:data1\" content=\"Redacci\u00f3n Aeronoticias\" \/>\n\t<meta name=\"twitter:label2\" content=\"Tiempo de lectura\" \/>\n\t<meta name=\"twitter:data2\" content=\"2 minutos\" \/>\n<script type=\"application\/ld+json\" class=\"yoast-schema-graph\">{\"@context\":\"https:\/\/schema.org\",\"@graph\":[{\"@type\":\"WebPage\",\"@id\":\"https:\/\/aeronoticias.com.pe\/noticiero\/politica\/uruguay-cumbre-del-mercosur-en-diciembre\/\",\"url\":\"https:\/\/aeronoticias.com.pe\/noticiero\/politica\/uruguay-cumbre-del-mercosur-en-diciembre\/\",\"name\":\"URUGUAY: CUMBRE DEL MERCOSUR EN DICIEMBRE\",\"isPartOf\":{\"@id\":\"https:\/\/aeronoticias.com.pe\/noticiero\/#website\"},\"datePublished\":\"2009-11-10T17:34:37+00:00\",\"author\":{\"@id\":\"https:\/\/aeronoticias.com.pe\/noticiero\/#\/schema\/person\/fc1e5d578f4b62ba1cf7ac2bba1170a0\"},\"description\":\"Portal de noticias del Per\u00fa sobre el transporte a\u00e9reo, aviaci\u00f3n, turismo, hoteleria, actualidad.\",\"breadcrumb\":{\"@id\":\"https:\/\/aeronoticias.com.pe\/noticiero\/politica\/uruguay-cumbre-del-mercosur-en-diciembre\/#breadcrumb\"},\"inLanguage\":\"es\",\"potentialAction\":[{\"@type\":\"ReadAction\",\"target\":[\"https:\/\/aeronoticias.com.pe\/noticiero\/politica\/uruguay-cumbre-del-mercosur-en-diciembre\/\"]}]},{\"@type\":\"BreadcrumbList\",\"@id\":\"https:\/\/aeronoticias.com.pe\/noticiero\/politica\/uruguay-cumbre-del-mercosur-en-diciembre\/#breadcrumb\",\"itemListElement\":[{\"@type\":\"ListItem\",\"position\":1,\"name\":\"Portada\",\"item\":\"https:\/\/aeronoticias.com.pe\/noticiero\/\"},{\"@type\":\"ListItem\",\"position\":2,\"name\":\"URUGUAY: CUMBRE DEL MERCOSUR EN DICIEMBRE\"}]},{\"@type\":\"WebSite\",\"@id\":\"https:\/\/aeronoticias.com.pe\/noticiero\/#website\",\"url\":\"https:\/\/aeronoticias.com.pe\/noticiero\/\",\"name\":\"Aeronoticias.com.pe\",\"description\":\"Noticias de tranporte aereo, turismo, hoteles, gastronomia, actualidad, internacional\",\"potentialAction\":[{\"@type\":\"SearchAction\",\"target\":{\"@type\":\"EntryPoint\",\"urlTemplate\":\"https:\/\/aeronoticias.com.pe\/noticiero\/?s={search_term_string}\"},\"query-input\":{\"@type\":\"PropertyValueSpecification\",\"valueRequired\":true,\"valueName\":\"search_term_string\"}}],\"inLanguage\":\"es\"},{\"@type\":\"Person\",\"@id\":\"https:\/\/aeronoticias.com.pe\/noticiero\/#\/schema\/person\/fc1e5d578f4b62ba1cf7ac2bba1170a0\",\"name\":\"Redacci\u00f3n Aeronoticias\",\"url\":\"https:\/\/aeronoticias.com.pe\/noticiero\/author\/piloto\/\"}]}<\/script>\n<!-- \/ Yoast SEO plugin. -->","yoast_head_json":{"title":"URUGUAY: CUMBRE DEL MERCOSUR EN DICIEMBRE","description":"Portal de noticias del Per\u00fa sobre el transporte a\u00e9reo, aviaci\u00f3n, turismo, hoteleria, actualidad.","robots":{"index":"index","follow":"follow","max-snippet":"max-snippet:-1","max-image-preview":"max-image-preview:large","max-video-preview":"max-video-preview:-1"},"canonical":"https:\/\/aeronoticias.com.pe\/noticiero\/politica\/uruguay-cumbre-del-mercosur-en-diciembre\/","og_locale":"es_ES","og_type":"article","og_title":"URUGUAY: CUMBRE DEL MERCOSUR EN DICIEMBRE","og_description":"Portal de noticias del Per\u00fa sobre el transporte a\u00e9reo, aviaci\u00f3n, turismo, hoteleria, actualidad.","og_url":"https:\/\/aeronoticias.com.pe\/noticiero\/politica\/uruguay-cumbre-del-mercosur-en-diciembre\/","og_site_name":"Aeronoticias.com.pe","article_publisher":"https:\/\/www.facebook.com\/Aeronoticias.com.pe\/","article_published_time":"2009-11-10T17:34:37+00:00","author":"Redacci\u00f3n Aeronoticias","twitter_card":"summary_large_image","twitter_creator":"@aeronoticias","twitter_site":"@aeronoticias","twitter_misc":{"Escrito por":"Redacci\u00f3n Aeronoticias","Tiempo de lectura":"2 minutos"},"schema":{"@context":"https:\/\/schema.org","@graph":[{"@type":"WebPage","@id":"https:\/\/aeronoticias.com.pe\/noticiero\/politica\/uruguay-cumbre-del-mercosur-en-diciembre\/","url":"https:\/\/aeronoticias.com.pe\/noticiero\/politica\/uruguay-cumbre-del-mercosur-en-diciembre\/","name":"URUGUAY: CUMBRE DEL MERCOSUR EN DICIEMBRE","isPartOf":{"@id":"https:\/\/aeronoticias.com.pe\/noticiero\/#website"},"datePublished":"2009-11-10T17:34:37+00:00","author":{"@id":"https:\/\/aeronoticias.com.pe\/noticiero\/#\/schema\/person\/fc1e5d578f4b62ba1cf7ac2bba1170a0"},"description":"Portal de noticias del Per\u00fa sobre el transporte a\u00e9reo, aviaci\u00f3n, turismo, hoteleria, actualidad.","breadcrumb":{"@id":"https:\/\/aeronoticias.com.pe\/noticiero\/politica\/uruguay-cumbre-del-mercosur-en-diciembre\/#breadcrumb"},"inLanguage":"es","potentialAction":[{"@type":"ReadAction","target":["https:\/\/aeronoticias.com.pe\/noticiero\/politica\/uruguay-cumbre-del-mercosur-en-diciembre\/"]}]},{"@type":"BreadcrumbList","@id":"https:\/\/aeronoticias.com.pe\/noticiero\/politica\/uruguay-cumbre-del-mercosur-en-diciembre\/#breadcrumb","itemListElement":[{"@type":"ListItem","position":1,"name":"Portada","item":"https:\/\/aeronoticias.com.pe\/noticiero\/"},{"@type":"ListItem","position":2,"name":"URUGUAY: CUMBRE DEL MERCOSUR EN DICIEMBRE"}]},{"@type":"WebSite","@id":"https:\/\/aeronoticias.com.pe\/noticiero\/#website","url":"https:\/\/aeronoticias.com.pe\/noticiero\/","name":"Aeronoticias.com.pe","description":"Noticias de tranporte aereo, turismo, hoteles, gastronomia, actualidad, internacional","potentialAction":[{"@type":"SearchAction","target":{"@type":"EntryPoint","urlTemplate":"https:\/\/aeronoticias.com.pe\/noticiero\/?s={search_term_string}"},"query-input":{"@type":"PropertyValueSpecification","valueRequired":true,"valueName":"search_term_string"}}],"inLanguage":"es"},{"@type":"Person","@id":"https:\/\/aeronoticias.com.pe\/noticiero\/#\/schema\/person\/fc1e5d578f4b62ba1cf7ac2bba1170a0","name":"Redacci\u00f3n Aeronoticias","url":"https:\/\/aeronoticias.com.pe\/noticiero\/author\/piloto\/"}]}},"_links":{"self":[{"href":"https:\/\/aeronoticias.com.pe\/noticiero\/wp-json\/wp\/v2\/posts\/6679","targetHints":{"allow":["GET"]}}],"collection":[{"href":"https:\/\/aeronoticias.com.pe\/noticiero\/wp-json\/wp\/v2\/posts"}],"about":[{"href":"https:\/\/aeronoticias.com.pe\/noticiero\/wp-json\/wp\/v2\/types\/post"}],"author":[{"embeddable":true,"href":"https:\/\/aeronoticias.com.pe\/noticiero\/wp-json\/wp\/v2\/users\/1"}],"replies":[{"embeddable":true,"href":"https:\/\/aeronoticias.com.pe\/noticiero\/wp-json\/wp\/v2\/comments?post=6679"}],"version-history":[{"count":0,"href":"https:\/\/aeronoticias.com.pe\/noticiero\/wp-json\/wp\/v2\/posts\/6679\/revisions"}],"wp:attachment":[{"href":"https:\/\/aeronoticias.com.pe\/noticiero\/wp-json\/wp\/v2\/media?parent=6679"}],"wp:term":[{"taxonomy":"category","embeddable":true,"href":"https:\/\/aeronoticias.com.pe\/noticiero\/wp-json\/wp\/v2\/categories?post=6679"},{"taxonomy":"post_tag","embeddable":true,"href":"https:\/\/aeronoticias.com.pe\/noticiero\/wp-json\/wp\/v2\/tags?post=6679"}],"curies":[{"name":"wp","href":"https:\/\/api.w.org\/{rel}","templated":true}]}}