{"id":6680,"date":"2009-11-10T17:36:50","date_gmt":"2009-11-10T17:36:50","guid":{"rendered":"http:\/\/desarrollo.mcvicious.com\/aero2020\/2009\/11\/10\/sip-la-libertad-de-prensa-se-deteriora-en-las-americas\/"},"modified":"2009-11-10T17:36:50","modified_gmt":"2009-11-10T17:36:50","slug":"sip-la-libertad-de-prensa-se-deteriora-en-las-americas","status":"publish","type":"post","link":"https:\/\/aeronoticias.com.pe\/noticiero\/internacionales\/sip-la-libertad-de-prensa-se-deteriora-en-las-americas\/","title":{"rendered":"SIP: LA LIBERTAD DE PRENSA SE DETERIORA EN LAS AM\u00c9RICAS"},"content":{"rendered":"<div style=\"text-align: justify\">El documento final, tras cinco d\u00edas de deliberaciones, se\u00f1al\u00f3 \u00abla acci\u00f3n coordinada de gobiernos por controlar el papel de la prensa y el desprestigio al que los m\u00e1s altos funcionarios de gobierno someten a los medios de comunicaci\u00f3n\u00bb.\u00a0La libertad de prensa se deteriora en las Am\u00e9ricas, en un ambiente de debilitamiento de la democracia, por acciones de gobiernos y de la violencia criminal, dijo este martes la Sociedad Interamericana de Prensa (SIP), como conclusi\u00f3n de su Asamblea en Buenos Aires.<\/div>\n<div style=\"text-align: justify\"><\/div>\n<div style=\"text-align: justify\">\u00abEl avance desmesurado de la violencia contra los periodistas (con 16 periodistas asesinados en el \u00faltimo semestre), la proliferaci\u00f3n de mecanismos legislativos y arbitrarias decisiones judiciales, en un ambiente de debilitamiento de la democracia, sirven para acosar a periodistas y medios\u00bb, denunciaron los editores.\u00a0La SIP plante\u00f3 su \u00abdesaz\u00f3n y preocupaci\u00f3n\u00bb por el crimen de ocho periodistas en M\u00e9xico, tres en Honduras, dos en Guatemala, dos en Colombia y uno en El Salvador.<\/div>\n<div style=\"text-align: justify\">\n<div style=\"text-align: center\"><img decoding=\"async\" src=\"images\/stories\/09\/11\/101109\/libertad.jpg\" border=\"0\" alt=\"SIP: LA LIBERTAD DE PRENSA SE DETERIORA EN LAS AM\u00c9RICAS\" title=\"SIP: LA LIBERTAD DE PRENSA SE DETERIORA EN LAS AM\u00c9RICAS\" \/><\/div>\n<\/div>\n<div style=\"text-align: justify\">\u00abSigue siendo condenable la permanencia en prisi\u00f3n de 27 periodistas en Cuba (&#8230;) pa\u00eds que tambi\u00e9n se distingue como uno de los mayores controladores y consumidores de internet\u00bb.\u00a0En uno de los p\u00e1rrafos m\u00e1s pol\u00edticos, la entidad de los editores dijo que \u00aben todo el continente se observa que la pobreza que persiste por el escaso desarrollo econ\u00f3mico y la inequidad imperante en la mayor\u00eda de los pa\u00edses de Am\u00e9rica ha generado una injustificada tendencia al autoritarismo\u00bb.\u00a0\u00abNo es casualidad que varios gobiernos est\u00e9n ahora unidos por una ideolog\u00eda exportada desde Venezuela por el presidente Hugo Ch\u00e1vez, quien hasta propuso una &#8216;ley de delitos medi\u00e1ticos&#8217; y ha cerrado 34 emisoras\u00bb, sostuvo la organizaci\u00f3n.<\/div>\n<div style=\"text-align: justify\"><\/div>\n<div style=\"text-align: justify\">La SIP dijo que \u00abesta tendencia se refleja en las legislaciones de diversos pa\u00edses como la nueva Ley de Servicios Audiovisuales promovida por el gobierno de Argentina en el marco de una in\u00e9dita campa\u00f1a de hostigamiento contra los medios independientes\u00bb.\u00a0Los editores tambi\u00e9n mencionaron en la misma direcci\u00f3n al \u00abProyecto de Ley de Comunicaci\u00f3n del presidente Rafael Correa en Ecuador y sus r\u00e9plicas, como la propuesta de ley de medios en El Salvador\u00bb.<\/div>\n<div style=\"text-align: justify\"><\/div>\n<div style=\"text-align: justify\">\u00abOtras leyes que buscan el control de contenidos han sido propuestas o est\u00e1n siendo discutidas en los parlamentos de Panam\u00e1, Colombia, Chile y Uruguay, mientras que Brasil est\u00e1 organizando uan conferencia nacional sobre medios que podr\u00e1 derivar en la creaci\u00f3n de medidas de control de prensa\u00bb.\u00a0Los editores indicaron que \u00ablejos de cesar las pr\u00e1cticas discriminatorias en el otorgamiento de la publicidad oficial, varios gobiernos como los de Argentina, Aruba y Antillas Holandesas, Ecuador, Guatemala, Nicaragua, Paraguay y Venezuela, siguen utiliz\u00e1ndola como instrumento de coacci\u00f3n\u00bb.<\/div>\n<div style=\"text-align: justify\"><\/div>\n<div style=\"text-align: justify\">\u00abOtra tendencia claramente visible dentro de este marco de restricciones es la paralizaci\u00f3n de proyectos de ley sobre acceso a la informaci\u00f3n p\u00fablica como en El Salvador y Bolivia o que tienen una aplicaci\u00f3n ineficiente como en Chile, Ecuador, Panam\u00e1 y Puerto Rico, o que son inexistentes en pa\u00edses como Venezuela y Cuba\u00bb.\u00a0Algunos aspectos positivos fueron se\u00f1alados acerca de \u00abla despenalizaci\u00f3n de los delitos de difamaci\u00f3n e injurias en Uruguay y el env\u00edo al Congreso argentino por parte del Ejecutivo de un proyecto de ley para despenalizar los delitos de injurias y calumnias en base a un fallo de la Corte Interamericana de Derechos Humanos\u00bb.<\/div>\n<div style=\"text-align: justify\"><\/div>\n","protected":false},"excerpt":{"rendered":"<p>El documento final, tras cinco d\u00edas de deliberaciones, se\u00f1al\u00f3 \u00abla acci\u00f3n coordinada de gobiernos por controlar el papel de la prensa y el desprestigio al que los m\u00e1s altos funcionarios de gobierno someten a los medios de comunicaci\u00f3n\u00bb.\u00a0La libertad de prensa se deteriora en las Am\u00e9ricas, en un ambiente de debilitamiento de la democracia, por [&hellip;]<\/p>\n","protected":false},"author":1,"featured_media":0,"comment_status":"open","ping_status":"open","sticky":false,"template":"","format":"standard","meta":{"tdm_status":"","tdm_grid_status":"","footnotes":""},"categories":[34],"tags":[],"class_list":{"0":"post-6680","1":"post","2":"type-post","3":"status-publish","4":"format-standard","6":"category-internacionales"},"yoast_head":"<!-- This site is optimized with the Yoast SEO plugin v25.1 - https:\/\/yoast.com\/wordpress\/plugins\/seo\/ -->\n<title>SIP: LA LIBERTAD DE PRENSA SE DETERIORA EN LAS AM\u00c9RICAS<\/title>\n<meta name=\"description\" content=\"Portal de noticias del Per\u00fa sobre el transporte a\u00e9reo, aviaci\u00f3n, turismo, hoteleria, actualidad.\" \/>\n<meta name=\"robots\" content=\"index, follow, max-snippet:-1, max-image-preview:large, max-video-preview:-1\" \/>\n<link rel=\"canonical\" href=\"https:\/\/aeronoticias.com.pe\/noticiero\/internacionales\/sip-la-libertad-de-prensa-se-deteriora-en-las-americas\/\" \/>\n<meta property=\"og:locale\" content=\"es_ES\" \/>\n<meta property=\"og:type\" content=\"article\" \/>\n<meta property=\"og:title\" content=\"SIP: LA LIBERTAD DE PRENSA SE DETERIORA EN LAS AM\u00c9RICAS\" \/>\n<meta property=\"og:description\" content=\"Portal de noticias del Per\u00fa sobre el transporte a\u00e9reo, aviaci\u00f3n, turismo, hoteleria, actualidad.\" \/>\n<meta property=\"og:url\" content=\"https:\/\/aeronoticias.com.pe\/noticiero\/internacionales\/sip-la-libertad-de-prensa-se-deteriora-en-las-americas\/\" \/>\n<meta property=\"og:site_name\" content=\"Aeronoticias.com.pe\" \/>\n<meta property=\"article:publisher\" content=\"https:\/\/www.facebook.com\/Aeronoticias.com.pe\/\" \/>\n<meta property=\"article:published_time\" content=\"2009-11-10T17:36:50+00:00\" \/>\n<meta name=\"author\" content=\"Redacci\u00f3n Aeronoticias\" \/>\n<meta name=\"twitter:card\" content=\"summary_large_image\" \/>\n<meta name=\"twitter:creator\" content=\"@aeronoticias\" \/>\n<meta name=\"twitter:site\" content=\"@aeronoticias\" \/>\n<meta name=\"twitter:label1\" content=\"Escrito por\" \/>\n\t<meta name=\"twitter:data1\" content=\"Redacci\u00f3n Aeronoticias\" \/>\n\t<meta name=\"twitter:label2\" content=\"Tiempo de lectura\" \/>\n\t<meta name=\"twitter:data2\" content=\"3 minutos\" \/>\n<script type=\"application\/ld+json\" class=\"yoast-schema-graph\">{\"@context\":\"https:\/\/schema.org\",\"@graph\":[{\"@type\":\"WebPage\",\"@id\":\"https:\/\/aeronoticias.com.pe\/noticiero\/internacionales\/sip-la-libertad-de-prensa-se-deteriora-en-las-americas\/\",\"url\":\"https:\/\/aeronoticias.com.pe\/noticiero\/internacionales\/sip-la-libertad-de-prensa-se-deteriora-en-las-americas\/\",\"name\":\"SIP: LA LIBERTAD DE PRENSA SE DETERIORA EN LAS AM\u00c9RICAS\",\"isPartOf\":{\"@id\":\"https:\/\/aeronoticias.com.pe\/noticiero\/#website\"},\"datePublished\":\"2009-11-10T17:36:50+00:00\",\"author\":{\"@id\":\"https:\/\/aeronoticias.com.pe\/noticiero\/#\/schema\/person\/fc1e5d578f4b62ba1cf7ac2bba1170a0\"},\"description\":\"Portal de noticias del Per\u00fa sobre el transporte a\u00e9reo, aviaci\u00f3n, turismo, hoteleria, actualidad.\",\"breadcrumb\":{\"@id\":\"https:\/\/aeronoticias.com.pe\/noticiero\/internacionales\/sip-la-libertad-de-prensa-se-deteriora-en-las-americas\/#breadcrumb\"},\"inLanguage\":\"es\",\"potentialAction\":[{\"@type\":\"ReadAction\",\"target\":[\"https:\/\/aeronoticias.com.pe\/noticiero\/internacionales\/sip-la-libertad-de-prensa-se-deteriora-en-las-americas\/\"]}]},{\"@type\":\"BreadcrumbList\",\"@id\":\"https:\/\/aeronoticias.com.pe\/noticiero\/internacionales\/sip-la-libertad-de-prensa-se-deteriora-en-las-americas\/#breadcrumb\",\"itemListElement\":[{\"@type\":\"ListItem\",\"position\":1,\"name\":\"Portada\",\"item\":\"https:\/\/aeronoticias.com.pe\/noticiero\/\"},{\"@type\":\"ListItem\",\"position\":2,\"name\":\"SIP: LA LIBERTAD DE PRENSA SE DETERIORA EN LAS AM\u00c9RICAS\"}]},{\"@type\":\"WebSite\",\"@id\":\"https:\/\/aeronoticias.com.pe\/noticiero\/#website\",\"url\":\"https:\/\/aeronoticias.com.pe\/noticiero\/\",\"name\":\"Aeronoticias.com.pe\",\"description\":\"Noticias de tranporte aereo, turismo, hoteles, gastronomia, actualidad, internacional\",\"potentialAction\":[{\"@type\":\"SearchAction\",\"target\":{\"@type\":\"EntryPoint\",\"urlTemplate\":\"https:\/\/aeronoticias.com.pe\/noticiero\/?s={search_term_string}\"},\"query-input\":{\"@type\":\"PropertyValueSpecification\",\"valueRequired\":true,\"valueName\":\"search_term_string\"}}],\"inLanguage\":\"es\"},{\"@type\":\"Person\",\"@id\":\"https:\/\/aeronoticias.com.pe\/noticiero\/#\/schema\/person\/fc1e5d578f4b62ba1cf7ac2bba1170a0\",\"name\":\"Redacci\u00f3n Aeronoticias\",\"url\":\"https:\/\/aeronoticias.com.pe\/noticiero\/author\/piloto\/\"}]}<\/script>\n<!-- \/ Yoast SEO plugin. -->","yoast_head_json":{"title":"SIP: LA LIBERTAD DE PRENSA SE DETERIORA EN LAS AM\u00c9RICAS","description":"Portal de noticias del Per\u00fa sobre el transporte a\u00e9reo, aviaci\u00f3n, turismo, hoteleria, actualidad.","robots":{"index":"index","follow":"follow","max-snippet":"max-snippet:-1","max-image-preview":"max-image-preview:large","max-video-preview":"max-video-preview:-1"},"canonical":"https:\/\/aeronoticias.com.pe\/noticiero\/internacionales\/sip-la-libertad-de-prensa-se-deteriora-en-las-americas\/","og_locale":"es_ES","og_type":"article","og_title":"SIP: LA LIBERTAD DE PRENSA SE DETERIORA EN LAS AM\u00c9RICAS","og_description":"Portal de noticias del Per\u00fa sobre el transporte a\u00e9reo, aviaci\u00f3n, turismo, hoteleria, actualidad.","og_url":"https:\/\/aeronoticias.com.pe\/noticiero\/internacionales\/sip-la-libertad-de-prensa-se-deteriora-en-las-americas\/","og_site_name":"Aeronoticias.com.pe","article_publisher":"https:\/\/www.facebook.com\/Aeronoticias.com.pe\/","article_published_time":"2009-11-10T17:36:50+00:00","author":"Redacci\u00f3n Aeronoticias","twitter_card":"summary_large_image","twitter_creator":"@aeronoticias","twitter_site":"@aeronoticias","twitter_misc":{"Escrito por":"Redacci\u00f3n Aeronoticias","Tiempo de lectura":"3 minutos"},"schema":{"@context":"https:\/\/schema.org","@graph":[{"@type":"WebPage","@id":"https:\/\/aeronoticias.com.pe\/noticiero\/internacionales\/sip-la-libertad-de-prensa-se-deteriora-en-las-americas\/","url":"https:\/\/aeronoticias.com.pe\/noticiero\/internacionales\/sip-la-libertad-de-prensa-se-deteriora-en-las-americas\/","name":"SIP: LA LIBERTAD DE PRENSA SE DETERIORA EN LAS AM\u00c9RICAS","isPartOf":{"@id":"https:\/\/aeronoticias.com.pe\/noticiero\/#website"},"datePublished":"2009-11-10T17:36:50+00:00","author":{"@id":"https:\/\/aeronoticias.com.pe\/noticiero\/#\/schema\/person\/fc1e5d578f4b62ba1cf7ac2bba1170a0"},"description":"Portal de noticias del Per\u00fa sobre el transporte a\u00e9reo, aviaci\u00f3n, turismo, hoteleria, actualidad.","breadcrumb":{"@id":"https:\/\/aeronoticias.com.pe\/noticiero\/internacionales\/sip-la-libertad-de-prensa-se-deteriora-en-las-americas\/#breadcrumb"},"inLanguage":"es","potentialAction":[{"@type":"ReadAction","target":["https:\/\/aeronoticias.com.pe\/noticiero\/internacionales\/sip-la-libertad-de-prensa-se-deteriora-en-las-americas\/"]}]},{"@type":"BreadcrumbList","@id":"https:\/\/aeronoticias.com.pe\/noticiero\/internacionales\/sip-la-libertad-de-prensa-se-deteriora-en-las-americas\/#breadcrumb","itemListElement":[{"@type":"ListItem","position":1,"name":"Portada","item":"https:\/\/aeronoticias.com.pe\/noticiero\/"},{"@type":"ListItem","position":2,"name":"SIP: LA LIBERTAD DE PRENSA SE DETERIORA EN LAS AM\u00c9RICAS"}]},{"@type":"WebSite","@id":"https:\/\/aeronoticias.com.pe\/noticiero\/#website","url":"https:\/\/aeronoticias.com.pe\/noticiero\/","name":"Aeronoticias.com.pe","description":"Noticias de tranporte aereo, turismo, hoteles, gastronomia, actualidad, internacional","potentialAction":[{"@type":"SearchAction","target":{"@type":"EntryPoint","urlTemplate":"https:\/\/aeronoticias.com.pe\/noticiero\/?s={search_term_string}"},"query-input":{"@type":"PropertyValueSpecification","valueRequired":true,"valueName":"search_term_string"}}],"inLanguage":"es"},{"@type":"Person","@id":"https:\/\/aeronoticias.com.pe\/noticiero\/#\/schema\/person\/fc1e5d578f4b62ba1cf7ac2bba1170a0","name":"Redacci\u00f3n Aeronoticias","url":"https:\/\/aeronoticias.com.pe\/noticiero\/author\/piloto\/"}]}},"_links":{"self":[{"href":"https:\/\/aeronoticias.com.pe\/noticiero\/wp-json\/wp\/v2\/posts\/6680","targetHints":{"allow":["GET"]}}],"collection":[{"href":"https:\/\/aeronoticias.com.pe\/noticiero\/wp-json\/wp\/v2\/posts"}],"about":[{"href":"https:\/\/aeronoticias.com.pe\/noticiero\/wp-json\/wp\/v2\/types\/post"}],"author":[{"embeddable":true,"href":"https:\/\/aeronoticias.com.pe\/noticiero\/wp-json\/wp\/v2\/users\/1"}],"replies":[{"embeddable":true,"href":"https:\/\/aeronoticias.com.pe\/noticiero\/wp-json\/wp\/v2\/comments?post=6680"}],"version-history":[{"count":0,"href":"https:\/\/aeronoticias.com.pe\/noticiero\/wp-json\/wp\/v2\/posts\/6680\/revisions"}],"wp:attachment":[{"href":"https:\/\/aeronoticias.com.pe\/noticiero\/wp-json\/wp\/v2\/media?parent=6680"}],"wp:term":[{"taxonomy":"category","embeddable":true,"href":"https:\/\/aeronoticias.com.pe\/noticiero\/wp-json\/wp\/v2\/categories?post=6680"},{"taxonomy":"post_tag","embeddable":true,"href":"https:\/\/aeronoticias.com.pe\/noticiero\/wp-json\/wp\/v2\/tags?post=6680"}],"curies":[{"name":"wp","href":"https:\/\/api.w.org\/{rel}","templated":true}]}}