{"id":6684,"date":"2009-11-10T19:40:37","date_gmt":"2009-11-10T19:40:37","guid":{"rendered":"http:\/\/desarrollo.mcvicious.com\/aero2020\/2009\/11\/10\/insulza-considera-dificil-que-las-partes-retomen-el-dialogo-en-honduras\/"},"modified":"2009-11-10T19:40:37","modified_gmt":"2009-11-10T19:40:37","slug":"insulza-considera-dificil-que-las-partes-retomen-el-dialogo-en-honduras","status":"publish","type":"post","link":"https:\/\/aeronoticias.com.pe\/noticiero\/politica\/insulza-considera-dificil-que-las-partes-retomen-el-dialogo-en-honduras\/","title":{"rendered":"INSULZA CONSIDERA DIF\u00cdCIL QUE LAS PARTES RETOMEN EL DI\u00c1LOGO EN HONDURAS"},"content":{"rendered":"<div style=\"text-align: justify\">El secretario general de la OEA, Jos\u00e9 Miguel Insulza, consider\u00f3 hoy dif\u00edcil que las partes retomen el di\u00e1logo en Honduras, y asegur\u00f3 que bajo este contexto no contempla el env\u00edo de una misi\u00f3n electoral para los pr\u00f3ximos comicios.\u00a0En una sesi\u00f3n extraordinaria del Consejo Permanente, convocado para evaluar la situaci\u00f3n en Honduras tras la interrupci\u00f3n del proceso de implementaci\u00f3n del Acuerdo Tegucigalpa-San Jos\u00e9, el titular de la Organizaci\u00f3n de Estados Americanos (OEA), afirm\u00f3 que baraja la posibilidad de pedir a la Comisi\u00f3n de Verificaci\u00f3n que emita su opini\u00f3n sobre lo ocurrido en los \u00faltimos d\u00edas.<\/div>\n<div style=\"text-align: justify\"><\/div>\n<div style=\"text-align: justify\">El Acuerdo Tegucigalpa-San Jos\u00e9, suscrito el 30 de octubre, fue declarado roto por el depuesto presidente de Honduras, Manuel Zelaya la semana pasada, despu\u00e9s de que el Gobierno de facto anunciara la conformaci\u00f3n de un Ejecutivo de Unidad sin representantes suyos y bajo la direcci\u00f3n del mandatario de facto, Roberto Micheletti.\u00a0El Gobierno de facto culpa a Zelaya de haber roto el acuerdo al haberse negado a entregar la lista con los nombres de las personas que quer\u00eda que integraran el Ejecutivo de Unidad y Reconciliaci\u00f3n Nacional, que deb\u00eda haberse constituido el pasado d\u00eda 5.<\/div>\n<div style=\"text-align: justify\">\n<div style=\"text-align: center\"><img decoding=\"async\" src=\"images\/stories\/09\/11\/101109\/dialogohnoduras.jpg\" border=\"0\" alt=\"INSULZA CONSIDERA DIF\u00cdCIL QUE LAS PARTES RETOMEN EL DI\u00c1LOGO EN HONDURAS\" title=\"INSULZA CONSIDERA DIF\u00cdCIL QUE LAS PARTES RETOMEN EL DI\u00c1LOGO EN HONDURAS\" \/><\/div>\n<\/div>\n<div style=\"text-align: justify\">Insulza defendi\u00f3 al depuesto mandatario al afirmar que Zelaya no envi\u00f3 los nombres, porque en la misiva enviada a \u00e9l el d\u00eda 3 por el presidente de facto, qued\u00f3 claro que iba a formar un Gobierno de manera unilateral y encabezado por \u00e9l.\u00a0\u00abLa realidad es que cuando la Comisi\u00f3n de Verificaci\u00f3n se instal\u00f3 en Tegucigalpa -ese mismo d\u00eda- ya estaba en marcha una acci\u00f3n para constituir un Gobierno de Unidad y Reconciliaci\u00f3n formado por Roberto Micheletti mediante una propuesta de un conjunto de personas, pero sin disposici\u00f3n de fijar una fecha para considerar la restituci\u00f3n\u00bb de Zelaya, se\u00f1al\u00f3 Insulza.<\/div>\n<div style=\"text-align: justify\"><\/div>\n<div style=\"text-align: justify\">Por tanto, la comisi\u00f3n, en la que participan como miembros internacionales el ex presidente chileno Ricardo Lagos y la secretaria de Trabajo de EE.UU., Hilda Sol\u00eds, ya se encontr\u00f3 con los primeros problemas a su llegada a Honduras, dijo.\u00a0Tras el fracaso del acuerdo, los asesores de Insulza, a quien representan en Honduras actualmente el argentino Jos\u00e9 Octavio Bord\u00f3n y el chileno Enrique Correa, con el fin de acompa\u00f1ar los trabajos de la Comisi\u00f3n, conversaron con Zelaya.<\/div>\n<div style=\"text-align: justify\"><\/div>\n<div style=\"text-align: justify\">El depuesto mandatario transmiti\u00f3 a Insulza que su \u00abfrustraci\u00f3n hab\u00eda llegado al l\u00edmite y que no estaba dispuesto hacerle el juego a la dictadura\u00bb de Micheletti.\u00a0\u00abPiensa que no se cumpli\u00f3 el acuerdo porque se pretendi\u00f3 (crear) un Gobierno de forma unilateral, no se ha resuelto el tema de la restituci\u00f3n y que esto constituye un intento del Gobierno de facto de ir a por la propuesta de la tercer\u00eda\u00bb, explic\u00f3 Insulza.\u00a0<\/div>\n<div style=\"text-align: justify\"><\/div>\n<div style=\"text-align: justify\">Seg\u00fan el acuerdo, es la Comisi\u00f3n de Verificaci\u00f3n la que puede declarar por fracasado o incumplido el pacto alcanzado el pasado d\u00eda 30 en Tegucigalpa, record\u00f3 Insulza.\u00a0Por tanto, \u00abno descarto pedir a los miembros internacionales de la Comisi\u00f3n que emitan su opini\u00f3n sobre lo ocurrido\u00bb.\u00a0En este contexto, Insulza, quien reiter\u00f3 que debe ser Zelaya quien encabece cualquier Gobierno de unidad, consider\u00f3 que la situaci\u00f3n actual en la crisis pol\u00edtica hondure\u00f1a es que \u00abno se ve como muy posible retomar un di\u00e1logo\u00bb.<\/div>\n<div style=\"text-align: justify\"><\/div>\n<div style=\"text-align: justify\">El titular de la OEA dijo que para que pueda haber una soluci\u00f3n, Micheletti debe presentar su renuncia para que el Congreso pueda pronunciarse sobre la restituci\u00f3n de Zelaya, y allanar el camino a la creaci\u00f3n de un Gobierno de Unidad y la celebraci\u00f3n de las elecciones del pr\u00f3ximo 29 de noviembre.<\/div>\n<div style=\"text-align: justify\"><\/div>\n<div style=\"text-align: justify\">El Gobierno de facto ha pedido a la OEA que env\u00ede una misi\u00f3n de observadores para esos comicios, pero Insulza asegur\u00f3 hoy que esa posibilidad \u00abno se podr\u00eda ni siquiera considerar\u00bb bajo las actuales circunstancias pol\u00edticas en Honduras, ni tampoco sin que se haya levantado la suspensi\u00f3n a ese pa\u00eds.<\/div>\n<div style=\"text-align: justify\"><\/div>\n","protected":false},"excerpt":{"rendered":"<p>El secretario general de la OEA, Jos\u00e9 Miguel Insulza, consider\u00f3 hoy dif\u00edcil que las partes retomen el di\u00e1logo en Honduras, y asegur\u00f3 que bajo este contexto no contempla el env\u00edo de una misi\u00f3n electoral para los pr\u00f3ximos comicios.\u00a0En una sesi\u00f3n extraordinaria del Consejo Permanente, convocado para evaluar la situaci\u00f3n en Honduras tras la interrupci\u00f3n del [&hellip;]<\/p>\n","protected":false},"author":1,"featured_media":0,"comment_status":"open","ping_status":"open","sticky":false,"template":"","format":"standard","meta":{"tdm_status":"","tdm_grid_status":"","footnotes":""},"categories":[36],"tags":[],"class_list":{"0":"post-6684","1":"post","2":"type-post","3":"status-publish","4":"format-standard","6":"category-politica"},"yoast_head":"<!-- This site is optimized with the Yoast SEO plugin v25.1 - https:\/\/yoast.com\/wordpress\/plugins\/seo\/ -->\n<title>INSULZA CONSIDERA DIF\u00cdCIL QUE LAS PARTES RETOMEN EL DI\u00c1LOGO EN HONDURAS<\/title>\n<meta name=\"description\" content=\"Portal de noticias del Per\u00fa sobre el transporte a\u00e9reo, aviaci\u00f3n, turismo, hoteleria, actualidad.\" \/>\n<meta name=\"robots\" content=\"index, follow, max-snippet:-1, max-image-preview:large, max-video-preview:-1\" \/>\n<link rel=\"canonical\" href=\"https:\/\/aeronoticias.com.pe\/noticiero\/politica\/insulza-considera-dificil-que-las-partes-retomen-el-dialogo-en-honduras\/\" \/>\n<meta property=\"og:locale\" content=\"es_ES\" \/>\n<meta property=\"og:type\" content=\"article\" \/>\n<meta property=\"og:title\" content=\"INSULZA CONSIDERA DIF\u00cdCIL QUE LAS PARTES RETOMEN EL DI\u00c1LOGO EN HONDURAS\" \/>\n<meta property=\"og:description\" content=\"Portal de noticias del Per\u00fa sobre el transporte a\u00e9reo, aviaci\u00f3n, turismo, hoteleria, actualidad.\" \/>\n<meta property=\"og:url\" content=\"https:\/\/aeronoticias.com.pe\/noticiero\/politica\/insulza-considera-dificil-que-las-partes-retomen-el-dialogo-en-honduras\/\" \/>\n<meta property=\"og:site_name\" content=\"Aeronoticias.com.pe\" \/>\n<meta property=\"article:publisher\" content=\"https:\/\/www.facebook.com\/Aeronoticias.com.pe\/\" \/>\n<meta property=\"article:published_time\" content=\"2009-11-10T19:40:37+00:00\" \/>\n<meta name=\"author\" content=\"Redacci\u00f3n Aeronoticias\" \/>\n<meta name=\"twitter:card\" content=\"summary_large_image\" \/>\n<meta name=\"twitter:creator\" content=\"@aeronoticias\" \/>\n<meta name=\"twitter:site\" content=\"@aeronoticias\" \/>\n<meta name=\"twitter:label1\" content=\"Escrito por\" \/>\n\t<meta name=\"twitter:data1\" content=\"Redacci\u00f3n Aeronoticias\" \/>\n\t<meta name=\"twitter:label2\" content=\"Tiempo de lectura\" \/>\n\t<meta name=\"twitter:data2\" content=\"3 minutos\" \/>\n<script type=\"application\/ld+json\" class=\"yoast-schema-graph\">{\"@context\":\"https:\/\/schema.org\",\"@graph\":[{\"@type\":\"WebPage\",\"@id\":\"https:\/\/aeronoticias.com.pe\/noticiero\/politica\/insulza-considera-dificil-que-las-partes-retomen-el-dialogo-en-honduras\/\",\"url\":\"https:\/\/aeronoticias.com.pe\/noticiero\/politica\/insulza-considera-dificil-que-las-partes-retomen-el-dialogo-en-honduras\/\",\"name\":\"INSULZA CONSIDERA DIF\u00cdCIL QUE LAS PARTES RETOMEN EL DI\u00c1LOGO EN HONDURAS\",\"isPartOf\":{\"@id\":\"https:\/\/aeronoticias.com.pe\/noticiero\/#website\"},\"datePublished\":\"2009-11-10T19:40:37+00:00\",\"author\":{\"@id\":\"https:\/\/aeronoticias.com.pe\/noticiero\/#\/schema\/person\/fc1e5d578f4b62ba1cf7ac2bba1170a0\"},\"description\":\"Portal de noticias del Per\u00fa sobre el transporte a\u00e9reo, aviaci\u00f3n, turismo, hoteleria, actualidad.\",\"breadcrumb\":{\"@id\":\"https:\/\/aeronoticias.com.pe\/noticiero\/politica\/insulza-considera-dificil-que-las-partes-retomen-el-dialogo-en-honduras\/#breadcrumb\"},\"inLanguage\":\"es\",\"potentialAction\":[{\"@type\":\"ReadAction\",\"target\":[\"https:\/\/aeronoticias.com.pe\/noticiero\/politica\/insulza-considera-dificil-que-las-partes-retomen-el-dialogo-en-honduras\/\"]}]},{\"@type\":\"BreadcrumbList\",\"@id\":\"https:\/\/aeronoticias.com.pe\/noticiero\/politica\/insulza-considera-dificil-que-las-partes-retomen-el-dialogo-en-honduras\/#breadcrumb\",\"itemListElement\":[{\"@type\":\"ListItem\",\"position\":1,\"name\":\"Portada\",\"item\":\"https:\/\/aeronoticias.com.pe\/noticiero\/\"},{\"@type\":\"ListItem\",\"position\":2,\"name\":\"INSULZA CONSIDERA DIF\u00cdCIL QUE LAS PARTES RETOMEN EL DI\u00c1LOGO EN HONDURAS\"}]},{\"@type\":\"WebSite\",\"@id\":\"https:\/\/aeronoticias.com.pe\/noticiero\/#website\",\"url\":\"https:\/\/aeronoticias.com.pe\/noticiero\/\",\"name\":\"Aeronoticias.com.pe\",\"description\":\"Noticias de tranporte aereo, turismo, hoteles, gastronomia, actualidad, internacional\",\"potentialAction\":[{\"@type\":\"SearchAction\",\"target\":{\"@type\":\"EntryPoint\",\"urlTemplate\":\"https:\/\/aeronoticias.com.pe\/noticiero\/?s={search_term_string}\"},\"query-input\":{\"@type\":\"PropertyValueSpecification\",\"valueRequired\":true,\"valueName\":\"search_term_string\"}}],\"inLanguage\":\"es\"},{\"@type\":\"Person\",\"@id\":\"https:\/\/aeronoticias.com.pe\/noticiero\/#\/schema\/person\/fc1e5d578f4b62ba1cf7ac2bba1170a0\",\"name\":\"Redacci\u00f3n Aeronoticias\",\"url\":\"https:\/\/aeronoticias.com.pe\/noticiero\/author\/piloto\/\"}]}<\/script>\n<!-- \/ Yoast SEO plugin. -->","yoast_head_json":{"title":"INSULZA CONSIDERA DIF\u00cdCIL QUE LAS PARTES RETOMEN EL DI\u00c1LOGO EN HONDURAS","description":"Portal de noticias del Per\u00fa sobre el transporte a\u00e9reo, aviaci\u00f3n, turismo, hoteleria, actualidad.","robots":{"index":"index","follow":"follow","max-snippet":"max-snippet:-1","max-image-preview":"max-image-preview:large","max-video-preview":"max-video-preview:-1"},"canonical":"https:\/\/aeronoticias.com.pe\/noticiero\/politica\/insulza-considera-dificil-que-las-partes-retomen-el-dialogo-en-honduras\/","og_locale":"es_ES","og_type":"article","og_title":"INSULZA CONSIDERA DIF\u00cdCIL QUE LAS PARTES RETOMEN EL DI\u00c1LOGO EN HONDURAS","og_description":"Portal de noticias del Per\u00fa sobre el transporte a\u00e9reo, aviaci\u00f3n, turismo, hoteleria, actualidad.","og_url":"https:\/\/aeronoticias.com.pe\/noticiero\/politica\/insulza-considera-dificil-que-las-partes-retomen-el-dialogo-en-honduras\/","og_site_name":"Aeronoticias.com.pe","article_publisher":"https:\/\/www.facebook.com\/Aeronoticias.com.pe\/","article_published_time":"2009-11-10T19:40:37+00:00","author":"Redacci\u00f3n Aeronoticias","twitter_card":"summary_large_image","twitter_creator":"@aeronoticias","twitter_site":"@aeronoticias","twitter_misc":{"Escrito por":"Redacci\u00f3n Aeronoticias","Tiempo de lectura":"3 minutos"},"schema":{"@context":"https:\/\/schema.org","@graph":[{"@type":"WebPage","@id":"https:\/\/aeronoticias.com.pe\/noticiero\/politica\/insulza-considera-dificil-que-las-partes-retomen-el-dialogo-en-honduras\/","url":"https:\/\/aeronoticias.com.pe\/noticiero\/politica\/insulza-considera-dificil-que-las-partes-retomen-el-dialogo-en-honduras\/","name":"INSULZA CONSIDERA DIF\u00cdCIL QUE LAS PARTES RETOMEN EL DI\u00c1LOGO EN HONDURAS","isPartOf":{"@id":"https:\/\/aeronoticias.com.pe\/noticiero\/#website"},"datePublished":"2009-11-10T19:40:37+00:00","author":{"@id":"https:\/\/aeronoticias.com.pe\/noticiero\/#\/schema\/person\/fc1e5d578f4b62ba1cf7ac2bba1170a0"},"description":"Portal de noticias del Per\u00fa sobre el transporte a\u00e9reo, aviaci\u00f3n, turismo, hoteleria, actualidad.","breadcrumb":{"@id":"https:\/\/aeronoticias.com.pe\/noticiero\/politica\/insulza-considera-dificil-que-las-partes-retomen-el-dialogo-en-honduras\/#breadcrumb"},"inLanguage":"es","potentialAction":[{"@type":"ReadAction","target":["https:\/\/aeronoticias.com.pe\/noticiero\/politica\/insulza-considera-dificil-que-las-partes-retomen-el-dialogo-en-honduras\/"]}]},{"@type":"BreadcrumbList","@id":"https:\/\/aeronoticias.com.pe\/noticiero\/politica\/insulza-considera-dificil-que-las-partes-retomen-el-dialogo-en-honduras\/#breadcrumb","itemListElement":[{"@type":"ListItem","position":1,"name":"Portada","item":"https:\/\/aeronoticias.com.pe\/noticiero\/"},{"@type":"ListItem","position":2,"name":"INSULZA CONSIDERA DIF\u00cdCIL QUE LAS PARTES RETOMEN EL DI\u00c1LOGO EN HONDURAS"}]},{"@type":"WebSite","@id":"https:\/\/aeronoticias.com.pe\/noticiero\/#website","url":"https:\/\/aeronoticias.com.pe\/noticiero\/","name":"Aeronoticias.com.pe","description":"Noticias de tranporte aereo, turismo, hoteles, gastronomia, actualidad, internacional","potentialAction":[{"@type":"SearchAction","target":{"@type":"EntryPoint","urlTemplate":"https:\/\/aeronoticias.com.pe\/noticiero\/?s={search_term_string}"},"query-input":{"@type":"PropertyValueSpecification","valueRequired":true,"valueName":"search_term_string"}}],"inLanguage":"es"},{"@type":"Person","@id":"https:\/\/aeronoticias.com.pe\/noticiero\/#\/schema\/person\/fc1e5d578f4b62ba1cf7ac2bba1170a0","name":"Redacci\u00f3n Aeronoticias","url":"https:\/\/aeronoticias.com.pe\/noticiero\/author\/piloto\/"}]}},"_links":{"self":[{"href":"https:\/\/aeronoticias.com.pe\/noticiero\/wp-json\/wp\/v2\/posts\/6684","targetHints":{"allow":["GET"]}}],"collection":[{"href":"https:\/\/aeronoticias.com.pe\/noticiero\/wp-json\/wp\/v2\/posts"}],"about":[{"href":"https:\/\/aeronoticias.com.pe\/noticiero\/wp-json\/wp\/v2\/types\/post"}],"author":[{"embeddable":true,"href":"https:\/\/aeronoticias.com.pe\/noticiero\/wp-json\/wp\/v2\/users\/1"}],"replies":[{"embeddable":true,"href":"https:\/\/aeronoticias.com.pe\/noticiero\/wp-json\/wp\/v2\/comments?post=6684"}],"version-history":[{"count":0,"href":"https:\/\/aeronoticias.com.pe\/noticiero\/wp-json\/wp\/v2\/posts\/6684\/revisions"}],"wp:attachment":[{"href":"https:\/\/aeronoticias.com.pe\/noticiero\/wp-json\/wp\/v2\/media?parent=6684"}],"wp:term":[{"taxonomy":"category","embeddable":true,"href":"https:\/\/aeronoticias.com.pe\/noticiero\/wp-json\/wp\/v2\/categories?post=6684"},{"taxonomy":"post_tag","embeddable":true,"href":"https:\/\/aeronoticias.com.pe\/noticiero\/wp-json\/wp\/v2\/tags?post=6684"}],"curies":[{"name":"wp","href":"https:\/\/api.w.org\/{rel}","templated":true}]}}