{"id":6685,"date":"2009-11-10T20:31:26","date_gmt":"2009-11-10T20:31:26","guid":{"rendered":"http:\/\/desarrollo.mcvicious.com\/aero2020\/2009\/11\/10\/incremento-venta-de-paquetes-turisticos-por-certamen-cusco-always-in-fashion\/"},"modified":"2009-11-10T20:31:26","modified_gmt":"2009-11-10T20:31:26","slug":"incremento-venta-de-paquetes-turisticos-por-certamen-cusco-always-in-fashion","status":"publish","type":"post","link":"https:\/\/aeronoticias.com.pe\/noticiero\/turismo\/13\/incremento-venta-de-paquetes-turisticos-por-certamen-cusco-always-in-fashion\/","title":{"rendered":"INCREMENT\u00d3 VENTA DE PAQUETES TUR\u00cdSTICOS POR CERTAMEN CUSCO ALWAYS IN FASHION"},"content":{"rendered":"<p align=\"justify\">Hoy Boris G\u00f3mez, presidente de la C\u00e1mara Regional de Turismo del Cusco (Cartuc), inform\u00f3 que hubo un importante incremento en la venta de paquetes tur\u00edsticos, que represent\u00f3 unos 200 mil d\u00f3lares, gener\u00f3 la semana de la moda denominada Cusco Always in Fashion realizada del 28 al 31 de octubre.<\/p>\n<div align=\"justify\">G\u00f3mez expres\u00f3 a \u201cAndina\u201d, \u201cPrevio al evento se ofertaron, a trav\u00e9s del portal SaleCusco, paquetes tur\u00edsticos especiales a fin de participar del certamen de modas y al mismo tiempo conocer nuestra ciudad; los reportes preliminares indican que se super\u00f3 la venta de 400 paquetes\u201d.<\/div>\n<p align=\"justify\">\u00a0<\/p>\n<div style=\"text-align: center\"><img decoding=\"async\" src=\"images\/stories\/09\/11\/101109\/certcusco.jpg\" border=\"0\" \/><\/div>\n<p>\u00a0<\/p>\n<p align=\"justify\">\u00a0<\/p>\n<p align=\"justify\">Adem\u00e1s, indic\u00f3 que ahora el objetivo es trabajar por la internacionalizaci\u00f3n de este certamen y consolidar al Cusco como capital de la moda en Latinoam\u00e9rica.<br \/>\u201cEsperamos contar el pr\u00f3ximo a\u00f1o con la participaci\u00f3n de dise\u00f1adores de Sudam\u00e9rica, Europa y Estados Unidos, y para ello vamos a elaborar, con el apoyo de PromPer\u00fa, un libro de memoria fotogr\u00e1fica del evento que ser\u00e1 repartido a las casas de moda m\u00e1s prestigiosas del mundo.\u201d<\/p>\n<div align=\"justify\">Salud\u00f3 la cohesi\u00f3n del sector p\u00fablico y el privado para hacer posible el desarrollo de la Semana de la Moda en Cusco, lo que se vio reflejado en el \u00e9xito alcanzado.<\/p>\n<p>\u201cHemos recibido el apoyo de las autoridades regionales y locales, mientras que cerca de 60 auspiciadores unieron sus esfuerzos para que el evento sea todo un \u00e9xito.\u201d<\/p><\/div>\n<div align=\"justify\">Adem\u00e1s resalt\u00f3 que cerca de 40 medios de comunicaci\u00f3n entre nacionales y extranjeros siguieron de cerca las incidencias del Cusco Always in Fashion. \u00abEste certamen ha servido para consolidar a los tres dise\u00f1adores cusque\u00f1os: Isabel Luna, Andr\u00e9s Z\u00fa\u00f1iga y Edward Venero.\u00bb<\/div>\n","protected":false},"excerpt":{"rendered":"<p>Hoy Boris G\u00f3mez, presidente de la C\u00e1mara Regional de Turismo del Cusco (Cartuc), inform\u00f3 que hubo un importante incremento en la venta de paquetes tur\u00edsticos, que represent\u00f3 unos 200 mil d\u00f3lares, gener\u00f3 la semana de la moda denominada Cusco Always in Fashion realizada del 28 al 31 de octubre. G\u00f3mez expres\u00f3 a \u201cAndina\u201d, \u201cPrevio al [&hellip;]<\/p>\n","protected":false},"author":1,"featured_media":0,"comment_status":"open","ping_status":"open","sticky":false,"template":"","format":"standard","meta":{"tdm_status":"","tdm_grid_status":"","footnotes":""},"categories":[31],"tags":[],"class_list":{"0":"post-6685","1":"post","2":"type-post","3":"status-publish","4":"format-standard","6":"category-31"},"yoast_head":"<!-- This site is optimized with the Yoast SEO plugin v25.1 - https:\/\/yoast.com\/wordpress\/plugins\/seo\/ -->\n<title>INCREMENT\u00d3 VENTA DE PAQUETES TUR\u00cdSTICOS POR CERTAMEN CUSCO ALWAYS IN FASHION<\/title>\n<meta name=\"description\" content=\"Portal de noticias del Per\u00fa sobre el transporte a\u00e9reo, aviaci\u00f3n, turismo, hoteleria, actualidad.\" \/>\n<meta name=\"robots\" content=\"index, follow, max-snippet:-1, max-image-preview:large, max-video-preview:-1\" \/>\n<link rel=\"canonical\" href=\"https:\/\/aeronoticias.com.pe\/noticiero\/turismo\/13\/incremento-venta-de-paquetes-turisticos-por-certamen-cusco-always-in-fashion\/\" \/>\n<meta property=\"og:locale\" content=\"es_ES\" \/>\n<meta property=\"og:type\" content=\"article\" \/>\n<meta property=\"og:title\" content=\"INCREMENT\u00d3 VENTA DE PAQUETES TUR\u00cdSTICOS POR CERTAMEN CUSCO ALWAYS IN FASHION\" \/>\n<meta property=\"og:description\" content=\"Portal de noticias del Per\u00fa sobre el transporte a\u00e9reo, aviaci\u00f3n, turismo, hoteleria, actualidad.\" \/>\n<meta property=\"og:url\" content=\"https:\/\/aeronoticias.com.pe\/noticiero\/turismo\/13\/incremento-venta-de-paquetes-turisticos-por-certamen-cusco-always-in-fashion\/\" \/>\n<meta property=\"og:site_name\" content=\"Aeronoticias.com.pe\" \/>\n<meta property=\"article:publisher\" content=\"https:\/\/www.facebook.com\/Aeronoticias.com.pe\/\" \/>\n<meta property=\"article:published_time\" content=\"2009-11-10T20:31:26+00:00\" \/>\n<meta name=\"author\" content=\"Redacci\u00f3n Aeronoticias\" \/>\n<meta name=\"twitter:card\" content=\"summary_large_image\" \/>\n<meta name=\"twitter:creator\" content=\"@aeronoticias\" \/>\n<meta name=\"twitter:site\" content=\"@aeronoticias\" \/>\n<meta name=\"twitter:label1\" content=\"Escrito por\" \/>\n\t<meta name=\"twitter:data1\" content=\"Redacci\u00f3n Aeronoticias\" \/>\n\t<meta name=\"twitter:label2\" content=\"Tiempo de lectura\" \/>\n\t<meta name=\"twitter:data2\" content=\"1 minuto\" \/>\n<script type=\"application\/ld+json\" class=\"yoast-schema-graph\">{\"@context\":\"https:\/\/schema.org\",\"@graph\":[{\"@type\":\"WebPage\",\"@id\":\"https:\/\/aeronoticias.com.pe\/noticiero\/turismo\/13\/incremento-venta-de-paquetes-turisticos-por-certamen-cusco-always-in-fashion\/\",\"url\":\"https:\/\/aeronoticias.com.pe\/noticiero\/turismo\/13\/incremento-venta-de-paquetes-turisticos-por-certamen-cusco-always-in-fashion\/\",\"name\":\"INCREMENT\u00d3 VENTA DE PAQUETES TUR\u00cdSTICOS POR CERTAMEN CUSCO ALWAYS IN FASHION\",\"isPartOf\":{\"@id\":\"https:\/\/aeronoticias.com.pe\/noticiero\/#website\"},\"datePublished\":\"2009-11-10T20:31:26+00:00\",\"author\":{\"@id\":\"https:\/\/aeronoticias.com.pe\/noticiero\/#\/schema\/person\/fc1e5d578f4b62ba1cf7ac2bba1170a0\"},\"description\":\"Portal de noticias del Per\u00fa sobre el transporte a\u00e9reo, aviaci\u00f3n, turismo, hoteleria, actualidad.\",\"breadcrumb\":{\"@id\":\"https:\/\/aeronoticias.com.pe\/noticiero\/turismo\/13\/incremento-venta-de-paquetes-turisticos-por-certamen-cusco-always-in-fashion\/#breadcrumb\"},\"inLanguage\":\"es\",\"potentialAction\":[{\"@type\":\"ReadAction\",\"target\":[\"https:\/\/aeronoticias.com.pe\/noticiero\/turismo\/13\/incremento-venta-de-paquetes-turisticos-por-certamen-cusco-always-in-fashion\/\"]}]},{\"@type\":\"BreadcrumbList\",\"@id\":\"https:\/\/aeronoticias.com.pe\/noticiero\/turismo\/13\/incremento-venta-de-paquetes-turisticos-por-certamen-cusco-always-in-fashion\/#breadcrumb\",\"itemListElement\":[{\"@type\":\"ListItem\",\"position\":1,\"name\":\"Portada\",\"item\":\"https:\/\/aeronoticias.com.pe\/noticiero\/\"},{\"@type\":\"ListItem\",\"position\":2,\"name\":\"INCREMENT\u00d3 VENTA DE PAQUETES TUR\u00cdSTICOS POR CERTAMEN CUSCO ALWAYS IN FASHION\"}]},{\"@type\":\"WebSite\",\"@id\":\"https:\/\/aeronoticias.com.pe\/noticiero\/#website\",\"url\":\"https:\/\/aeronoticias.com.pe\/noticiero\/\",\"name\":\"Aeronoticias.com.pe\",\"description\":\"Noticias de tranporte aereo, turismo, hoteles, gastronomia, actualidad, internacional\",\"potentialAction\":[{\"@type\":\"SearchAction\",\"target\":{\"@type\":\"EntryPoint\",\"urlTemplate\":\"https:\/\/aeronoticias.com.pe\/noticiero\/?s={search_term_string}\"},\"query-input\":{\"@type\":\"PropertyValueSpecification\",\"valueRequired\":true,\"valueName\":\"search_term_string\"}}],\"inLanguage\":\"es\"},{\"@type\":\"Person\",\"@id\":\"https:\/\/aeronoticias.com.pe\/noticiero\/#\/schema\/person\/fc1e5d578f4b62ba1cf7ac2bba1170a0\",\"name\":\"Redacci\u00f3n Aeronoticias\",\"url\":\"https:\/\/aeronoticias.com.pe\/noticiero\/author\/piloto\/\"}]}<\/script>\n<!-- \/ Yoast SEO plugin. -->","yoast_head_json":{"title":"INCREMENT\u00d3 VENTA DE PAQUETES TUR\u00cdSTICOS POR CERTAMEN CUSCO ALWAYS IN FASHION","description":"Portal de noticias del Per\u00fa sobre el transporte a\u00e9reo, aviaci\u00f3n, turismo, hoteleria, actualidad.","robots":{"index":"index","follow":"follow","max-snippet":"max-snippet:-1","max-image-preview":"max-image-preview:large","max-video-preview":"max-video-preview:-1"},"canonical":"https:\/\/aeronoticias.com.pe\/noticiero\/turismo\/13\/incremento-venta-de-paquetes-turisticos-por-certamen-cusco-always-in-fashion\/","og_locale":"es_ES","og_type":"article","og_title":"INCREMENT\u00d3 VENTA DE PAQUETES TUR\u00cdSTICOS POR CERTAMEN CUSCO ALWAYS IN FASHION","og_description":"Portal de noticias del Per\u00fa sobre el transporte a\u00e9reo, aviaci\u00f3n, turismo, hoteleria, actualidad.","og_url":"https:\/\/aeronoticias.com.pe\/noticiero\/turismo\/13\/incremento-venta-de-paquetes-turisticos-por-certamen-cusco-always-in-fashion\/","og_site_name":"Aeronoticias.com.pe","article_publisher":"https:\/\/www.facebook.com\/Aeronoticias.com.pe\/","article_published_time":"2009-11-10T20:31:26+00:00","author":"Redacci\u00f3n Aeronoticias","twitter_card":"summary_large_image","twitter_creator":"@aeronoticias","twitter_site":"@aeronoticias","twitter_misc":{"Escrito por":"Redacci\u00f3n Aeronoticias","Tiempo de lectura":"1 minuto"},"schema":{"@context":"https:\/\/schema.org","@graph":[{"@type":"WebPage","@id":"https:\/\/aeronoticias.com.pe\/noticiero\/turismo\/13\/incremento-venta-de-paquetes-turisticos-por-certamen-cusco-always-in-fashion\/","url":"https:\/\/aeronoticias.com.pe\/noticiero\/turismo\/13\/incremento-venta-de-paquetes-turisticos-por-certamen-cusco-always-in-fashion\/","name":"INCREMENT\u00d3 VENTA DE PAQUETES TUR\u00cdSTICOS POR CERTAMEN CUSCO ALWAYS IN FASHION","isPartOf":{"@id":"https:\/\/aeronoticias.com.pe\/noticiero\/#website"},"datePublished":"2009-11-10T20:31:26+00:00","author":{"@id":"https:\/\/aeronoticias.com.pe\/noticiero\/#\/schema\/person\/fc1e5d578f4b62ba1cf7ac2bba1170a0"},"description":"Portal de noticias del Per\u00fa sobre el transporte a\u00e9reo, aviaci\u00f3n, turismo, hoteleria, actualidad.","breadcrumb":{"@id":"https:\/\/aeronoticias.com.pe\/noticiero\/turismo\/13\/incremento-venta-de-paquetes-turisticos-por-certamen-cusco-always-in-fashion\/#breadcrumb"},"inLanguage":"es","potentialAction":[{"@type":"ReadAction","target":["https:\/\/aeronoticias.com.pe\/noticiero\/turismo\/13\/incremento-venta-de-paquetes-turisticos-por-certamen-cusco-always-in-fashion\/"]}]},{"@type":"BreadcrumbList","@id":"https:\/\/aeronoticias.com.pe\/noticiero\/turismo\/13\/incremento-venta-de-paquetes-turisticos-por-certamen-cusco-always-in-fashion\/#breadcrumb","itemListElement":[{"@type":"ListItem","position":1,"name":"Portada","item":"https:\/\/aeronoticias.com.pe\/noticiero\/"},{"@type":"ListItem","position":2,"name":"INCREMENT\u00d3 VENTA DE PAQUETES TUR\u00cdSTICOS POR CERTAMEN CUSCO ALWAYS IN FASHION"}]},{"@type":"WebSite","@id":"https:\/\/aeronoticias.com.pe\/noticiero\/#website","url":"https:\/\/aeronoticias.com.pe\/noticiero\/","name":"Aeronoticias.com.pe","description":"Noticias de tranporte aereo, turismo, hoteles, gastronomia, actualidad, internacional","potentialAction":[{"@type":"SearchAction","target":{"@type":"EntryPoint","urlTemplate":"https:\/\/aeronoticias.com.pe\/noticiero\/?s={search_term_string}"},"query-input":{"@type":"PropertyValueSpecification","valueRequired":true,"valueName":"search_term_string"}}],"inLanguage":"es"},{"@type":"Person","@id":"https:\/\/aeronoticias.com.pe\/noticiero\/#\/schema\/person\/fc1e5d578f4b62ba1cf7ac2bba1170a0","name":"Redacci\u00f3n Aeronoticias","url":"https:\/\/aeronoticias.com.pe\/noticiero\/author\/piloto\/"}]}},"_links":{"self":[{"href":"https:\/\/aeronoticias.com.pe\/noticiero\/wp-json\/wp\/v2\/posts\/6685","targetHints":{"allow":["GET"]}}],"collection":[{"href":"https:\/\/aeronoticias.com.pe\/noticiero\/wp-json\/wp\/v2\/posts"}],"about":[{"href":"https:\/\/aeronoticias.com.pe\/noticiero\/wp-json\/wp\/v2\/types\/post"}],"author":[{"embeddable":true,"href":"https:\/\/aeronoticias.com.pe\/noticiero\/wp-json\/wp\/v2\/users\/1"}],"replies":[{"embeddable":true,"href":"https:\/\/aeronoticias.com.pe\/noticiero\/wp-json\/wp\/v2\/comments?post=6685"}],"version-history":[{"count":0,"href":"https:\/\/aeronoticias.com.pe\/noticiero\/wp-json\/wp\/v2\/posts\/6685\/revisions"}],"wp:attachment":[{"href":"https:\/\/aeronoticias.com.pe\/noticiero\/wp-json\/wp\/v2\/media?parent=6685"}],"wp:term":[{"taxonomy":"category","embeddable":true,"href":"https:\/\/aeronoticias.com.pe\/noticiero\/wp-json\/wp\/v2\/categories?post=6685"},{"taxonomy":"post_tag","embeddable":true,"href":"https:\/\/aeronoticias.com.pe\/noticiero\/wp-json\/wp\/v2\/tags?post=6685"}],"curies":[{"name":"wp","href":"https:\/\/api.w.org\/{rel}","templated":true}]}}