{"id":6686,"date":"2009-11-10T21:11:07","date_gmt":"2009-11-10T21:11:07","guid":{"rendered":"http:\/\/desarrollo.mcvicious.com\/aero2020\/2009\/11\/10\/califican-de-cinicas-declaraciones-de-almirante-chileno\/"},"modified":"2009-11-10T21:11:07","modified_gmt":"2009-11-10T21:11:07","slug":"califican-de-cinicas-declaraciones-de-almirante-chileno","status":"publish","type":"post","link":"https:\/\/aeronoticias.com.pe\/noticiero\/internacionales\/califican-de-cinicas-declaraciones-de-almirante-chileno\/","title":{"rendered":"CALIFICAN DE CINICAS DECLARACIONES DE ALMIRANTE CHILENO"},"content":{"rendered":"<div align=\"justify\">El congresista peruano e integrante del partido gobernante, Javier Valle Riestra, no dud\u00f3 en calificar como \u201cc\u00ednicas\u201d las recientes declaraciones del Jefe de la Armada Chilena, Edmundo Gonz\u00e1les, quien manifest\u00f3 a la prensa de su pa\u00eds que Chile \u201cno tiene nada que ganar en La Haya\u201d.<\/p>\n<p>El tambi\u00e9n reconocido jurista bas\u00f3 sus apreciaciones en que lo dicho por el marino chileno no representa la posici\u00f3n oficial de su gobierno y por lo\u00a0 tanto carece de trascendencia, coincidiendo con el embajador peruano Lu\u00eds Marchand.<\/p>\n<div style=\"text-align: center\"><img decoding=\"async\" src=\"images\/stories\/09\/11\/101109\/riestra.jpg\" border=\"0\" alt=\"CALIFICAN DE CINICAS DECLARACIONES DE ALMIRANTE CHILENO\" title=\"CALIFICAN DE CINICAS DECLARACIONES DE ALMIRANTE CHILENO\" \/><\/div>\n<p>En otra parte de su manifestaci\u00f3n \u2013 publicada hoy en el diario\u00a0 lime\u00f1o \u201cLa Raz\u00f3n\u201d, Valle Riestra subray\u00f3 que para Chile una inminente derrota en los tribunales internacionales de La Haya al fallar a favor de la\u00a0 tesis peruana\u00a0 sobre el diferendo mar\u00edtimo que mantiene con ese pa\u00eds, le importar\u00e1 un comino y ser\u00e1 como tinta en papel mojado, basado en que poseen la flota de guerra m\u00e1s poderosa de Am\u00e9rica del Sur, significando que podr\u00eda patear el tablero y tratar de cumplir el lema de su escudo nacional que dice \u201cPor la raz\u00f3n o por\u00a0 la fuerza\u201d para imponer sus deseos.<\/p>\n<p>Por otro lado\u00a0 Valle Riestra dijo que Chile rechaza unirse a la campa\u00f1a para limitar la compra de armamentos y asegurar la unidad de los pa\u00edses que integran la regi\u00f3n sudamericana, prosiguiendo su desenfrenada carrera armamentista, recordando que\u00a0 Chile est\u00e1 animado por una pol\u00edtica expansionista casi desde su creaci\u00f3n ,cuyos testimonios son, entre otros, haber destrozado la Confederaci\u00f3n Peruano-Boliviana ,y los despojos de territorios peruanos como Tarapac\u00e1 y Arica, violando todas las normas del Derecho .<\/p>\n<p>Finalmente, al referirse a los convenios pesqueros suscritos por el Per\u00fa, con participaci\u00f3n de Chile, Valle Riestra dijo que no exhiben la majestad de tratados que pretende atribuirles el actual Jefe de la Armada Chilena porque fueron elaborados\u00a0 en 1952\/54 para permitir a los pescadores de ambos pa\u00edses a dedicarse a su trabajo en peque\u00f1as embarcaciones que no pose\u00edan mayores instrumentos n\u00e1uticos que les orientaran sobre qu\u00e9 aguas marinas, peruanas o chilenas estaban pescando.<\/div>\n","protected":false},"excerpt":{"rendered":"<p>El congresista peruano e integrante del partido gobernante, Javier Valle Riestra, no dud\u00f3 en calificar como \u201cc\u00ednicas\u201d las recientes declaraciones del Jefe de la Armada Chilena, Edmundo Gonz\u00e1les, quien manifest\u00f3 a la prensa de su pa\u00eds que Chile \u201cno tiene nada que ganar en La Haya\u201d. El tambi\u00e9n reconocido jurista bas\u00f3 sus apreciaciones en que [&hellip;]<\/p>\n","protected":false},"author":1,"featured_media":0,"comment_status":"open","ping_status":"open","sticky":false,"template":"","format":"standard","meta":{"tdm_status":"","tdm_grid_status":"","footnotes":""},"categories":[34],"tags":[],"class_list":{"0":"post-6686","1":"post","2":"type-post","3":"status-publish","4":"format-standard","6":"category-internacionales"},"yoast_head":"<!-- This site is optimized with the Yoast SEO plugin v25.1 - https:\/\/yoast.com\/wordpress\/plugins\/seo\/ -->\n<title>CALIFICAN DE CINICAS DECLARACIONES DE ALMIRANTE CHILENO<\/title>\n<meta name=\"description\" content=\"Portal de noticias del Per\u00fa sobre el transporte a\u00e9reo, aviaci\u00f3n, turismo, hoteleria, actualidad.\" \/>\n<meta name=\"robots\" content=\"index, follow, max-snippet:-1, max-image-preview:large, max-video-preview:-1\" \/>\n<link rel=\"canonical\" href=\"https:\/\/aeronoticias.com.pe\/noticiero\/internacionales\/califican-de-cinicas-declaraciones-de-almirante-chileno\/\" \/>\n<meta property=\"og:locale\" content=\"es_ES\" \/>\n<meta property=\"og:type\" content=\"article\" \/>\n<meta property=\"og:title\" content=\"CALIFICAN DE CINICAS DECLARACIONES DE ALMIRANTE CHILENO\" \/>\n<meta property=\"og:description\" content=\"Portal de noticias del Per\u00fa sobre el transporte a\u00e9reo, aviaci\u00f3n, turismo, hoteleria, actualidad.\" \/>\n<meta property=\"og:url\" content=\"https:\/\/aeronoticias.com.pe\/noticiero\/internacionales\/califican-de-cinicas-declaraciones-de-almirante-chileno\/\" \/>\n<meta property=\"og:site_name\" content=\"Aeronoticias.com.pe\" \/>\n<meta property=\"article:publisher\" content=\"https:\/\/www.facebook.com\/Aeronoticias.com.pe\/\" \/>\n<meta property=\"article:published_time\" content=\"2009-11-10T21:11:07+00:00\" \/>\n<meta name=\"author\" content=\"Redacci\u00f3n Aeronoticias\" \/>\n<meta name=\"twitter:card\" content=\"summary_large_image\" \/>\n<meta name=\"twitter:creator\" content=\"@aeronoticias\" \/>\n<meta name=\"twitter:site\" content=\"@aeronoticias\" \/>\n<meta name=\"twitter:label1\" content=\"Escrito por\" \/>\n\t<meta name=\"twitter:data1\" content=\"Redacci\u00f3n Aeronoticias\" \/>\n\t<meta name=\"twitter:label2\" content=\"Tiempo de lectura\" \/>\n\t<meta name=\"twitter:data2\" content=\"2 minutos\" \/>\n<script type=\"application\/ld+json\" class=\"yoast-schema-graph\">{\"@context\":\"https:\/\/schema.org\",\"@graph\":[{\"@type\":\"WebPage\",\"@id\":\"https:\/\/aeronoticias.com.pe\/noticiero\/internacionales\/califican-de-cinicas-declaraciones-de-almirante-chileno\/\",\"url\":\"https:\/\/aeronoticias.com.pe\/noticiero\/internacionales\/califican-de-cinicas-declaraciones-de-almirante-chileno\/\",\"name\":\"CALIFICAN DE CINICAS DECLARACIONES DE ALMIRANTE CHILENO\",\"isPartOf\":{\"@id\":\"https:\/\/aeronoticias.com.pe\/noticiero\/#website\"},\"datePublished\":\"2009-11-10T21:11:07+00:00\",\"author\":{\"@id\":\"https:\/\/aeronoticias.com.pe\/noticiero\/#\/schema\/person\/fc1e5d578f4b62ba1cf7ac2bba1170a0\"},\"description\":\"Portal de noticias del Per\u00fa sobre el transporte a\u00e9reo, aviaci\u00f3n, turismo, hoteleria, actualidad.\",\"breadcrumb\":{\"@id\":\"https:\/\/aeronoticias.com.pe\/noticiero\/internacionales\/califican-de-cinicas-declaraciones-de-almirante-chileno\/#breadcrumb\"},\"inLanguage\":\"es\",\"potentialAction\":[{\"@type\":\"ReadAction\",\"target\":[\"https:\/\/aeronoticias.com.pe\/noticiero\/internacionales\/califican-de-cinicas-declaraciones-de-almirante-chileno\/\"]}]},{\"@type\":\"BreadcrumbList\",\"@id\":\"https:\/\/aeronoticias.com.pe\/noticiero\/internacionales\/califican-de-cinicas-declaraciones-de-almirante-chileno\/#breadcrumb\",\"itemListElement\":[{\"@type\":\"ListItem\",\"position\":1,\"name\":\"Portada\",\"item\":\"https:\/\/aeronoticias.com.pe\/noticiero\/\"},{\"@type\":\"ListItem\",\"position\":2,\"name\":\"CALIFICAN DE CINICAS DECLARACIONES DE ALMIRANTE CHILENO\"}]},{\"@type\":\"WebSite\",\"@id\":\"https:\/\/aeronoticias.com.pe\/noticiero\/#website\",\"url\":\"https:\/\/aeronoticias.com.pe\/noticiero\/\",\"name\":\"Aeronoticias.com.pe\",\"description\":\"Noticias de tranporte aereo, turismo, hoteles, gastronomia, actualidad, internacional\",\"potentialAction\":[{\"@type\":\"SearchAction\",\"target\":{\"@type\":\"EntryPoint\",\"urlTemplate\":\"https:\/\/aeronoticias.com.pe\/noticiero\/?s={search_term_string}\"},\"query-input\":{\"@type\":\"PropertyValueSpecification\",\"valueRequired\":true,\"valueName\":\"search_term_string\"}}],\"inLanguage\":\"es\"},{\"@type\":\"Person\",\"@id\":\"https:\/\/aeronoticias.com.pe\/noticiero\/#\/schema\/person\/fc1e5d578f4b62ba1cf7ac2bba1170a0\",\"name\":\"Redacci\u00f3n Aeronoticias\",\"url\":\"https:\/\/aeronoticias.com.pe\/noticiero\/author\/piloto\/\"}]}<\/script>\n<!-- \/ Yoast SEO plugin. -->","yoast_head_json":{"title":"CALIFICAN DE CINICAS DECLARACIONES DE ALMIRANTE CHILENO","description":"Portal de noticias del Per\u00fa sobre el transporte a\u00e9reo, aviaci\u00f3n, turismo, hoteleria, actualidad.","robots":{"index":"index","follow":"follow","max-snippet":"max-snippet:-1","max-image-preview":"max-image-preview:large","max-video-preview":"max-video-preview:-1"},"canonical":"https:\/\/aeronoticias.com.pe\/noticiero\/internacionales\/califican-de-cinicas-declaraciones-de-almirante-chileno\/","og_locale":"es_ES","og_type":"article","og_title":"CALIFICAN DE CINICAS DECLARACIONES DE ALMIRANTE CHILENO","og_description":"Portal de noticias del Per\u00fa sobre el transporte a\u00e9reo, aviaci\u00f3n, turismo, hoteleria, actualidad.","og_url":"https:\/\/aeronoticias.com.pe\/noticiero\/internacionales\/califican-de-cinicas-declaraciones-de-almirante-chileno\/","og_site_name":"Aeronoticias.com.pe","article_publisher":"https:\/\/www.facebook.com\/Aeronoticias.com.pe\/","article_published_time":"2009-11-10T21:11:07+00:00","author":"Redacci\u00f3n Aeronoticias","twitter_card":"summary_large_image","twitter_creator":"@aeronoticias","twitter_site":"@aeronoticias","twitter_misc":{"Escrito por":"Redacci\u00f3n Aeronoticias","Tiempo de lectura":"2 minutos"},"schema":{"@context":"https:\/\/schema.org","@graph":[{"@type":"WebPage","@id":"https:\/\/aeronoticias.com.pe\/noticiero\/internacionales\/califican-de-cinicas-declaraciones-de-almirante-chileno\/","url":"https:\/\/aeronoticias.com.pe\/noticiero\/internacionales\/califican-de-cinicas-declaraciones-de-almirante-chileno\/","name":"CALIFICAN DE CINICAS DECLARACIONES DE ALMIRANTE CHILENO","isPartOf":{"@id":"https:\/\/aeronoticias.com.pe\/noticiero\/#website"},"datePublished":"2009-11-10T21:11:07+00:00","author":{"@id":"https:\/\/aeronoticias.com.pe\/noticiero\/#\/schema\/person\/fc1e5d578f4b62ba1cf7ac2bba1170a0"},"description":"Portal de noticias del Per\u00fa sobre el transporte a\u00e9reo, aviaci\u00f3n, turismo, hoteleria, actualidad.","breadcrumb":{"@id":"https:\/\/aeronoticias.com.pe\/noticiero\/internacionales\/califican-de-cinicas-declaraciones-de-almirante-chileno\/#breadcrumb"},"inLanguage":"es","potentialAction":[{"@type":"ReadAction","target":["https:\/\/aeronoticias.com.pe\/noticiero\/internacionales\/califican-de-cinicas-declaraciones-de-almirante-chileno\/"]}]},{"@type":"BreadcrumbList","@id":"https:\/\/aeronoticias.com.pe\/noticiero\/internacionales\/califican-de-cinicas-declaraciones-de-almirante-chileno\/#breadcrumb","itemListElement":[{"@type":"ListItem","position":1,"name":"Portada","item":"https:\/\/aeronoticias.com.pe\/noticiero\/"},{"@type":"ListItem","position":2,"name":"CALIFICAN DE CINICAS DECLARACIONES DE ALMIRANTE CHILENO"}]},{"@type":"WebSite","@id":"https:\/\/aeronoticias.com.pe\/noticiero\/#website","url":"https:\/\/aeronoticias.com.pe\/noticiero\/","name":"Aeronoticias.com.pe","description":"Noticias de tranporte aereo, turismo, hoteles, gastronomia, actualidad, internacional","potentialAction":[{"@type":"SearchAction","target":{"@type":"EntryPoint","urlTemplate":"https:\/\/aeronoticias.com.pe\/noticiero\/?s={search_term_string}"},"query-input":{"@type":"PropertyValueSpecification","valueRequired":true,"valueName":"search_term_string"}}],"inLanguage":"es"},{"@type":"Person","@id":"https:\/\/aeronoticias.com.pe\/noticiero\/#\/schema\/person\/fc1e5d578f4b62ba1cf7ac2bba1170a0","name":"Redacci\u00f3n Aeronoticias","url":"https:\/\/aeronoticias.com.pe\/noticiero\/author\/piloto\/"}]}},"_links":{"self":[{"href":"https:\/\/aeronoticias.com.pe\/noticiero\/wp-json\/wp\/v2\/posts\/6686","targetHints":{"allow":["GET"]}}],"collection":[{"href":"https:\/\/aeronoticias.com.pe\/noticiero\/wp-json\/wp\/v2\/posts"}],"about":[{"href":"https:\/\/aeronoticias.com.pe\/noticiero\/wp-json\/wp\/v2\/types\/post"}],"author":[{"embeddable":true,"href":"https:\/\/aeronoticias.com.pe\/noticiero\/wp-json\/wp\/v2\/users\/1"}],"replies":[{"embeddable":true,"href":"https:\/\/aeronoticias.com.pe\/noticiero\/wp-json\/wp\/v2\/comments?post=6686"}],"version-history":[{"count":0,"href":"https:\/\/aeronoticias.com.pe\/noticiero\/wp-json\/wp\/v2\/posts\/6686\/revisions"}],"wp:attachment":[{"href":"https:\/\/aeronoticias.com.pe\/noticiero\/wp-json\/wp\/v2\/media?parent=6686"}],"wp:term":[{"taxonomy":"category","embeddable":true,"href":"https:\/\/aeronoticias.com.pe\/noticiero\/wp-json\/wp\/v2\/categories?post=6686"},{"taxonomy":"post_tag","embeddable":true,"href":"https:\/\/aeronoticias.com.pe\/noticiero\/wp-json\/wp\/v2\/tags?post=6686"}],"curies":[{"name":"wp","href":"https:\/\/api.w.org\/{rel}","templated":true}]}}