{"id":66872,"date":"2020-11-26T08:22:27","date_gmt":"2020-11-26T13:22:27","guid":{"rendered":"https:\/\/aeronoticias.com.pe\/noticiero\/?p=66872"},"modified":"2020-11-26T10:31:24","modified_gmt":"2020-11-26T15:31:24","slug":"diario-chileno-se-suma-a-desesperados-defensores-de-latam-ante-avance-de-proyecto-de-linea-de-bandera-del-peru","status":"publish","type":"post","link":"https:\/\/aeronoticias.com.pe\/noticiero\/nacionales\/diario-chileno-se-suma-a-desesperados-defensores-de-latam-ante-avance-de-proyecto-de-linea-de-bandera-del-peru\/","title":{"rendered":"Diario chileno se suma a desesperados defensores de LATAM ante avance de proyecto de L\u00ednea de Bandera del Per\u00fa"},"content":{"rendered":"\n<p><strong>(Aeronoticias)<\/strong> En el Per\u00fa, existe un consenso respecto al Derecho soberano de la ciudadan\u00eda a tener una L\u00ednea A\u00e9rea de Bandera de bajo costo que compita con el cuasi monopolio de LATAM, para que crezca el mercado y se desarrolle m\u00e1s competitividad y baja en los pasajes a\u00e9reos en beneficio de los consumidores y en las \u00faltimas semanas, todos los lobbies chilenos para impedir que la Comisi\u00f3n de Transportes del Congreso de la Rep\u00fablica del Per\u00fa no prospere el Proyecto de la L\u00ednea A\u00e9rea de Bandera, habr\u00edan fracasado, sus promotores desde los sectores privados como Comex, complotaron para traicionar al Per\u00fa y sigue adelante el proyecto de creaci\u00f3n de L\u00ednea de Bandera de bajo costo del Per\u00fa, los chilenos de LATAM buscan defensores en gremios empresariales donde LATAM es parte, como la CONFIEP o la AETAI y hasta sus contactos con Comex, han merecido la sonrisa de muchos sectores. Ahora recurren hasta un diario chileno, que les hace coro para perjudicar los intereses peruanos y favorecer a Chile que quiere que el Per\u00fa siga siendo su Colonia aerocomercial y que los 10 mil millones de d\u00f3lares que produce el espacio a\u00e9reo peruano siga ingresando a la econom\u00eda de Chile y no a la del Per\u00fa, dentro de un contexto en que desde que LAN opera en el Per\u00fa no tiene una sola aeronave de nacionalidad y matr\u00edcula peruana, no han invertido en el Per\u00fa y hasta la fecha la Direcci\u00f3n General de Aeron\u00e1utica Civil del Ministerio de Transportes no exhibe las 112 P\u00f3lizas de Internamiento Temporal con un valor declarado de 5 mil millones de d\u00f3lares que debieron tramitar ante la Aduana en el 2016, adem\u00e1s de las Cartas Fianzas por unos 800 millones de d\u00f3lares, de conformidad a las normas vigentes que si cumplen todos sus competidores, en este caso las empresas de aviaci\u00f3n peruanas que tienen inclusive capital extranjero.<\/p>\n\n\n\n<p>Publicamos la Carta Notarial de la Asociaci\u00f3n Peruana de Empresas A\u00e9reas (APEA), que le exige a AETAI gremio de LATAM, que exiban las P\u00f3lizas de Internamiento Temporal y las Cartas Fianzas de 112 aeronaves chilenas de LATAM cuya parte pertinente dice lo siguiente:<\/p>\n\n\n\n<p><em>\u00abSu representada, AETAI-IATA Per\u00fa que integra LATAM y defienden los intereses privados de LATAM que se oponen al Proyecto de Ley y al Dictamen 6153-2020-CR\u00bb.<\/em><\/p>\n\n\n\n<p><em>\u00abAqu\u00ed en el Per\u00fa LATAM tiene la posibilidad de registrar en la DGAC 112 aeronaves de matr\u00edcula chilena, sin embargo nos gustar\u00eda conocer si nuestras autoridades le exigieron las 112 P\u00f3lizas de internamiento temporal porque en el caso de mi representada Peruvian Airlines que operaba con aeronaves de nacionalidad y matr\u00edcula peruana nadie investiga nada, porque aqu\u00ed en el Per\u00fa los intereses de LATAM reinan y gobiernan todo lo que sucede en el espacio a\u00e9reo peruano; inclusive, tienen entre otros privilegios la suerte de poder registrar en la DGAC 112 aeronaves de nacionalidad y matr\u00edcula chilena y no exhibir (quisi\u00e9ramos que lo hagan) las 112 P\u00f3lizas de Internamiento Temporal y digo esto, porque a Peruvian Airlines le cuestionaron la valorizaci\u00f3n de una Sola P\u00f3liza de Internamiento Temporal y le cerraron las operaciones, le quebraron la empresa y procesaron penalmente a su Gerente General, y su 22% de mercado \u00bfqui\u00e9n se lo qued\u00f3?, pues LATAM, pero claro en el Per\u00fa estos hechos no se investigan, ni fiscalizan por razones que desconocemos, mientras en el caso de Peruvian m\u00e1s de 700 familias peruanas sufren por haberse quedado sin sus puestos de trabajo y si a ello le agregamos las 900 familias peruanas que se quedaron sin sus puestos de trabajo en Avianca Per\u00fa, nos damos cuenta que dentro del Estado, en los \u00faltimos 20 a\u00f1os han gobernado il\u00edcitamente los destinos del pa\u00eds, prueba de ello es que se permiti\u00f3 que se firmen actos administrativos disfrazados de Convenios Bilaterales, violando el Art. 56 y 57 e la Constituci\u00f3n, y claro, el Predictamen del Proyecto de Ley 6153-2020 los ponen al descubierto en la p\u00e1gina 14 y 15, cuando dice:\u00bb<\/em><\/p>\n\n\n\n<p><em>Art\u00edculo 5.- Soberan\u00eda: El Estado peruano ejerce soberan\u00eda completa y exclusiva sobre el espacio a\u00e9reo que cubre su territorio y mar adyacente, hasta el l\u00edmite de 200 (doscientas) millas, de conformidad con la Constituci\u00f3n Pol\u00edtica del Per\u00fa; en consecuencia, los tratados aprobados por el Congreso de la Rep\u00fablica o celebrados por el Presidente de la Rep\u00fablica de conformidad al Art. 560 y 570 de la Constituci\u00f3n o las actas o memorandas provisionales entre autoridades de Aeron\u00e1utica Civil firmadas por la DGAC, de conformidad al Art. 82 de la Ley de Aeron\u00e1utica Civil del Per\u00fa, que para entrar en vigencia requieren de la ratificaci\u00f3n del Ministro de Transportes y Comunicaciones ydel cumplimiento de dichos art\u00edculos de la Constituci\u00f3n , deben intercambiar derechos aerocomerciales gobernados por el principio de la reciprocidad real y efectiva, con los pa\u00edses del mundo, de conformidad al Art. 98 de la Ley 27261.<\/em><\/p>\n\n\n\n<p><em>A partir de la vigencia de esta Ley quedan sin efecto las Resoluciones Administrativas del Ministerio de Transportes y Comunicaciones (MTC) que ratificaron las actas o memorandas de entendimiento firmadas entre las autoridades de Aeron\u00e1utica Civil del Per\u00fa con Chile del 22 de marzo del 2007 aprobada por Resoluci\u00f3n Ministerial 147-2007-MTC 02 del 23 de Marzo del 2007 y del 7 de Abril del 2011 aprobada por Resoluci\u00f3n Ministerial N\u00ba 412-2011-MTC\/02 en donde por acto administrativo se otorgaron sin reciprocidad real y efectiva segmentos de quinta libertad a este pa\u00eds , asimismo, queda sin efecto el acta o memoranda de entendimiento firmada por el Director General de Aeron\u00e1utica Civil del Per\u00fa del 17 de Julio de 2019 con Colombia en donde se le entregan quintas libertades a este pa\u00eds, sin reciprocidad real y efectiva<\/em><\/p>\n\n\n\n<p>Fuente: <a href=\"https:\/\/www.connuestroperu.com\/economia\/aviacion\/67644-diario-chileno-se-suma-a-desesperados-defensores-de-latam-ante-avance-de-proyecto-de-linea-de-bandera-del-peru?fbclid=IwAR314PDMehXrWeAGAJWJ_RICgZwYr7rlZv_B6GtHrQdyO8dShZb1TDeZ12I\" target=\"_blank\" rel=\"noreferrer noopener\">Con nuestro Per\u00fa <\/a><\/p>\n\n\n\n<p><a href=\"https:\/\/aeronoticias.com.pe\/noticiero\/wp-content\/uploads\/2020\/11\/CARTA-NOTARIAL-AETAI-23NOV20.pdf\" target=\"_blank\" rel=\"noreferrer noopener\">VER CARTA NOTARIAL DE LA APEA A LA AETAI<\/a><\/p>\n\n\n\n<p><a href=\"https:\/\/aeronoticias.com.pe\/noticiero\/diario-financiero32-de-chile-defendiendo-a-latam-critica-al-congreso-peruano-interviniendo-en-los-asuntos-internos-del-peru\/\" target=\"_blank\" rel=\"noreferrer noopener\">Diario Financiero de Chile, defendiendo a LATAM, critica al Congreso peruano interviniendo en los asuntos internos del Per\u00fa<\/a><\/p>\n\n\n\n<p><a href=\"https:\/\/aeronoticias.com.pe\/noticiero\/diario-gestion-en-defensa-de-latam-distorsiona-la-verdad-oponiendose-a-la-linea-aerea-de-bandera-de-bajo-costo-del-peru\/\" target=\"_blank\" rel=\"noreferrer noopener\">Diario Gesti\u00f3n en defensa de LATAM distorsiona la verdad oponi\u00e9ndose a la L\u00ednea A\u00e9rea de Bandera de bajo costo del Per\u00fa<\/a><\/p>\n\n\n\n<p><a href=\"https:\/\/aeronoticias.com.pe\/noticiero\/comex-defendiendo-a-latam-se-opone-al-proyecto-de-ley-de-la-linea-aerea-de-bandera-de-bajo-costo-del-peru\/\" target=\"_blank\" rel=\"noreferrer noopener\">Comex, defendiendo a LATAM, se opone al Proyecto de Ley de la L\u00ednea A\u00e9rea de Bandera de bajo costo del Per\u00fa<\/a><\/p>\n\n\n\n<p><a href=\"https:\/\/aeronoticias.com.pe\/noticiero\/apea-emplaza-a-aetai-latam-por-pretender-intervenir-en-asuntos-internos-del-peru-oponiendose-a-la-linea-aerea-de-bandera\/\" target=\"_blank\" rel=\"noreferrer noopener\">APEA emplaza a AETAI-LATAM por pretender intervenir en asuntos internos del Per\u00fa oponi\u00e9ndose a la L\u00ednea A\u00e9rea de Bandera<\/a><\/p>\n\n\n\n<p><a href=\"https:\/\/aeronoticias.com.pe\/noticiero\/latam-aetai-se-oponen-a-que-el-peru-apruebe-el-proyecto-de-ley-6153-2020-que-crea-la-linea-aerea-de-bandera-de-bajo-costo-del-peru\/\" target=\"_blank\" rel=\"noreferrer noopener\">LATAM-AETAI se oponen a que el Per\u00fa apruebe el Proyecto de Ley 6153-2020 que crea la L\u00ednea A\u00e9rea de Bandera de bajo costo del Per\u00fa<\/a><\/p>\n\n\n\n<p><a href=\"https:\/\/www.connuestroperu.com\/economia\/aviacion\/67624-la-apea-pide-al-congreso-investigar-si-latam-cumplio-con-entregar-carta-fianza-por-112-aviones-y-envia-carta-notarial-a-la-aetai-por-usar-su-nombre-para-sorprender-al-legislativo\" target=\"_blank\" rel=\"noreferrer noopener\">La APEA pide al Congreso investigar si LATAM cumpli\u00f3 con entregar carta fianza por 112 aviones y env\u00eda carta notarial a la AETAI por usar su nombre para sorprender al Legislativo<\/a><\/p>\n\n\n\n<p><a href=\"https:\/\/www.facebook.com\/CongresoPeru\/videos\/414341229739808\" target=\"_blank\" rel=\"noreferrer noopener\">VER SETIMA SESION EXTRAORDINARIA VIRTUAL DE LA COMISION DE TRANSPORTES DEL CONGRESO DE LA REPUBLICA.<\/a><\/p>\n\n\n\n<p><a href=\"https:\/\/aeronoticias.com.pe\/noticiero\/wp-content\/uploads\/2020\/11\/1.1.-2772-553340-20201117143020-4091-1.pdf\" target=\"_blank\" rel=\"noreferrer noopener\">VER INFORME LEGAL DEL JURISTA CESAR LANDA ARROYO A LA APEA, CON DIRECCION AV. JOSE PARDO 513, MIRAFLORES (DIRECCION DE LATAM), QUE LA APEA NUNCA LA RECIBIO NI PAGO HONORARIO ALGUNO Y AHORA ESTA CARTA LA PRESENTA AL CONGRESO<\/a><\/p>\n\n\n\n<p><a href=\"https:\/\/aeronoticias.com.pe\/noticiero\/wp-content\/uploads\/2020\/11\/1.-CARTA-0116-AETAI-PL-6153-2772-RU-553340-20201117142949-4110.pdf\" target=\"_blank\" rel=\"noreferrer noopener\">VER CARTA AETAI DEL 16\/11\/20 AL CONGRESISTA LUIS CARLOS SIMEON HURTADO, PRESIDENTE DE LA COMISION DE TRANSPORTES DEL CONGRESO DE LA REPUBLICA<\/a><\/p>\n\n\n\n<p><a href=\"https:\/\/aeronoticias.com.pe\/noticiero\/wp-content\/uploads\/2020\/11\/Carta-PRE-154-Pdte-Comisi%C3%B3n-de-Transportes-Opini%C3%B3n-PL-6153-LAPERU-16.11.2026616-1.pdf\" target=\"_blank\" rel=\"noreferrer noopener\">VER CARTA DE CONFIEP PRE-154\/2020 DE OPOSICION AL PROYECTO DE LEY QUE CREA LA LINEA AEREA DE BANDERA DEL PERU<\/a><\/p>\n\n\n\n<p><a href=\"https:\/\/www.youtube.com\/watch?v=RDpvgLBmnGo&amp;feature=emb_title\" target=\"_blank\" rel=\"noreferrer noopener\">RBC entrevista a Juli\u00e1n Palac\u00edn sobre la linea a\u00e9rea de bandera para el Per\u00fa<\/a><\/p>\n\n\n\n<p><a href=\"https:\/\/www.youtube.com\/watch?v=Ug1n1AzuC9I&amp;feature=emb_title\" target=\"_blank\" rel=\"noreferrer noopener\">Exposici\u00f3n de Julian Palacin en la Comisi\u00f3n de Convenios A\u00e9reos del Congreso 2015<\/a><\/p>\n\n\n\n<p><a href=\"https:\/\/www.youtube.com\/watch?v=MMhxE1BHcSE&amp;feature=emb_title\" target=\"_blank\" rel=\"noreferrer noopener\">Conferencia en la Academia Diplom\u00e1tica del Per\u00fa sobre la aerol\u00ednea de bandera (12\/12\/12)<\/a><\/p>\n\n\n\n<p><a href=\"https:\/\/www.youtube.com\/watch?v=sfcJq2xKPe8&amp;feature=emb_title\" target=\"_blank\" rel=\"noreferrer noopener\">Conferencia de Julian Palacin sobre Soberan\u00eda y Geopol\u00edtica en el grupo Basadre<\/a><br><br><a href=\"https:\/\/es.scribd.com\/doc\/192155127\/Linea-Aerea-de-Bandera\" target=\"_blank\" rel=\"noreferrer noopener\">LIBRO LINEA AEREA DE BANDERA DE BAJO COSTO<\/a><\/p>\n\n\n\n<p><a href=\"https:\/\/aeronoticias.com.pe\/noticiero\/renace-el-proyecto-de-la-linea-aerea-de-bandera-del-peru\/\" target=\"_blank\" rel=\"noreferrer noopener\">\u00bfRenace el Proyecto de la L\u00ednea A\u00e9rea de Bandera del Per\u00fa?<\/a><\/p>\n\n\n\n<p><a href=\"https:\/\/aeronoticias.com.pe\/noticiero\/comision-de-transportes-del-congreso-debate-proyecto-de-la-linea-aerea-de-bandera-del-peru-2\/\" target=\"_blank\" rel=\"noreferrer noopener\">Comisi\u00f3n de Transportes del Congreso debate Proyecto de la L\u00ednea A\u00e9rea de Bandera del Per\u00fa<\/a><\/p>\n\n\n\n<p><a href=\"https:\/\/aeronoticias.com.pe\/noticiero\/comision-de-transportes-del-congreso-postergo-debate-del-proyecto-de-ley-de-la-linea-aerea-de-bandera-del-peru\/\" target=\"_blank\" rel=\"noreferrer noopener\">Comisi\u00f3n de Transportes del Congreso posterg\u00f3 debate del Proyecto de Ley de la L\u00ednea A\u00e9rea de Bandera del Per\u00fa<\/a><\/p>\n\n\n\n<p><a href=\"https:\/\/aeronoticias.com.pe\/noticiero\/comision-de-transportes-del-congreso-debate-proyecto-de-la-linea-aerea-de-bandera-del-peru-2\/\" target=\"_blank\" rel=\"noreferrer noopener\">Comisi\u00f3n de Transportes del Congreso debate hoy Proyecto de la L\u00ednea A\u00e9rea de Bandera del Per\u00fa<\/a><\/p>\n\n\n\n<p><a href=\"https:\/\/aeronoticias.com.pe\/noticiero\/por-debate-presidencial-comision-de-transportes-suspende-tratamiento-de-proyecto-de-ley-de-linea-aerea-de-bandera\/\" target=\"_blank\" rel=\"noreferrer noopener\">Por debate Presidencial, Comisi\u00f3n de Transportes suspende tratamiento de Proyecto de Ley de L\u00ednea A\u00e9rea de Bandera<\/a><\/p>\n\n\n\n<p><a href=\"https:\/\/aeronoticias.com.pe\/noticiero\/julian-palacin-emplaza-a-latam-legal-ltd-que-se-opone-a-la-linea-aerea-de-bandera-del-peru\/\" target=\"_blank\" rel=\"noreferrer noopener\">Juli\u00e1n Palacin emplaza a LATAM LEGAL LTD, que se opone a la L\u00ednea A\u00e9rea de Bandera del Per\u00fa<\/a><\/p>\n\n\n\n<p><a href=\"https:\/\/aeronoticias.com.pe\/noticiero\/desacreditan-al-peru-por-proyecto-de-ley-de-linea-aerea-de-bandera\/?fbclid=IwAR13zEnnP1LIk6wLhFpqxwhqVO8KqhlhMZVQswmxkHutElrQyu-7SJcphU8\" target=\"_blank\" rel=\"noreferrer noopener\">Desacreditan al Per\u00fa por Proyecto de Ley de L\u00ednea A\u00e9rea de Bandera<\/a><\/p>\n\n\n\n<p><a href=\"https:\/\/aeronoticias.com.pe\/noticiero\/lexlatin-propiedad-de-latam-legal-ltd-no-le-informa-a-sus-lectores-que-sus-entrevistados-serian-abogados-de-latam\/\" target=\"_blank\" rel=\"noreferrer noopener\">Lexlatin, propiedad de LATAM LEGAL LTD., no le informa a sus lectores que sus entrevistados ser\u00edan abogados de LATAM<\/a><\/p>\n\n\n\n<p><a href=\"https:\/\/aeronoticias.com.pe\/noticiero\/comision-de-transportes-del-congreso-debate-este-martes-29-el-proyecto-de-la-linea-aerea-de-bandera-del-peru\/\" target=\"_blank\" rel=\"noreferrer noopener\">Comisi\u00f3n de Transportes del Congreso debate hoy el Proyecto de la L\u00ednea A\u00e9rea de Bandera del Per\u00fa<\/a><\/p>\n\n\n\n<p><a href=\"https:\/\/aeronoticias.com.pe\/noticiero\/comision-de-transportes-del-congreso-del-peru-vio-proyecto-de-ley-de-la-linea-aerea-de-bandera\/\" target=\"_blank\" rel=\"noreferrer noopener\">Comisi\u00f3n de Transportes del Congreso del Per\u00fa vio Proyecto de Ley de la L\u00ednea A\u00e9rea de Bandera<\/a><\/p>\n\n\n\n<p><a href=\"https:\/\/aeronoticias.com.pe\/noticiero\/continua-el-debate-sobre-la-linea-aerea-de-bandera-del-peru-en-el-congreso-de-la-republica\/\" target=\"_blank\" rel=\"noreferrer noopener\">Contin\u00faa el debate sobre la L\u00ednea A\u00e9rea de Bandera del Per\u00fa en el Congreso de la Rep\u00fablica<\/a><\/p>\n\n\n\n<p><a href=\"https:\/\/aeronoticias.com.pe\/noticiero\/gilmer-aliaga-zegarra-los-peruanos-tenemos-que-entender-los-beneficios-de-contar-con-una-linea-aerea-de-bandera-de-capital-publico-privada\/\" target=\"_blank\" rel=\"noreferrer noopener\">Gilmer Aliaga Zegarra: \u00abLos peruanos tenemos que entender los beneficios de contar con una L\u00ednea A\u00e9rea de Bandera de capital p\u00fablico-privada\u00bb<\/a><\/p>\n\n\n\n<p><a href=\"https:\/\/aeronoticias.com.pe\/noticiero\/alfredo-gallegos-estoy-de-acuerdo-que-existe-conveniencia-publica-para-que-el-peru-tenga-una-linea-aerea-de-bandera\/\" target=\"_blank\" rel=\"noreferrer noopener\">Alfredo Gallegos: \u201cEstoy de acuerdo que existe conveniencia p\u00fablica para que el Per\u00fa tenga una L\u00ednea A\u00e9rea de Bandera\u201d<\/a><\/p>\n\n\n\n<p><a href=\"https:\/\/aeronoticias.com.pe\/noticiero\/julian-palacin-la-constitucion-politica-respalda-el-derecho-del-peru-a-tener-una-linea-aerea-de-bandera-con-capital-publico-privado\/\" target=\"_blank\" rel=\"noreferrer noopener\">Juli\u00e1n Palacin: \u00abLa Constituci\u00f3n Pol\u00edtica respalda el derecho del Per\u00fa a tener una L\u00ednea A\u00e9rea de Bandera con capital p\u00fablico-privado<\/a><\/p>\n\n\n\n<p><a href=\"https:\/\/aeronoticias.com.pe\/noticiero\/crece-el-interes-de-inversionistas-privados-por-invertir-en-la-linea-de-bandera-low-cost-del-peru\/\" target=\"_blank\" rel=\"noreferrer noopener\">Crece el inter\u00e9s de capitales privados por invertir en la L\u00ednea A\u00e9rea de Bandera Low-Cost<\/a><\/p>\n\n\n\n<p><a href=\"https:\/\/aeronoticias.com.pe\/noticiero\/low-cost-del-peru-abriria-mercado-aereo-a-15-millones-de-pasajeros-de-transporte-terreste\/\" target=\"_blank\" rel=\"noreferrer noopener\">Low-Cost del Per\u00fa abrir\u00eda mercado a\u00e9reo a 15 millones de pasajeros de transporte terrestre<\/a><\/p>\n\n\n\n<p><a href=\"https:\/\/aeronoticias.com.pe\/noticiero\/julian-palacin-proyecto-de-ley-de-linea-aerea-de-bandera-cumple-con-el-principio-de-subsidiariedad-constitucional\/\" target=\"_blank\" rel=\"noreferrer noopener\">Juli\u00e1n Palacin: \u201cProyecto de Ley de L\u00ednea A\u00e9rea de Bandera cumple con el principio de subsidiariedad constitucional<\/a><\/p>\n\n\n\n<p><a href=\"https:\/\/aeronoticias.com.pe\/noticiero\/linea-aerea-de-bandera-del-peru-sera-manejada-por-capitales-privadas\/\" target=\"_blank\" rel=\"noreferrer noopener\">L\u00ednea A\u00e9rea de Bandera del Per\u00fa ser\u00e1 manejada por capitales privados<\/a><\/p>\n\n\n\n<p><a href=\"https:\/\/aeronoticias.com.pe\/noticiero\/defensores-del-dominio-aereo-chileno-en-el-espacio-aereo-peruano-fijan-su-posicion-en-el-diario-peru-21\/\" target=\"_blank\" rel=\"noreferrer noopener\">Defensores del dominio a\u00e9reo chileno en el espacio a\u00e9reo peruano fijan su posici\u00f3n en el Diario Per\u00fa 21<\/a><\/p>\n\n\n\n<p><a href=\"https:\/\/aeronoticias.com.pe\/noticiero\/en-homenaje-al-congresista-luis-carlos-simeon-hurtado-la-linea-aerea-de-bandera-alperu-haria-su-primer-vuelo-al-aerodromo-de-vicco-en-pasco\/\" target=\"_blank\" rel=\"noreferrer noopener\">En homenaje al Congresista Luis Carlos Sime\u00f3n Hurtado, la L\u00ednea A\u00e9rea de Bandera \u201cALPERU\u201d har\u00eda su primer vuelo al aer\u00f3dromo de Vicco, en Pasco<\/a><\/p>\n\n\n\n<p><a href=\"https:\/\/aeronoticias.com.pe\/noticiero\/linea-aerea-de-bandera-del-peru-operaria-desde-el-aerodromo-low-cost-de-las-palmas-en-surco\/\" target=\"_blank\" rel=\"noreferrer noopener\">L\u00ednea A\u00e9rea de Bandera del Per\u00fa operar\u00eda desde el Aer\u00f3dromo low-cost de Las Palmas, en Surco<\/a><\/p>\n\n\n\n<p><a href=\"https:\/\/aeronoticias.com.pe\/noticiero\/julian-palacin-debemos-pensar-en-el-aeropuerto-internacional-low-cost-de-la-isla-san-lorenzo-para-beneficiar-al-callao\/\" target=\"_blank\" rel=\"noreferrer noopener\">Juli\u00e1n Palacin: \u201cDebemos pensar en el Aeropuerto Internacional Low Cost de la Isla San Lorenzo para beneficiar al Callao\u201d<\/a><\/p>\n\n\n\n<p><a href=\"https:\/\/aeronoticias.com.pe\/noticiero\/linea-aerea-de-bandera-del-peru-no-tendra-inversion-publica-ni-irrogara-gasto-al-estado\/\" target=\"_blank\" rel=\"noreferrer noopener\">L\u00ednea A\u00e9rea de Bandera del Per\u00fa no tendr\u00e1 inversi\u00f3n p\u00fablica ni irrogar\u00e1 gasto al Estado<\/a><\/p>\n\n\n\n<p><a href=\"https:\/\/aeronoticias.com.pe\/noticiero\/mtc-no-da-pronunciamiento-a-la-carta-de-lap\/\" target=\"_blank\" rel=\"noreferrer noopener\">MTC no da pronunciamiento a la carta de LAP<\/a><\/p>\n\n\n\n<p><a href=\"https:\/\/aeronoticias.com.pe\/noticiero\/comision-de-transportes-del-congreso-ve-el-dictamen-final-de-la-linea-aerea-de-bandera-del-peru\/\" target=\"_blank\" rel=\"noreferrer noopener\">Comisi\u00f3n de Transportes del Congreso ve el Dictamen final de la L\u00ednea A\u00e9rea de Bandera del Per\u00fa<\/a><\/p>\n\n\n\n<p><a href=\"https:\/\/aeronoticias.com.pe\/noticiero\/linea-aerea-de-bandera-del-peru-sin-inversion-publica-tiene-interes-geopolitico-y-de-defensa-nacional-del-peru\/\" target=\"_blank\" rel=\"noreferrer noopener\">L\u00ednea A\u00e9rea de Bandera del Per\u00fa sin inversi\u00f3n p\u00fablica tiene inter\u00e9s geopol\u00edtico y de defensa nacional del Per\u00fa<\/a><\/p>\n\n\n\n<p><a href=\"https:\/\/aeronoticias.com.pe\/noticiero\/instituto-peruano-de-derecho-aereo-ipda-desarrollo-doctrina-geopolitica-del-peru-en-la-utilizacion-del-espacio-aereo\/\" target=\"_blank\" rel=\"noreferrer noopener\">Instituto Peruano de Derecho A\u00e9reo (IPDA) desarroll\u00f3 Doctrina Geopol\u00edtica del Per\u00fa en la utilizaci\u00f3n del espacio a\u00e9reo<\/a><\/p>\n\n\n\n<p><a href=\"https:\/\/aeronoticias.com.pe\/noticiero\/confiep-en-defensa-del-cuasimonopolio-aereo-chileno-se-opone-a-la-linea-aerea-de-bandera-del-peru\/?fbclid=IwAR3Ewe9Bg0BKfH-f92mqAuEKFGDmsdd4CdiaYWdo4lc_6GoEIwcZDqgCbO4\" target=\"_blank\" rel=\"noreferrer noopener\">CONFIEP en defensa del cuasimonopolio a\u00e9reo chileno, se opone a la L\u00ednea A\u00e9rea de Bandera del Per\u00fa<\/a><\/p>\n\n\n\n<p><a href=\"https:\/\/aeronoticias.com.pe\/noticiero\/aetai-presento-informe-contra-la-linea-aerea-de-bandera-que-el-presidente-de-apea-nunca-gestiono-que-tiene-que-ver-latam-en-todo-esto\/\" target=\"_blank\" rel=\"noreferrer noopener\">AETAI present\u00f3 Informe contra la L\u00ednea A\u00e9rea de Bandera, que el Presidente de APEA nunca gestion\u00f3 \u2026. \u00bfqu\u00e9 tiene que ver LATAM en todo esto?<\/a><\/p>\n\n\n\n<p><a href=\"https:\/\/aeronoticias.com.pe\/noticiero\/peruvian-airilines-desaparecio-porque-el-peru-nunca-le-otorgo-rutas-aereas-a-estados-unidos-y-a-otros-mercado-rentables-del-mundo\/\" target=\"_blank\" rel=\"noreferrer noopener\">Peruvian Airilines desapareci\u00f3 porque el Per\u00fa nunca le otorg\u00f3 rutas a\u00e9reas a Estados Unidos y a otros mercados rentables del mundo<\/a><\/p>\n\n\n\n<p><a href=\"https:\/\/aeronoticias.com.pe\/noticiero\/comision-de-transportes-del-congreso-de-la-republica-ve-hoy-predictamen-final-de-la-linea-aerea-de-bandera-de-bajo-costo\/\" target=\"_blank\" rel=\"noreferrer noopener\">Comisi\u00f3n de Transportes del Congreso de la Rep\u00fablica ve hoy Predictamen final de la L\u00ednea A\u00e9rea de Bandera de bajo costo<\/a><\/p>\n\n\n\n<p><a href=\"https:\/\/aeronoticias.com.pe\/noticiero\/comision-de-transportes-del-congreso-de-la-republica-realizo-el-primer-debate-del-predictamen-final-de-la-linea-aerea-de-bandera-de-bajo-costo\/\" target=\"_blank\" rel=\"noreferrer noopener\">Comisi\u00f3n de Transportes del Congreso de la Rep\u00fablica realiz\u00f3 el primer Debate del Predictamen final de la L\u00ednea A\u00e9rea de Bandera de bajo costo<\/a><\/p>\n\n\n\n<p><a href=\"https:\/\/aeronoticias.com.pe\/noticiero\/congresista-de-fuerza-popular-fp-martires-lizana-santos-impidio-que-se-vote-el-proyecto-6153-2020-cr-que-crea-la-linea-aerea-de-bandera-de-bajo-costo-del-peru\/\" target=\"_blank\" rel=\"noreferrer noopener\">Congresista de Fuerza Popular (FP) M\u00e1rtires Lizana Santos, impidi\u00f3 que se vote el Proyecto 6153-2020-CR que crea la L\u00ednea A\u00e9rea de Bandera de bajo costo del Per\u00fa<\/a><\/p>\n","protected":false},"excerpt":{"rendered":"<p>(Aeronoticias) En el Per\u00fa, existe un consenso respecto al Derecho soberano de la ciudadan\u00eda a tener una L\u00ednea A\u00e9rea de Bandera de bajo costo que compita con el cuasi monopolio de LATAM, para que crezca el mercado y se desarrolle m\u00e1s competitividad y baja en los pasajes a\u00e9reos en beneficio de los consumidores y en [&hellip;]<\/p>\n","protected":false},"author":3,"featured_media":66875,"comment_status":"open","ping_status":"open","sticky":false,"template":"","format":"standard","meta":{"tdm_status":"","tdm_grid_status":"","footnotes":""},"categories":[38,36],"tags":[],"class_list":{"0":"post-66872","1":"post","2":"type-post","3":"status-publish","4":"format-standard","5":"has-post-thumbnail","7":"category-nacionales","8":"category-politica"},"yoast_head":"<!-- This site is optimized with the Yoast SEO plugin v25.1 - https:\/\/yoast.com\/wordpress\/plugins\/seo\/ -->\n<title>Diario chileno se suma a desesperados defensores de LATAM ante avance de proyecto de L\u00ednea de Bandera del Per\u00fa<\/title>\n<meta name=\"description\" content=\"El prestigioso diario digital Connuestroperu.com editorializa que no prosperaron los lobbies para traicionar al Per\u00fa y sigue adelante el proyecto de creaci\u00f3n de L\u00ednea de Bandera de bajo costo del Per\u00fa.\" \/>\n<meta name=\"robots\" content=\"index, follow, max-snippet:-1, max-image-preview:large, max-video-preview:-1\" \/>\n<link rel=\"canonical\" href=\"https:\/\/aeronoticias.com.pe\/noticiero\/nacionales\/diario-chileno-se-suma-a-desesperados-defensores-de-latam-ante-avance-de-proyecto-de-linea-de-bandera-del-peru\/\" \/>\n<meta property=\"og:locale\" content=\"es_ES\" \/>\n<meta property=\"og:type\" content=\"article\" \/>\n<meta property=\"og:title\" content=\"Diario chileno se suma a desesperados defensores de LATAM ante avance de proyecto de L\u00ednea de Bandera del Per\u00fa\" \/>\n<meta property=\"og:description\" content=\"El prestigioso diario digital Connuestroperu.com editorializa que no prosperaron los lobbies para traicionar al Per\u00fa y sigue adelante el proyecto de creaci\u00f3n de L\u00ednea de Bandera de bajo costo del Per\u00fa.\" \/>\n<meta property=\"og:url\" content=\"https:\/\/aeronoticias.com.pe\/noticiero\/nacionales\/diario-chileno-se-suma-a-desesperados-defensores-de-latam-ante-avance-de-proyecto-de-linea-de-bandera-del-peru\/\" \/>\n<meta property=\"og:site_name\" content=\"Aeronoticias.com.pe\" \/>\n<meta property=\"article:publisher\" content=\"https:\/\/www.facebook.com\/Aeronoticias.com.pe\/\" \/>\n<meta property=\"article:published_time\" content=\"2020-11-26T13:22:27+00:00\" \/>\n<meta property=\"article:modified_time\" content=\"2020-11-26T15:31:24+00:00\" \/>\n<meta property=\"og:image\" content=\"https:\/\/aeronoticias.com.pe\/noticiero\/wp-content\/uploads\/2020\/11\/latam_triste.jpg\" \/>\n\t<meta property=\"og:image:width\" content=\"319\" \/>\n\t<meta property=\"og:image:height\" content=\"315\" \/>\n\t<meta property=\"og:image:type\" content=\"image\/jpeg\" \/>\n<meta name=\"author\" content=\"Redacci\u00f3n\" \/>\n<meta name=\"twitter:card\" content=\"summary_large_image\" \/>\n<meta name=\"twitter:creator\" content=\"@aeronoticias\" \/>\n<meta name=\"twitter:site\" content=\"@aeronoticias\" \/>\n<meta name=\"twitter:label1\" content=\"Escrito por\" \/>\n\t<meta name=\"twitter:data1\" content=\"Redacci\u00f3n\" \/>\n\t<meta name=\"twitter:label2\" content=\"Tiempo de lectura\" \/>\n\t<meta name=\"twitter:data2\" content=\"10 minutos\" \/>\n<script type=\"application\/ld+json\" class=\"yoast-schema-graph\">{\"@context\":\"https:\/\/schema.org\",\"@graph\":[{\"@type\":\"WebPage\",\"@id\":\"https:\/\/aeronoticias.com.pe\/noticiero\/nacionales\/diario-chileno-se-suma-a-desesperados-defensores-de-latam-ante-avance-de-proyecto-de-linea-de-bandera-del-peru\/\",\"url\":\"https:\/\/aeronoticias.com.pe\/noticiero\/nacionales\/diario-chileno-se-suma-a-desesperados-defensores-de-latam-ante-avance-de-proyecto-de-linea-de-bandera-del-peru\/\",\"name\":\"Diario chileno se suma a desesperados defensores de LATAM ante avance de proyecto de L\u00ednea de Bandera del Per\u00fa\",\"isPartOf\":{\"@id\":\"https:\/\/aeronoticias.com.pe\/noticiero\/#website\"},\"primaryImageOfPage\":{\"@id\":\"https:\/\/aeronoticias.com.pe\/noticiero\/nacionales\/diario-chileno-se-suma-a-desesperados-defensores-de-latam-ante-avance-de-proyecto-de-linea-de-bandera-del-peru\/#primaryimage\"},\"image\":{\"@id\":\"https:\/\/aeronoticias.com.pe\/noticiero\/nacionales\/diario-chileno-se-suma-a-desesperados-defensores-de-latam-ante-avance-de-proyecto-de-linea-de-bandera-del-peru\/#primaryimage\"},\"thumbnailUrl\":\"https:\/\/aeronoticias.com.pe\/noticiero\/wp-content\/uploads\/2020\/11\/latam_triste.jpg\",\"datePublished\":\"2020-11-26T13:22:27+00:00\",\"dateModified\":\"2020-11-26T15:31:24+00:00\",\"author\":{\"@id\":\"https:\/\/aeronoticias.com.pe\/noticiero\/#\/schema\/person\/16212a617c73f78916b13194154243bd\"},\"description\":\"El prestigioso diario digital Connuestroperu.com editorializa que no prosperaron los lobbies para traicionar al Per\u00fa y sigue adelante el proyecto de creaci\u00f3n de L\u00ednea de Bandera de bajo costo del Per\u00fa.\",\"breadcrumb\":{\"@id\":\"https:\/\/aeronoticias.com.pe\/noticiero\/nacionales\/diario-chileno-se-suma-a-desesperados-defensores-de-latam-ante-avance-de-proyecto-de-linea-de-bandera-del-peru\/#breadcrumb\"},\"inLanguage\":\"es\",\"potentialAction\":[{\"@type\":\"ReadAction\",\"target\":[\"https:\/\/aeronoticias.com.pe\/noticiero\/nacionales\/diario-chileno-se-suma-a-desesperados-defensores-de-latam-ante-avance-de-proyecto-de-linea-de-bandera-del-peru\/\"]}]},{\"@type\":\"ImageObject\",\"inLanguage\":\"es\",\"@id\":\"https:\/\/aeronoticias.com.pe\/noticiero\/nacionales\/diario-chileno-se-suma-a-desesperados-defensores-de-latam-ante-avance-de-proyecto-de-linea-de-bandera-del-peru\/#primaryimage\",\"url\":\"https:\/\/aeronoticias.com.pe\/noticiero\/wp-content\/uploads\/2020\/11\/latam_triste.jpg\",\"contentUrl\":\"https:\/\/aeronoticias.com.pe\/noticiero\/wp-content\/uploads\/2020\/11\/latam_triste.jpg\",\"width\":319,\"height\":315},{\"@type\":\"BreadcrumbList\",\"@id\":\"https:\/\/aeronoticias.com.pe\/noticiero\/nacionales\/diario-chileno-se-suma-a-desesperados-defensores-de-latam-ante-avance-de-proyecto-de-linea-de-bandera-del-peru\/#breadcrumb\",\"itemListElement\":[{\"@type\":\"ListItem\",\"position\":1,\"name\":\"Portada\",\"item\":\"https:\/\/aeronoticias.com.pe\/noticiero\/\"},{\"@type\":\"ListItem\",\"position\":2,\"name\":\"Diario chileno se suma a desesperados defensores de LATAM ante avance de proyecto de L\u00ednea de Bandera del Per\u00fa\"}]},{\"@type\":\"WebSite\",\"@id\":\"https:\/\/aeronoticias.com.pe\/noticiero\/#website\",\"url\":\"https:\/\/aeronoticias.com.pe\/noticiero\/\",\"name\":\"Aeronoticias.com.pe\",\"description\":\"Noticias de tranporte aereo, turismo, hoteles, gastronomia, actualidad, internacional\",\"potentialAction\":[{\"@type\":\"SearchAction\",\"target\":{\"@type\":\"EntryPoint\",\"urlTemplate\":\"https:\/\/aeronoticias.com.pe\/noticiero\/?s={search_term_string}\"},\"query-input\":{\"@type\":\"PropertyValueSpecification\",\"valueRequired\":true,\"valueName\":\"search_term_string\"}}],\"inLanguage\":\"es\"},{\"@type\":\"Person\",\"@id\":\"https:\/\/aeronoticias.com.pe\/noticiero\/#\/schema\/person\/16212a617c73f78916b13194154243bd\",\"name\":\"Redacci\u00f3n\",\"sameAs\":[\"http:\/\/Redacci\u00f3n\"],\"url\":\"https:\/\/aeronoticias.com.pe\/noticiero\/author\/celeste\/\"}]}<\/script>\n<!-- \/ Yoast SEO plugin. -->","yoast_head_json":{"title":"Diario chileno se suma a desesperados defensores de LATAM ante avance de proyecto de L\u00ednea de Bandera del Per\u00fa","description":"El prestigioso diario digital Connuestroperu.com editorializa que no prosperaron los lobbies para traicionar al Per\u00fa y sigue adelante el proyecto de creaci\u00f3n de L\u00ednea de Bandera de bajo costo del Per\u00fa.","robots":{"index":"index","follow":"follow","max-snippet":"max-snippet:-1","max-image-preview":"max-image-preview:large","max-video-preview":"max-video-preview:-1"},"canonical":"https:\/\/aeronoticias.com.pe\/noticiero\/nacionales\/diario-chileno-se-suma-a-desesperados-defensores-de-latam-ante-avance-de-proyecto-de-linea-de-bandera-del-peru\/","og_locale":"es_ES","og_type":"article","og_title":"Diario chileno se suma a desesperados defensores de LATAM ante avance de proyecto de L\u00ednea de Bandera del Per\u00fa","og_description":"El prestigioso diario digital Connuestroperu.com editorializa que no prosperaron los lobbies para traicionar al Per\u00fa y sigue adelante el proyecto de creaci\u00f3n de L\u00ednea de Bandera de bajo costo del Per\u00fa.","og_url":"https:\/\/aeronoticias.com.pe\/noticiero\/nacionales\/diario-chileno-se-suma-a-desesperados-defensores-de-latam-ante-avance-de-proyecto-de-linea-de-bandera-del-peru\/","og_site_name":"Aeronoticias.com.pe","article_publisher":"https:\/\/www.facebook.com\/Aeronoticias.com.pe\/","article_published_time":"2020-11-26T13:22:27+00:00","article_modified_time":"2020-11-26T15:31:24+00:00","og_image":[{"width":319,"height":315,"url":"https:\/\/aeronoticias.com.pe\/noticiero\/wp-content\/uploads\/2020\/11\/latam_triste.jpg","type":"image\/jpeg"}],"author":"Redacci\u00f3n","twitter_card":"summary_large_image","twitter_creator":"@aeronoticias","twitter_site":"@aeronoticias","twitter_misc":{"Escrito por":"Redacci\u00f3n","Tiempo de lectura":"10 minutos"},"schema":{"@context":"https:\/\/schema.org","@graph":[{"@type":"WebPage","@id":"https:\/\/aeronoticias.com.pe\/noticiero\/nacionales\/diario-chileno-se-suma-a-desesperados-defensores-de-latam-ante-avance-de-proyecto-de-linea-de-bandera-del-peru\/","url":"https:\/\/aeronoticias.com.pe\/noticiero\/nacionales\/diario-chileno-se-suma-a-desesperados-defensores-de-latam-ante-avance-de-proyecto-de-linea-de-bandera-del-peru\/","name":"Diario chileno se suma a desesperados defensores de LATAM ante avance de proyecto de L\u00ednea de Bandera del Per\u00fa","isPartOf":{"@id":"https:\/\/aeronoticias.com.pe\/noticiero\/#website"},"primaryImageOfPage":{"@id":"https:\/\/aeronoticias.com.pe\/noticiero\/nacionales\/diario-chileno-se-suma-a-desesperados-defensores-de-latam-ante-avance-de-proyecto-de-linea-de-bandera-del-peru\/#primaryimage"},"image":{"@id":"https:\/\/aeronoticias.com.pe\/noticiero\/nacionales\/diario-chileno-se-suma-a-desesperados-defensores-de-latam-ante-avance-de-proyecto-de-linea-de-bandera-del-peru\/#primaryimage"},"thumbnailUrl":"https:\/\/aeronoticias.com.pe\/noticiero\/wp-content\/uploads\/2020\/11\/latam_triste.jpg","datePublished":"2020-11-26T13:22:27+00:00","dateModified":"2020-11-26T15:31:24+00:00","author":{"@id":"https:\/\/aeronoticias.com.pe\/noticiero\/#\/schema\/person\/16212a617c73f78916b13194154243bd"},"description":"El prestigioso diario digital Connuestroperu.com editorializa que no prosperaron los lobbies para traicionar al Per\u00fa y sigue adelante el proyecto de creaci\u00f3n de L\u00ednea de Bandera de bajo costo del Per\u00fa.","breadcrumb":{"@id":"https:\/\/aeronoticias.com.pe\/noticiero\/nacionales\/diario-chileno-se-suma-a-desesperados-defensores-de-latam-ante-avance-de-proyecto-de-linea-de-bandera-del-peru\/#breadcrumb"},"inLanguage":"es","potentialAction":[{"@type":"ReadAction","target":["https:\/\/aeronoticias.com.pe\/noticiero\/nacionales\/diario-chileno-se-suma-a-desesperados-defensores-de-latam-ante-avance-de-proyecto-de-linea-de-bandera-del-peru\/"]}]},{"@type":"ImageObject","inLanguage":"es","@id":"https:\/\/aeronoticias.com.pe\/noticiero\/nacionales\/diario-chileno-se-suma-a-desesperados-defensores-de-latam-ante-avance-de-proyecto-de-linea-de-bandera-del-peru\/#primaryimage","url":"https:\/\/aeronoticias.com.pe\/noticiero\/wp-content\/uploads\/2020\/11\/latam_triste.jpg","contentUrl":"https:\/\/aeronoticias.com.pe\/noticiero\/wp-content\/uploads\/2020\/11\/latam_triste.jpg","width":319,"height":315},{"@type":"BreadcrumbList","@id":"https:\/\/aeronoticias.com.pe\/noticiero\/nacionales\/diario-chileno-se-suma-a-desesperados-defensores-de-latam-ante-avance-de-proyecto-de-linea-de-bandera-del-peru\/#breadcrumb","itemListElement":[{"@type":"ListItem","position":1,"name":"Portada","item":"https:\/\/aeronoticias.com.pe\/noticiero\/"},{"@type":"ListItem","position":2,"name":"Diario chileno se suma a desesperados defensores de LATAM ante avance de proyecto de L\u00ednea de Bandera del Per\u00fa"}]},{"@type":"WebSite","@id":"https:\/\/aeronoticias.com.pe\/noticiero\/#website","url":"https:\/\/aeronoticias.com.pe\/noticiero\/","name":"Aeronoticias.com.pe","description":"Noticias de tranporte aereo, turismo, hoteles, gastronomia, actualidad, internacional","potentialAction":[{"@type":"SearchAction","target":{"@type":"EntryPoint","urlTemplate":"https:\/\/aeronoticias.com.pe\/noticiero\/?s={search_term_string}"},"query-input":{"@type":"PropertyValueSpecification","valueRequired":true,"valueName":"search_term_string"}}],"inLanguage":"es"},{"@type":"Person","@id":"https:\/\/aeronoticias.com.pe\/noticiero\/#\/schema\/person\/16212a617c73f78916b13194154243bd","name":"Redacci\u00f3n","sameAs":["http:\/\/Redacci\u00f3n"],"url":"https:\/\/aeronoticias.com.pe\/noticiero\/author\/celeste\/"}]}},"_links":{"self":[{"href":"https:\/\/aeronoticias.com.pe\/noticiero\/wp-json\/wp\/v2\/posts\/66872","targetHints":{"allow":["GET"]}}],"collection":[{"href":"https:\/\/aeronoticias.com.pe\/noticiero\/wp-json\/wp\/v2\/posts"}],"about":[{"href":"https:\/\/aeronoticias.com.pe\/noticiero\/wp-json\/wp\/v2\/types\/post"}],"author":[{"embeddable":true,"href":"https:\/\/aeronoticias.com.pe\/noticiero\/wp-json\/wp\/v2\/users\/3"}],"replies":[{"embeddable":true,"href":"https:\/\/aeronoticias.com.pe\/noticiero\/wp-json\/wp\/v2\/comments?post=66872"}],"version-history":[{"count":0,"href":"https:\/\/aeronoticias.com.pe\/noticiero\/wp-json\/wp\/v2\/posts\/66872\/revisions"}],"wp:featuredmedia":[{"embeddable":true,"href":"https:\/\/aeronoticias.com.pe\/noticiero\/wp-json\/wp\/v2\/media\/66875"}],"wp:attachment":[{"href":"https:\/\/aeronoticias.com.pe\/noticiero\/wp-json\/wp\/v2\/media?parent=66872"}],"wp:term":[{"taxonomy":"category","embeddable":true,"href":"https:\/\/aeronoticias.com.pe\/noticiero\/wp-json\/wp\/v2\/categories?post=66872"},{"taxonomy":"post_tag","embeddable":true,"href":"https:\/\/aeronoticias.com.pe\/noticiero\/wp-json\/wp\/v2\/tags?post=66872"}],"curies":[{"name":"wp","href":"https:\/\/api.w.org\/{rel}","templated":true}]}}