{"id":66889,"date":"2020-11-27T06:37:00","date_gmt":"2020-11-27T11:37:00","guid":{"rendered":"https:\/\/aeronoticias.com.pe\/noticiero\/?p=66889"},"modified":"2020-11-27T06:40:37","modified_gmt":"2020-11-27T11:40:37","slug":"diario-el-comercio-defendiendo-a-la-chilena-latam-se-opone-a-proyecto-de-ley-que-crea-la-linea-aerea-de-bandera-de-bajo-costo-del-peru","status":"publish","type":"post","link":"https:\/\/aeronoticias.com.pe\/noticiero\/politica\/diario-el-comercio-defendiendo-a-la-chilena-latam-se-opone-a-proyecto-de-ley-que-crea-la-linea-aerea-de-bandera-de-bajo-costo-del-peru\/","title":{"rendered":"Diario El Comercio defendiendo a la chilena LATAM, se opone a Proyecto de Ley que crea la L\u00ednea A\u00e9rea de Bandera de bajo costo del Per\u00fa"},"content":{"rendered":"\n<p><strong>(Aeronoticias)<\/strong> El mismo libreto del Diario Gesti\u00f3n, y el Diario El Comercio quiere crear corriente de opini\u00f3n defendiendo los intereses privados de LATAM y distorsionando a la verdad en apoyo del cuasi monopolio de la empresa de bandera de Chile LATAM.<\/p>\n\n\n\n<p>No es verdad, como afirma el Diario El Comercio de Lima-Per\u00fa, que el Predictamen 6153-2020-CR de la Comisi\u00f3n de Transportes del Congreso del Per\u00fa, que crea la L\u00ednea A\u00e9rea de Bandera de bajo costo del Per\u00fa no tenga sustento t\u00e9cnico legal, si lo tiene, ya que el Asesor jur\u00eddico externo que lo asesor\u00f3 y dirigi\u00f3, es nada m\u00e1s y nada menos que el Jurista <a href=\"https:\/\/es.wikipedia.org\/wiki\/Juli%C3%A1n_Palac%C3%ADn_Fern%C3%A1ndez\" target=\"_blank\" rel=\"noreferrer noopener\">Juli\u00e1n Palacin Fern\u00e1ndez<\/a>, quien escribi\u00f3 el Libro <a href=\"https:\/\/es.scribd.com\/doc\/192155127\/Linea-Aerea-de-Bandera\">\u00abL\u00ednea A\u00e9rea de Bandera de bajo costo\u00bb<\/a>, que se agotado en las Librer\u00edas peruanas y extranjeras y que respalda este Dictamen Parlamentario.<\/p>\n\n\n\n<figure class=\"wp-block-embed-youtube wp-block-embed is-type-video is-provider-youtube wp-embed-aspect-4-3 wp-has-aspect-ratio\"><div class=\"wp-block-embed__wrapper\">\n<div class=\"youtube-embed\" data-video_id=\"6LC58rZhJdw\"><iframe loading=\"lazy\" title=\"&quot;Habla El Pueblo&quot; entrevist\u00f3 a Juli\u00e1n Palac\u00edn por espionaje de pilotos (25\/11\/2009) (1\/2)\" width=\"696\" height=\"522\" src=\"https:\/\/www.youtube.com\/embed\/6LC58rZhJdw?feature=oembed&#038;enablejsapi=1&#038;enablejsapi=1\" frameborder=\"0\" allow=\"accelerometer; autoplay; clipboard-write; encrypted-media; gyroscope; picture-in-picture\" allowfullscreen><\/iframe><\/div>\n<\/div><\/figure>\n\n\n\n<p>Este Abogado con 43 a\u00f1os de ejercicio en la profesi\u00f3n fue varias periodos Presidente de la Comisi\u00f3n Consultiva de Derecho Aeron\u00e1utico del Colegio de Abogados de Lima (CAL), autor de 7 Libros de Derecho A\u00e9reo, fue nombrado el 5 de agosto de 1983 por el Presidente  del Per\u00fa Fernando Belaunde en la Resoluci\u00f3n 080-83TC, Presidente de la Comisi\u00f3n de Juristas expertos en Derecho A\u00e9reo que hizo el documento de Pol\u00edtica A\u00e9rea del Per\u00fa para encarar la soluci\u00f3n del impase de las relaciones a\u00e9reas suspendidas con los Estados Unidos y lo logr\u00f3 despu\u00e9s, Miembro de la Comisi\u00f3n de Convenios Internacionales y Junta de Estudio de la Pol\u00edtica Aeron\u00e1utica del Per\u00fa del Ministerio de Transportes 1984, Asesor del Ministro de Transportes del Per\u00fa 1983, Asesor del Ministro de Industria y Turismo del Per\u00fa 1984, Consultor externo del Congreso de la Rep\u00fablica del Per\u00fa en las Leyes de Aeron\u00e1utica Civil 24882 de 1988 y la 27261 del 2000, Consultor del Congreso de la Rep\u00fablica del Per\u00fa en el Contrato de Concesi\u00f3n del Aeropuerto Internacional Jorge Ch\u00e1vez, Presidente de la Corporaci\u00f3n Peruana de Aeropuertos y Aviaci\u00f3n Comercial (CORPAC), Asesor en Pol\u00edtica A\u00e9rea del Ministro de Relaciones Exteriores 2004-2005, Consultor del PNUD-ONU 1990 y del BID 1997 en el C\u00f3digo Aeron\u00e1utico de Honduras y asociado al <a href=\"http:\/\/www.estudiojuridicopalacin.com\/\" target=\"_blank\" rel=\"noreferrer noopener\">Estudio Jur\u00eddico Juli\u00e1n Palacin Abogados<\/a>, especialistas en temas de Aviaci\u00f3n que tuvo a su cargo los m\u00e1s importantes casos de accidentes de Aviaci\u00f3n en las \u00faltimas d\u00e9cadas en el Per\u00fa, adem\u00e1s fue profesor universitario en Derecho A\u00e9reo de la Universidad de Lima, de la Universidad Inca Garcilaso de la Vega y profesor principal del Postgrado de la Universidad Nacional Mayor de San Marcos entre 1989 a 1995, en consecuencia, este defensor de la Soberan\u00eda nacional est\u00e1 asesorando legalmente al Presidente de la Comisi\u00f3n de Transportes del honorable Congreso de la Rep\u00fablica del Per\u00fa, Congresista por Pasco Dr. Luis Carlos Sime\u00f3n Hurtado y el sustento t\u00e9cnico y legal es de lujo, jur\u00eddicamente hablando, hay que leer no solo el Proyecto de Ley y el Predictamen 6153-2020-CR, que se\u00f1ala que est\u00e1 sustentado en el <a href=\"https:\/\/es.scribd.com\/doc\/192155127\/Linea-Aerea-de-Bandera\" target=\"_blank\" rel=\"noreferrer noopener\">Libro L\u00ednea A\u00e9rea de Bandera de bajo costo<\/a>, que tiene m\u00e1s de 480 p\u00e1ginas y m\u00e1s de la mitad con los anexos econ\u00f3micos, cuadros estad\u00edsticos, rutas, costos del combustible y otros cuadros, pero claro, El Comercio que repite los argumentos de LATAM a trav\u00e9s de AETAI, exhorta al Congreso al no aprobarlo porque l\u00f3gicamente no le dicen al pa\u00eds que hoy LATAM tiene el 100% del monopolio de las rutas a\u00e9reas internacionales del Per\u00fa y con este Predictamen, la L\u00ednea A\u00e9rea de Bandera del Per\u00fa tendr\u00eda derecho progresivamente al 50% de esas rutas a\u00e9reas internacionales, que en t\u00e9rminos econ\u00f3micos al 2030 significar\u00eda 9 mil o 10 mil millones de d\u00f3lares anuales, que si no se aprueba el Predictamen ser\u00edan el 100% para LATAM y para la econom\u00eda chilena y si se aprueba el Dictamen 6153-2020-CR habr\u00eda m\u00e1s competencia en el mercado y el 50% ser\u00eda para la L\u00ednea A\u00e9rea de Bandera de bajo costo del Per\u00fa \u00abALPERU\u00bb, ingresos que quedar\u00edan en la econom\u00eda peruana y no como viene sucediendo en los \u00faltimos 20 a\u00f1os de que todo lo que se produce en el espacio a\u00e9reo se iba a Chile, Colombia y El Salvador.<\/p>\n\n\n\n<p>Es natural que el Diario El Comercio est\u00e9 preocupado porque tiene intereses particulares en LATAM y LAN PERU y falta a la verdad cuando dice que esta L\u00ednea A\u00e9rea ALPERU afectar\u00eda el desempe\u00f1o de la industria aerocomercial, todo lo contrario ya los peruanos, que por ejemplo, tienen que comprar un pasaje de un d\u00eda para otro a Arequipa y LAN le quiere cobrar 800 d\u00f3lares, podr\u00edan recurrir a las tarifas a\u00e9reas low-cost de la L\u00ednea A\u00e9rea de Bandera.<\/p>\n\n\n\n<p>Lo m\u00e1s divertido y que nos hace sonre\u00edr es cuando el Diario El Comercio quiere generar p\u00e1nico, afirmando que la aprobaci\u00f3n de esta Ley traer\u00eda como consecuencia que se caiga la inversi\u00f3n privada, como si fu\u00e9ramos \u00absonsos\u00bb y no nos hubi\u00e9ramos dado cuenta de que LATAM igual que AVIANCA, no tienen ni tuvieron inversiones en el Per\u00fa, no hay una sola aeronave en propiedad de nacionalidad y matr\u00edcula peruana, no hay edificios u oficinas propias, es decir en propiedad, todo es alquilado, no hay bienes en general, LAN PERU es un cascar\u00f3n como lo fue AVIANCA PERU y eso fue advertido precisamente hace varios a\u00f1os por <a href=\"https:\/\/www.youtube.com\/watch?v=C5RpiHPoRmA&amp;feature=emb_title\" target=\"_blank\" rel=\"noreferrer noopener\">Juli\u00e1n Palacin Fern\u00e1ndez en el programa de Milagros Leiva de RPP<\/a>.<\/p>\n\n\n\n<figure class=\"wp-block-embed-youtube wp-block-embed is-type-video is-provider-youtube wp-embed-aspect-4-3 wp-has-aspect-ratio\"><div class=\"wp-block-embed__wrapper\">\n<div class=\"youtube-embed\" data-video_id=\"C5RpiHPoRmA\"><iframe loading=\"lazy\" title=\"Juli\u00e1n Palac\u00edn F. en  RPP - Programa: &quot;TODO SE SABE&quot; de Milagros Leiva  emitido el  21.02.17\" width=\"696\" height=\"522\" src=\"https:\/\/www.youtube.com\/embed\/C5RpiHPoRmA?feature=oembed&#038;enablejsapi=1&#038;enablejsapi=1\" frameborder=\"0\" allow=\"accelerometer; autoplay; clipboard-write; encrypted-media; gyroscope; picture-in-picture\" allowfullscreen><\/iframe><\/div>\n<\/div><\/figure>\n\n\n\n<p>Nosotros afirmamos que el Diario El Comercio se equivoca o act\u00faa en su papel de Abogado defensor de los intereses econ\u00f3micos privados de LATAM, porque somos un mercado aerocomercial de 38 millones de billetes de pasajes vendidos al 2019 y creemos que seremos un mercado de 60 millones de pasajeros al 2050, hay espacio para todos, defendemos la libre competencia y no los monopolios.<\/p>\n\n\n\n<p>La preocupaci\u00f3n de LATAM exteriorizada en la campa\u00f1a medi\u00e1tica en la que participan el Diario El Comercio, Gesti\u00f3n y su grupo editorial el Diario Financiero de Chile y sus gremios en el Per\u00fa: AETAI-IATA, que articula con CONFIEP y COMEX y que maquillan la verdad para hacerles creer a los ciudadanos peruanos otra cosa, se debe a que LATAM sabe que hay varios grupos de inversionistas due\u00f1os de las principales empresas de aviaci\u00f3n del mundo de Estados Unidos, Europa y el Asia, que ya est\u00e1n mirando con inter\u00e9s el Proyecto de la L\u00ednea A\u00e9rea de bandera de bajo costo del Per\u00fa que tendr\u00eda un mercado de miles de millones de d\u00f3lares y estar\u00edan interesados en invertir realmente en este Proyecto en el Per\u00fa, inclusive algunos Embajadores est\u00e1n preguntando.<\/p>\n\n\n\n<p>En fin, creemos que Chile tiene colonizado el espacio a\u00e9reo peruano y los 50 mil millones de d\u00f3lares que vendi\u00f3 LATAM en los \u00faltimos a\u00f1os, gran parte lo produjo en el Per\u00fa, pero no qued\u00f3 nada en nuestro pa\u00eds, no hay inversi\u00f3n real, igual sucedi\u00f3 con AVIANCA, e inclusive el hangar que ocupa LAN y alquila en el Aeropuerto Internacional Jorge Ch\u00e1vez no fue inversi\u00f3n de LATAM ni de LAN.<\/p>\n\n\n\n<figure class=\"wp-block-embed-youtube wp-block-embed is-type-video is-provider-youtube wp-embed-aspect-16-9 wp-has-aspect-ratio\"><div class=\"wp-block-embed__wrapper\">\n<div class=\"youtube-embed\" data-video_id=\"Ug1n1AzuC9I\"><iframe loading=\"lazy\" title=\"Exposicion de Julian Palacin en la Comision de Convenios Aereos del Congreso 2015\" width=\"696\" height=\"392\" src=\"https:\/\/www.youtube.com\/embed\/Ug1n1AzuC9I?feature=oembed&#038;enablejsapi=1&#038;enablejsapi=1\" frameborder=\"0\" allow=\"accelerometer; autoplay; clipboard-write; encrypted-media; gyroscope; picture-in-picture\" allowfullscreen><\/iframe><\/div>\n<\/div><\/figure>\n\n\n\n<p>El Diario El Comercio nos hace recordar el caso de Aeroper\u00fa, pero no dice que esta empresa fue privatizada en 1992 a capitales mexicanos y fueron estas empresas mexicanas las que fracasaron, no fue el Estado peruano y en el caso de TANS fue un secreto a voces que el Gobierno de la \u00e9poca que benefici\u00f3 a LATAM con los cielos abiertos del maliat para Chile con la oposici\u00f3n de Juli\u00e1n Palacin en defensa de TANS, la sac\u00f3 a la \u00abmala\u00bb del mercado aercomercial, pero no sali\u00f3 solo TANS, salieron varias empresas de aviaci\u00f3n 100% peruanas y siempre con mucha suerte el beneficiando fue LATAM que se qued\u00f3 con el mercado de las desaparecidas, una casualidad no les parece?<\/p>\n\n\n\n<p>Por \u00faltimo, la Asociaci\u00f3n Peruana de Empresas A\u00e9reas (APEA) en <a href=\"https:\/\/aeronoticias.com.pe\/noticiero\/wp-content\/uploads\/2020\/11\/CARTA-NOTARIAL-AETAI-23NOV20.pdf\" target=\"_blank\" rel=\"noreferrer noopener\">Carta Notarial de su Presidente Alberto L\u00f3pez Bustillo<\/a>, dej\u00f3 al descubierto que esta campa\u00f1a period\u00edstica contra el Proyecto de Ley de la L\u00ednea A\u00e9rea de Bandera la dirige LATAM a trav\u00e9s de AETAI y sus intereses privados que colisionan con el inter\u00e9s p\u00fablico del Per\u00fa y la Soberan\u00eda del Congreso de la Rep\u00fablica, que no debe aceptar injerencia de intereses chilenos en temas de Soberan\u00eda nacional. <\/p>\n\n\n\n<p><a href=\"https:\/\/aeronoticias.com.pe\/noticiero\/wp-content\/uploads\/2020\/11\/CARTA-NOTARIAL-AETAI-23NOV20.pdf\" target=\"_blank\" rel=\"noreferrer noopener\">VER CARTA NOTARIAL DE LA APEA A LA AETAI<\/a><\/p>\n\n\n\n<p><a href=\"https:\/\/aeronoticias.com.pe\/noticiero\/diario-chileno-se-suma-a-desesperados-defensores-de-latam-ante-avance-de-proyecto-de-linea-de-bandera-del-peru\/\" target=\"_blank\" rel=\"noreferrer noopener\">Diario chileno se suma a desesperados defensores de LATAM ante avance de proyecto de L\u00ednea de Bandera del Per\u00fa<\/a><\/p>\n\n\n\n<p><a href=\"https:\/\/aeronoticias.com.pe\/noticiero\/diario-gestion-en-defensa-de-latam-distorsiona-la-verdad-oponiendose-a-la-linea-aerea-de-bandera-de-bajo-costo-del-peru\/\" target=\"_blank\" rel=\"noreferrer noopener\">Diario Gesti\u00f3n en defensa de LATAM distorsiona la verdad oponi\u00e9ndose a la L\u00ednea A\u00e9rea de Bandera de bajo costo del Per\u00fa<\/a><\/p>\n\n\n\n<p><a href=\"https:\/\/aeronoticias.com.pe\/noticiero\/comex-defendiendo-a-latam-se-opone-al-proyecto-de-ley-de-la-linea-aerea-de-bandera-de-bajo-costo-del-peru\/\" target=\"_blank\" rel=\"noreferrer noopener\">Comex, defendiendo a LATAM, se opone al Proyecto de Ley de la L\u00ednea A\u00e9rea de Bandera de bajo costo del Per\u00fa<\/a><\/p>\n\n\n\n<p><a href=\"https:\/\/aeronoticias.com.pe\/noticiero\/apea-emplaza-a-aetai-latam-por-pretender-intervenir-en-asuntos-internos-del-peru-oponiendose-a-la-linea-aerea-de-bandera\/\" target=\"_blank\" rel=\"noreferrer noopener\">APEA emplaza a AETAI-LATAM por pretender intervenir en asuntos internos del Per\u00fa oponi\u00e9ndose a la L\u00ednea A\u00e9rea de Bandera<\/a><\/p>\n\n\n\n<p><a href=\"https:\/\/aeronoticias.com.pe\/noticiero\/latam-aetai-se-oponen-a-que-el-peru-apruebe-el-proyecto-de-ley-6153-2020-que-crea-la-linea-aerea-de-bandera-de-bajo-costo-del-peru\/\" target=\"_blank\" rel=\"noreferrer noopener\">LATAM-AETAI se oponen a que el Per\u00fa apruebe el Proyecto de Ley 6153-2020 que crea la L\u00ednea A\u00e9rea de Bandera de bajo costo del Per\u00fa<\/a><\/p>\n\n\n\n<p><a href=\"https:\/\/www.connuestroperu.com\/economia\/aviacion\/67624-la-apea-pide-al-congreso-investigar-si-latam-cumplio-con-entregar-carta-fianza-por-112-aviones-y-envia-carta-notarial-a-la-aetai-por-usar-su-nombre-para-sorprender-al-legislativo\" target=\"_blank\" rel=\"noreferrer noopener\">La APEA pide al Congreso investigar si LATAM cumpli\u00f3 con entregar carta fianza por 112 aviones y env\u00eda carta notarial a la AETAI por usar su nombre para sorprender al Legislativo<\/a><\/p>\n\n\n\n<p><a href=\"https:\/\/www.facebook.com\/CongresoPeru\/videos\/414341229739808\" target=\"_blank\" rel=\"noreferrer noopener\">VER SETIMA SESION EXTRAORDINARIA VIRTUAL DE LA COMISION DE TRANSPORTES DEL CONGRESO DE LA REPUBLICA.<\/a><\/p>\n\n\n\n<p><a href=\"https:\/\/aeronoticias.com.pe\/noticiero\/wp-content\/uploads\/2020\/11\/1.1.-2772-553340-20201117143020-4091-1.pdf\" target=\"_blank\" rel=\"noreferrer noopener\">VER INFORME LEGAL DEL JURISTA CESAR LANDA ARROYO A LA APEA, CON DIRECCION AV. JOSE PARDO 513, MIRAFLORES (DIRECCION DE LATAM), QUE LA APEA NUNCA LA RECIBIO NI PAGO HONORARIO ALGUNO Y AHORA ESTA CARTA LA PRESENTA AL CONGRESO<\/a><\/p>\n\n\n\n<p><a href=\"https:\/\/aeronoticias.com.pe\/noticiero\/wp-content\/uploads\/2020\/11\/1.-CARTA-0116-AETAI-PL-6153-2772-RU-553340-20201117142949-4110.pdf\" target=\"_blank\" rel=\"noreferrer noopener\">VER CARTA AETAI DEL 16\/11\/20 AL CONGRESISTA LUIS CARLOS SIMEON HURTADO, PRESIDENTE DE LA COMISION DE TRANSPORTES DEL CONGRESO DE LA REPUBLICA<\/a><\/p>\n\n\n\n<p><a href=\"https:\/\/aeronoticias.com.pe\/noticiero\/wp-content\/uploads\/2020\/11\/Carta-PRE-154-Pdte-Comisi%C3%B3n-de-Transportes-Opini%C3%B3n-PL-6153-LAPERU-16.11.2026616-1.pdf\" target=\"_blank\" rel=\"noreferrer noopener\">VER CARTA DE CONFIEP PRE-154\/2020 DE OPOSICION AL PROYECTO DE LEY QUE CREA LA LINEA AEREA DE BANDERA DEL PERU<\/a><\/p>\n\n\n\n<p><a href=\"https:\/\/www.youtube.com\/watch?v=RDpvgLBmnGo&amp;feature=emb_title\" target=\"_blank\" rel=\"noreferrer noopener\">RBC entrevista a Juli\u00e1n Palac\u00edn sobre la linea a\u00e9rea de bandera para el Per\u00fa<\/a><\/p>\n\n\n\n<p><a href=\"https:\/\/www.youtube.com\/watch?v=Ug1n1AzuC9I&amp;feature=emb_title\" target=\"_blank\" rel=\"noreferrer noopener\">Exposici\u00f3n de Julian Palacin en la Comisi\u00f3n de Convenios A\u00e9reos del Congreso 2015<\/a><\/p>\n\n\n\n<p><a href=\"https:\/\/www.youtube.com\/watch?v=MMhxE1BHcSE&amp;feature=emb_title\" target=\"_blank\" rel=\"noreferrer noopener\">Conferencia en la Academia Diplom\u00e1tica del Per\u00fa sobre la aerol\u00ednea de bandera (12\/12\/12)<\/a><\/p>\n\n\n\n<p><a href=\"https:\/\/www.youtube.com\/watch?v=sfcJq2xKPe8&amp;feature=emb_title\" target=\"_blank\" rel=\"noreferrer noopener\">Conferencia de Julian Palacin sobre Soberan\u00eda y Geopol\u00edtica en el grupo Basadre<\/a><br><br><a href=\"https:\/\/es.scribd.com\/doc\/192155127\/Linea-Aerea-de-Bandera\" target=\"_blank\" rel=\"noreferrer noopener\">LIBRO LINEA AEREA DE BANDERA DE BAJO COSTO<\/a><\/p>\n\n\n\n<p><a href=\"https:\/\/aeronoticias.com.pe\/noticiero\/renace-el-proyecto-de-la-linea-aerea-de-bandera-del-peru\/\" target=\"_blank\" rel=\"noreferrer noopener\">\u00bfRenace el Proyecto de la L\u00ednea A\u00e9rea de Bandera del Per\u00fa?<\/a><\/p>\n\n\n\n<p><a href=\"https:\/\/aeronoticias.com.pe\/noticiero\/comision-de-transportes-del-congreso-debate-proyecto-de-la-linea-aerea-de-bandera-del-peru-2\/\" target=\"_blank\" rel=\"noreferrer noopener\">Comisi\u00f3n de Transportes del Congreso debate Proyecto de la L\u00ednea A\u00e9rea de Bandera del Per\u00fa<\/a><\/p>\n\n\n\n<p><a href=\"https:\/\/aeronoticias.com.pe\/noticiero\/comision-de-transportes-del-congreso-postergo-debate-del-proyecto-de-ley-de-la-linea-aerea-de-bandera-del-peru\/\" target=\"_blank\" rel=\"noreferrer noopener\">Comisi\u00f3n de Transportes del Congreso posterg\u00f3 debate del Proyecto de Ley de la L\u00ednea A\u00e9rea de Bandera del Per\u00fa<\/a><\/p>\n\n\n\n<p><a href=\"https:\/\/aeronoticias.com.pe\/noticiero\/comision-de-transportes-del-congreso-debate-proyecto-de-la-linea-aerea-de-bandera-del-peru-2\/\" target=\"_blank\" rel=\"noreferrer noopener\">Comisi\u00f3n de Transportes del Congreso debate hoy Proyecto de la L\u00ednea A\u00e9rea de Bandera del Per\u00fa<\/a><\/p>\n\n\n\n<p><a href=\"https:\/\/aeronoticias.com.pe\/noticiero\/por-debate-presidencial-comision-de-transportes-suspende-tratamiento-de-proyecto-de-ley-de-linea-aerea-de-bandera\/\" target=\"_blank\" rel=\"noreferrer noopener\">Por debate Presidencial, Comisi\u00f3n de Transportes suspende tratamiento de Proyecto de Ley de L\u00ednea A\u00e9rea de Bandera<\/a><\/p>\n\n\n\n<p><a href=\"https:\/\/aeronoticias.com.pe\/noticiero\/julian-palacin-emplaza-a-latam-legal-ltd-que-se-opone-a-la-linea-aerea-de-bandera-del-peru\/\" target=\"_blank\" rel=\"noreferrer noopener\">Juli\u00e1n Palacin emplaza a LATAM LEGAL LTD, que se opone a la L\u00ednea A\u00e9rea de Bandera del Per\u00fa<\/a><\/p>\n\n\n\n<p><a href=\"https:\/\/aeronoticias.com.pe\/noticiero\/desacreditan-al-peru-por-proyecto-de-ley-de-linea-aerea-de-bandera\/?fbclid=IwAR13zEnnP1LIk6wLhFpqxwhqVO8KqhlhMZVQswmxkHutElrQyu-7SJcphU8\" target=\"_blank\" rel=\"noreferrer noopener\">Desacreditan al Per\u00fa por Proyecto de Ley de L\u00ednea A\u00e9rea de Bandera<\/a><\/p>\n\n\n\n<p><a href=\"https:\/\/aeronoticias.com.pe\/noticiero\/lexlatin-propiedad-de-latam-legal-ltd-no-le-informa-a-sus-lectores-que-sus-entrevistados-serian-abogados-de-latam\/\" target=\"_blank\" rel=\"noreferrer noopener\">Lexlatin, propiedad de LATAM LEGAL LTD., no le informa a sus lectores que sus entrevistados ser\u00edan abogados de LATAM<\/a><\/p>\n\n\n\n<p><a href=\"https:\/\/aeronoticias.com.pe\/noticiero\/comision-de-transportes-del-congreso-debate-este-martes-29-el-proyecto-de-la-linea-aerea-de-bandera-del-peru\/\" target=\"_blank\" rel=\"noreferrer noopener\">Comisi\u00f3n de Transportes del Congreso debate hoy el Proyecto de la L\u00ednea A\u00e9rea de Bandera del Per\u00fa<\/a><\/p>\n\n\n\n<p><a href=\"https:\/\/aeronoticias.com.pe\/noticiero\/comision-de-transportes-del-congreso-del-peru-vio-proyecto-de-ley-de-la-linea-aerea-de-bandera\/\" target=\"_blank\" rel=\"noreferrer noopener\">Comisi\u00f3n de Transportes del Congreso del Per\u00fa vio Proyecto de Ley de la L\u00ednea A\u00e9rea de Bandera<\/a><\/p>\n\n\n\n<p><a href=\"https:\/\/aeronoticias.com.pe\/noticiero\/continua-el-debate-sobre-la-linea-aerea-de-bandera-del-peru-en-el-congreso-de-la-republica\/\" target=\"_blank\" rel=\"noreferrer noopener\">Contin\u00faa el debate sobre la L\u00ednea A\u00e9rea de Bandera del Per\u00fa en el Congreso de la Rep\u00fablica<\/a><\/p>\n\n\n\n<p><a href=\"https:\/\/aeronoticias.com.pe\/noticiero\/gilmer-aliaga-zegarra-los-peruanos-tenemos-que-entender-los-beneficios-de-contar-con-una-linea-aerea-de-bandera-de-capital-publico-privada\/\" target=\"_blank\" rel=\"noreferrer noopener\">Gilmer Aliaga Zegarra: \u00abLos peruanos tenemos que entender los beneficios de contar con una L\u00ednea A\u00e9rea de Bandera de capital p\u00fablico-privada\u00bb<\/a><\/p>\n\n\n\n<p><a href=\"https:\/\/aeronoticias.com.pe\/noticiero\/alfredo-gallegos-estoy-de-acuerdo-que-existe-conveniencia-publica-para-que-el-peru-tenga-una-linea-aerea-de-bandera\/\" target=\"_blank\" rel=\"noreferrer noopener\">Alfredo Gallegos: \u201cEstoy de acuerdo que existe conveniencia p\u00fablica para que el Per\u00fa tenga una L\u00ednea A\u00e9rea de Bandera\u201d<\/a><\/p>\n\n\n\n<p><a href=\"https:\/\/aeronoticias.com.pe\/noticiero\/julian-palacin-la-constitucion-politica-respalda-el-derecho-del-peru-a-tener-una-linea-aerea-de-bandera-con-capital-publico-privado\/\" target=\"_blank\" rel=\"noreferrer noopener\">Juli\u00e1n Palacin: \u00abLa Constituci\u00f3n Pol\u00edtica respalda el derecho del Per\u00fa a tener una L\u00ednea A\u00e9rea de Bandera con capital p\u00fablico-privado<\/a><\/p>\n\n\n\n<p><a href=\"https:\/\/aeronoticias.com.pe\/noticiero\/crece-el-interes-de-inversionistas-privados-por-invertir-en-la-linea-de-bandera-low-cost-del-peru\/\" target=\"_blank\" rel=\"noreferrer noopener\">Crece el inter\u00e9s de capitales privados por invertir en la L\u00ednea A\u00e9rea de Bandera Low-Cost<\/a><\/p>\n\n\n\n<p><a href=\"https:\/\/aeronoticias.com.pe\/noticiero\/low-cost-del-peru-abriria-mercado-aereo-a-15-millones-de-pasajeros-de-transporte-terreste\/\" target=\"_blank\" rel=\"noreferrer noopener\">Low-Cost del Per\u00fa abrir\u00eda mercado a\u00e9reo a 15 millones de pasajeros de transporte terrestre<\/a><\/p>\n\n\n\n<p><a href=\"https:\/\/aeronoticias.com.pe\/noticiero\/julian-palacin-proyecto-de-ley-de-linea-aerea-de-bandera-cumple-con-el-principio-de-subsidiariedad-constitucional\/\" target=\"_blank\" rel=\"noreferrer noopener\">Juli\u00e1n Palacin: \u201cProyecto de Ley de L\u00ednea A\u00e9rea de Bandera cumple con el principio de subsidiariedad constitucional<\/a><\/p>\n\n\n\n<p><a href=\"https:\/\/aeronoticias.com.pe\/noticiero\/linea-aerea-de-bandera-del-peru-sera-manejada-por-capitales-privadas\/\" target=\"_blank\" rel=\"noreferrer noopener\">L\u00ednea A\u00e9rea de Bandera del Per\u00fa ser\u00e1 manejada por capitales privados<\/a><\/p>\n\n\n\n<p><a href=\"https:\/\/aeronoticias.com.pe\/noticiero\/defensores-del-dominio-aereo-chileno-en-el-espacio-aereo-peruano-fijan-su-posicion-en-el-diario-peru-21\/\" target=\"_blank\" rel=\"noreferrer noopener\">Defensores del dominio a\u00e9reo chileno en el espacio a\u00e9reo peruano fijan su posici\u00f3n en el Diario Per\u00fa 21<\/a><\/p>\n\n\n\n<p><a href=\"https:\/\/aeronoticias.com.pe\/noticiero\/en-homenaje-al-congresista-luis-carlos-simeon-hurtado-la-linea-aerea-de-bandera-alperu-haria-su-primer-vuelo-al-aerodromo-de-vicco-en-pasco\/\" target=\"_blank\" rel=\"noreferrer noopener\">En homenaje al Congresista Luis Carlos Sime\u00f3n Hurtado, la L\u00ednea A\u00e9rea de Bandera \u201cALPERU\u201d har\u00eda su primer vuelo al aer\u00f3dromo de Vicco, en Pasco<\/a><\/p>\n\n\n\n<p><a href=\"https:\/\/aeronoticias.com.pe\/noticiero\/linea-aerea-de-bandera-del-peru-operaria-desde-el-aerodromo-low-cost-de-las-palmas-en-surco\/\" target=\"_blank\" rel=\"noreferrer noopener\">L\u00ednea A\u00e9rea de Bandera del Per\u00fa operar\u00eda desde el Aer\u00f3dromo low-cost de Las Palmas, en Surco<\/a><\/p>\n\n\n\n<p><a href=\"https:\/\/aeronoticias.com.pe\/noticiero\/julian-palacin-debemos-pensar-en-el-aeropuerto-internacional-low-cost-de-la-isla-san-lorenzo-para-beneficiar-al-callao\/\" target=\"_blank\" rel=\"noreferrer noopener\">Juli\u00e1n Palacin: \u201cDebemos pensar en el Aeropuerto Internacional Low Cost de la Isla San Lorenzo para beneficiar al Callao\u201d<\/a><\/p>\n\n\n\n<p><a href=\"https:\/\/aeronoticias.com.pe\/noticiero\/linea-aerea-de-bandera-del-peru-no-tendra-inversion-publica-ni-irrogara-gasto-al-estado\/\" target=\"_blank\" rel=\"noreferrer noopener\">L\u00ednea A\u00e9rea de Bandera del Per\u00fa no tendr\u00e1 inversi\u00f3n p\u00fablica ni irrogar\u00e1 gasto al Estado<\/a><\/p>\n\n\n\n<p><a href=\"https:\/\/aeronoticias.com.pe\/noticiero\/mtc-no-da-pronunciamiento-a-la-carta-de-lap\/\" target=\"_blank\" rel=\"noreferrer noopener\">MTC no da pronunciamiento a la carta de LAP<\/a><\/p>\n\n\n\n<p><a href=\"https:\/\/aeronoticias.com.pe\/noticiero\/comision-de-transportes-del-congreso-ve-el-dictamen-final-de-la-linea-aerea-de-bandera-del-peru\/\" target=\"_blank\" rel=\"noreferrer noopener\">Comisi\u00f3n de Transportes del Congreso ve el Dictamen final de la L\u00ednea A\u00e9rea de Bandera del Per\u00fa<\/a><\/p>\n\n\n\n<p><a href=\"https:\/\/aeronoticias.com.pe\/noticiero\/linea-aerea-de-bandera-del-peru-sin-inversion-publica-tiene-interes-geopolitico-y-de-defensa-nacional-del-peru\/\" target=\"_blank\" rel=\"noreferrer noopener\">L\u00ednea A\u00e9rea de Bandera del Per\u00fa sin inversi\u00f3n p\u00fablica tiene inter\u00e9s geopol\u00edtico y de defensa nacional del Per\u00fa<\/a><\/p>\n\n\n\n<p><a href=\"https:\/\/aeronoticias.com.pe\/noticiero\/instituto-peruano-de-derecho-aereo-ipda-desarrollo-doctrina-geopolitica-del-peru-en-la-utilizacion-del-espacio-aereo\/\" target=\"_blank\" rel=\"noreferrer noopener\">Instituto Peruano de Derecho A\u00e9reo (IPDA) desarroll\u00f3 Doctrina Geopol\u00edtica del Per\u00fa en la utilizaci\u00f3n del espacio a\u00e9reo<\/a><\/p>\n\n\n\n<p><a href=\"https:\/\/aeronoticias.com.pe\/noticiero\/confiep-en-defensa-del-cuasimonopolio-aereo-chileno-se-opone-a-la-linea-aerea-de-bandera-del-peru\/?fbclid=IwAR3Ewe9Bg0BKfH-f92mqAuEKFGDmsdd4CdiaYWdo4lc_6GoEIwcZDqgCbO4\" target=\"_blank\" rel=\"noreferrer noopener\">CONFIEP en defensa del cuasimonopolio a\u00e9reo chileno, se opone a la L\u00ednea A\u00e9rea de Bandera del Per\u00fa<\/a><\/p>\n\n\n\n<p><a href=\"https:\/\/aeronoticias.com.pe\/noticiero\/aetai-presento-informe-contra-la-linea-aerea-de-bandera-que-el-presidente-de-apea-nunca-gestiono-que-tiene-que-ver-latam-en-todo-esto\/\" target=\"_blank\" rel=\"noreferrer noopener\">AETAI present\u00f3 Informe contra la L\u00ednea A\u00e9rea de Bandera, que el Presidente de APEA nunca gestion\u00f3 \u2026. \u00bfqu\u00e9 tiene que ver LATAM en todo esto?<\/a><\/p>\n\n\n\n<p><a href=\"https:\/\/aeronoticias.com.pe\/noticiero\/peruvian-airilines-desaparecio-porque-el-peru-nunca-le-otorgo-rutas-aereas-a-estados-unidos-y-a-otros-mercado-rentables-del-mundo\/\" target=\"_blank\" rel=\"noreferrer noopener\">Peruvian Airilines desapareci\u00f3 porque el Per\u00fa nunca le otorg\u00f3 rutas a\u00e9reas a Estados Unidos y a otros mercados rentables del mundo<\/a><\/p>\n\n\n\n<p><a href=\"https:\/\/aeronoticias.com.pe\/noticiero\/comision-de-transportes-del-congreso-de-la-republica-ve-hoy-predictamen-final-de-la-linea-aerea-de-bandera-de-bajo-costo\/\" target=\"_blank\" rel=\"noreferrer noopener\">Comisi\u00f3n de Transportes del Congreso de la Rep\u00fablica ve hoy Predictamen final de la L\u00ednea A\u00e9rea de Bandera de bajo costo<\/a><\/p>\n\n\n\n<p><a href=\"https:\/\/aeronoticias.com.pe\/noticiero\/comision-de-transportes-del-congreso-de-la-republica-realizo-el-primer-debate-del-predictamen-final-de-la-linea-aerea-de-bandera-de-bajo-costo\/\" target=\"_blank\" rel=\"noreferrer noopener\">Comisi\u00f3n de Transportes del Congreso de la Rep\u00fablica realiz\u00f3 el primer Debate del Predictamen final de la L\u00ednea A\u00e9rea de Bandera de bajo costo<\/a><\/p>\n\n\n\n<p><a href=\"https:\/\/aeronoticias.com.pe\/noticiero\/congresista-de-fuerza-popular-fp-martires-lizana-santos-impidio-que-se-vote-el-proyecto-6153-2020-cr-que-crea-la-linea-aerea-de-bandera-de-bajo-costo-del-peru\/\" target=\"_blank\" rel=\"noreferrer noopener\">Congresista de Fuerza Popular (FP) M\u00e1rtires Lizana Santos, impidi\u00f3 que se vote el Proyecto 6153-2020-CR que crea la L\u00ednea A\u00e9rea de Bandera de bajo costo del Per\u00fa<\/a><\/p>\n\n\n\n<p><\/p>\n\n\n\n<p><\/p>\n","protected":false},"excerpt":{"rendered":"<p>(Aeronoticias) El mismo libreto del Diario Gesti\u00f3n, y el Diario El Comercio quiere crear corriente de opini\u00f3n defendiendo los intereses privados de LATAM y distorsionando a la verdad en apoyo del cuasi monopolio de la empresa de bandera de Chile LATAM. No es verdad, como afirma el Diario El Comercio de Lima-Per\u00fa, que el Predictamen [&hellip;]<\/p>\n","protected":false},"author":3,"featured_media":66978,"comment_status":"open","ping_status":"open","sticky":false,"template":"","format":"standard","meta":{"tdm_status":"","tdm_grid_status":"","footnotes":""},"categories":[38,36],"tags":[170,171,1058],"class_list":{"0":"post-66889","1":"post","2":"type-post","3":"status-publish","4":"format-standard","5":"has-post-thumbnail","7":"category-nacionales","8":"category-politica","9":"tag-congresodelarepublica","10":"tag-congresoperu","11":"tag-lineaareadebandera"},"yoast_head":"<!-- This site is optimized with the Yoast SEO plugin v25.1 - https:\/\/yoast.com\/wordpress\/plugins\/seo\/ -->\n<title>Diario El Comercio defendiendo a la chilena LATAM, se opone a Proyecto de Ley que crea la L\u00ednea A\u00e9rea de Bandera de bajo costo del Per\u00fa<\/title>\n<meta name=\"description\" content=\"El Comercio, Gesti\u00f3n, El Financiero de Chile y sus aliados en el Per\u00fa, CONFIEP y COMEX repiten el libreto en contra del Predictamen 6153-2020-CR, que crea la L\u00ednea A\u00e9rea de Bandera de bajo costo del Per\u00fa y como si estos lobbies privados han fracaso en el Congreso estar\u00edan desesperados.\" \/>\n<meta name=\"robots\" content=\"index, follow, max-snippet:-1, max-image-preview:large, max-video-preview:-1\" \/>\n<link rel=\"canonical\" href=\"https:\/\/aeronoticias.com.pe\/noticiero\/politica\/diario-el-comercio-defendiendo-a-la-chilena-latam-se-opone-a-proyecto-de-ley-que-crea-la-linea-aerea-de-bandera-de-bajo-costo-del-peru\/\" \/>\n<meta property=\"og:locale\" content=\"es_ES\" \/>\n<meta property=\"og:type\" content=\"article\" \/>\n<meta property=\"og:title\" content=\"Diario El Comercio defendiendo a la chilena LATAM, se opone a Proyecto de Ley que crea la L\u00ednea A\u00e9rea de Bandera de bajo costo del Per\u00fa\" \/>\n<meta property=\"og:description\" content=\"El Comercio, Gesti\u00f3n, El Financiero de Chile y sus aliados en el Per\u00fa, CONFIEP y COMEX repiten el libreto en contra del Predictamen 6153-2020-CR, que crea la L\u00ednea A\u00e9rea de Bandera de bajo costo del Per\u00fa y como si estos lobbies privados han fracaso en el Congreso estar\u00edan desesperados.\" \/>\n<meta property=\"og:url\" content=\"https:\/\/aeronoticias.com.pe\/noticiero\/politica\/diario-el-comercio-defendiendo-a-la-chilena-latam-se-opone-a-proyecto-de-ley-que-crea-la-linea-aerea-de-bandera-de-bajo-costo-del-peru\/\" \/>\n<meta property=\"og:site_name\" content=\"Aeronoticias.com.pe\" \/>\n<meta property=\"article:publisher\" content=\"https:\/\/www.facebook.com\/Aeronoticias.com.pe\/\" \/>\n<meta property=\"article:published_time\" content=\"2020-11-27T11:37:00+00:00\" \/>\n<meta property=\"article:modified_time\" content=\"2020-11-27T11:40:37+00:00\" \/>\n<meta property=\"og:image\" content=\"https:\/\/aeronoticias.com.pe\/noticiero\/wp-content\/uploads\/2020\/11\/jpalacin-elcomercio.jpg\" \/>\n\t<meta property=\"og:image:width\" content=\"1632\" \/>\n\t<meta property=\"og:image:height\" content=\"702\" \/>\n\t<meta property=\"og:image:type\" content=\"image\/jpeg\" \/>\n<meta name=\"author\" content=\"Redacci\u00f3n\" \/>\n<meta name=\"twitter:card\" content=\"summary_large_image\" \/>\n<meta name=\"twitter:creator\" content=\"@aeronoticias\" \/>\n<meta name=\"twitter:site\" content=\"@aeronoticias\" \/>\n<meta name=\"twitter:label1\" content=\"Escrito por\" \/>\n\t<meta name=\"twitter:data1\" content=\"Redacci\u00f3n\" \/>\n\t<meta name=\"twitter:label2\" content=\"Tiempo de lectura\" \/>\n\t<meta name=\"twitter:data2\" content=\"12 minutos\" \/>\n<script type=\"application\/ld+json\" class=\"yoast-schema-graph\">{\"@context\":\"https:\/\/schema.org\",\"@graph\":[{\"@type\":\"WebPage\",\"@id\":\"https:\/\/aeronoticias.com.pe\/noticiero\/politica\/diario-el-comercio-defendiendo-a-la-chilena-latam-se-opone-a-proyecto-de-ley-que-crea-la-linea-aerea-de-bandera-de-bajo-costo-del-peru\/\",\"url\":\"https:\/\/aeronoticias.com.pe\/noticiero\/politica\/diario-el-comercio-defendiendo-a-la-chilena-latam-se-opone-a-proyecto-de-ley-que-crea-la-linea-aerea-de-bandera-de-bajo-costo-del-peru\/\",\"name\":\"Diario El Comercio defendiendo a la chilena LATAM, se opone a Proyecto de Ley que crea la L\u00ednea A\u00e9rea de Bandera de bajo costo del Per\u00fa\",\"isPartOf\":{\"@id\":\"https:\/\/aeronoticias.com.pe\/noticiero\/#website\"},\"primaryImageOfPage\":{\"@id\":\"https:\/\/aeronoticias.com.pe\/noticiero\/politica\/diario-el-comercio-defendiendo-a-la-chilena-latam-se-opone-a-proyecto-de-ley-que-crea-la-linea-aerea-de-bandera-de-bajo-costo-del-peru\/#primaryimage\"},\"image\":{\"@id\":\"https:\/\/aeronoticias.com.pe\/noticiero\/politica\/diario-el-comercio-defendiendo-a-la-chilena-latam-se-opone-a-proyecto-de-ley-que-crea-la-linea-aerea-de-bandera-de-bajo-costo-del-peru\/#primaryimage\"},\"thumbnailUrl\":\"https:\/\/aeronoticias.com.pe\/noticiero\/wp-content\/uploads\/2020\/11\/jpalacin-elcomercio.jpg\",\"datePublished\":\"2020-11-27T11:37:00+00:00\",\"dateModified\":\"2020-11-27T11:40:37+00:00\",\"author\":{\"@id\":\"https:\/\/aeronoticias.com.pe\/noticiero\/#\/schema\/person\/16212a617c73f78916b13194154243bd\"},\"description\":\"El Comercio, Gesti\u00f3n, El Financiero de Chile y sus aliados en el Per\u00fa, CONFIEP y COMEX repiten el libreto en contra del Predictamen 6153-2020-CR, que crea la L\u00ednea A\u00e9rea de Bandera de bajo costo del Per\u00fa y como si estos lobbies privados han fracaso en el Congreso estar\u00edan desesperados.\",\"breadcrumb\":{\"@id\":\"https:\/\/aeronoticias.com.pe\/noticiero\/politica\/diario-el-comercio-defendiendo-a-la-chilena-latam-se-opone-a-proyecto-de-ley-que-crea-la-linea-aerea-de-bandera-de-bajo-costo-del-peru\/#breadcrumb\"},\"inLanguage\":\"es\",\"potentialAction\":[{\"@type\":\"ReadAction\",\"target\":[\"https:\/\/aeronoticias.com.pe\/noticiero\/politica\/diario-el-comercio-defendiendo-a-la-chilena-latam-se-opone-a-proyecto-de-ley-que-crea-la-linea-aerea-de-bandera-de-bajo-costo-del-peru\/\"]}]},{\"@type\":\"ImageObject\",\"inLanguage\":\"es\",\"@id\":\"https:\/\/aeronoticias.com.pe\/noticiero\/politica\/diario-el-comercio-defendiendo-a-la-chilena-latam-se-opone-a-proyecto-de-ley-que-crea-la-linea-aerea-de-bandera-de-bajo-costo-del-peru\/#primaryimage\",\"url\":\"https:\/\/aeronoticias.com.pe\/noticiero\/wp-content\/uploads\/2020\/11\/jpalacin-elcomercio.jpg\",\"contentUrl\":\"https:\/\/aeronoticias.com.pe\/noticiero\/wp-content\/uploads\/2020\/11\/jpalacin-elcomercio.jpg\",\"width\":1632,\"height\":702},{\"@type\":\"BreadcrumbList\",\"@id\":\"https:\/\/aeronoticias.com.pe\/noticiero\/politica\/diario-el-comercio-defendiendo-a-la-chilena-latam-se-opone-a-proyecto-de-ley-que-crea-la-linea-aerea-de-bandera-de-bajo-costo-del-peru\/#breadcrumb\",\"itemListElement\":[{\"@type\":\"ListItem\",\"position\":1,\"name\":\"Portada\",\"item\":\"https:\/\/aeronoticias.com.pe\/noticiero\/\"},{\"@type\":\"ListItem\",\"position\":2,\"name\":\"Diario El Comercio defendiendo a la chilena LATAM, se opone a Proyecto de Ley que crea la L\u00ednea A\u00e9rea de Bandera de bajo costo del Per\u00fa\"}]},{\"@type\":\"WebSite\",\"@id\":\"https:\/\/aeronoticias.com.pe\/noticiero\/#website\",\"url\":\"https:\/\/aeronoticias.com.pe\/noticiero\/\",\"name\":\"Aeronoticias.com.pe\",\"description\":\"Noticias de tranporte aereo, turismo, hoteles, gastronomia, actualidad, internacional\",\"potentialAction\":[{\"@type\":\"SearchAction\",\"target\":{\"@type\":\"EntryPoint\",\"urlTemplate\":\"https:\/\/aeronoticias.com.pe\/noticiero\/?s={search_term_string}\"},\"query-input\":{\"@type\":\"PropertyValueSpecification\",\"valueRequired\":true,\"valueName\":\"search_term_string\"}}],\"inLanguage\":\"es\"},{\"@type\":\"Person\",\"@id\":\"https:\/\/aeronoticias.com.pe\/noticiero\/#\/schema\/person\/16212a617c73f78916b13194154243bd\",\"name\":\"Redacci\u00f3n\",\"sameAs\":[\"http:\/\/Redacci\u00f3n\"],\"url\":\"https:\/\/aeronoticias.com.pe\/noticiero\/author\/celeste\/\"}]}<\/script>\n<!-- \/ Yoast SEO plugin. -->","yoast_head_json":{"title":"Diario El Comercio defendiendo a la chilena LATAM, se opone a Proyecto de Ley que crea la L\u00ednea A\u00e9rea de Bandera de bajo costo del Per\u00fa","description":"El Comercio, Gesti\u00f3n, El Financiero de Chile y sus aliados en el Per\u00fa, CONFIEP y COMEX repiten el libreto en contra del Predictamen 6153-2020-CR, que crea la L\u00ednea A\u00e9rea de Bandera de bajo costo del Per\u00fa y como si estos lobbies privados han fracaso en el Congreso estar\u00edan desesperados.","robots":{"index":"index","follow":"follow","max-snippet":"max-snippet:-1","max-image-preview":"max-image-preview:large","max-video-preview":"max-video-preview:-1"},"canonical":"https:\/\/aeronoticias.com.pe\/noticiero\/politica\/diario-el-comercio-defendiendo-a-la-chilena-latam-se-opone-a-proyecto-de-ley-que-crea-la-linea-aerea-de-bandera-de-bajo-costo-del-peru\/","og_locale":"es_ES","og_type":"article","og_title":"Diario El Comercio defendiendo a la chilena LATAM, se opone a Proyecto de Ley que crea la L\u00ednea A\u00e9rea de Bandera de bajo costo del Per\u00fa","og_description":"El Comercio, Gesti\u00f3n, El Financiero de Chile y sus aliados en el Per\u00fa, CONFIEP y COMEX repiten el libreto en contra del Predictamen 6153-2020-CR, que crea la L\u00ednea A\u00e9rea de Bandera de bajo costo del Per\u00fa y como si estos lobbies privados han fracaso en el Congreso estar\u00edan desesperados.","og_url":"https:\/\/aeronoticias.com.pe\/noticiero\/politica\/diario-el-comercio-defendiendo-a-la-chilena-latam-se-opone-a-proyecto-de-ley-que-crea-la-linea-aerea-de-bandera-de-bajo-costo-del-peru\/","og_site_name":"Aeronoticias.com.pe","article_publisher":"https:\/\/www.facebook.com\/Aeronoticias.com.pe\/","article_published_time":"2020-11-27T11:37:00+00:00","article_modified_time":"2020-11-27T11:40:37+00:00","og_image":[{"width":1632,"height":702,"url":"https:\/\/aeronoticias.com.pe\/noticiero\/wp-content\/uploads\/2020\/11\/jpalacin-elcomercio.jpg","type":"image\/jpeg"}],"author":"Redacci\u00f3n","twitter_card":"summary_large_image","twitter_creator":"@aeronoticias","twitter_site":"@aeronoticias","twitter_misc":{"Escrito por":"Redacci\u00f3n","Tiempo de lectura":"12 minutos"},"schema":{"@context":"https:\/\/schema.org","@graph":[{"@type":"WebPage","@id":"https:\/\/aeronoticias.com.pe\/noticiero\/politica\/diario-el-comercio-defendiendo-a-la-chilena-latam-se-opone-a-proyecto-de-ley-que-crea-la-linea-aerea-de-bandera-de-bajo-costo-del-peru\/","url":"https:\/\/aeronoticias.com.pe\/noticiero\/politica\/diario-el-comercio-defendiendo-a-la-chilena-latam-se-opone-a-proyecto-de-ley-que-crea-la-linea-aerea-de-bandera-de-bajo-costo-del-peru\/","name":"Diario El Comercio defendiendo a la chilena LATAM, se opone a Proyecto de Ley que crea la L\u00ednea A\u00e9rea de Bandera de bajo costo del Per\u00fa","isPartOf":{"@id":"https:\/\/aeronoticias.com.pe\/noticiero\/#website"},"primaryImageOfPage":{"@id":"https:\/\/aeronoticias.com.pe\/noticiero\/politica\/diario-el-comercio-defendiendo-a-la-chilena-latam-se-opone-a-proyecto-de-ley-que-crea-la-linea-aerea-de-bandera-de-bajo-costo-del-peru\/#primaryimage"},"image":{"@id":"https:\/\/aeronoticias.com.pe\/noticiero\/politica\/diario-el-comercio-defendiendo-a-la-chilena-latam-se-opone-a-proyecto-de-ley-que-crea-la-linea-aerea-de-bandera-de-bajo-costo-del-peru\/#primaryimage"},"thumbnailUrl":"https:\/\/aeronoticias.com.pe\/noticiero\/wp-content\/uploads\/2020\/11\/jpalacin-elcomercio.jpg","datePublished":"2020-11-27T11:37:00+00:00","dateModified":"2020-11-27T11:40:37+00:00","author":{"@id":"https:\/\/aeronoticias.com.pe\/noticiero\/#\/schema\/person\/16212a617c73f78916b13194154243bd"},"description":"El Comercio, Gesti\u00f3n, El Financiero de Chile y sus aliados en el Per\u00fa, CONFIEP y COMEX repiten el libreto en contra del Predictamen 6153-2020-CR, que crea la L\u00ednea A\u00e9rea de Bandera de bajo costo del Per\u00fa y como si estos lobbies privados han fracaso en el Congreso estar\u00edan desesperados.","breadcrumb":{"@id":"https:\/\/aeronoticias.com.pe\/noticiero\/politica\/diario-el-comercio-defendiendo-a-la-chilena-latam-se-opone-a-proyecto-de-ley-que-crea-la-linea-aerea-de-bandera-de-bajo-costo-del-peru\/#breadcrumb"},"inLanguage":"es","potentialAction":[{"@type":"ReadAction","target":["https:\/\/aeronoticias.com.pe\/noticiero\/politica\/diario-el-comercio-defendiendo-a-la-chilena-latam-se-opone-a-proyecto-de-ley-que-crea-la-linea-aerea-de-bandera-de-bajo-costo-del-peru\/"]}]},{"@type":"ImageObject","inLanguage":"es","@id":"https:\/\/aeronoticias.com.pe\/noticiero\/politica\/diario-el-comercio-defendiendo-a-la-chilena-latam-se-opone-a-proyecto-de-ley-que-crea-la-linea-aerea-de-bandera-de-bajo-costo-del-peru\/#primaryimage","url":"https:\/\/aeronoticias.com.pe\/noticiero\/wp-content\/uploads\/2020\/11\/jpalacin-elcomercio.jpg","contentUrl":"https:\/\/aeronoticias.com.pe\/noticiero\/wp-content\/uploads\/2020\/11\/jpalacin-elcomercio.jpg","width":1632,"height":702},{"@type":"BreadcrumbList","@id":"https:\/\/aeronoticias.com.pe\/noticiero\/politica\/diario-el-comercio-defendiendo-a-la-chilena-latam-se-opone-a-proyecto-de-ley-que-crea-la-linea-aerea-de-bandera-de-bajo-costo-del-peru\/#breadcrumb","itemListElement":[{"@type":"ListItem","position":1,"name":"Portada","item":"https:\/\/aeronoticias.com.pe\/noticiero\/"},{"@type":"ListItem","position":2,"name":"Diario El Comercio defendiendo a la chilena LATAM, se opone a Proyecto de Ley que crea la L\u00ednea A\u00e9rea de Bandera de bajo costo del Per\u00fa"}]},{"@type":"WebSite","@id":"https:\/\/aeronoticias.com.pe\/noticiero\/#website","url":"https:\/\/aeronoticias.com.pe\/noticiero\/","name":"Aeronoticias.com.pe","description":"Noticias de tranporte aereo, turismo, hoteles, gastronomia, actualidad, internacional","potentialAction":[{"@type":"SearchAction","target":{"@type":"EntryPoint","urlTemplate":"https:\/\/aeronoticias.com.pe\/noticiero\/?s={search_term_string}"},"query-input":{"@type":"PropertyValueSpecification","valueRequired":true,"valueName":"search_term_string"}}],"inLanguage":"es"},{"@type":"Person","@id":"https:\/\/aeronoticias.com.pe\/noticiero\/#\/schema\/person\/16212a617c73f78916b13194154243bd","name":"Redacci\u00f3n","sameAs":["http:\/\/Redacci\u00f3n"],"url":"https:\/\/aeronoticias.com.pe\/noticiero\/author\/celeste\/"}]}},"_links":{"self":[{"href":"https:\/\/aeronoticias.com.pe\/noticiero\/wp-json\/wp\/v2\/posts\/66889","targetHints":{"allow":["GET"]}}],"collection":[{"href":"https:\/\/aeronoticias.com.pe\/noticiero\/wp-json\/wp\/v2\/posts"}],"about":[{"href":"https:\/\/aeronoticias.com.pe\/noticiero\/wp-json\/wp\/v2\/types\/post"}],"author":[{"embeddable":true,"href":"https:\/\/aeronoticias.com.pe\/noticiero\/wp-json\/wp\/v2\/users\/3"}],"replies":[{"embeddable":true,"href":"https:\/\/aeronoticias.com.pe\/noticiero\/wp-json\/wp\/v2\/comments?post=66889"}],"version-history":[{"count":0,"href":"https:\/\/aeronoticias.com.pe\/noticiero\/wp-json\/wp\/v2\/posts\/66889\/revisions"}],"wp:featuredmedia":[{"embeddable":true,"href":"https:\/\/aeronoticias.com.pe\/noticiero\/wp-json\/wp\/v2\/media\/66978"}],"wp:attachment":[{"href":"https:\/\/aeronoticias.com.pe\/noticiero\/wp-json\/wp\/v2\/media?parent=66889"}],"wp:term":[{"taxonomy":"category","embeddable":true,"href":"https:\/\/aeronoticias.com.pe\/noticiero\/wp-json\/wp\/v2\/categories?post=66889"},{"taxonomy":"post_tag","embeddable":true,"href":"https:\/\/aeronoticias.com.pe\/noticiero\/wp-json\/wp\/v2\/tags?post=66889"}],"curies":[{"name":"wp","href":"https:\/\/api.w.org\/{rel}","templated":true}]}}