{"id":6692,"date":"2009-11-11T13:39:25","date_gmt":"2009-11-11T13:39:25","guid":{"rendered":"http:\/\/desarrollo.mcvicious.com\/aero2020\/2009\/11\/11\/nueva-propuesta-hotelera-en-lima-foresta-hotel-a-suites\/"},"modified":"2009-11-11T13:39:25","modified_gmt":"2009-11-11T13:39:25","slug":"nueva-propuesta-hotelera-en-lima-foresta-hotel-a-suites","status":"publish","type":"post","link":"https:\/\/aeronoticias.com.pe\/noticiero\/turismo\/13\/nueva-propuesta-hotelera-en-lima-foresta-hotel-a-suites\/","title":{"rendered":"NUEVA PROPUESTA HOTELERA EN LIMA: FORESTA HOTEL &#038; SUITES"},"content":{"rendered":"<div style=\"text-align: justify\">Para los nuevos empresarios emprendedores que apuestan por la calidad, por su gente, por la econom\u00eda peruana y sobre todo por la empresa hecha en el Per\u00fa, esta es una muestra de que la empresa en el Per\u00fa es factible.\u00a0<\/div>\n<div style=\"text-align: justify\"><\/div>\n<div style=\"text-align: justify\"><strong>El Foresta Hotel &#038; Suite<\/strong><strong>s<\/strong>, \u00a0con tan solo 10 meses en el mercado ha logrado posicionarse en el competitivo mercado Peruano, y hoy, est\u00e1 catalogado como uno de los mejores hoteles de lima, con una propuesta distinta e innovadora para el p\u00fablico.<\/p>\n<div style=\"text-align: center\"><img decoding=\"async\" src=\"images\/stories\/09\/11\/101109\/fores.jpg\" border=\"0\" alt=\"foresta hotel suites lima peru turismo aeronoticias\" title=\"foresta hotel suites lima peru turismo aeronoticias\" \/><\/div>\n<\/div>\n<p>Renato Arbul\u00fa Arce, Marketing y Publicidad del <strong>Foresta Hotel &#038; Suites<\/strong>, convers\u00f3 con <strong>Aeronoticias<\/strong>\u00a0y nos dio acceso a las instalaciones, adem\u00e1s de mostrarnos en detalle, los pormenores del Foresta Hotel &#038; Suites.<\/p>\n<p>Ideado para un p\u00fablico preferentemente Corporativo, proveniente de todas partes del mundo, como del interior del pa\u00eds; el concepto que involucra al <strong>Foresta Hotel &#038; Suites<\/strong>, tiene como esencia primordial, la calidad y el nivel de servicio que el grupo de colaboradores que forman parte de Foresta brinda, poniendo la estampa de confort, de la mano con el servicio de alto est\u00e1ndar y \u00a0la tecnolog\u00eda de punta. Adem\u00e1s \u2013claro- las suites completamente equipadas, para el deleite de un cliente con los niveles m\u00e1s altos de exigencia en cuanto a viajes de negocio, turismo y\/o placer, haciendo de estos toda una experiencia. <!--more--> <\/p>\n<div style=\"text-align: center\"><img decoding=\"async\" src=\"images\/stories\/09\/11\/101109\/hotel%20foresta1%20007.jpg\" border=\"0\" alt=\"foresta hotel suites lima peru turismo aeronoticias\" title=\"foresta hotel suites lima peru turismo aeronoticias\" \/><\/div>\n<div style=\"text-align: justify\">Si bien una estrategia publicitaria, donde la prensa escrita, la radio, la televisi\u00f3n y la web son los mejores aliados para llegar a la gente, lo vital es la calidad y el servicio \u2013que finalmente habla por s\u00ed mismo-. Y que sus propios hu\u00e9spedes comentan y recomiendan, convirti\u00e9ndose en los mejores aliados de \u00e9ste recinto de confort y lujo.<\/p>\n<\/div>\n<div style=\"text-align: justify\">Por otro lado, el Foresta Hotel &#038; Suites, cuenta con su restaurant insignia: Aguaymanto Caf\u00e9 &#8211; Restaurant, una fusi\u00f3n de sabores nacionales e internacionales, y una barra \u201cWild\u201d que terminan de completar la experiencia sensorial de vivir el concepto Foresta.<\/p>\n<div style=\"text-align: center\"><img decoding=\"async\" src=\"images\/stories\/09\/11\/101109\/for.jpg\" border=\"0\" \/><\/div>\n<\/div>\n<div style=\"text-align: justify\"><strong>Aeronoticias<\/strong> considera que posicionarse como empresa en el Per\u00fa es muy dif\u00edcil, y m\u00e1s a\u00fan en tiempos en los que la crisis econ\u00f3mica mundial, la gripe A\/H1N1, y otros fen\u00f3menos han golpeado tanto la industria tur\u00edstica mundial, hoy Foresta Hotel &#038; Suites se presenta firme con metas grandes y muchas opciones para lograr satisfacer las necesidades del turismo, con creatividad, responsabilidad, servicio de primera, y \u00e9nfasis en los detalles al mil\u00edmetro.<\/div>\n<div style=\"text-align: justify\"><\/div>\n<div style=\"text-align: justify\"><\/div>\n<div style=\"text-align: justify\"><strong>DATOS \u00daTILES<\/p>\n<p><\/strong><\/div>\n<div style=\"text-align: justify\">Aguaymanto Caf\u00e9 &#8211; Restaurant (No solo est\u00e1 disponible para hu\u00e9spedes del Hotel, sino para el p\u00fablico en general).<\/div>\n<div style=\"text-align: justify\">Foresta Hotel &#038; Suites queda en Calle Los Libertadores 490 San Isidro, Lima \u2013 Per\u00fa.<\/div>\n<div style=\"text-align: justify\">Telefonos: (511) 2224373 &#8211; (511) 2224370<\/div>\n<div style=\"text-align: justify\">reservas@foresta-hotel.pe<\/div>\n<div style=\"text-align: justify\"><a href=\"http:\/\/www.foresta-hotel.pe\/\">www.foresta-hotel.pe\u00a0<\/a><\/div>\n<div style=\"text-align: justify\"><\/div>\n","protected":false},"excerpt":{"rendered":"<p>Para los nuevos empresarios emprendedores que apuestan por la calidad, por su gente, por la econom\u00eda peruana y sobre todo por la empresa hecha en el Per\u00fa, esta es una muestra de que la empresa en el Per\u00fa es factible.\u00a0 El Foresta Hotel &#038; Suites, \u00a0con tan solo 10 meses en el mercado ha logrado [&hellip;]<\/p>\n","protected":false},"author":1,"featured_media":0,"comment_status":"open","ping_status":"open","sticky":false,"template":"","format":"standard","meta":{"tdm_status":"","tdm_grid_status":"","footnotes":""},"categories":[31],"tags":[],"class_list":{"0":"post-6692","1":"post","2":"type-post","3":"status-publish","4":"format-standard","6":"category-31"},"yoast_head":"<!-- This site is optimized with the Yoast SEO plugin v25.1 - https:\/\/yoast.com\/wordpress\/plugins\/seo\/ -->\n<title>NUEVA PROPUESTA HOTELERA EN LIMA: FORESTA HOTEL &amp; SUITES<\/title>\n<meta name=\"description\" content=\"Portal de noticias del Per\u00fa sobre el transporte a\u00e9reo, aviaci\u00f3n, turismo, hoteleria, actualidad.\" \/>\n<meta name=\"robots\" content=\"index, follow, max-snippet:-1, max-image-preview:large, max-video-preview:-1\" \/>\n<link rel=\"canonical\" href=\"https:\/\/aeronoticias.com.pe\/noticiero\/turismo\/13\/nueva-propuesta-hotelera-en-lima-foresta-hotel-a-suites\/\" \/>\n<meta property=\"og:locale\" content=\"es_ES\" \/>\n<meta property=\"og:type\" content=\"article\" \/>\n<meta property=\"og:title\" content=\"NUEVA PROPUESTA HOTELERA EN LIMA: FORESTA HOTEL &amp; SUITES\" \/>\n<meta property=\"og:description\" content=\"Portal de noticias del Per\u00fa sobre el transporte a\u00e9reo, aviaci\u00f3n, turismo, hoteleria, actualidad.\" \/>\n<meta property=\"og:url\" content=\"https:\/\/aeronoticias.com.pe\/noticiero\/turismo\/13\/nueva-propuesta-hotelera-en-lima-foresta-hotel-a-suites\/\" \/>\n<meta property=\"og:site_name\" content=\"Aeronoticias.com.pe\" \/>\n<meta property=\"article:publisher\" content=\"https:\/\/www.facebook.com\/Aeronoticias.com.pe\/\" \/>\n<meta property=\"article:published_time\" content=\"2009-11-11T13:39:25+00:00\" \/>\n<meta name=\"author\" content=\"Redacci\u00f3n Aeronoticias\" \/>\n<meta name=\"twitter:card\" content=\"summary_large_image\" \/>\n<meta name=\"twitter:creator\" content=\"@aeronoticias\" \/>\n<meta name=\"twitter:site\" content=\"@aeronoticias\" \/>\n<meta name=\"twitter:label1\" content=\"Escrito por\" \/>\n\t<meta name=\"twitter:data1\" content=\"Redacci\u00f3n Aeronoticias\" \/>\n\t<meta name=\"twitter:label2\" content=\"Tiempo de lectura\" \/>\n\t<meta name=\"twitter:data2\" content=\"2 minutos\" \/>\n<script type=\"application\/ld+json\" class=\"yoast-schema-graph\">{\"@context\":\"https:\/\/schema.org\",\"@graph\":[{\"@type\":\"WebPage\",\"@id\":\"https:\/\/aeronoticias.com.pe\/noticiero\/turismo\/13\/nueva-propuesta-hotelera-en-lima-foresta-hotel-a-suites\/\",\"url\":\"https:\/\/aeronoticias.com.pe\/noticiero\/turismo\/13\/nueva-propuesta-hotelera-en-lima-foresta-hotel-a-suites\/\",\"name\":\"NUEVA PROPUESTA HOTELERA EN LIMA: FORESTA HOTEL & SUITES\",\"isPartOf\":{\"@id\":\"https:\/\/aeronoticias.com.pe\/noticiero\/#website\"},\"datePublished\":\"2009-11-11T13:39:25+00:00\",\"author\":{\"@id\":\"https:\/\/aeronoticias.com.pe\/noticiero\/#\/schema\/person\/fc1e5d578f4b62ba1cf7ac2bba1170a0\"},\"description\":\"Portal de noticias del Per\u00fa sobre el transporte a\u00e9reo, aviaci\u00f3n, turismo, hoteleria, actualidad.\",\"breadcrumb\":{\"@id\":\"https:\/\/aeronoticias.com.pe\/noticiero\/turismo\/13\/nueva-propuesta-hotelera-en-lima-foresta-hotel-a-suites\/#breadcrumb\"},\"inLanguage\":\"es\",\"potentialAction\":[{\"@type\":\"ReadAction\",\"target\":[\"https:\/\/aeronoticias.com.pe\/noticiero\/turismo\/13\/nueva-propuesta-hotelera-en-lima-foresta-hotel-a-suites\/\"]}]},{\"@type\":\"BreadcrumbList\",\"@id\":\"https:\/\/aeronoticias.com.pe\/noticiero\/turismo\/13\/nueva-propuesta-hotelera-en-lima-foresta-hotel-a-suites\/#breadcrumb\",\"itemListElement\":[{\"@type\":\"ListItem\",\"position\":1,\"name\":\"Portada\",\"item\":\"https:\/\/aeronoticias.com.pe\/noticiero\/\"},{\"@type\":\"ListItem\",\"position\":2,\"name\":\"NUEVA PROPUESTA HOTELERA EN LIMA: FORESTA HOTEL &#038; SUITES\"}]},{\"@type\":\"WebSite\",\"@id\":\"https:\/\/aeronoticias.com.pe\/noticiero\/#website\",\"url\":\"https:\/\/aeronoticias.com.pe\/noticiero\/\",\"name\":\"Aeronoticias.com.pe\",\"description\":\"Noticias de tranporte aereo, turismo, hoteles, gastronomia, actualidad, internacional\",\"potentialAction\":[{\"@type\":\"SearchAction\",\"target\":{\"@type\":\"EntryPoint\",\"urlTemplate\":\"https:\/\/aeronoticias.com.pe\/noticiero\/?s={search_term_string}\"},\"query-input\":{\"@type\":\"PropertyValueSpecification\",\"valueRequired\":true,\"valueName\":\"search_term_string\"}}],\"inLanguage\":\"es\"},{\"@type\":\"Person\",\"@id\":\"https:\/\/aeronoticias.com.pe\/noticiero\/#\/schema\/person\/fc1e5d578f4b62ba1cf7ac2bba1170a0\",\"name\":\"Redacci\u00f3n Aeronoticias\",\"url\":\"https:\/\/aeronoticias.com.pe\/noticiero\/author\/piloto\/\"}]}<\/script>\n<!-- \/ Yoast SEO plugin. -->","yoast_head_json":{"title":"NUEVA PROPUESTA HOTELERA EN LIMA: FORESTA HOTEL & SUITES","description":"Portal de noticias del Per\u00fa sobre el transporte a\u00e9reo, aviaci\u00f3n, turismo, hoteleria, actualidad.","robots":{"index":"index","follow":"follow","max-snippet":"max-snippet:-1","max-image-preview":"max-image-preview:large","max-video-preview":"max-video-preview:-1"},"canonical":"https:\/\/aeronoticias.com.pe\/noticiero\/turismo\/13\/nueva-propuesta-hotelera-en-lima-foresta-hotel-a-suites\/","og_locale":"es_ES","og_type":"article","og_title":"NUEVA PROPUESTA HOTELERA EN LIMA: FORESTA HOTEL & SUITES","og_description":"Portal de noticias del Per\u00fa sobre el transporte a\u00e9reo, aviaci\u00f3n, turismo, hoteleria, actualidad.","og_url":"https:\/\/aeronoticias.com.pe\/noticiero\/turismo\/13\/nueva-propuesta-hotelera-en-lima-foresta-hotel-a-suites\/","og_site_name":"Aeronoticias.com.pe","article_publisher":"https:\/\/www.facebook.com\/Aeronoticias.com.pe\/","article_published_time":"2009-11-11T13:39:25+00:00","author":"Redacci\u00f3n Aeronoticias","twitter_card":"summary_large_image","twitter_creator":"@aeronoticias","twitter_site":"@aeronoticias","twitter_misc":{"Escrito por":"Redacci\u00f3n Aeronoticias","Tiempo de lectura":"2 minutos"},"schema":{"@context":"https:\/\/schema.org","@graph":[{"@type":"WebPage","@id":"https:\/\/aeronoticias.com.pe\/noticiero\/turismo\/13\/nueva-propuesta-hotelera-en-lima-foresta-hotel-a-suites\/","url":"https:\/\/aeronoticias.com.pe\/noticiero\/turismo\/13\/nueva-propuesta-hotelera-en-lima-foresta-hotel-a-suites\/","name":"NUEVA PROPUESTA HOTELERA EN LIMA: FORESTA HOTEL & SUITES","isPartOf":{"@id":"https:\/\/aeronoticias.com.pe\/noticiero\/#website"},"datePublished":"2009-11-11T13:39:25+00:00","author":{"@id":"https:\/\/aeronoticias.com.pe\/noticiero\/#\/schema\/person\/fc1e5d578f4b62ba1cf7ac2bba1170a0"},"description":"Portal de noticias del Per\u00fa sobre el transporte a\u00e9reo, aviaci\u00f3n, turismo, hoteleria, actualidad.","breadcrumb":{"@id":"https:\/\/aeronoticias.com.pe\/noticiero\/turismo\/13\/nueva-propuesta-hotelera-en-lima-foresta-hotel-a-suites\/#breadcrumb"},"inLanguage":"es","potentialAction":[{"@type":"ReadAction","target":["https:\/\/aeronoticias.com.pe\/noticiero\/turismo\/13\/nueva-propuesta-hotelera-en-lima-foresta-hotel-a-suites\/"]}]},{"@type":"BreadcrumbList","@id":"https:\/\/aeronoticias.com.pe\/noticiero\/turismo\/13\/nueva-propuesta-hotelera-en-lima-foresta-hotel-a-suites\/#breadcrumb","itemListElement":[{"@type":"ListItem","position":1,"name":"Portada","item":"https:\/\/aeronoticias.com.pe\/noticiero\/"},{"@type":"ListItem","position":2,"name":"NUEVA PROPUESTA HOTELERA EN LIMA: FORESTA HOTEL &#038; SUITES"}]},{"@type":"WebSite","@id":"https:\/\/aeronoticias.com.pe\/noticiero\/#website","url":"https:\/\/aeronoticias.com.pe\/noticiero\/","name":"Aeronoticias.com.pe","description":"Noticias de tranporte aereo, turismo, hoteles, gastronomia, actualidad, internacional","potentialAction":[{"@type":"SearchAction","target":{"@type":"EntryPoint","urlTemplate":"https:\/\/aeronoticias.com.pe\/noticiero\/?s={search_term_string}"},"query-input":{"@type":"PropertyValueSpecification","valueRequired":true,"valueName":"search_term_string"}}],"inLanguage":"es"},{"@type":"Person","@id":"https:\/\/aeronoticias.com.pe\/noticiero\/#\/schema\/person\/fc1e5d578f4b62ba1cf7ac2bba1170a0","name":"Redacci\u00f3n Aeronoticias","url":"https:\/\/aeronoticias.com.pe\/noticiero\/author\/piloto\/"}]}},"_links":{"self":[{"href":"https:\/\/aeronoticias.com.pe\/noticiero\/wp-json\/wp\/v2\/posts\/6692","targetHints":{"allow":["GET"]}}],"collection":[{"href":"https:\/\/aeronoticias.com.pe\/noticiero\/wp-json\/wp\/v2\/posts"}],"about":[{"href":"https:\/\/aeronoticias.com.pe\/noticiero\/wp-json\/wp\/v2\/types\/post"}],"author":[{"embeddable":true,"href":"https:\/\/aeronoticias.com.pe\/noticiero\/wp-json\/wp\/v2\/users\/1"}],"replies":[{"embeddable":true,"href":"https:\/\/aeronoticias.com.pe\/noticiero\/wp-json\/wp\/v2\/comments?post=6692"}],"version-history":[{"count":0,"href":"https:\/\/aeronoticias.com.pe\/noticiero\/wp-json\/wp\/v2\/posts\/6692\/revisions"}],"wp:attachment":[{"href":"https:\/\/aeronoticias.com.pe\/noticiero\/wp-json\/wp\/v2\/media?parent=6692"}],"wp:term":[{"taxonomy":"category","embeddable":true,"href":"https:\/\/aeronoticias.com.pe\/noticiero\/wp-json\/wp\/v2\/categories?post=6692"},{"taxonomy":"post_tag","embeddable":true,"href":"https:\/\/aeronoticias.com.pe\/noticiero\/wp-json\/wp\/v2\/tags?post=6692"}],"curies":[{"name":"wp","href":"https:\/\/api.w.org\/{rel}","templated":true}]}}