{"id":6693,"date":"2009-11-11T14:05:06","date_gmt":"2009-11-11T14:05:06","guid":{"rendered":"http:\/\/desarrollo.mcvicious.com\/aero2020\/2009\/11\/11\/un-apagon-general-dejo-a-oscuras-a-la-mitad-de-brasil\/"},"modified":"2009-11-11T14:05:06","modified_gmt":"2009-11-11T14:05:06","slug":"un-apagon-general-dejo-a-oscuras-a-la-mitad-de-brasil","status":"publish","type":"post","link":"https:\/\/aeronoticias.com.pe\/noticiero\/ultimas\/1\/un-apagon-general-dejo-a-oscuras-a-la-mitad-de-brasil\/","title":{"rendered":"UN APAG\u00d3N GENERAL DEJ\u00d3 A OSCURAS A LA MITAD DE BRASIL"},"content":{"rendered":"<div style=\"text-align: justify\">Seg\u00fan el ministro de Minas y Energ\u00eda de Brasil, Edison Lobao, el problema se debi\u00f3 a un desperfecto en la central hidroel\u00e9ctrica paraguayo-brasile\u00f1a de Itaip\u00fa, y fue causado \u00abprobablemente\u00bb por factores clim\u00e1ticos, lo que caus\u00f3 que un gigantesco apag\u00f3n dej\u00f3 a oscuras anoche a alrededor de 800 ciudades de nueve estados brasile\u00f1os, entre ellos las metr\u00f3polis de San Pablo, R\u00edo de Janeiro y Belo Horizonte. El problema se debi\u00f3 a un desperfecto en la central hidroel\u00e9ctrica de Itaip\u00fa.<\/div>\n<div style=\"text-align: justify\"><\/div>\n<div style=\"text-align: justify\">\u00abNos imaginamos que una tempestad de gran intensidad pueda haber contribuido a desconectar las l\u00edneas (de transmisi\u00f3n) de Itaip\u00fa y, en consecuencia, otras l\u00edneas dejaron de funcionar\u00bb, expres\u00f3 el ministro, en una entrevista concedida en Brasilia.<\/div>\n<div style=\"text-align: center\"><img decoding=\"async\" src=\"images\/stories\/09\/11\/101109\/brasil.jpg\" border=\"0\" alt=\"brasil peru turismo apag\u00f3n aeronoticas\" title=\"brasil peru turismo apag\u00f3n aeronoticas\" \/><\/div>\n<div style=\"text-align: justify\">El problema, que todav\u00eda no fue identificado, afect\u00f3 el suministro de electricidad en la industrializada regi\u00f3n sureste y en parte de las regiones noreste y centro-oeste, donde se ubica Brasilia. Seg\u00fan las agencias locales, el problema tambi\u00e9n caus\u00f3 un apag\u00f3n en Paraguay, aunque en el pa\u00eds vecino el problema se solucion\u00f3 r\u00e1pidamente.<\/div>\n<div style=\"text-align: justify\"><\/div>\n<div style=\"text-align: justify\">El apag\u00f3n se produjo poco despu\u00e9s de las 22 (las 21 en la Argentina) y el problema no hab\u00eda sido solucionado hasta el inicio de la madrugada del mi\u00e9rcoles.<\/div>\n<div style=\"text-align: justify\"><\/div>\n<div style=\"text-align: justify\">Seg\u00fan el presidente de Itaip\u00fa Binacional, Jorge Salek, todav\u00eda no hay previsi\u00f3n sobre cu\u00e1ndo se lograr\u00e1 restablecer el suministro de electricidad, porque el apag\u00f3n dificulta el contacto con los t\u00e9cnicos que pueden solucionar el problema, ya que afecta tambi\u00e9n las comunicaciones, especialmente las de la telefon\u00eda m\u00f3vil.<\/div>\n<div style=\"text-align: justify\"><\/div>\n<div style=\"text-align: justify\">Salek afirm\u00f3 que el problema no ocurri\u00f3 en la generaci\u00f3n de energ\u00eda, sino en la transmisi\u00f3n de la electricidad, y sostuvo que hay \u00ab99 por ciento de posibilidades\u00bb de que haya sido causado por los fuertes vientos que azotaron la regi\u00f3n vecina a la ciudad de Foz do Iguaz\u00fa, donde est\u00e1 ubicada Itaip\u00fa.<\/div>\n<div style=\"text-align: justify\"><\/div>\n<div style=\"text-align: justify\"><strong>Aeronoticias<\/strong> considera que es necesario un plan de contingencia en casos como este debido a que como es usual \u2013y extra\u00f1o a la vez- las ciudades m\u00e1s grandes y avanzadas del mundo siempre son las m\u00e1s vulnerables cuando sucede un fen\u00f3meno como este, recordemos el ultimo apag\u00f3n general en Nueva York \u2013una de las ciudades m\u00e1s grandes del mundo- donde una situaci\u00f3n tan simple como esa cobr\u00f3 v\u00edctimas mortales, afortunadamente el apag\u00f3n en este caso solo gener\u00f3 caos en el tr\u00e1fico de las grandes ciudades brasile\u00f1as y oblig\u00f3 a suspender la operaci\u00f3n de trenes urbanos y del subterr\u00e1neo en R\u00edo de Janeiro y San Pablo, adem\u00e1s de afectar al aeropuerto internacional de R\u00edo de Janeiro, pero sin v\u00edctimas mortales.<\/div>\n<div style=\"text-align: justify\"><\/div>\n","protected":false},"excerpt":{"rendered":"<p>Seg\u00fan el ministro de Minas y Energ\u00eda de Brasil, Edison Lobao, el problema se debi\u00f3 a un desperfecto en la central hidroel\u00e9ctrica paraguayo-brasile\u00f1a de Itaip\u00fa, y fue causado \u00abprobablemente\u00bb por factores clim\u00e1ticos, lo que caus\u00f3 que un gigantesco apag\u00f3n dej\u00f3 a oscuras anoche a alrededor de 800 ciudades de nueve estados brasile\u00f1os, entre ellos las [&hellip;]<\/p>\n","protected":false},"author":1,"featured_media":0,"comment_status":"open","ping_status":"open","sticky":false,"template":"","format":"standard","meta":{"tdm_status":"","tdm_grid_status":"","footnotes":""},"categories":[30],"tags":[],"class_list":{"0":"post-6693","1":"post","2":"type-post","3":"status-publish","4":"format-standard","6":"category-30"},"yoast_head":"<!-- This site is optimized with the Yoast SEO plugin v25.1 - https:\/\/yoast.com\/wordpress\/plugins\/seo\/ -->\n<title>UN APAG\u00d3N GENERAL DEJ\u00d3 A OSCURAS A LA MITAD DE BRASIL<\/title>\n<meta name=\"description\" content=\"Portal de noticias del Per\u00fa sobre el transporte a\u00e9reo, aviaci\u00f3n, turismo, hoteleria, actualidad.\" \/>\n<meta name=\"robots\" content=\"index, follow, max-snippet:-1, max-image-preview:large, max-video-preview:-1\" \/>\n<link rel=\"canonical\" href=\"https:\/\/aeronoticias.com.pe\/noticiero\/ultimas\/1\/un-apagon-general-dejo-a-oscuras-a-la-mitad-de-brasil\/\" \/>\n<meta property=\"og:locale\" content=\"es_ES\" \/>\n<meta property=\"og:type\" content=\"article\" \/>\n<meta property=\"og:title\" content=\"UN APAG\u00d3N GENERAL DEJ\u00d3 A OSCURAS A LA MITAD DE BRASIL\" \/>\n<meta property=\"og:description\" content=\"Portal de noticias del Per\u00fa sobre el transporte a\u00e9reo, aviaci\u00f3n, turismo, hoteleria, actualidad.\" \/>\n<meta property=\"og:url\" content=\"https:\/\/aeronoticias.com.pe\/noticiero\/ultimas\/1\/un-apagon-general-dejo-a-oscuras-a-la-mitad-de-brasil\/\" \/>\n<meta property=\"og:site_name\" content=\"Aeronoticias.com.pe\" \/>\n<meta property=\"article:publisher\" content=\"https:\/\/www.facebook.com\/Aeronoticias.com.pe\/\" \/>\n<meta property=\"article:published_time\" content=\"2009-11-11T14:05:06+00:00\" \/>\n<meta name=\"author\" content=\"Redacci\u00f3n Aeronoticias\" \/>\n<meta name=\"twitter:card\" content=\"summary_large_image\" \/>\n<meta name=\"twitter:creator\" content=\"@aeronoticias\" \/>\n<meta name=\"twitter:site\" content=\"@aeronoticias\" \/>\n<meta name=\"twitter:label1\" content=\"Escrito por\" \/>\n\t<meta name=\"twitter:data1\" content=\"Redacci\u00f3n Aeronoticias\" \/>\n\t<meta name=\"twitter:label2\" content=\"Tiempo de lectura\" \/>\n\t<meta name=\"twitter:data2\" content=\"2 minutos\" \/>\n<script type=\"application\/ld+json\" class=\"yoast-schema-graph\">{\"@context\":\"https:\/\/schema.org\",\"@graph\":[{\"@type\":\"WebPage\",\"@id\":\"https:\/\/aeronoticias.com.pe\/noticiero\/ultimas\/1\/un-apagon-general-dejo-a-oscuras-a-la-mitad-de-brasil\/\",\"url\":\"https:\/\/aeronoticias.com.pe\/noticiero\/ultimas\/1\/un-apagon-general-dejo-a-oscuras-a-la-mitad-de-brasil\/\",\"name\":\"UN APAG\u00d3N GENERAL DEJ\u00d3 A OSCURAS A LA MITAD DE BRASIL\",\"isPartOf\":{\"@id\":\"https:\/\/aeronoticias.com.pe\/noticiero\/#website\"},\"datePublished\":\"2009-11-11T14:05:06+00:00\",\"author\":{\"@id\":\"https:\/\/aeronoticias.com.pe\/noticiero\/#\/schema\/person\/fc1e5d578f4b62ba1cf7ac2bba1170a0\"},\"description\":\"Portal de noticias del Per\u00fa sobre el transporte a\u00e9reo, aviaci\u00f3n, turismo, hoteleria, actualidad.\",\"breadcrumb\":{\"@id\":\"https:\/\/aeronoticias.com.pe\/noticiero\/ultimas\/1\/un-apagon-general-dejo-a-oscuras-a-la-mitad-de-brasil\/#breadcrumb\"},\"inLanguage\":\"es\",\"potentialAction\":[{\"@type\":\"ReadAction\",\"target\":[\"https:\/\/aeronoticias.com.pe\/noticiero\/ultimas\/1\/un-apagon-general-dejo-a-oscuras-a-la-mitad-de-brasil\/\"]}]},{\"@type\":\"BreadcrumbList\",\"@id\":\"https:\/\/aeronoticias.com.pe\/noticiero\/ultimas\/1\/un-apagon-general-dejo-a-oscuras-a-la-mitad-de-brasil\/#breadcrumb\",\"itemListElement\":[{\"@type\":\"ListItem\",\"position\":1,\"name\":\"Portada\",\"item\":\"https:\/\/aeronoticias.com.pe\/noticiero\/\"},{\"@type\":\"ListItem\",\"position\":2,\"name\":\"UN APAG\u00d3N GENERAL DEJ\u00d3 A OSCURAS A LA MITAD DE BRASIL\"}]},{\"@type\":\"WebSite\",\"@id\":\"https:\/\/aeronoticias.com.pe\/noticiero\/#website\",\"url\":\"https:\/\/aeronoticias.com.pe\/noticiero\/\",\"name\":\"Aeronoticias.com.pe\",\"description\":\"Noticias de tranporte aereo, turismo, hoteles, gastronomia, actualidad, internacional\",\"potentialAction\":[{\"@type\":\"SearchAction\",\"target\":{\"@type\":\"EntryPoint\",\"urlTemplate\":\"https:\/\/aeronoticias.com.pe\/noticiero\/?s={search_term_string}\"},\"query-input\":{\"@type\":\"PropertyValueSpecification\",\"valueRequired\":true,\"valueName\":\"search_term_string\"}}],\"inLanguage\":\"es\"},{\"@type\":\"Person\",\"@id\":\"https:\/\/aeronoticias.com.pe\/noticiero\/#\/schema\/person\/fc1e5d578f4b62ba1cf7ac2bba1170a0\",\"name\":\"Redacci\u00f3n Aeronoticias\",\"url\":\"https:\/\/aeronoticias.com.pe\/noticiero\/author\/piloto\/\"}]}<\/script>\n<!-- \/ Yoast SEO plugin. -->","yoast_head_json":{"title":"UN APAG\u00d3N GENERAL DEJ\u00d3 A OSCURAS A LA MITAD DE BRASIL","description":"Portal de noticias del Per\u00fa sobre el transporte a\u00e9reo, aviaci\u00f3n, turismo, hoteleria, actualidad.","robots":{"index":"index","follow":"follow","max-snippet":"max-snippet:-1","max-image-preview":"max-image-preview:large","max-video-preview":"max-video-preview:-1"},"canonical":"https:\/\/aeronoticias.com.pe\/noticiero\/ultimas\/1\/un-apagon-general-dejo-a-oscuras-a-la-mitad-de-brasil\/","og_locale":"es_ES","og_type":"article","og_title":"UN APAG\u00d3N GENERAL DEJ\u00d3 A OSCURAS A LA MITAD DE BRASIL","og_description":"Portal de noticias del Per\u00fa sobre el transporte a\u00e9reo, aviaci\u00f3n, turismo, hoteleria, actualidad.","og_url":"https:\/\/aeronoticias.com.pe\/noticiero\/ultimas\/1\/un-apagon-general-dejo-a-oscuras-a-la-mitad-de-brasil\/","og_site_name":"Aeronoticias.com.pe","article_publisher":"https:\/\/www.facebook.com\/Aeronoticias.com.pe\/","article_published_time":"2009-11-11T14:05:06+00:00","author":"Redacci\u00f3n Aeronoticias","twitter_card":"summary_large_image","twitter_creator":"@aeronoticias","twitter_site":"@aeronoticias","twitter_misc":{"Escrito por":"Redacci\u00f3n Aeronoticias","Tiempo de lectura":"2 minutos"},"schema":{"@context":"https:\/\/schema.org","@graph":[{"@type":"WebPage","@id":"https:\/\/aeronoticias.com.pe\/noticiero\/ultimas\/1\/un-apagon-general-dejo-a-oscuras-a-la-mitad-de-brasil\/","url":"https:\/\/aeronoticias.com.pe\/noticiero\/ultimas\/1\/un-apagon-general-dejo-a-oscuras-a-la-mitad-de-brasil\/","name":"UN APAG\u00d3N GENERAL DEJ\u00d3 A OSCURAS A LA MITAD DE BRASIL","isPartOf":{"@id":"https:\/\/aeronoticias.com.pe\/noticiero\/#website"},"datePublished":"2009-11-11T14:05:06+00:00","author":{"@id":"https:\/\/aeronoticias.com.pe\/noticiero\/#\/schema\/person\/fc1e5d578f4b62ba1cf7ac2bba1170a0"},"description":"Portal de noticias del Per\u00fa sobre el transporte a\u00e9reo, aviaci\u00f3n, turismo, hoteleria, actualidad.","breadcrumb":{"@id":"https:\/\/aeronoticias.com.pe\/noticiero\/ultimas\/1\/un-apagon-general-dejo-a-oscuras-a-la-mitad-de-brasil\/#breadcrumb"},"inLanguage":"es","potentialAction":[{"@type":"ReadAction","target":["https:\/\/aeronoticias.com.pe\/noticiero\/ultimas\/1\/un-apagon-general-dejo-a-oscuras-a-la-mitad-de-brasil\/"]}]},{"@type":"BreadcrumbList","@id":"https:\/\/aeronoticias.com.pe\/noticiero\/ultimas\/1\/un-apagon-general-dejo-a-oscuras-a-la-mitad-de-brasil\/#breadcrumb","itemListElement":[{"@type":"ListItem","position":1,"name":"Portada","item":"https:\/\/aeronoticias.com.pe\/noticiero\/"},{"@type":"ListItem","position":2,"name":"UN APAG\u00d3N GENERAL DEJ\u00d3 A OSCURAS A LA MITAD DE BRASIL"}]},{"@type":"WebSite","@id":"https:\/\/aeronoticias.com.pe\/noticiero\/#website","url":"https:\/\/aeronoticias.com.pe\/noticiero\/","name":"Aeronoticias.com.pe","description":"Noticias de tranporte aereo, turismo, hoteles, gastronomia, actualidad, internacional","potentialAction":[{"@type":"SearchAction","target":{"@type":"EntryPoint","urlTemplate":"https:\/\/aeronoticias.com.pe\/noticiero\/?s={search_term_string}"},"query-input":{"@type":"PropertyValueSpecification","valueRequired":true,"valueName":"search_term_string"}}],"inLanguage":"es"},{"@type":"Person","@id":"https:\/\/aeronoticias.com.pe\/noticiero\/#\/schema\/person\/fc1e5d578f4b62ba1cf7ac2bba1170a0","name":"Redacci\u00f3n Aeronoticias","url":"https:\/\/aeronoticias.com.pe\/noticiero\/author\/piloto\/"}]}},"_links":{"self":[{"href":"https:\/\/aeronoticias.com.pe\/noticiero\/wp-json\/wp\/v2\/posts\/6693","targetHints":{"allow":["GET"]}}],"collection":[{"href":"https:\/\/aeronoticias.com.pe\/noticiero\/wp-json\/wp\/v2\/posts"}],"about":[{"href":"https:\/\/aeronoticias.com.pe\/noticiero\/wp-json\/wp\/v2\/types\/post"}],"author":[{"embeddable":true,"href":"https:\/\/aeronoticias.com.pe\/noticiero\/wp-json\/wp\/v2\/users\/1"}],"replies":[{"embeddable":true,"href":"https:\/\/aeronoticias.com.pe\/noticiero\/wp-json\/wp\/v2\/comments?post=6693"}],"version-history":[{"count":0,"href":"https:\/\/aeronoticias.com.pe\/noticiero\/wp-json\/wp\/v2\/posts\/6693\/revisions"}],"wp:attachment":[{"href":"https:\/\/aeronoticias.com.pe\/noticiero\/wp-json\/wp\/v2\/media?parent=6693"}],"wp:term":[{"taxonomy":"category","embeddable":true,"href":"https:\/\/aeronoticias.com.pe\/noticiero\/wp-json\/wp\/v2\/categories?post=6693"},{"taxonomy":"post_tag","embeddable":true,"href":"https:\/\/aeronoticias.com.pe\/noticiero\/wp-json\/wp\/v2\/tags?post=6693"}],"curies":[{"name":"wp","href":"https:\/\/api.w.org\/{rel}","templated":true}]}}