{"id":6695,"date":"2009-11-11T14:16:01","date_gmt":"2009-11-11T14:16:01","guid":{"rendered":"http:\/\/desarrollo.mcvicious.com\/aero2020\/2009\/11\/11\/zelaya-no-habra-mas-dialogo-con-micheletti\/"},"modified":"2009-11-11T14:16:01","modified_gmt":"2009-11-11T14:16:01","slug":"zelaya-no-habra-mas-dialogo-con-micheletti","status":"publish","type":"post","link":"https:\/\/aeronoticias.com.pe\/noticiero\/internacionales\/zelaya-no-habra-mas-dialogo-con-micheletti\/","title":{"rendered":"ZELAYA: NO HABR\u00c1 MAS DIALOGO CON MICHELETTI"},"content":{"rendered":"<div>\n<div style=\"text-align: justify\">Zelaya, derrocado por un golpe de Estado el 28 de junio y refugiado en la embajada de Brasil desde el 21 de septiembre, se reuni\u00f3 anoche con Craig Kelly, subsecretario adjunto de Estado Norteamericano para Am\u00e9rica Latina, luego del encuentro que \u00e9ste \u2013Zelaya- sostuvo con Micheletti.<\/div>\n<p><\/div>\n<div style=\"text-align: justify\">El depuesto presidente de Honduras comunic\u00f3 a Kelly &#8211; quien lleg\u00f3 ayer a Honduras para tratar de reactivar el Acuerdo de Tegucigalpa\/San Jos\u00e9-, que no habr\u00e1 m\u00e1s dialogo con Micheletti, declarado fracasado por el gobernante derrocado por incumplirse su restituci\u00f3n en el cargo.<\/p>\n<\/div>\n<div style=\"text-align: justify\">En el encuentro particip\u00f3 tambi\u00e9n el embajador de Estados Unidos en Honduras, Hugo Llorens, y los miembros de la comisi\u00f3n negociadora del presidente constitucional derrocado.<\/p>\n<div style=\"text-align: center\"><img decoding=\"async\" src=\"images\/stories\/09\/11\/101109\/ze%20copy.jpg\" border=\"0\" alt=\"zelaya micheletti craig google aeronoticias\" title=\"zelaya michelleti craig google aeronoticias\" \/><\/div>\n<\/div>\n<div style=\"text-align: justify\">Zelaya dijo que Kelly anda en una \u00abmisi\u00f3n de buena voluntad buscando alguna posibilidad para la reconstrucci\u00f3n de la democracia en el pa\u00eds\u00bb.\u00a0Se\u00f1al\u00f3 que el presidente de Estados Unidos, Barack Obama, y la secretaria de Estado, Hillary Clinton, se comprometieron en la Organizaci\u00f3n de Estados Americanos (OEA) y en las Naciones Unidas a apoyar la \u00abreconstrucci\u00f3n de la democracia en Honduras, que pasa por mi retorno a la presidencia\u00bb.<\/p>\n<\/div>\n<div style=\"text-align: justify\">El acuerdo fue declarado fracasado por Zelaya porque Micheletti pretendi\u00f3 el jueves \u00faltimo conformar y dirigir el Gobierno de Unidad y Reconciliaci\u00f3n Nacional sin permitir la previa restituci\u00f3n del presidente depuesto.<\/p>\n<\/div>\n<div style=\"text-align: justify\"><strong>Aeronoticias<\/strong> considera que es necesaria la instauraci\u00f3n de una pol\u00edtica de negociaci\u00f3n porque no se puede dar por cerrada esta negociaci\u00f3n por la ca\u00edda de un trato con fines oscuros, por lo que se necesita y es una obligaci\u00f3n con el pueblo Hondure\u00f1o que tanto Michelleti como Zelaya se re\u00fanan para afirmar sus posiciones y llegar a un acuerdo final.<\/div>\n<div style=\"text-align: justify\"><\/div>\n","protected":false},"excerpt":{"rendered":"<p>Zelaya, derrocado por un golpe de Estado el 28 de junio y refugiado en la embajada de Brasil desde el 21 de septiembre, se reuni\u00f3 anoche con Craig Kelly, subsecretario adjunto de Estado Norteamericano para Am\u00e9rica Latina, luego del encuentro que \u00e9ste \u2013Zelaya- sostuvo con Micheletti. El depuesto presidente de Honduras comunic\u00f3 a Kelly &#8211; [&hellip;]<\/p>\n","protected":false},"author":1,"featured_media":0,"comment_status":"open","ping_status":"open","sticky":false,"template":"","format":"standard","meta":{"tdm_status":"","tdm_grid_status":"","footnotes":""},"categories":[34],"tags":[],"class_list":{"0":"post-6695","1":"post","2":"type-post","3":"status-publish","4":"format-standard","6":"category-internacionales"},"yoast_head":"<!-- This site is optimized with the Yoast SEO plugin v25.1 - https:\/\/yoast.com\/wordpress\/plugins\/seo\/ -->\n<title>ZELAYA: NO HABR\u00c1 MAS DIALOGO CON MICHELETTI<\/title>\n<meta name=\"description\" content=\"Portal de noticias del Per\u00fa sobre el transporte a\u00e9reo, aviaci\u00f3n, turismo, hoteleria, actualidad.\" \/>\n<meta name=\"robots\" content=\"index, follow, max-snippet:-1, max-image-preview:large, max-video-preview:-1\" \/>\n<link rel=\"canonical\" href=\"https:\/\/aeronoticias.com.pe\/noticiero\/internacionales\/zelaya-no-habra-mas-dialogo-con-micheletti\/\" \/>\n<meta property=\"og:locale\" content=\"es_ES\" \/>\n<meta property=\"og:type\" content=\"article\" \/>\n<meta property=\"og:title\" content=\"ZELAYA: NO HABR\u00c1 MAS DIALOGO CON MICHELETTI\" \/>\n<meta property=\"og:description\" content=\"Portal de noticias del Per\u00fa sobre el transporte a\u00e9reo, aviaci\u00f3n, turismo, hoteleria, actualidad.\" \/>\n<meta property=\"og:url\" content=\"https:\/\/aeronoticias.com.pe\/noticiero\/internacionales\/zelaya-no-habra-mas-dialogo-con-micheletti\/\" \/>\n<meta property=\"og:site_name\" content=\"Aeronoticias.com.pe\" \/>\n<meta property=\"article:publisher\" content=\"https:\/\/www.facebook.com\/Aeronoticias.com.pe\/\" \/>\n<meta property=\"article:published_time\" content=\"2009-11-11T14:16:01+00:00\" \/>\n<meta name=\"author\" content=\"Redacci\u00f3n Aeronoticias\" \/>\n<meta name=\"twitter:card\" content=\"summary_large_image\" \/>\n<meta name=\"twitter:creator\" content=\"@aeronoticias\" \/>\n<meta name=\"twitter:site\" content=\"@aeronoticias\" \/>\n<meta name=\"twitter:label1\" content=\"Escrito por\" \/>\n\t<meta name=\"twitter:data1\" content=\"Redacci\u00f3n Aeronoticias\" \/>\n\t<meta name=\"twitter:label2\" content=\"Tiempo de lectura\" \/>\n\t<meta name=\"twitter:data2\" content=\"1 minuto\" \/>\n<script type=\"application\/ld+json\" class=\"yoast-schema-graph\">{\"@context\":\"https:\/\/schema.org\",\"@graph\":[{\"@type\":\"WebPage\",\"@id\":\"https:\/\/aeronoticias.com.pe\/noticiero\/internacionales\/zelaya-no-habra-mas-dialogo-con-micheletti\/\",\"url\":\"https:\/\/aeronoticias.com.pe\/noticiero\/internacionales\/zelaya-no-habra-mas-dialogo-con-micheletti\/\",\"name\":\"ZELAYA: NO HABR\u00c1 MAS DIALOGO CON MICHELETTI\",\"isPartOf\":{\"@id\":\"https:\/\/aeronoticias.com.pe\/noticiero\/#website\"},\"datePublished\":\"2009-11-11T14:16:01+00:00\",\"author\":{\"@id\":\"https:\/\/aeronoticias.com.pe\/noticiero\/#\/schema\/person\/fc1e5d578f4b62ba1cf7ac2bba1170a0\"},\"description\":\"Portal de noticias del Per\u00fa sobre el transporte a\u00e9reo, aviaci\u00f3n, turismo, hoteleria, actualidad.\",\"breadcrumb\":{\"@id\":\"https:\/\/aeronoticias.com.pe\/noticiero\/internacionales\/zelaya-no-habra-mas-dialogo-con-micheletti\/#breadcrumb\"},\"inLanguage\":\"es\",\"potentialAction\":[{\"@type\":\"ReadAction\",\"target\":[\"https:\/\/aeronoticias.com.pe\/noticiero\/internacionales\/zelaya-no-habra-mas-dialogo-con-micheletti\/\"]}]},{\"@type\":\"BreadcrumbList\",\"@id\":\"https:\/\/aeronoticias.com.pe\/noticiero\/internacionales\/zelaya-no-habra-mas-dialogo-con-micheletti\/#breadcrumb\",\"itemListElement\":[{\"@type\":\"ListItem\",\"position\":1,\"name\":\"Portada\",\"item\":\"https:\/\/aeronoticias.com.pe\/noticiero\/\"},{\"@type\":\"ListItem\",\"position\":2,\"name\":\"ZELAYA: NO HABR\u00c1 MAS DIALOGO CON MICHELETTI\"}]},{\"@type\":\"WebSite\",\"@id\":\"https:\/\/aeronoticias.com.pe\/noticiero\/#website\",\"url\":\"https:\/\/aeronoticias.com.pe\/noticiero\/\",\"name\":\"Aeronoticias.com.pe\",\"description\":\"Noticias de tranporte aereo, turismo, hoteles, gastronomia, actualidad, internacional\",\"potentialAction\":[{\"@type\":\"SearchAction\",\"target\":{\"@type\":\"EntryPoint\",\"urlTemplate\":\"https:\/\/aeronoticias.com.pe\/noticiero\/?s={search_term_string}\"},\"query-input\":{\"@type\":\"PropertyValueSpecification\",\"valueRequired\":true,\"valueName\":\"search_term_string\"}}],\"inLanguage\":\"es\"},{\"@type\":\"Person\",\"@id\":\"https:\/\/aeronoticias.com.pe\/noticiero\/#\/schema\/person\/fc1e5d578f4b62ba1cf7ac2bba1170a0\",\"name\":\"Redacci\u00f3n Aeronoticias\",\"url\":\"https:\/\/aeronoticias.com.pe\/noticiero\/author\/piloto\/\"}]}<\/script>\n<!-- \/ Yoast SEO plugin. -->","yoast_head_json":{"title":"ZELAYA: NO HABR\u00c1 MAS DIALOGO CON MICHELETTI","description":"Portal de noticias del Per\u00fa sobre el transporte a\u00e9reo, aviaci\u00f3n, turismo, hoteleria, actualidad.","robots":{"index":"index","follow":"follow","max-snippet":"max-snippet:-1","max-image-preview":"max-image-preview:large","max-video-preview":"max-video-preview:-1"},"canonical":"https:\/\/aeronoticias.com.pe\/noticiero\/internacionales\/zelaya-no-habra-mas-dialogo-con-micheletti\/","og_locale":"es_ES","og_type":"article","og_title":"ZELAYA: NO HABR\u00c1 MAS DIALOGO CON MICHELETTI","og_description":"Portal de noticias del Per\u00fa sobre el transporte a\u00e9reo, aviaci\u00f3n, turismo, hoteleria, actualidad.","og_url":"https:\/\/aeronoticias.com.pe\/noticiero\/internacionales\/zelaya-no-habra-mas-dialogo-con-micheletti\/","og_site_name":"Aeronoticias.com.pe","article_publisher":"https:\/\/www.facebook.com\/Aeronoticias.com.pe\/","article_published_time":"2009-11-11T14:16:01+00:00","author":"Redacci\u00f3n Aeronoticias","twitter_card":"summary_large_image","twitter_creator":"@aeronoticias","twitter_site":"@aeronoticias","twitter_misc":{"Escrito por":"Redacci\u00f3n Aeronoticias","Tiempo de lectura":"1 minuto"},"schema":{"@context":"https:\/\/schema.org","@graph":[{"@type":"WebPage","@id":"https:\/\/aeronoticias.com.pe\/noticiero\/internacionales\/zelaya-no-habra-mas-dialogo-con-micheletti\/","url":"https:\/\/aeronoticias.com.pe\/noticiero\/internacionales\/zelaya-no-habra-mas-dialogo-con-micheletti\/","name":"ZELAYA: NO HABR\u00c1 MAS DIALOGO CON MICHELETTI","isPartOf":{"@id":"https:\/\/aeronoticias.com.pe\/noticiero\/#website"},"datePublished":"2009-11-11T14:16:01+00:00","author":{"@id":"https:\/\/aeronoticias.com.pe\/noticiero\/#\/schema\/person\/fc1e5d578f4b62ba1cf7ac2bba1170a0"},"description":"Portal de noticias del Per\u00fa sobre el transporte a\u00e9reo, aviaci\u00f3n, turismo, hoteleria, actualidad.","breadcrumb":{"@id":"https:\/\/aeronoticias.com.pe\/noticiero\/internacionales\/zelaya-no-habra-mas-dialogo-con-micheletti\/#breadcrumb"},"inLanguage":"es","potentialAction":[{"@type":"ReadAction","target":["https:\/\/aeronoticias.com.pe\/noticiero\/internacionales\/zelaya-no-habra-mas-dialogo-con-micheletti\/"]}]},{"@type":"BreadcrumbList","@id":"https:\/\/aeronoticias.com.pe\/noticiero\/internacionales\/zelaya-no-habra-mas-dialogo-con-micheletti\/#breadcrumb","itemListElement":[{"@type":"ListItem","position":1,"name":"Portada","item":"https:\/\/aeronoticias.com.pe\/noticiero\/"},{"@type":"ListItem","position":2,"name":"ZELAYA: NO HABR\u00c1 MAS DIALOGO CON MICHELETTI"}]},{"@type":"WebSite","@id":"https:\/\/aeronoticias.com.pe\/noticiero\/#website","url":"https:\/\/aeronoticias.com.pe\/noticiero\/","name":"Aeronoticias.com.pe","description":"Noticias de tranporte aereo, turismo, hoteles, gastronomia, actualidad, internacional","potentialAction":[{"@type":"SearchAction","target":{"@type":"EntryPoint","urlTemplate":"https:\/\/aeronoticias.com.pe\/noticiero\/?s={search_term_string}"},"query-input":{"@type":"PropertyValueSpecification","valueRequired":true,"valueName":"search_term_string"}}],"inLanguage":"es"},{"@type":"Person","@id":"https:\/\/aeronoticias.com.pe\/noticiero\/#\/schema\/person\/fc1e5d578f4b62ba1cf7ac2bba1170a0","name":"Redacci\u00f3n Aeronoticias","url":"https:\/\/aeronoticias.com.pe\/noticiero\/author\/piloto\/"}]}},"_links":{"self":[{"href":"https:\/\/aeronoticias.com.pe\/noticiero\/wp-json\/wp\/v2\/posts\/6695","targetHints":{"allow":["GET"]}}],"collection":[{"href":"https:\/\/aeronoticias.com.pe\/noticiero\/wp-json\/wp\/v2\/posts"}],"about":[{"href":"https:\/\/aeronoticias.com.pe\/noticiero\/wp-json\/wp\/v2\/types\/post"}],"author":[{"embeddable":true,"href":"https:\/\/aeronoticias.com.pe\/noticiero\/wp-json\/wp\/v2\/users\/1"}],"replies":[{"embeddable":true,"href":"https:\/\/aeronoticias.com.pe\/noticiero\/wp-json\/wp\/v2\/comments?post=6695"}],"version-history":[{"count":0,"href":"https:\/\/aeronoticias.com.pe\/noticiero\/wp-json\/wp\/v2\/posts\/6695\/revisions"}],"wp:attachment":[{"href":"https:\/\/aeronoticias.com.pe\/noticiero\/wp-json\/wp\/v2\/media?parent=6695"}],"wp:term":[{"taxonomy":"category","embeddable":true,"href":"https:\/\/aeronoticias.com.pe\/noticiero\/wp-json\/wp\/v2\/categories?post=6695"},{"taxonomy":"post_tag","embeddable":true,"href":"https:\/\/aeronoticias.com.pe\/noticiero\/wp-json\/wp\/v2\/tags?post=6695"}],"curies":[{"name":"wp","href":"https:\/\/api.w.org\/{rel}","templated":true}]}}