{"id":6696,"date":"2009-11-11T14:28:09","date_gmt":"2009-11-11T14:28:09","guid":{"rendered":"http:\/\/desarrollo.mcvicious.com\/aero2020\/2009\/11\/11\/irak-busca-su-lugar-en-el-mapa-del-turismo-mundial\/"},"modified":"2009-11-11T14:28:09","modified_gmt":"2009-11-11T14:28:09","slug":"irak-busca-su-lugar-en-el-mapa-del-turismo-mundial","status":"publish","type":"post","link":"https:\/\/aeronoticias.com.pe\/noticiero\/turismo\/13\/irak-busca-su-lugar-en-el-mapa-del-turismo-mundial\/","title":{"rendered":"IRAK BUSCA SU LUGAR EN EL MAPA DEL TURISMO MUNDIAL"},"content":{"rendered":"<div align=\"justify\">El convulsionado y ocupado militarmente por Estados Unidos Irak quiere volver a ser una meta de vacaciones y as\u00ed lo har\u00e1 saber en el Mercado Mundial del Turismo de Londres, una de las principales citas para los profesionales del sector a la que volver\u00e1 esta semana tras diez a\u00f1os de ausencia del panorama del turismo mundial.<\/p>\n<p>Tras un decenio de ausencia de las ferias internacionales del sector tur\u00edstico, una delegaci\u00f3n dirigida por Hammud al Yaqubi, el presidente del Comit\u00e9 de Turismo Iraqu\u00ed, viajar\u00e1 a Londres para participar en el World Travel Market (WTM), el gran escaparate del turismo mundial abierto hasta el jueves en la capital brit\u00e1nica.<\/p>\n<p>\u00abEs nuestra primera participaci\u00f3n en una feria tur\u00edstica en Europa desde hace m\u00e1s de un decenio\u00bb, reconoce con satisfacci\u00f3n Hasan Al-Fayadh, responsable de comunicaci\u00f3n de la delegaci\u00f3n, contactado telef\u00f3nicamente por la AFP en Jordania, donde se encontraba retenido el martes por problemas de visados.<\/p>\n<div style=\"text-align: center\"><img decoding=\"async\" src=\"images\/stories\/09\/11\/101109\/irakturism.jpg\" border=\"0\" alt=\"irakturismo\" title=\"irakturismo\" \/><\/div>\n<p>Indic\u00f3 adem\u00e1s \u00abIrak ya es un destino conocido del turismo religioso para los musulmanes de los pa\u00edses vecinos como Ir\u00e1n, Pakist\u00e1n, Bahrein o India\u00bb.<\/p>\n<p>\u00abPero nuestra estrategia ahora es atraer a los turistas de Europa, Am\u00e9rica y Asia, dado que la situaci\u00f3n de la seguridad en el pa\u00eds ha mejorado\u00bb, explica.<\/p>\n<p>Si se cree al responsable iraqu\u00ed, pese a que los atentados suicidas siguen siendo portada de los diarios mundiales, las zonas peligrosas del pa\u00eds se reducen ahora ya a \u00abunos pocos bolsones\u00bb y los turistas pueden acceder a numerosos lugares, sobre todo en la provincia aut\u00f3noma del Kurdist\u00e1n, al noreste del pa\u00eds, donde la seguridad \u00abes muy buena\u00bb.<\/p>\n<p>Al-Fayadh enumera los numerosos tesoros tur\u00edsticos de Irak, empezando por las excavaciones arqueol\u00f3gicas de Mesopotamia, ese \u00abpa\u00eds de los dos r\u00edos\u00bb (el Tigris y el Eufrates) en la que destacan Ur y Babilonia y tambi\u00e9n considerada \u00abla cuna de la civilizaci\u00f3n\u00bb.<\/p>\n<p>Pero tampoco hay que desde\u00f1ar las maravillosas mezquitas y ciertas iglesias cristianas presentes en el territorio iraqu\u00ed, que se encuentran entre las m\u00e1s antiguas del mundo.<br \/>Adem\u00e1s, Irak ofrece una gran diversidad cultural, sobre todo en el Kurdist\u00e1n, donde se mezclan las influencias kurdas, turcomanas y \u00e1rabes.<\/p>\n<p>Respecto a las infraestructuras de acogida, Irak sufre un enorme retraso tras a\u00f1os de guerra y violencia.<\/p>\n<p>En este sentido, su delegaci\u00f3n oficial espera encontrar en Londres socios dispuestos a invertir en la hoteler\u00eda, pues reconoce que los 784 establecimientos actualmente existentes en el pa\u00eds se hallan en un estado lamentable.<\/p>\n<p>En cuanto a los transportes, los aeropuertos iraqu\u00edes ofrecen por el momento muy pocos vuelos directos fuera de Oriente Medio. Pero, como subraya Al-Fayadh, la compa\u00f1\u00eda de bandera Iraki Airways tiene previsto iniciar en noviembre conexiones con Londres. Asimismo, la aerol\u00ednea brit\u00e1nica British Airways quiere poner en marcha en 2010 la conexi\u00f3n Londres-Bagdad.<\/p>\n<p>Por el momento, ciertos turoperadores occidentales se han atrevido a dar un primer paso. Algunos se aventuran ya regularmente a organizar viajes al Kurdist\u00e1n e incluso un operador brit\u00e1nico -por el momento la \u00fanica en Europa- ofrece desde este a\u00f1o circuitos en el resto del pa\u00eds.<\/p>\n<p>El &#8216;valiente&#8217; es Hinterland Travel, que se describe como un especialista en \u00abviajes de aventura\u00bb y cuya lista de destinos es como el cat\u00e1logo de las zonas que los gobiernos occidentales desaconsejan, tales como Afganist\u00e1n, Cachemira, Pakist\u00e1n o Birmania.<\/p>\n<p>Tras haber suspendido sus viajes a Irak de 2004 a 2008, el turoperador brit\u00e1nico se enorgullece de haber vuelto al pa\u00eds de los dos r\u00edos la pasada primavera y haber organizado ya cuatro circuitos, con tanto de gu\u00eda tur\u00edstica regalada a los aguerridos participantes bajo el t\u00edtulo de \u00abIrak, aqu\u00ed y ahora\u00bb.<br \/><strong><br \/>Aeronoticias<\/strong> considera que se debe recuperar el principio del derecho internacional de soberan\u00eda y autonom\u00eda de la voluntad de los pueblos para elegir su propio destino y dentro de este contexto Estados Unidos debe retirarse de Irak y dejar a ese pueblo tomando sus decisiones para que democr\u00e1ticamente pueda regir su destino, encontrar la paz y proyectarse en todos los sectores, especialmente en el turismo que a futuro deber\u00eda mirar con optimismo a un pa\u00eds que ha sufrido el trauma hist\u00f3rico del terrorismo, la ocupaci\u00f3n y la guerra interna.<\/div>\n","protected":false},"excerpt":{"rendered":"<p>El convulsionado y ocupado militarmente por Estados Unidos Irak quiere volver a ser una meta de vacaciones y as\u00ed lo har\u00e1 saber en el Mercado Mundial del Turismo de Londres, una de las principales citas para los profesionales del sector a la que volver\u00e1 esta semana tras diez a\u00f1os de ausencia del panorama del turismo [&hellip;]<\/p>\n","protected":false},"author":1,"featured_media":0,"comment_status":"open","ping_status":"open","sticky":false,"template":"","format":"standard","meta":{"tdm_status":"","tdm_grid_status":"","footnotes":""},"categories":[31],"tags":[],"class_list":{"0":"post-6696","1":"post","2":"type-post","3":"status-publish","4":"format-standard","6":"category-31"},"yoast_head":"<!-- This site is optimized with the Yoast SEO plugin v25.1 - https:\/\/yoast.com\/wordpress\/plugins\/seo\/ -->\n<title>IRAK BUSCA SU LUGAR EN EL MAPA DEL TURISMO MUNDIAL<\/title>\n<meta name=\"description\" content=\"Portal de noticias del Per\u00fa sobre el transporte a\u00e9reo, aviaci\u00f3n, turismo, hoteleria, actualidad.\" \/>\n<meta name=\"robots\" content=\"index, follow, max-snippet:-1, max-image-preview:large, max-video-preview:-1\" \/>\n<link rel=\"canonical\" href=\"https:\/\/aeronoticias.com.pe\/noticiero\/turismo\/13\/irak-busca-su-lugar-en-el-mapa-del-turismo-mundial\/\" \/>\n<meta property=\"og:locale\" content=\"es_ES\" \/>\n<meta property=\"og:type\" content=\"article\" \/>\n<meta property=\"og:title\" content=\"IRAK BUSCA SU LUGAR EN EL MAPA DEL TURISMO MUNDIAL\" \/>\n<meta property=\"og:description\" content=\"Portal de noticias del Per\u00fa sobre el transporte a\u00e9reo, aviaci\u00f3n, turismo, hoteleria, actualidad.\" \/>\n<meta property=\"og:url\" content=\"https:\/\/aeronoticias.com.pe\/noticiero\/turismo\/13\/irak-busca-su-lugar-en-el-mapa-del-turismo-mundial\/\" \/>\n<meta property=\"og:site_name\" content=\"Aeronoticias.com.pe\" \/>\n<meta property=\"article:publisher\" content=\"https:\/\/www.facebook.com\/Aeronoticias.com.pe\/\" \/>\n<meta property=\"article:published_time\" content=\"2009-11-11T14:28:09+00:00\" \/>\n<meta name=\"author\" content=\"Redacci\u00f3n Aeronoticias\" \/>\n<meta name=\"twitter:card\" content=\"summary_large_image\" \/>\n<meta name=\"twitter:creator\" content=\"@aeronoticias\" \/>\n<meta name=\"twitter:site\" content=\"@aeronoticias\" \/>\n<meta name=\"twitter:label1\" content=\"Escrito por\" \/>\n\t<meta name=\"twitter:data1\" content=\"Redacci\u00f3n Aeronoticias\" \/>\n\t<meta name=\"twitter:label2\" content=\"Tiempo de lectura\" \/>\n\t<meta name=\"twitter:data2\" content=\"4 minutos\" \/>\n<script type=\"application\/ld+json\" class=\"yoast-schema-graph\">{\"@context\":\"https:\/\/schema.org\",\"@graph\":[{\"@type\":\"WebPage\",\"@id\":\"https:\/\/aeronoticias.com.pe\/noticiero\/turismo\/13\/irak-busca-su-lugar-en-el-mapa-del-turismo-mundial\/\",\"url\":\"https:\/\/aeronoticias.com.pe\/noticiero\/turismo\/13\/irak-busca-su-lugar-en-el-mapa-del-turismo-mundial\/\",\"name\":\"IRAK BUSCA SU LUGAR EN EL MAPA DEL TURISMO MUNDIAL\",\"isPartOf\":{\"@id\":\"https:\/\/aeronoticias.com.pe\/noticiero\/#website\"},\"datePublished\":\"2009-11-11T14:28:09+00:00\",\"author\":{\"@id\":\"https:\/\/aeronoticias.com.pe\/noticiero\/#\/schema\/person\/fc1e5d578f4b62ba1cf7ac2bba1170a0\"},\"description\":\"Portal de noticias del Per\u00fa sobre el transporte a\u00e9reo, aviaci\u00f3n, turismo, hoteleria, actualidad.\",\"breadcrumb\":{\"@id\":\"https:\/\/aeronoticias.com.pe\/noticiero\/turismo\/13\/irak-busca-su-lugar-en-el-mapa-del-turismo-mundial\/#breadcrumb\"},\"inLanguage\":\"es\",\"potentialAction\":[{\"@type\":\"ReadAction\",\"target\":[\"https:\/\/aeronoticias.com.pe\/noticiero\/turismo\/13\/irak-busca-su-lugar-en-el-mapa-del-turismo-mundial\/\"]}]},{\"@type\":\"BreadcrumbList\",\"@id\":\"https:\/\/aeronoticias.com.pe\/noticiero\/turismo\/13\/irak-busca-su-lugar-en-el-mapa-del-turismo-mundial\/#breadcrumb\",\"itemListElement\":[{\"@type\":\"ListItem\",\"position\":1,\"name\":\"Portada\",\"item\":\"https:\/\/aeronoticias.com.pe\/noticiero\/\"},{\"@type\":\"ListItem\",\"position\":2,\"name\":\"IRAK BUSCA SU LUGAR EN EL MAPA DEL TURISMO MUNDIAL\"}]},{\"@type\":\"WebSite\",\"@id\":\"https:\/\/aeronoticias.com.pe\/noticiero\/#website\",\"url\":\"https:\/\/aeronoticias.com.pe\/noticiero\/\",\"name\":\"Aeronoticias.com.pe\",\"description\":\"Noticias de tranporte aereo, turismo, hoteles, gastronomia, actualidad, internacional\",\"potentialAction\":[{\"@type\":\"SearchAction\",\"target\":{\"@type\":\"EntryPoint\",\"urlTemplate\":\"https:\/\/aeronoticias.com.pe\/noticiero\/?s={search_term_string}\"},\"query-input\":{\"@type\":\"PropertyValueSpecification\",\"valueRequired\":true,\"valueName\":\"search_term_string\"}}],\"inLanguage\":\"es\"},{\"@type\":\"Person\",\"@id\":\"https:\/\/aeronoticias.com.pe\/noticiero\/#\/schema\/person\/fc1e5d578f4b62ba1cf7ac2bba1170a0\",\"name\":\"Redacci\u00f3n Aeronoticias\",\"url\":\"https:\/\/aeronoticias.com.pe\/noticiero\/author\/piloto\/\"}]}<\/script>\n<!-- \/ Yoast SEO plugin. -->","yoast_head_json":{"title":"IRAK BUSCA SU LUGAR EN EL MAPA DEL TURISMO MUNDIAL","description":"Portal de noticias del Per\u00fa sobre el transporte a\u00e9reo, aviaci\u00f3n, turismo, hoteleria, actualidad.","robots":{"index":"index","follow":"follow","max-snippet":"max-snippet:-1","max-image-preview":"max-image-preview:large","max-video-preview":"max-video-preview:-1"},"canonical":"https:\/\/aeronoticias.com.pe\/noticiero\/turismo\/13\/irak-busca-su-lugar-en-el-mapa-del-turismo-mundial\/","og_locale":"es_ES","og_type":"article","og_title":"IRAK BUSCA SU LUGAR EN EL MAPA DEL TURISMO MUNDIAL","og_description":"Portal de noticias del Per\u00fa sobre el transporte a\u00e9reo, aviaci\u00f3n, turismo, hoteleria, actualidad.","og_url":"https:\/\/aeronoticias.com.pe\/noticiero\/turismo\/13\/irak-busca-su-lugar-en-el-mapa-del-turismo-mundial\/","og_site_name":"Aeronoticias.com.pe","article_publisher":"https:\/\/www.facebook.com\/Aeronoticias.com.pe\/","article_published_time":"2009-11-11T14:28:09+00:00","author":"Redacci\u00f3n Aeronoticias","twitter_card":"summary_large_image","twitter_creator":"@aeronoticias","twitter_site":"@aeronoticias","twitter_misc":{"Escrito por":"Redacci\u00f3n Aeronoticias","Tiempo de lectura":"4 minutos"},"schema":{"@context":"https:\/\/schema.org","@graph":[{"@type":"WebPage","@id":"https:\/\/aeronoticias.com.pe\/noticiero\/turismo\/13\/irak-busca-su-lugar-en-el-mapa-del-turismo-mundial\/","url":"https:\/\/aeronoticias.com.pe\/noticiero\/turismo\/13\/irak-busca-su-lugar-en-el-mapa-del-turismo-mundial\/","name":"IRAK BUSCA SU LUGAR EN EL MAPA DEL TURISMO MUNDIAL","isPartOf":{"@id":"https:\/\/aeronoticias.com.pe\/noticiero\/#website"},"datePublished":"2009-11-11T14:28:09+00:00","author":{"@id":"https:\/\/aeronoticias.com.pe\/noticiero\/#\/schema\/person\/fc1e5d578f4b62ba1cf7ac2bba1170a0"},"description":"Portal de noticias del Per\u00fa sobre el transporte a\u00e9reo, aviaci\u00f3n, turismo, hoteleria, actualidad.","breadcrumb":{"@id":"https:\/\/aeronoticias.com.pe\/noticiero\/turismo\/13\/irak-busca-su-lugar-en-el-mapa-del-turismo-mundial\/#breadcrumb"},"inLanguage":"es","potentialAction":[{"@type":"ReadAction","target":["https:\/\/aeronoticias.com.pe\/noticiero\/turismo\/13\/irak-busca-su-lugar-en-el-mapa-del-turismo-mundial\/"]}]},{"@type":"BreadcrumbList","@id":"https:\/\/aeronoticias.com.pe\/noticiero\/turismo\/13\/irak-busca-su-lugar-en-el-mapa-del-turismo-mundial\/#breadcrumb","itemListElement":[{"@type":"ListItem","position":1,"name":"Portada","item":"https:\/\/aeronoticias.com.pe\/noticiero\/"},{"@type":"ListItem","position":2,"name":"IRAK BUSCA SU LUGAR EN EL MAPA DEL TURISMO MUNDIAL"}]},{"@type":"WebSite","@id":"https:\/\/aeronoticias.com.pe\/noticiero\/#website","url":"https:\/\/aeronoticias.com.pe\/noticiero\/","name":"Aeronoticias.com.pe","description":"Noticias de tranporte aereo, turismo, hoteles, gastronomia, actualidad, internacional","potentialAction":[{"@type":"SearchAction","target":{"@type":"EntryPoint","urlTemplate":"https:\/\/aeronoticias.com.pe\/noticiero\/?s={search_term_string}"},"query-input":{"@type":"PropertyValueSpecification","valueRequired":true,"valueName":"search_term_string"}}],"inLanguage":"es"},{"@type":"Person","@id":"https:\/\/aeronoticias.com.pe\/noticiero\/#\/schema\/person\/fc1e5d578f4b62ba1cf7ac2bba1170a0","name":"Redacci\u00f3n Aeronoticias","url":"https:\/\/aeronoticias.com.pe\/noticiero\/author\/piloto\/"}]}},"_links":{"self":[{"href":"https:\/\/aeronoticias.com.pe\/noticiero\/wp-json\/wp\/v2\/posts\/6696","targetHints":{"allow":["GET"]}}],"collection":[{"href":"https:\/\/aeronoticias.com.pe\/noticiero\/wp-json\/wp\/v2\/posts"}],"about":[{"href":"https:\/\/aeronoticias.com.pe\/noticiero\/wp-json\/wp\/v2\/types\/post"}],"author":[{"embeddable":true,"href":"https:\/\/aeronoticias.com.pe\/noticiero\/wp-json\/wp\/v2\/users\/1"}],"replies":[{"embeddable":true,"href":"https:\/\/aeronoticias.com.pe\/noticiero\/wp-json\/wp\/v2\/comments?post=6696"}],"version-history":[{"count":0,"href":"https:\/\/aeronoticias.com.pe\/noticiero\/wp-json\/wp\/v2\/posts\/6696\/revisions"}],"wp:attachment":[{"href":"https:\/\/aeronoticias.com.pe\/noticiero\/wp-json\/wp\/v2\/media?parent=6696"}],"wp:term":[{"taxonomy":"category","embeddable":true,"href":"https:\/\/aeronoticias.com.pe\/noticiero\/wp-json\/wp\/v2\/categories?post=6696"},{"taxonomy":"post_tag","embeddable":true,"href":"https:\/\/aeronoticias.com.pe\/noticiero\/wp-json\/wp\/v2\/tags?post=6696"}],"curies":[{"name":"wp","href":"https:\/\/api.w.org\/{rel}","templated":true}]}}