{"id":67002,"date":"2020-11-27T06:38:00","date_gmt":"2020-11-27T11:38:00","guid":{"rendered":"https:\/\/aeronoticias.com.pe\/noticiero\/?p=67002"},"modified":"2020-11-27T06:38:25","modified_gmt":"2020-11-27T11:38:25","slug":"la-ultima-idiotez-de-augusto-alvarez-rodrich-por-deficit-de-aprendizaje-periodistico-habla-de-temas-que-no-sabe-defendiendo-a-latam","status":"publish","type":"post","link":"https:\/\/aeronoticias.com.pe\/noticiero\/ultimas\/la-ultima-idiotez-de-augusto-alvarez-rodrich-por-deficit-de-aprendizaje-periodistico-habla-de-temas-que-no-sabe-defendiendo-a-latam\/","title":{"rendered":"La \u00faltima idiotez de Augusto \u00c1lvarez Rodrich: por d\u00e9ficit de aprendizaje period\u00edstico habla de temas que no sabe defendiendo a LATAM"},"content":{"rendered":"\n<p><strong><em>Por: Raymundo Hurtado Mart\u00ednez<\/em><\/strong><\/p>\n\n\n\n<p><strong>(Aerohoticias)<\/strong> Que encanto de gente este se\u00f1or Augusto \u00c1lvarez Rodrich, en el Diario La Rep\u00fablica el d\u00eda de hoy jueves 26 de noviembre del 2020, p\u00e1gina. 9 <a href=\"https:\/\/larepublica.pe\/opinion\/2020\/11\/26\/que-encanto-de-gente-la-constituyente-por-augusto-alvarez-rodrich\/\" target=\"_blank\" rel=\"noreferrer noopener\">\u00a1Qu\u00e9 encanto de gente!, la Constituyente<\/a>, en donde critica al Congreso de la Rep\u00fablica sobre una supuesta aerol\u00ednea estatal de bandera y su extraordinaria preparaci\u00f3n acad\u00e9mica, no sabemos en qu\u00e9, sustenta la p\u00e9rdida de las aerol\u00edneas en el 2020 y 2021.<\/p>\n\n\n\n<p>Dice faltando a la verdad y repitiendo los argumentos del monopolio de LATAM en el espacio a\u00e9reo peruano, que no existir\u00eda estudio t\u00e9cnico en la iniciativa, lo cual no es verdad, existe el Libro <a href=\"https:\/\/es.scribd.com\/doc\/192155127\/Linea-Aerea-de-Bandera\" target=\"_blank\" rel=\"noreferrer noopener\">\u00abL\u00ednea A\u00e9rea de Bandera de bajo costo\u00bb <\/a>(480 p\u00e1ginas) del Jurista<a href=\"https:\/\/es.wikipedia.org\/wiki\/Juli%C3%A1n_Palac%C3%ADn_Fern%C3%A1ndez\" target=\"_blank\" rel=\"noreferrer noopener\"> Juli\u00e1n Palacin Fern\u00e1ndez<\/a>, que en 300 cuadros econ\u00f3micos-financieros y t\u00e9cnicos con planificaci\u00f3n de rutas y tarifas low-cost con proyecciones estad\u00edsticas sustenta el Proyecto de Ley y el Predictamen, que es jur\u00eddicamente un lujo acad\u00e9mico y jur\u00eddico para este pa\u00eds. <\/p>\n\n\n\n<p>Lo que no dice el defensor de los intereses monop\u00f3licos de Chile en el espacio a\u00e9reo peruano, el se\u00f1or Augusto \u00c1lvarez Rodrich, es que LATAM usufructu\u00f3 el 90% de las rutas a\u00e9reas internacionales del Per\u00fa en cuasi monopolio en los \u00faltimos 20 a\u00f1os sin invertir en el pa\u00eds igual que AVIANCA, que se fue del pa\u00eds y no dej\u00f3 ni un escritorio para embargar.<\/p>\n\n\n\n<figure class=\"wp-block-gallery columns-1 is-cropped wp-block-gallery-1 is-layout-flex wp-block-gallery-is-layout-flex\"><ul class=\"blocks-gallery-grid\"><li class=\"blocks-gallery-item\"><figure><img loading=\"lazy\" decoding=\"async\" width=\"619\" height=\"347\" src=\"https:\/\/aeronoticias.com.pe\/noticiero\/wp-content\/uploads\/2020\/11\/alvarezrodrich.jpg\" alt=\"\" data-id=\"67018\" data-full-url=\"https:\/\/aeronoticias.com.pe\/noticiero\/wp-content\/uploads\/2020\/11\/alvarezrodrich.jpg\" data-link=\"https:\/\/aeronoticias.com.pe\/noticiero\/?attachment_id=67018\" class=\"wp-image-67018\" srcset=\"https:\/\/aeronoticias.com.pe\/noticiero\/wp-content\/uploads\/2020\/11\/alvarezrodrich.jpg 619w, https:\/\/aeronoticias.com.pe\/noticiero\/wp-content\/uploads\/2020\/11\/alvarezrodrich-300x168.jpg 300w, https:\/\/aeronoticias.com.pe\/noticiero\/wp-content\/uploads\/2020\/11\/alvarezrodrich-150x84.jpg 150w\" sizes=\"auto, (max-width: 619px) 100vw, 619px\" \/><figcaption class=\"blocks-gallery-item__caption\">Fuente: Tiempo26.com<\/figcaption><\/figure><\/li><\/ul><\/figure>\n\n\n\n<p>La Asociaci\u00f3n P\u00fablico-Privada (APP) L\u00ednea A\u00e9rea de Bandera de bajo costo, que plantea el Proyecto de Ley que critica Augusto \u00c1lvarez Rodrich, tendr\u00e1 un 80% de capital privado y ser\u00e1 manejada por este sector y no hay inversi\u00f3n ni gasto p\u00fablico del Estado, quien no asumir\u00e1 contingencias econ\u00f3micas y se quedar\u00e1 con el 20% como contraprestaci\u00f3n de los derechos que otorga y para opinar hay que leer, no sabemos que grado de comprensi\u00f3n de lectura aeron\u00e1utica, jur\u00eddica y constitucional tenga el se\u00f1or \u00c1lvarez, pero lo que si sabemos quien es el Consultor Jur\u00eddico del Proyecto de Ley y del Dictamen 6153-2020-CR y se trata de Juli\u00e1n Palacin Fern\u00e1ndez, quien es el Abogado N\u00ba 1 en la especialidad en el Per\u00fa y si hay alguien que quiera debatir con \u00e9l que levante la mano, pero que no agreda ni menosprecie, porque de pachotadas ya suficiente tenemos con el periodismo que hace este se\u00f1or Augusto \u00c1lvarez Rodrich, siempre a favor de empresas privadas, en este caso LATAM y jam\u00e1s defendiendo la Soberan\u00eda a\u00e9rea del Per\u00fa y los derechos que si defiende el Dictamen de la Comisi\u00f3n de Transportes del Congreso de honorables Congresistas que en el costo-beneficio, plantean que los 5 mil millones de d\u00f3lares que produce nuestro espacio a\u00e9reo anualmente se inviertan en el Per\u00fa y no en Chile, pero claro, Don \u00c1lvarez no conoce de estos temas.<\/p>\n\n\n\n<p>LATAM, que es la defendida entre l\u00edneas por Augusto \u00c1lvarez Rodrich, no ha invertido en 20 a\u00f1os en el Per\u00fa luego de facturar a nivel internacional m\u00e1s de 50 mil millones de d\u00f3lares, que en un gran porcentaje son el mercado aerocomercial peruano y no hay una sola aeronave de nacionalidad y matr\u00edcula peruana, es decir, no hay inversi\u00f3n y para mantener el monopolio chileno en el espacio a\u00e9reo hay \u00absonsos\u00bb \u00fatiles o al servicio de los intereses privados de LATAM que se suman a la campa\u00f1a contra un Proyecto de Ley dictaminado que enaltece el honor del Congreso y de los Congresistas que lo promueven y que prueban quienes defienden la Soberan\u00eda del Per\u00fa y quienes son los traidores.<\/p>\n\n\n\n<p><a href=\"https:\/\/tiempo26.com\/augusto-alvarez-rodrich\/\" target=\"_blank\" rel=\"noreferrer noopener\">\u00bfDe d\u00f3nde salieron los US$ 259 mil que Odebrecht don\u00f3 a IPYS en la gesti\u00f3n de Augusto \u00c1lvarez Rodrich?<\/a><\/p>\n\n\n\n<p><a href=\"http:\/\/Diario El Comercio defendiendo a la chilena LATAM, se opone a Proyecto de Ley que crea la L\u00ednea A\u00e9rea de Bandera de bajo costo del Per\u00fa\" target=\"_blank\" rel=\"noreferrer noopener\">Diario El Comercio defendiendo a la chilena LATAM, se opone a Proyecto de Ley que crea la L\u00ednea A\u00e9rea de Bandera de bajo costo del Per\u00fa<\/a><\/p>\n\n\n\n<p><a href=\"https:\/\/aeronoticias.com.pe\/noticiero\/wp-content\/uploads\/2020\/11\/CARTA-NOTARIAL-AETAI-23NOV20.pdf\" target=\"_blank\" rel=\"noreferrer noopener\">VER CARTA NOTARIAL DE LA APEA A LA AETAI<\/a><\/p>\n\n\n\n<p><a href=\"https:\/\/aeronoticias.com.pe\/noticiero\/diario-chileno-se-suma-a-desesperados-defensores-de-latam-ante-avance-de-proyecto-de-linea-de-bandera-del-peru\/\" target=\"_blank\" rel=\"noreferrer noopener\">Diario chileno se suma a desesperados defensores de LATAM ante avance de proyecto de L\u00ednea de Bandera del Per\u00fa<\/a><\/p>\n\n\n\n<p><a href=\"https:\/\/aeronoticias.com.pe\/noticiero\/diario-gestion-en-defensa-de-latam-distorsiona-la-verdad-oponiendose-a-la-linea-aerea-de-bandera-de-bajo-costo-del-peru\/\" target=\"_blank\" rel=\"noreferrer noopener\">Diario Gesti\u00f3n en defensa de LATAM distorsiona la verdad oponi\u00e9ndose a la L\u00ednea A\u00e9rea de Bandera de bajo costo del Per\u00fa<\/a><\/p>\n\n\n\n<p><a href=\"https:\/\/aeronoticias.com.pe\/noticiero\/comex-defendiendo-a-latam-se-opone-al-proyecto-de-ley-de-la-linea-aerea-de-bandera-de-bajo-costo-del-peru\/\" target=\"_blank\" rel=\"noreferrer noopener\">Comex, defendiendo a LATAM, se opone al Proyecto de Ley de la L\u00ednea A\u00e9rea de Bandera de bajo costo del Per\u00fa<\/a><\/p>\n\n\n\n<p><a href=\"https:\/\/aeronoticias.com.pe\/noticiero\/apea-emplaza-a-aetai-latam-por-pretender-intervenir-en-asuntos-internos-del-peru-oponiendose-a-la-linea-aerea-de-bandera\/\" target=\"_blank\" rel=\"noreferrer noopener\">APEA emplaza a AETAI-LATAM por pretender intervenir en asuntos internos del Per\u00fa oponi\u00e9ndose a la L\u00ednea A\u00e9rea de Bandera<\/a><\/p>\n\n\n\n<p><a href=\"https:\/\/aeronoticias.com.pe\/noticiero\/latam-aetai-se-oponen-a-que-el-peru-apruebe-el-proyecto-de-ley-6153-2020-que-crea-la-linea-aerea-de-bandera-de-bajo-costo-del-peru\/\" target=\"_blank\" rel=\"noreferrer noopener\">LATAM-AETAI se oponen a que el Per\u00fa apruebe el Proyecto de Ley 6153-2020 que crea la L\u00ednea A\u00e9rea de Bandera de bajo costo del Per\u00fa<\/a><\/p>\n\n\n\n<p><a href=\"https:\/\/www.connuestroperu.com\/economia\/aviacion\/67624-la-apea-pide-al-congreso-investigar-si-latam-cumplio-con-entregar-carta-fianza-por-112-aviones-y-envia-carta-notarial-a-la-aetai-por-usar-su-nombre-para-sorprender-al-legislativo\" target=\"_blank\" rel=\"noreferrer noopener\">La APEA pide al Congreso investigar si LATAM cumpli\u00f3 con entregar carta fianza por 112 aviones y env\u00eda carta notarial a la AETAI por usar su nombre para sorprender al Legislativo<\/a><\/p>\n\n\n\n<p><a href=\"https:\/\/www.facebook.com\/CongresoPeru\/videos\/414341229739808\" target=\"_blank\" rel=\"noreferrer noopener\">VER SETIMA SESION EXTRAORDINARIA VIRTUAL DE LA COMISION DE TRANSPORTES DEL CONGRESO DE LA REPUBLICA.<\/a><\/p>\n\n\n\n<p><a href=\"https:\/\/aeronoticias.com.pe\/noticiero\/wp-content\/uploads\/2020\/11\/1.1.-2772-553340-20201117143020-4091-1.pdf\" target=\"_blank\" rel=\"noreferrer noopener\">VER INFORME LEGAL DEL JURISTA CESAR LANDA ARROYO A LA APEA, CON DIRECCION AV. JOSE PARDO 513, MIRAFLORES (DIRECCION DE LATAM), QUE LA APEA NUNCA LA RECIBIO NI PAGO HONORARIO ALGUNO Y AHORA ESTA CARTA LA PRESENTA AL CONGRESO<\/a><\/p>\n\n\n\n<p><a href=\"https:\/\/aeronoticias.com.pe\/noticiero\/wp-content\/uploads\/2020\/11\/1.-CARTA-0116-AETAI-PL-6153-2772-RU-553340-20201117142949-4110.pdf\" target=\"_blank\" rel=\"noreferrer noopener\">VER CARTA AETAI DEL 16\/11\/20 AL CONGRESISTA LUIS CARLOS SIMEON HURTADO, PRESIDENTE DE LA COMISION DE TRANSPORTES DEL CONGRESO DE LA REPUBLICA<\/a><\/p>\n\n\n\n<p><a href=\"https:\/\/aeronoticias.com.pe\/noticiero\/wp-content\/uploads\/2020\/11\/Carta-PRE-154-Pdte-Comisi%C3%B3n-de-Transportes-Opini%C3%B3n-PL-6153-LAPERU-16.11.2026616-1.pdf\" target=\"_blank\" rel=\"noreferrer noopener\">VER CARTA DE CONFIEP PRE-154\/2020 DE OPOSICION AL PROYECTO DE LEY QUE CREA LA LINEA AEREA DE BANDERA DEL PERU<\/a><\/p>\n\n\n\n<p><a href=\"https:\/\/www.youtube.com\/watch?v=RDpvgLBmnGo&amp;feature=emb_title\" target=\"_blank\" rel=\"noreferrer noopener\">RBC entrevista a Juli\u00e1n Palac\u00edn sobre la linea a\u00e9rea de bandera para el Per\u00fa<\/a><\/p>\n\n\n\n<p><a href=\"https:\/\/www.youtube.com\/watch?v=Ug1n1AzuC9I&amp;feature=emb_title\" target=\"_blank\" rel=\"noreferrer noopener\">Exposici\u00f3n de Julian Palacin en la Comisi\u00f3n de Convenios A\u00e9reos del Congreso 2015<\/a><\/p>\n\n\n\n<p><a href=\"https:\/\/www.youtube.com\/watch?v=MMhxE1BHcSE&amp;feature=emb_title\" target=\"_blank\" rel=\"noreferrer noopener\">Conferencia en la Academia Diplom\u00e1tica del Per\u00fa sobre la aerol\u00ednea de bandera (12\/12\/12)<\/a><\/p>\n\n\n\n<p><a href=\"https:\/\/www.youtube.com\/watch?v=sfcJq2xKPe8&amp;feature=emb_title\" target=\"_blank\" rel=\"noreferrer noopener\">Conferencia de Julian Palacin sobre Soberan\u00eda y Geopol\u00edtica en el grupo Basadre<\/a><br><br><a href=\"https:\/\/es.scribd.com\/doc\/192155127\/Linea-Aerea-de-Bandera\" target=\"_blank\" rel=\"noreferrer noopener\">LIBRO LINEA AEREA DE BANDERA DE BAJO COSTO<\/a><\/p>\n\n\n\n<p><a href=\"https:\/\/aeronoticias.com.pe\/noticiero\/renace-el-proyecto-de-la-linea-aerea-de-bandera-del-peru\/\" target=\"_blank\" rel=\"noreferrer noopener\">\u00bfRenace el Proyecto de la L\u00ednea A\u00e9rea de Bandera del Per\u00fa?<\/a><\/p>\n\n\n\n<p><a href=\"https:\/\/aeronoticias.com.pe\/noticiero\/comision-de-transportes-del-congreso-debate-proyecto-de-la-linea-aerea-de-bandera-del-peru-2\/\" target=\"_blank\" rel=\"noreferrer noopener\">Comisi\u00f3n de Transportes del Congreso debate Proyecto de la L\u00ednea A\u00e9rea de Bandera del Per\u00fa<\/a><\/p>\n\n\n\n<p><a href=\"https:\/\/aeronoticias.com.pe\/noticiero\/comision-de-transportes-del-congreso-postergo-debate-del-proyecto-de-ley-de-la-linea-aerea-de-bandera-del-peru\/\" target=\"_blank\" rel=\"noreferrer noopener\">Comisi\u00f3n de Transportes del Congreso posterg\u00f3 debate del Proyecto de Ley de la L\u00ednea A\u00e9rea de Bandera del Per\u00fa<\/a><\/p>\n\n\n\n<p><a href=\"https:\/\/aeronoticias.com.pe\/noticiero\/comision-de-transportes-del-congreso-debate-proyecto-de-la-linea-aerea-de-bandera-del-peru-2\/\" target=\"_blank\" rel=\"noreferrer noopener\">Comisi\u00f3n de Transportes del Congreso debate hoy Proyecto de la L\u00ednea A\u00e9rea de Bandera del Per\u00fa<\/a><\/p>\n\n\n\n<p><a href=\"https:\/\/aeronoticias.com.pe\/noticiero\/por-debate-presidencial-comision-de-transportes-suspende-tratamiento-de-proyecto-de-ley-de-linea-aerea-de-bandera\/\" target=\"_blank\" rel=\"noreferrer noopener\">Por debate Presidencial, Comisi\u00f3n de Transportes suspende tratamiento de Proyecto de Ley de L\u00ednea A\u00e9rea de Bandera<\/a><\/p>\n\n\n\n<p><a href=\"https:\/\/aeronoticias.com.pe\/noticiero\/julian-palacin-emplaza-a-latam-legal-ltd-que-se-opone-a-la-linea-aerea-de-bandera-del-peru\/\" target=\"_blank\" rel=\"noreferrer noopener\">Juli\u00e1n Palacin emplaza a LATAM LEGAL LTD, que se opone a la L\u00ednea A\u00e9rea de Bandera del Per\u00fa<\/a><\/p>\n\n\n\n<p><a href=\"https:\/\/aeronoticias.com.pe\/noticiero\/desacreditan-al-peru-por-proyecto-de-ley-de-linea-aerea-de-bandera\/?fbclid=IwAR13zEnnP1LIk6wLhFpqxwhqVO8KqhlhMZVQswmxkHutElrQyu-7SJcphU8\" target=\"_blank\" rel=\"noreferrer noopener\">Desacreditan al Per\u00fa por Proyecto de Ley de L\u00ednea A\u00e9rea de Bandera<\/a><\/p>\n\n\n\n<p><a href=\"https:\/\/aeronoticias.com.pe\/noticiero\/lexlatin-propiedad-de-latam-legal-ltd-no-le-informa-a-sus-lectores-que-sus-entrevistados-serian-abogados-de-latam\/\" target=\"_blank\" rel=\"noreferrer noopener\">Lexlatin, propiedad de LATAM LEGAL LTD., no le informa a sus lectores que sus entrevistados ser\u00edan abogados de LATAM<\/a><\/p>\n\n\n\n<p><a href=\"https:\/\/aeronoticias.com.pe\/noticiero\/comision-de-transportes-del-congreso-debate-este-martes-29-el-proyecto-de-la-linea-aerea-de-bandera-del-peru\/\" target=\"_blank\" rel=\"noreferrer noopener\">Comisi\u00f3n de Transportes del Congreso debate hoy el Proyecto de la L\u00ednea A\u00e9rea de Bandera del Per\u00fa<\/a><\/p>\n\n\n\n<p><a href=\"https:\/\/aeronoticias.com.pe\/noticiero\/comision-de-transportes-del-congreso-del-peru-vio-proyecto-de-ley-de-la-linea-aerea-de-bandera\/\" target=\"_blank\" rel=\"noreferrer noopener\">Comisi\u00f3n de Transportes del Congreso del Per\u00fa vio Proyecto de Ley de la L\u00ednea A\u00e9rea de Bandera<\/a><\/p>\n\n\n\n<p><a href=\"https:\/\/aeronoticias.com.pe\/noticiero\/continua-el-debate-sobre-la-linea-aerea-de-bandera-del-peru-en-el-congreso-de-la-republica\/\" target=\"_blank\" rel=\"noreferrer noopener\">Contin\u00faa el debate sobre la L\u00ednea A\u00e9rea de Bandera del Per\u00fa en el Congreso de la Rep\u00fablica<\/a><\/p>\n\n\n\n<p><a href=\"https:\/\/aeronoticias.com.pe\/noticiero\/gilmer-aliaga-zegarra-los-peruanos-tenemos-que-entender-los-beneficios-de-contar-con-una-linea-aerea-de-bandera-de-capital-publico-privada\/\" target=\"_blank\" rel=\"noreferrer noopener\">Gilmer Aliaga Zegarra: \u00abLos peruanos tenemos que entender los beneficios de contar con una L\u00ednea A\u00e9rea de Bandera de capital p\u00fablico-privada\u00bb<\/a><\/p>\n\n\n\n<p><a href=\"https:\/\/aeronoticias.com.pe\/noticiero\/alfredo-gallegos-estoy-de-acuerdo-que-existe-conveniencia-publica-para-que-el-peru-tenga-una-linea-aerea-de-bandera\/\" target=\"_blank\" rel=\"noreferrer noopener\">Alfredo Gallegos: \u201cEstoy de acuerdo que existe conveniencia p\u00fablica para que el Per\u00fa tenga una L\u00ednea A\u00e9rea de Bandera\u201d<\/a><\/p>\n\n\n\n<p><a href=\"https:\/\/aeronoticias.com.pe\/noticiero\/julian-palacin-la-constitucion-politica-respalda-el-derecho-del-peru-a-tener-una-linea-aerea-de-bandera-con-capital-publico-privado\/\" target=\"_blank\" rel=\"noreferrer noopener\">Juli\u00e1n Palacin: \u00abLa Constituci\u00f3n Pol\u00edtica respalda el derecho del Per\u00fa a tener una L\u00ednea A\u00e9rea de Bandera con capital p\u00fablico-privado<\/a><\/p>\n\n\n\n<p><a href=\"https:\/\/aeronoticias.com.pe\/noticiero\/crece-el-interes-de-inversionistas-privados-por-invertir-en-la-linea-de-bandera-low-cost-del-peru\/\" target=\"_blank\" rel=\"noreferrer noopener\">Crece el inter\u00e9s de capitales privados por invertir en la L\u00ednea A\u00e9rea de Bandera Low-Cost<\/a><\/p>\n\n\n\n<p><a href=\"https:\/\/aeronoticias.com.pe\/noticiero\/low-cost-del-peru-abriria-mercado-aereo-a-15-millones-de-pasajeros-de-transporte-terreste\/\" target=\"_blank\" rel=\"noreferrer noopener\">Low-Cost del Per\u00fa abrir\u00eda mercado a\u00e9reo a 15 millones de pasajeros de transporte terrestre<\/a><\/p>\n\n\n\n<p><a href=\"https:\/\/aeronoticias.com.pe\/noticiero\/julian-palacin-proyecto-de-ley-de-linea-aerea-de-bandera-cumple-con-el-principio-de-subsidiariedad-constitucional\/\" target=\"_blank\" rel=\"noreferrer noopener\">Juli\u00e1n Palacin: \u201cProyecto de Ley de L\u00ednea A\u00e9rea de Bandera cumple con el principio de subsidiariedad constitucional<\/a><\/p>\n\n\n\n<p><a href=\"https:\/\/aeronoticias.com.pe\/noticiero\/linea-aerea-de-bandera-del-peru-sera-manejada-por-capitales-privadas\/\" target=\"_blank\" rel=\"noreferrer noopener\">L\u00ednea A\u00e9rea de Bandera del Per\u00fa ser\u00e1 manejada por capitales privados<\/a><\/p>\n\n\n\n<p><a href=\"https:\/\/aeronoticias.com.pe\/noticiero\/defensores-del-dominio-aereo-chileno-en-el-espacio-aereo-peruano-fijan-su-posicion-en-el-diario-peru-21\/\" target=\"_blank\" rel=\"noreferrer noopener\">Defensores del dominio a\u00e9reo chileno en el espacio a\u00e9reo peruano fijan su posici\u00f3n en el Diario Per\u00fa 21<\/a><\/p>\n\n\n\n<p><a href=\"https:\/\/aeronoticias.com.pe\/noticiero\/en-homenaje-al-congresista-luis-carlos-simeon-hurtado-la-linea-aerea-de-bandera-alperu-haria-su-primer-vuelo-al-aerodromo-de-vicco-en-pasco\/\" target=\"_blank\" rel=\"noreferrer noopener\">En homenaje al Congresista Luis Carlos Sime\u00f3n Hurtado, la L\u00ednea A\u00e9rea de Bandera \u201cALPERU\u201d har\u00eda su primer vuelo al aer\u00f3dromo de Vicco, en Pasco<\/a><\/p>\n\n\n\n<p><a href=\"https:\/\/aeronoticias.com.pe\/noticiero\/linea-aerea-de-bandera-del-peru-operaria-desde-el-aerodromo-low-cost-de-las-palmas-en-surco\/\" target=\"_blank\" rel=\"noreferrer noopener\">L\u00ednea A\u00e9rea de Bandera del Per\u00fa operar\u00eda desde el Aer\u00f3dromo low-cost de Las Palmas, en Surco<\/a><\/p>\n\n\n\n<p><a href=\"https:\/\/aeronoticias.com.pe\/noticiero\/julian-palacin-debemos-pensar-en-el-aeropuerto-internacional-low-cost-de-la-isla-san-lorenzo-para-beneficiar-al-callao\/\" target=\"_blank\" rel=\"noreferrer noopener\">Juli\u00e1n Palacin: \u201cDebemos pensar en el Aeropuerto Internacional Low Cost de la Isla San Lorenzo para beneficiar al Callao\u201d<\/a><\/p>\n\n\n\n<p><a href=\"https:\/\/aeronoticias.com.pe\/noticiero\/linea-aerea-de-bandera-del-peru-no-tendra-inversion-publica-ni-irrogara-gasto-al-estado\/\" target=\"_blank\" rel=\"noreferrer noopener\">L\u00ednea A\u00e9rea de Bandera del Per\u00fa no tendr\u00e1 inversi\u00f3n p\u00fablica ni irrogar\u00e1 gasto al Estado<\/a><\/p>\n\n\n\n<p><a href=\"https:\/\/aeronoticias.com.pe\/noticiero\/mtc-no-da-pronunciamiento-a-la-carta-de-lap\/\" target=\"_blank\" rel=\"noreferrer noopener\">MTC no da pronunciamiento a la carta de LAP<\/a><\/p>\n\n\n\n<p><a href=\"https:\/\/aeronoticias.com.pe\/noticiero\/comision-de-transportes-del-congreso-ve-el-dictamen-final-de-la-linea-aerea-de-bandera-del-peru\/\" target=\"_blank\" rel=\"noreferrer noopener\">Comisi\u00f3n de Transportes del Congreso ve el Dictamen final de la L\u00ednea A\u00e9rea de Bandera del Per\u00fa<\/a><\/p>\n\n\n\n<p><a href=\"https:\/\/aeronoticias.com.pe\/noticiero\/linea-aerea-de-bandera-del-peru-sin-inversion-publica-tiene-interes-geopolitico-y-de-defensa-nacional-del-peru\/\" target=\"_blank\" rel=\"noreferrer noopener\">L\u00ednea A\u00e9rea de Bandera del Per\u00fa sin inversi\u00f3n p\u00fablica tiene inter\u00e9s geopol\u00edtico y de defensa nacional del Per\u00fa<\/a><\/p>\n\n\n\n<p><a href=\"https:\/\/aeronoticias.com.pe\/noticiero\/instituto-peruano-de-derecho-aereo-ipda-desarrollo-doctrina-geopolitica-del-peru-en-la-utilizacion-del-espacio-aereo\/\" target=\"_blank\" rel=\"noreferrer noopener\">Instituto Peruano de Derecho A\u00e9reo (IPDA) desarroll\u00f3 Doctrina Geopol\u00edtica del Per\u00fa en la utilizaci\u00f3n del espacio a\u00e9reo<\/a><\/p>\n\n\n\n<p><a href=\"https:\/\/aeronoticias.com.pe\/noticiero\/confiep-en-defensa-del-cuasimonopolio-aereo-chileno-se-opone-a-la-linea-aerea-de-bandera-del-peru\/?fbclid=IwAR3Ewe9Bg0BKfH-f92mqAuEKFGDmsdd4CdiaYWdo4lc_6GoEIwcZDqgCbO4\" target=\"_blank\" rel=\"noreferrer noopener\">CONFIEP en defensa del cuasimonopolio a\u00e9reo chileno, se opone a la L\u00ednea A\u00e9rea de Bandera del Per\u00fa<\/a><\/p>\n\n\n\n<p><a href=\"https:\/\/aeronoticias.com.pe\/noticiero\/aetai-presento-informe-contra-la-linea-aerea-de-bandera-que-el-presidente-de-apea-nunca-gestiono-que-tiene-que-ver-latam-en-todo-esto\/\" target=\"_blank\" rel=\"noreferrer noopener\">AETAI present\u00f3 Informe contra la L\u00ednea A\u00e9rea de Bandera, que el Presidente de APEA nunca gestion\u00f3 \u2026. \u00bfqu\u00e9 tiene que ver LATAM en todo esto?<\/a><\/p>\n\n\n\n<p><a href=\"https:\/\/aeronoticias.com.pe\/noticiero\/peruvian-airilines-desaparecio-porque-el-peru-nunca-le-otorgo-rutas-aereas-a-estados-unidos-y-a-otros-mercado-rentables-del-mundo\/\" target=\"_blank\" rel=\"noreferrer noopener\">Peruvian Airilines desapareci\u00f3 porque el Per\u00fa nunca le otorg\u00f3 rutas a\u00e9reas a Estados Unidos y a otros mercados rentables del mundo<\/a><\/p>\n\n\n\n<p><a href=\"https:\/\/aeronoticias.com.pe\/noticiero\/comision-de-transportes-del-congreso-de-la-republica-ve-hoy-predictamen-final-de-la-linea-aerea-de-bandera-de-bajo-costo\/\" target=\"_blank\" rel=\"noreferrer noopener\">Comisi\u00f3n de Transportes del Congreso de la Rep\u00fablica ve hoy Predictamen final de la L\u00ednea A\u00e9rea de Bandera de bajo costo<\/a><\/p>\n\n\n\n<p><a href=\"https:\/\/aeronoticias.com.pe\/noticiero\/comision-de-transportes-del-congreso-de-la-republica-realizo-el-primer-debate-del-predictamen-final-de-la-linea-aerea-de-bandera-de-bajo-costo\/\" target=\"_blank\" rel=\"noreferrer noopener\">Comisi\u00f3n de Transportes del Congreso de la Rep\u00fablica realiz\u00f3 el primer Debate del Predictamen final de la L\u00ednea A\u00e9rea de Bandera de bajo costo<\/a><\/p>\n\n\n\n<p><a href=\"https:\/\/aeronoticias.com.pe\/noticiero\/congresista-de-fuerza-popular-fp-martires-lizana-santos-impidio-que-se-vote-el-proyecto-6153-2020-cr-que-crea-la-linea-aerea-de-bandera-de-bajo-costo-del-peru\/\" target=\"_blank\" rel=\"noreferrer noopener\">Congresista de Fuerza Popular (FP) M\u00e1rtires Lizana Santos, impidi\u00f3 que se vote el Proyecto 6153-2020-CR que crea la L\u00ednea A\u00e9rea de Bandera de bajo costo del Per\u00fa<\/a><\/p>\n","protected":false},"excerpt":{"rendered":"<p>Por: Raymundo Hurtado Mart\u00ednez (Aerohoticias) Que encanto de gente este se\u00f1or Augusto \u00c1lvarez Rodrich, en el Diario La Rep\u00fablica el d\u00eda de hoy jueves 26 de noviembre del 2020, p\u00e1gina. 9 \u00a1Qu\u00e9 encanto de gente!, la Constituyente, en donde critica al Congreso de la Rep\u00fablica sobre una supuesta aerol\u00ednea estatal de bandera y su extraordinaria [&hellip;]<\/p>\n","protected":false},"author":3,"featured_media":67025,"comment_status":"open","ping_status":"open","sticky":false,"template":"","format":"standard","meta":{"tdm_status":"","tdm_grid_status":"","footnotes":""},"categories":[8,30],"tags":[170,171,109],"class_list":{"0":"post-67002","1":"post","2":"type-post","3":"status-publish","4":"format-standard","5":"has-post-thumbnail","7":"category-ultimas","8":"category-30","9":"tag-congresodelarepublica","10":"tag-congresoperu","11":"tag-linea-aerea-de-bandera"},"yoast_head":"<!-- This site is optimized with the Yoast SEO plugin v25.1 - https:\/\/yoast.com\/wordpress\/plugins\/seo\/ -->\n<title>La \u00faltima idiotez de Augusto \u00c1lvarez Rodrich: por d\u00e9ficit de aprendizaje period\u00edstico habla de temas que no sabe defendiendo a LATAM<\/title>\n<meta name=\"description\" content=\"Augusto \u00c1lvarez Rodrich nos divierte con su escaso nivel intelectual, en este caso en perjuicio de la Soberan\u00eda a\u00e9rea del Per\u00fa, se incorpora al equipo period\u00edstico de geishas peruanas que defienden a LATAM contra el Proyecto de Ley de la L\u00ednea A\u00e9rea de Bandera del Per\u00fa.\" \/>\n<meta name=\"robots\" content=\"index, follow, max-snippet:-1, max-image-preview:large, max-video-preview:-1\" \/>\n<link rel=\"canonical\" href=\"https:\/\/aeronoticias.com.pe\/noticiero\/ultimas\/la-ultima-idiotez-de-augusto-alvarez-rodrich-por-deficit-de-aprendizaje-periodistico-habla-de-temas-que-no-sabe-defendiendo-a-latam\/\" \/>\n<meta property=\"og:locale\" content=\"es_ES\" \/>\n<meta property=\"og:type\" content=\"article\" \/>\n<meta property=\"og:title\" content=\"La \u00faltima idiotez de Augusto \u00c1lvarez Rodrich: por d\u00e9ficit de aprendizaje period\u00edstico habla de temas que no sabe defendiendo a LATAM\" \/>\n<meta property=\"og:description\" content=\"Augusto \u00c1lvarez Rodrich nos divierte con su escaso nivel intelectual, en este caso en perjuicio de la Soberan\u00eda a\u00e9rea del Per\u00fa, se incorpora al equipo period\u00edstico de geishas peruanas que defienden a LATAM contra el Proyecto de Ley de la L\u00ednea A\u00e9rea de Bandera del Per\u00fa.\" \/>\n<meta property=\"og:url\" content=\"https:\/\/aeronoticias.com.pe\/noticiero\/ultimas\/la-ultima-idiotez-de-augusto-alvarez-rodrich-por-deficit-de-aprendizaje-periodistico-habla-de-temas-que-no-sabe-defendiendo-a-latam\/\" \/>\n<meta property=\"og:site_name\" content=\"Aeronoticias.com.pe\" \/>\n<meta property=\"article:publisher\" content=\"https:\/\/www.facebook.com\/Aeronoticias.com.pe\/\" \/>\n<meta property=\"article:published_time\" content=\"2020-11-27T11:38:00+00:00\" \/>\n<meta property=\"article:modified_time\" content=\"2020-11-27T11:38:25+00:00\" \/>\n<meta property=\"og:image\" content=\"https:\/\/aeronoticias.com.pe\/noticiero\/wp-content\/uploads\/2020\/11\/alvarezrodrich-latam.jpg\" \/>\n\t<meta property=\"og:image:width\" content=\"1434\" \/>\n\t<meta property=\"og:image:height\" content=\"675\" \/>\n\t<meta property=\"og:image:type\" content=\"image\/jpeg\" \/>\n<meta name=\"author\" content=\"Redacci\u00f3n\" \/>\n<meta name=\"twitter:card\" content=\"summary_large_image\" \/>\n<meta name=\"twitter:creator\" content=\"@aeronoticias\" \/>\n<meta name=\"twitter:site\" content=\"@aeronoticias\" \/>\n<meta name=\"twitter:label1\" content=\"Escrito por\" \/>\n\t<meta name=\"twitter:data1\" content=\"Redacci\u00f3n\" \/>\n\t<meta name=\"twitter:label2\" content=\"Tiempo de lectura\" \/>\n\t<meta name=\"twitter:data2\" content=\"8 minutos\" \/>\n<script type=\"application\/ld+json\" class=\"yoast-schema-graph\">{\"@context\":\"https:\/\/schema.org\",\"@graph\":[{\"@type\":\"WebPage\",\"@id\":\"https:\/\/aeronoticias.com.pe\/noticiero\/ultimas\/la-ultima-idiotez-de-augusto-alvarez-rodrich-por-deficit-de-aprendizaje-periodistico-habla-de-temas-que-no-sabe-defendiendo-a-latam\/\",\"url\":\"https:\/\/aeronoticias.com.pe\/noticiero\/ultimas\/la-ultima-idiotez-de-augusto-alvarez-rodrich-por-deficit-de-aprendizaje-periodistico-habla-de-temas-que-no-sabe-defendiendo-a-latam\/\",\"name\":\"La \u00faltima idiotez de Augusto \u00c1lvarez Rodrich: por d\u00e9ficit de aprendizaje period\u00edstico habla de temas que no sabe defendiendo a LATAM\",\"isPartOf\":{\"@id\":\"https:\/\/aeronoticias.com.pe\/noticiero\/#website\"},\"primaryImageOfPage\":{\"@id\":\"https:\/\/aeronoticias.com.pe\/noticiero\/ultimas\/la-ultima-idiotez-de-augusto-alvarez-rodrich-por-deficit-de-aprendizaje-periodistico-habla-de-temas-que-no-sabe-defendiendo-a-latam\/#primaryimage\"},\"image\":{\"@id\":\"https:\/\/aeronoticias.com.pe\/noticiero\/ultimas\/la-ultima-idiotez-de-augusto-alvarez-rodrich-por-deficit-de-aprendizaje-periodistico-habla-de-temas-que-no-sabe-defendiendo-a-latam\/#primaryimage\"},\"thumbnailUrl\":\"https:\/\/aeronoticias.com.pe\/noticiero\/wp-content\/uploads\/2020\/11\/alvarezrodrich-latam.jpg\",\"datePublished\":\"2020-11-27T11:38:00+00:00\",\"dateModified\":\"2020-11-27T11:38:25+00:00\",\"author\":{\"@id\":\"https:\/\/aeronoticias.com.pe\/noticiero\/#\/schema\/person\/16212a617c73f78916b13194154243bd\"},\"description\":\"Augusto \u00c1lvarez Rodrich nos divierte con su escaso nivel intelectual, en este caso en perjuicio de la Soberan\u00eda a\u00e9rea del Per\u00fa, se incorpora al equipo period\u00edstico de geishas peruanas que defienden a LATAM contra el Proyecto de Ley de la L\u00ednea A\u00e9rea de Bandera del Per\u00fa.\",\"breadcrumb\":{\"@id\":\"https:\/\/aeronoticias.com.pe\/noticiero\/ultimas\/la-ultima-idiotez-de-augusto-alvarez-rodrich-por-deficit-de-aprendizaje-periodistico-habla-de-temas-que-no-sabe-defendiendo-a-latam\/#breadcrumb\"},\"inLanguage\":\"es\",\"potentialAction\":[{\"@type\":\"ReadAction\",\"target\":[\"https:\/\/aeronoticias.com.pe\/noticiero\/ultimas\/la-ultima-idiotez-de-augusto-alvarez-rodrich-por-deficit-de-aprendizaje-periodistico-habla-de-temas-que-no-sabe-defendiendo-a-latam\/\"]}]},{\"@type\":\"ImageObject\",\"inLanguage\":\"es\",\"@id\":\"https:\/\/aeronoticias.com.pe\/noticiero\/ultimas\/la-ultima-idiotez-de-augusto-alvarez-rodrich-por-deficit-de-aprendizaje-periodistico-habla-de-temas-que-no-sabe-defendiendo-a-latam\/#primaryimage\",\"url\":\"https:\/\/aeronoticias.com.pe\/noticiero\/wp-content\/uploads\/2020\/11\/alvarezrodrich-latam.jpg\",\"contentUrl\":\"https:\/\/aeronoticias.com.pe\/noticiero\/wp-content\/uploads\/2020\/11\/alvarezrodrich-latam.jpg\",\"width\":1434,\"height\":675},{\"@type\":\"BreadcrumbList\",\"@id\":\"https:\/\/aeronoticias.com.pe\/noticiero\/ultimas\/la-ultima-idiotez-de-augusto-alvarez-rodrich-por-deficit-de-aprendizaje-periodistico-habla-de-temas-que-no-sabe-defendiendo-a-latam\/#breadcrumb\",\"itemListElement\":[{\"@type\":\"ListItem\",\"position\":1,\"name\":\"Portada\",\"item\":\"https:\/\/aeronoticias.com.pe\/noticiero\/\"},{\"@type\":\"ListItem\",\"position\":2,\"name\":\"La \u00faltima idiotez de Augusto \u00c1lvarez Rodrich: por d\u00e9ficit de aprendizaje period\u00edstico habla de temas que no sabe defendiendo a LATAM\"}]},{\"@type\":\"WebSite\",\"@id\":\"https:\/\/aeronoticias.com.pe\/noticiero\/#website\",\"url\":\"https:\/\/aeronoticias.com.pe\/noticiero\/\",\"name\":\"Aeronoticias.com.pe\",\"description\":\"Noticias de tranporte aereo, turismo, hoteles, gastronomia, actualidad, internacional\",\"potentialAction\":[{\"@type\":\"SearchAction\",\"target\":{\"@type\":\"EntryPoint\",\"urlTemplate\":\"https:\/\/aeronoticias.com.pe\/noticiero\/?s={search_term_string}\"},\"query-input\":{\"@type\":\"PropertyValueSpecification\",\"valueRequired\":true,\"valueName\":\"search_term_string\"}}],\"inLanguage\":\"es\"},{\"@type\":\"Person\",\"@id\":\"https:\/\/aeronoticias.com.pe\/noticiero\/#\/schema\/person\/16212a617c73f78916b13194154243bd\",\"name\":\"Redacci\u00f3n\",\"sameAs\":[\"http:\/\/Redacci\u00f3n\"],\"url\":\"https:\/\/aeronoticias.com.pe\/noticiero\/author\/celeste\/\"}]}<\/script>\n<!-- \/ Yoast SEO plugin. -->","yoast_head_json":{"title":"La \u00faltima idiotez de Augusto \u00c1lvarez Rodrich: por d\u00e9ficit de aprendizaje period\u00edstico habla de temas que no sabe defendiendo a LATAM","description":"Augusto \u00c1lvarez Rodrich nos divierte con su escaso nivel intelectual, en este caso en perjuicio de la Soberan\u00eda a\u00e9rea del Per\u00fa, se incorpora al equipo period\u00edstico de geishas peruanas que defienden a LATAM contra el Proyecto de Ley de la L\u00ednea A\u00e9rea de Bandera del Per\u00fa.","robots":{"index":"index","follow":"follow","max-snippet":"max-snippet:-1","max-image-preview":"max-image-preview:large","max-video-preview":"max-video-preview:-1"},"canonical":"https:\/\/aeronoticias.com.pe\/noticiero\/ultimas\/la-ultima-idiotez-de-augusto-alvarez-rodrich-por-deficit-de-aprendizaje-periodistico-habla-de-temas-que-no-sabe-defendiendo-a-latam\/","og_locale":"es_ES","og_type":"article","og_title":"La \u00faltima idiotez de Augusto \u00c1lvarez Rodrich: por d\u00e9ficit de aprendizaje period\u00edstico habla de temas que no sabe defendiendo a LATAM","og_description":"Augusto \u00c1lvarez Rodrich nos divierte con su escaso nivel intelectual, en este caso en perjuicio de la Soberan\u00eda a\u00e9rea del Per\u00fa, se incorpora al equipo period\u00edstico de geishas peruanas que defienden a LATAM contra el Proyecto de Ley de la L\u00ednea A\u00e9rea de Bandera del Per\u00fa.","og_url":"https:\/\/aeronoticias.com.pe\/noticiero\/ultimas\/la-ultima-idiotez-de-augusto-alvarez-rodrich-por-deficit-de-aprendizaje-periodistico-habla-de-temas-que-no-sabe-defendiendo-a-latam\/","og_site_name":"Aeronoticias.com.pe","article_publisher":"https:\/\/www.facebook.com\/Aeronoticias.com.pe\/","article_published_time":"2020-11-27T11:38:00+00:00","article_modified_time":"2020-11-27T11:38:25+00:00","og_image":[{"width":1434,"height":675,"url":"https:\/\/aeronoticias.com.pe\/noticiero\/wp-content\/uploads\/2020\/11\/alvarezrodrich-latam.jpg","type":"image\/jpeg"}],"author":"Redacci\u00f3n","twitter_card":"summary_large_image","twitter_creator":"@aeronoticias","twitter_site":"@aeronoticias","twitter_misc":{"Escrito por":"Redacci\u00f3n","Tiempo de lectura":"8 minutos"},"schema":{"@context":"https:\/\/schema.org","@graph":[{"@type":"WebPage","@id":"https:\/\/aeronoticias.com.pe\/noticiero\/ultimas\/la-ultima-idiotez-de-augusto-alvarez-rodrich-por-deficit-de-aprendizaje-periodistico-habla-de-temas-que-no-sabe-defendiendo-a-latam\/","url":"https:\/\/aeronoticias.com.pe\/noticiero\/ultimas\/la-ultima-idiotez-de-augusto-alvarez-rodrich-por-deficit-de-aprendizaje-periodistico-habla-de-temas-que-no-sabe-defendiendo-a-latam\/","name":"La \u00faltima idiotez de Augusto \u00c1lvarez Rodrich: por d\u00e9ficit de aprendizaje period\u00edstico habla de temas que no sabe defendiendo a LATAM","isPartOf":{"@id":"https:\/\/aeronoticias.com.pe\/noticiero\/#website"},"primaryImageOfPage":{"@id":"https:\/\/aeronoticias.com.pe\/noticiero\/ultimas\/la-ultima-idiotez-de-augusto-alvarez-rodrich-por-deficit-de-aprendizaje-periodistico-habla-de-temas-que-no-sabe-defendiendo-a-latam\/#primaryimage"},"image":{"@id":"https:\/\/aeronoticias.com.pe\/noticiero\/ultimas\/la-ultima-idiotez-de-augusto-alvarez-rodrich-por-deficit-de-aprendizaje-periodistico-habla-de-temas-que-no-sabe-defendiendo-a-latam\/#primaryimage"},"thumbnailUrl":"https:\/\/aeronoticias.com.pe\/noticiero\/wp-content\/uploads\/2020\/11\/alvarezrodrich-latam.jpg","datePublished":"2020-11-27T11:38:00+00:00","dateModified":"2020-11-27T11:38:25+00:00","author":{"@id":"https:\/\/aeronoticias.com.pe\/noticiero\/#\/schema\/person\/16212a617c73f78916b13194154243bd"},"description":"Augusto \u00c1lvarez Rodrich nos divierte con su escaso nivel intelectual, en este caso en perjuicio de la Soberan\u00eda a\u00e9rea del Per\u00fa, se incorpora al equipo period\u00edstico de geishas peruanas que defienden a LATAM contra el Proyecto de Ley de la L\u00ednea A\u00e9rea de Bandera del Per\u00fa.","breadcrumb":{"@id":"https:\/\/aeronoticias.com.pe\/noticiero\/ultimas\/la-ultima-idiotez-de-augusto-alvarez-rodrich-por-deficit-de-aprendizaje-periodistico-habla-de-temas-que-no-sabe-defendiendo-a-latam\/#breadcrumb"},"inLanguage":"es","potentialAction":[{"@type":"ReadAction","target":["https:\/\/aeronoticias.com.pe\/noticiero\/ultimas\/la-ultima-idiotez-de-augusto-alvarez-rodrich-por-deficit-de-aprendizaje-periodistico-habla-de-temas-que-no-sabe-defendiendo-a-latam\/"]}]},{"@type":"ImageObject","inLanguage":"es","@id":"https:\/\/aeronoticias.com.pe\/noticiero\/ultimas\/la-ultima-idiotez-de-augusto-alvarez-rodrich-por-deficit-de-aprendizaje-periodistico-habla-de-temas-que-no-sabe-defendiendo-a-latam\/#primaryimage","url":"https:\/\/aeronoticias.com.pe\/noticiero\/wp-content\/uploads\/2020\/11\/alvarezrodrich-latam.jpg","contentUrl":"https:\/\/aeronoticias.com.pe\/noticiero\/wp-content\/uploads\/2020\/11\/alvarezrodrich-latam.jpg","width":1434,"height":675},{"@type":"BreadcrumbList","@id":"https:\/\/aeronoticias.com.pe\/noticiero\/ultimas\/la-ultima-idiotez-de-augusto-alvarez-rodrich-por-deficit-de-aprendizaje-periodistico-habla-de-temas-que-no-sabe-defendiendo-a-latam\/#breadcrumb","itemListElement":[{"@type":"ListItem","position":1,"name":"Portada","item":"https:\/\/aeronoticias.com.pe\/noticiero\/"},{"@type":"ListItem","position":2,"name":"La \u00faltima idiotez de Augusto \u00c1lvarez Rodrich: por d\u00e9ficit de aprendizaje period\u00edstico habla de temas que no sabe defendiendo a LATAM"}]},{"@type":"WebSite","@id":"https:\/\/aeronoticias.com.pe\/noticiero\/#website","url":"https:\/\/aeronoticias.com.pe\/noticiero\/","name":"Aeronoticias.com.pe","description":"Noticias de tranporte aereo, turismo, hoteles, gastronomia, actualidad, internacional","potentialAction":[{"@type":"SearchAction","target":{"@type":"EntryPoint","urlTemplate":"https:\/\/aeronoticias.com.pe\/noticiero\/?s={search_term_string}"},"query-input":{"@type":"PropertyValueSpecification","valueRequired":true,"valueName":"search_term_string"}}],"inLanguage":"es"},{"@type":"Person","@id":"https:\/\/aeronoticias.com.pe\/noticiero\/#\/schema\/person\/16212a617c73f78916b13194154243bd","name":"Redacci\u00f3n","sameAs":["http:\/\/Redacci\u00f3n"],"url":"https:\/\/aeronoticias.com.pe\/noticiero\/author\/celeste\/"}]}},"_links":{"self":[{"href":"https:\/\/aeronoticias.com.pe\/noticiero\/wp-json\/wp\/v2\/posts\/67002","targetHints":{"allow":["GET"]}}],"collection":[{"href":"https:\/\/aeronoticias.com.pe\/noticiero\/wp-json\/wp\/v2\/posts"}],"about":[{"href":"https:\/\/aeronoticias.com.pe\/noticiero\/wp-json\/wp\/v2\/types\/post"}],"author":[{"embeddable":true,"href":"https:\/\/aeronoticias.com.pe\/noticiero\/wp-json\/wp\/v2\/users\/3"}],"replies":[{"embeddable":true,"href":"https:\/\/aeronoticias.com.pe\/noticiero\/wp-json\/wp\/v2\/comments?post=67002"}],"version-history":[{"count":0,"href":"https:\/\/aeronoticias.com.pe\/noticiero\/wp-json\/wp\/v2\/posts\/67002\/revisions"}],"wp:featuredmedia":[{"embeddable":true,"href":"https:\/\/aeronoticias.com.pe\/noticiero\/wp-json\/wp\/v2\/media\/67025"}],"wp:attachment":[{"href":"https:\/\/aeronoticias.com.pe\/noticiero\/wp-json\/wp\/v2\/media?parent=67002"}],"wp:term":[{"taxonomy":"category","embeddable":true,"href":"https:\/\/aeronoticias.com.pe\/noticiero\/wp-json\/wp\/v2\/categories?post=67002"},{"taxonomy":"post_tag","embeddable":true,"href":"https:\/\/aeronoticias.com.pe\/noticiero\/wp-json\/wp\/v2\/tags?post=67002"}],"curies":[{"name":"wp","href":"https:\/\/api.w.org\/{rel}","templated":true}]}}