{"id":67035,"date":"2020-11-27T06:36:43","date_gmt":"2020-11-27T11:36:43","guid":{"rendered":"https:\/\/aeronoticias.com.pe\/noticiero\/?p=67035"},"modified":"2020-11-27T06:36:47","modified_gmt":"2020-11-27T11:36:47","slug":"volaris-registraria-resultados-positivos-en-diciembre","status":"publish","type":"post","link":"https:\/\/aeronoticias.com.pe\/noticiero\/transporte-aereo\/volaris-registraria-resultados-positivos-en-diciembre\/","title":{"rendered":"Volaris registrar\u00eda resultados positivos en diciembre"},"content":{"rendered":"\n<p><strong>(Aeronoticias)<\/strong>.- La aerol\u00ednea mexicana de bajo costo\u00a0<strong>Volaris\u00a0<\/strong>registrar\u00eda resultados positivos en diciembre y volver\u00eda a tener ganancias en el segundo trimestre de 2021, cuando es probable que est\u00e9 operando a cerca del 100% de su capacidad, dijo el mi\u00e9rcoles el director general de la compa\u00f1\u00eda, Enrique Beltranena.<\/p>\n\n\n\n<p>Volaris, que se ha convertido en la l\u00ednea a\u00e9rea m\u00e1s grande del pa\u00eds por tr\u00e1fico de pasajeros, ha sufrido los embates del coronavirus en el sector que min\u00f3 la demanda de viajeros, pero le ha ido mejor durante la pandemia que a sus principales rivales gracias a su modelo de negocio enfocado en ofrecer precios bajos.<\/p>\n\n\n\n<p>\u201cHacia adelante, nosotros creemos que hay grandes oportunidades\u201d, afirm\u00f3 el ejecutivo durante una entrevista con Reuters. \u201cEn diciembre definitivamente vamos a hacer dinero, pero no quisiera anticiparme a los resultados\u201d, a\u00f1adi\u00f3.<\/p>\n\n\n\n<p>Beltranena dijo que la compa\u00f1\u00eda actualmente opera por encima de un 90% de capacidad, y que, si bien en los primeros tres meses del pr\u00f3ximo a\u00f1o descender\u00eda la demanda debido a factores estacionales, para junio se espera que recupere pr\u00e1cticamente el total de su capacidad de vuelo.<\/p>\n\n\n\n<p>\u201cYo creo que (el periodo vacacional de) Semana Santa puede ser un momento importante de inflexi\u00f3n\u201d, asever\u00f3.<\/p>\n\n\n\n<figure class=\"wp-block-image\"><a href=\"https:\/\/aviacionaldia.com\/2020\/11\/eeuu-estaria-considerando-levantar-las-restricciones-de-viaje-a-europa.html\"><img decoding=\"async\" src=\"https:\/\/aviacionaldia.com\/wp-content\/uploads\/2018\/11\/Pasajeros.jpg\" alt=\"\"\/><\/a><figcaption>Volaris registrar\u00eda nuevas ganancias reci\u00e9n a partir del pr\u00f3ximo a\u00f1o.<\/figcaption><\/figure>\n\n\n\n<p>El ejecutivo tambi\u00e9n dijo que la compa\u00f1\u00eda a\u00fan est\u00e1 evaluando el momento oportuno de llevar a cabo un aumento de capital por 3,500 millones de pesos (175 millones de d\u00f3lares) que fue aprobado en septiembre por su asamblea de accionistas.<\/p>\n\n\n\n<p>\u201cEs un tema de \u2018timing\u2019 y va a tener mucho que ver con los mercados; es decir, tiene que ver si hay oportunidades de hacer una transacci\u00f3n de ese tipo\u201d, destac\u00f3.<\/p>\n\n\n\n<p>Fuente: <strong><em>Reuters<\/em><\/strong>.<\/p>\n","protected":false},"excerpt":{"rendered":"<p>(Aeronoticias).- La aerol\u00ednea mexicana de bajo costo\u00a0Volaris\u00a0registrar\u00eda resultados positivos en diciembre y volver\u00eda a tener ganancias en el segundo trimestre de 2021, cuando es probable que est\u00e9 operando a cerca del 100% de su capacidad, dijo el mi\u00e9rcoles el director general de la compa\u00f1\u00eda, Enrique Beltranena. Volaris, que se ha convertido en la l\u00ednea a\u00e9rea [&hellip;]<\/p>\n","protected":false},"author":4,"featured_media":65936,"comment_status":"open","ping_status":"open","sticky":false,"template":"","format":"standard","meta":{"tdm_status":"","tdm_grid_status":"","footnotes":""},"categories":[32,11],"tags":[163,125],"class_list":{"0":"post-67035","1":"post","2":"type-post","3":"status-publish","4":"format-standard","5":"has-post-thumbnail","7":"category-internacional","8":"category-transporte-aereo","9":"tag-coronavirus","10":"tag-volaris"},"yoast_head":"<!-- This site is optimized with the Yoast SEO plugin v25.1 - https:\/\/yoast.com\/wordpress\/plugins\/seo\/ -->\n<title>Volaris registrar\u00eda resultados positivos en diciembre<\/title>\n<meta name=\"description\" content=\"Portal de noticias del Per\u00fa sobre el transporte a\u00e9reo, aviaci\u00f3n, turismo, hoteleria, actualidad.\" \/>\n<meta name=\"robots\" content=\"index, follow, max-snippet:-1, max-image-preview:large, max-video-preview:-1\" \/>\n<link rel=\"canonical\" href=\"https:\/\/aeronoticias.com.pe\/noticiero\/transporte-aereo\/volaris-registraria-resultados-positivos-en-diciembre\/\" \/>\n<meta property=\"og:locale\" content=\"es_ES\" \/>\n<meta property=\"og:type\" content=\"article\" \/>\n<meta property=\"og:title\" content=\"Volaris registrar\u00eda resultados positivos en diciembre\" \/>\n<meta property=\"og:description\" content=\"Portal de noticias del Per\u00fa sobre el transporte a\u00e9reo, aviaci\u00f3n, turismo, hoteleria, actualidad.\" \/>\n<meta property=\"og:url\" content=\"https:\/\/aeronoticias.com.pe\/noticiero\/transporte-aereo\/volaris-registraria-resultados-positivos-en-diciembre\/\" \/>\n<meta property=\"og:site_name\" content=\"Aeronoticias.com.pe\" \/>\n<meta property=\"article:publisher\" content=\"https:\/\/www.facebook.com\/Aeronoticias.com.pe\/\" \/>\n<meta property=\"article:published_time\" content=\"2020-11-27T11:36:43+00:00\" \/>\n<meta property=\"article:modified_time\" content=\"2020-11-27T11:36:47+00:00\" \/>\n<meta property=\"og:image\" content=\"https:\/\/aeronoticias.com.pe\/noticiero\/wp-content\/uploads\/2019\/08\/Volaris.jpg\" \/>\n\t<meta property=\"og:image:width\" content=\"1000\" \/>\n\t<meta property=\"og:image:height\" content=\"467\" \/>\n\t<meta property=\"og:image:type\" content=\"image\/jpeg\" \/>\n<meta name=\"author\" content=\"Jefrey Cuya\" \/>\n<meta name=\"twitter:card\" content=\"summary_large_image\" \/>\n<meta name=\"twitter:creator\" content=\"@aeronoticias\" \/>\n<meta name=\"twitter:site\" content=\"@aeronoticias\" \/>\n<meta name=\"twitter:label1\" content=\"Escrito por\" \/>\n\t<meta name=\"twitter:data1\" content=\"Jefrey Cuya\" \/>\n\t<meta name=\"twitter:label2\" content=\"Tiempo de lectura\" \/>\n\t<meta name=\"twitter:data2\" content=\"2 minutos\" \/>\n<script type=\"application\/ld+json\" class=\"yoast-schema-graph\">{\"@context\":\"https:\/\/schema.org\",\"@graph\":[{\"@type\":\"WebPage\",\"@id\":\"https:\/\/aeronoticias.com.pe\/noticiero\/transporte-aereo\/volaris-registraria-resultados-positivos-en-diciembre\/\",\"url\":\"https:\/\/aeronoticias.com.pe\/noticiero\/transporte-aereo\/volaris-registraria-resultados-positivos-en-diciembre\/\",\"name\":\"Volaris registrar\u00eda resultados positivos en diciembre\",\"isPartOf\":{\"@id\":\"https:\/\/aeronoticias.com.pe\/noticiero\/#website\"},\"primaryImageOfPage\":{\"@id\":\"https:\/\/aeronoticias.com.pe\/noticiero\/transporte-aereo\/volaris-registraria-resultados-positivos-en-diciembre\/#primaryimage\"},\"image\":{\"@id\":\"https:\/\/aeronoticias.com.pe\/noticiero\/transporte-aereo\/volaris-registraria-resultados-positivos-en-diciembre\/#primaryimage\"},\"thumbnailUrl\":\"https:\/\/aeronoticias.com.pe\/noticiero\/wp-content\/uploads\/2019\/08\/Volaris.jpg\",\"datePublished\":\"2020-11-27T11:36:43+00:00\",\"dateModified\":\"2020-11-27T11:36:47+00:00\",\"author\":{\"@id\":\"https:\/\/aeronoticias.com.pe\/noticiero\/#\/schema\/person\/9ef7422a13b22ab480ffc29639f442b0\"},\"description\":\"Portal de noticias del Per\u00fa sobre el transporte a\u00e9reo, aviaci\u00f3n, turismo, hoteleria, actualidad.\",\"breadcrumb\":{\"@id\":\"https:\/\/aeronoticias.com.pe\/noticiero\/transporte-aereo\/volaris-registraria-resultados-positivos-en-diciembre\/#breadcrumb\"},\"inLanguage\":\"es\",\"potentialAction\":[{\"@type\":\"ReadAction\",\"target\":[\"https:\/\/aeronoticias.com.pe\/noticiero\/transporte-aereo\/volaris-registraria-resultados-positivos-en-diciembre\/\"]}]},{\"@type\":\"ImageObject\",\"inLanguage\":\"es\",\"@id\":\"https:\/\/aeronoticias.com.pe\/noticiero\/transporte-aereo\/volaris-registraria-resultados-positivos-en-diciembre\/#primaryimage\",\"url\":\"https:\/\/aeronoticias.com.pe\/noticiero\/wp-content\/uploads\/2019\/08\/Volaris.jpg\",\"contentUrl\":\"https:\/\/aeronoticias.com.pe\/noticiero\/wp-content\/uploads\/2019\/08\/Volaris.jpg\",\"width\":1000,\"height\":467},{\"@type\":\"BreadcrumbList\",\"@id\":\"https:\/\/aeronoticias.com.pe\/noticiero\/transporte-aereo\/volaris-registraria-resultados-positivos-en-diciembre\/#breadcrumb\",\"itemListElement\":[{\"@type\":\"ListItem\",\"position\":1,\"name\":\"Portada\",\"item\":\"https:\/\/aeronoticias.com.pe\/noticiero\/\"},{\"@type\":\"ListItem\",\"position\":2,\"name\":\"Volaris registrar\u00eda resultados positivos en diciembre\"}]},{\"@type\":\"WebSite\",\"@id\":\"https:\/\/aeronoticias.com.pe\/noticiero\/#website\",\"url\":\"https:\/\/aeronoticias.com.pe\/noticiero\/\",\"name\":\"Aeronoticias.com.pe\",\"description\":\"Noticias de tranporte aereo, turismo, hoteles, gastronomia, actualidad, internacional\",\"potentialAction\":[{\"@type\":\"SearchAction\",\"target\":{\"@type\":\"EntryPoint\",\"urlTemplate\":\"https:\/\/aeronoticias.com.pe\/noticiero\/?s={search_term_string}\"},\"query-input\":{\"@type\":\"PropertyValueSpecification\",\"valueRequired\":true,\"valueName\":\"search_term_string\"}}],\"inLanguage\":\"es\"},{\"@type\":\"Person\",\"@id\":\"https:\/\/aeronoticias.com.pe\/noticiero\/#\/schema\/person\/9ef7422a13b22ab480ffc29639f442b0\",\"name\":\"Jefrey Cuya\",\"url\":\"https:\/\/aeronoticias.com.pe\/noticiero\/author\/jefreycuya\/\"}]}<\/script>\n<!-- \/ Yoast SEO plugin. -->","yoast_head_json":{"title":"Volaris registrar\u00eda resultados positivos en diciembre","description":"Portal de noticias del Per\u00fa sobre el transporte a\u00e9reo, aviaci\u00f3n, turismo, hoteleria, actualidad.","robots":{"index":"index","follow":"follow","max-snippet":"max-snippet:-1","max-image-preview":"max-image-preview:large","max-video-preview":"max-video-preview:-1"},"canonical":"https:\/\/aeronoticias.com.pe\/noticiero\/transporte-aereo\/volaris-registraria-resultados-positivos-en-diciembre\/","og_locale":"es_ES","og_type":"article","og_title":"Volaris registrar\u00eda resultados positivos en diciembre","og_description":"Portal de noticias del Per\u00fa sobre el transporte a\u00e9reo, aviaci\u00f3n, turismo, hoteleria, actualidad.","og_url":"https:\/\/aeronoticias.com.pe\/noticiero\/transporte-aereo\/volaris-registraria-resultados-positivos-en-diciembre\/","og_site_name":"Aeronoticias.com.pe","article_publisher":"https:\/\/www.facebook.com\/Aeronoticias.com.pe\/","article_published_time":"2020-11-27T11:36:43+00:00","article_modified_time":"2020-11-27T11:36:47+00:00","og_image":[{"width":1000,"height":467,"url":"https:\/\/aeronoticias.com.pe\/noticiero\/wp-content\/uploads\/2019\/08\/Volaris.jpg","type":"image\/jpeg"}],"author":"Jefrey Cuya","twitter_card":"summary_large_image","twitter_creator":"@aeronoticias","twitter_site":"@aeronoticias","twitter_misc":{"Escrito por":"Jefrey Cuya","Tiempo de lectura":"2 minutos"},"schema":{"@context":"https:\/\/schema.org","@graph":[{"@type":"WebPage","@id":"https:\/\/aeronoticias.com.pe\/noticiero\/transporte-aereo\/volaris-registraria-resultados-positivos-en-diciembre\/","url":"https:\/\/aeronoticias.com.pe\/noticiero\/transporte-aereo\/volaris-registraria-resultados-positivos-en-diciembre\/","name":"Volaris registrar\u00eda resultados positivos en diciembre","isPartOf":{"@id":"https:\/\/aeronoticias.com.pe\/noticiero\/#website"},"primaryImageOfPage":{"@id":"https:\/\/aeronoticias.com.pe\/noticiero\/transporte-aereo\/volaris-registraria-resultados-positivos-en-diciembre\/#primaryimage"},"image":{"@id":"https:\/\/aeronoticias.com.pe\/noticiero\/transporte-aereo\/volaris-registraria-resultados-positivos-en-diciembre\/#primaryimage"},"thumbnailUrl":"https:\/\/aeronoticias.com.pe\/noticiero\/wp-content\/uploads\/2019\/08\/Volaris.jpg","datePublished":"2020-11-27T11:36:43+00:00","dateModified":"2020-11-27T11:36:47+00:00","author":{"@id":"https:\/\/aeronoticias.com.pe\/noticiero\/#\/schema\/person\/9ef7422a13b22ab480ffc29639f442b0"},"description":"Portal de noticias del Per\u00fa sobre el transporte a\u00e9reo, aviaci\u00f3n, turismo, hoteleria, actualidad.","breadcrumb":{"@id":"https:\/\/aeronoticias.com.pe\/noticiero\/transporte-aereo\/volaris-registraria-resultados-positivos-en-diciembre\/#breadcrumb"},"inLanguage":"es","potentialAction":[{"@type":"ReadAction","target":["https:\/\/aeronoticias.com.pe\/noticiero\/transporte-aereo\/volaris-registraria-resultados-positivos-en-diciembre\/"]}]},{"@type":"ImageObject","inLanguage":"es","@id":"https:\/\/aeronoticias.com.pe\/noticiero\/transporte-aereo\/volaris-registraria-resultados-positivos-en-diciembre\/#primaryimage","url":"https:\/\/aeronoticias.com.pe\/noticiero\/wp-content\/uploads\/2019\/08\/Volaris.jpg","contentUrl":"https:\/\/aeronoticias.com.pe\/noticiero\/wp-content\/uploads\/2019\/08\/Volaris.jpg","width":1000,"height":467},{"@type":"BreadcrumbList","@id":"https:\/\/aeronoticias.com.pe\/noticiero\/transporte-aereo\/volaris-registraria-resultados-positivos-en-diciembre\/#breadcrumb","itemListElement":[{"@type":"ListItem","position":1,"name":"Portada","item":"https:\/\/aeronoticias.com.pe\/noticiero\/"},{"@type":"ListItem","position":2,"name":"Volaris registrar\u00eda resultados positivos en diciembre"}]},{"@type":"WebSite","@id":"https:\/\/aeronoticias.com.pe\/noticiero\/#website","url":"https:\/\/aeronoticias.com.pe\/noticiero\/","name":"Aeronoticias.com.pe","description":"Noticias de tranporte aereo, turismo, hoteles, gastronomia, actualidad, internacional","potentialAction":[{"@type":"SearchAction","target":{"@type":"EntryPoint","urlTemplate":"https:\/\/aeronoticias.com.pe\/noticiero\/?s={search_term_string}"},"query-input":{"@type":"PropertyValueSpecification","valueRequired":true,"valueName":"search_term_string"}}],"inLanguage":"es"},{"@type":"Person","@id":"https:\/\/aeronoticias.com.pe\/noticiero\/#\/schema\/person\/9ef7422a13b22ab480ffc29639f442b0","name":"Jefrey Cuya","url":"https:\/\/aeronoticias.com.pe\/noticiero\/author\/jefreycuya\/"}]}},"_links":{"self":[{"href":"https:\/\/aeronoticias.com.pe\/noticiero\/wp-json\/wp\/v2\/posts\/67035","targetHints":{"allow":["GET"]}}],"collection":[{"href":"https:\/\/aeronoticias.com.pe\/noticiero\/wp-json\/wp\/v2\/posts"}],"about":[{"href":"https:\/\/aeronoticias.com.pe\/noticiero\/wp-json\/wp\/v2\/types\/post"}],"author":[{"embeddable":true,"href":"https:\/\/aeronoticias.com.pe\/noticiero\/wp-json\/wp\/v2\/users\/4"}],"replies":[{"embeddable":true,"href":"https:\/\/aeronoticias.com.pe\/noticiero\/wp-json\/wp\/v2\/comments?post=67035"}],"version-history":[{"count":0,"href":"https:\/\/aeronoticias.com.pe\/noticiero\/wp-json\/wp\/v2\/posts\/67035\/revisions"}],"wp:featuredmedia":[{"embeddable":true,"href":"https:\/\/aeronoticias.com.pe\/noticiero\/wp-json\/wp\/v2\/media\/65936"}],"wp:attachment":[{"href":"https:\/\/aeronoticias.com.pe\/noticiero\/wp-json\/wp\/v2\/media?parent=67035"}],"wp:term":[{"taxonomy":"category","embeddable":true,"href":"https:\/\/aeronoticias.com.pe\/noticiero\/wp-json\/wp\/v2\/categories?post=67035"},{"taxonomy":"post_tag","embeddable":true,"href":"https:\/\/aeronoticias.com.pe\/noticiero\/wp-json\/wp\/v2\/tags?post=67035"}],"curies":[{"name":"wp","href":"https:\/\/api.w.org\/{rel}","templated":true}]}}