{"id":67051,"date":"2020-12-01T07:37:00","date_gmt":"2020-12-01T12:37:00","guid":{"rendered":"https:\/\/aeronoticias.com.pe\/noticiero\/?p=67051"},"modified":"2020-12-01T07:46:11","modified_gmt":"2020-12-01T12:46:11","slug":"aetai-latam-a-traves-del-diario-peru-21-se-oponen-al-proyecto-de-ley-6153-2020-cr-que-crea-la-linea-aerea-de-bandera-de-bajo-costo-del-peru","status":"publish","type":"post","link":"https:\/\/aeronoticias.com.pe\/noticiero\/turismo\/aetai-latam-a-traves-del-diario-peru-21-se-oponen-al-proyecto-de-ley-6153-2020-cr-que-crea-la-linea-aerea-de-bandera-de-bajo-costo-del-peru\/","title":{"rendered":"AETAI-LATAM a trav\u00e9s del Diario Per\u00fa 21 se oponen al Proyecto de Ley 6153-2020-CR que crea la L\u00ednea A\u00e9rea de Bandera de Bajo Costo del Per\u00fa"},"content":{"rendered":"\n<p><br><strong><em>Por: Plana Period\u00edstica<\/em><\/strong><br><br><strong>(Aeronoticias)<\/strong> Se ha iniciado una campa\u00f1a dirigida por LATAM a trav\u00e9s de gremio AETAI que pretende mantener el cuasi monopolio chileno en la explotaci\u00f3n y uso del Espacio A\u00e9reo Peruano y con diversos argumentos imprecisos y gaseosos vienen pretendiendo confundir a la opini\u00f3n p\u00fablica para que la Comisi\u00f3n de Transportes del Congreso de la Rep\u00fablica del Per\u00fa no apruebe el Predictamen del Proyecto de Ley 6153-2020-CR que crea como APP, es decir, sin inversi\u00f3n o gasto p\u00fablico alguno la L\u00ednea A\u00e9rea de Bandera de Bajo Costo del Per\u00fa.<br>Es importante por equidad period\u00edstica pronunciarnos, en relaci\u00f3n a la Publicaci\u00f3n del Diario Per\u00fa 21 de Cristian Lengua del 25\/11\/20 a las 16:30 <a href=\"https:\/\/peru21.pe\/economia\/propuesta-del-congreso-de-crear-una-aerolinea-podria-ser-considerada-como-competencia-desleal-ncze-noticia\/\" target=\"_blank\" rel=\"noreferrer noopener\">Propuesta del Congreso de crear una aerol\u00ednea podr\u00eda ser considerada como competencia desleal<\/a> que sostiene que la propuesta del Congreso de crear una Aerol\u00ednea de Bandera de Bajo Costo podr\u00eda ser considerada como Competencia Desleal.<\/p>\n\n\n\n<p><br>Al respecto, competencia desleal es el enga\u00f1o, es decir, cuando una l\u00ednea a\u00e9rea nos dice que hay pasajes a $ 60 d\u00f3lares y cuando vamos a comprarlo cuesta $ 180 d\u00f3lares, o cuando difunden informaci\u00f3n falsa, especialmente como el caso de LATAM cuando monopolizan el mercado, en este caso las rutas internacionales y nacionales del Per\u00fa, en una posici\u00f3n del 70% u 80% en un escenario de libre competencia, es decir, el Dictamen del Proyecto de Ley 6153-2020-CR busca que ninguna empresa de aviaci\u00f3n que opere en el mercado peruano en rutas nacionales e internacionales puedan monopolizar el mercado como lo tiene LATAM, lo que origina que estos intereses econ\u00f3micos chilenos hayan iniciado una campa\u00f1a internacional y nacional que buscan impedir se apruebe el Proyecto Ley 6153-2020-CR que crea la L\u00ednea de Bandera de Bajo Costo del Per\u00fa.<\/p>\n\n\n\n<p>Como cuesti\u00f3n previa, tenemos que expresar que el Grupo El Comercio, incluido el Diario Per\u00fa 21 est\u00e1 vinculado 20 a\u00f1os al capital social de LAN Per\u00fa; en consecuencia, es parte privada interesada en defender los intereses del cuasi monopolio aerocomercial chileno de LATAM en el espacio a\u00e9reo peruano y es natural que se opongan a los principios jur\u00eddicos de libre competencia que consagra el Predictamen del Proyecto de Ley 6153-2020-CR.<\/p>\n\n\n\n<figure class=\"wp-block-image size-large\"><img loading=\"lazy\" decoding=\"async\" width=\"777\" height=\"432\" src=\"https:\/\/aeronoticias.com.pe\/noticiero\/wp-content\/uploads\/2020\/10\/congresoperu.png\" alt=\"\" class=\"wp-image-63733\" srcset=\"https:\/\/aeronoticias.com.pe\/noticiero\/wp-content\/uploads\/2020\/10\/congresoperu.png 777w, https:\/\/aeronoticias.com.pe\/noticiero\/wp-content\/uploads\/2020\/10\/congresoperu-300x167.png 300w, https:\/\/aeronoticias.com.pe\/noticiero\/wp-content\/uploads\/2020\/10\/congresoperu-768x427.png 768w, https:\/\/aeronoticias.com.pe\/noticiero\/wp-content\/uploads\/2020\/10\/congresoperu-150x83.png 150w, https:\/\/aeronoticias.com.pe\/noticiero\/wp-content\/uploads\/2020\/10\/congresoperu-696x387.png 696w\" sizes=\"auto, (max-width: 777px) 100vw, 777px\" \/><\/figure>\n\n\n\n<p>El diario Per\u00fa 21, se refiere a especialistas del sector privado habr\u00edan \u201canalizado el Proyecto de Ley del Legislativo que apunta a una Asociaci\u00f3n P\u00fablico Privada\u201d para que opere como L\u00ednea A\u00e9rea del Per\u00fa. En consecuencia una forma de combatir la posici\u00f3n monop\u00f3lica de LATAM en el espacio a\u00e9reo peruano que es sin lugar a dudas una de las variantes de competencia desleal es aprobando este Predictamen del Proyecto de Ley 6153-2020-CR que ha sido redactado por el Jurista N\u00ba 1 en la especialidad en el Per\u00fa, <a href=\"https:\/\/es.wikipedia.org\/wiki\/Juli%C3%A1n_Palac%C3%ADn_Fern%C3%A1ndez\" target=\"_blank\" rel=\"noreferrer noopener\">Julian Palacin Fern\u00e1ndez<\/a>, conocido Abogado defensor de la Soberan\u00eda A\u00e9rea del Per\u00fa, durante d\u00e9cadas Presidente de la Comisi\u00f3n de Derecho Aeron\u00e1utico del Colegio de Abogados de Lima, autor de 7 Libros de Derecho A\u00e9reo y Espacial, profesor Universitario, Conferencista invitado en mas de 20 pa\u00edses de Am\u00e9rica y Europa, con trayectoria en el sector p\u00fablico peruano en la Aeron\u00e1utica Civil dentro del Ministerio de Transportes y Comunicaciones en el Ministerio de Relaciones Exteriores del Per\u00fa,  a quien claro los medios de comunicaci\u00f3n del Grupo el Comercio incluido Per\u00fa 21 no le van a requerir su opini\u00f3n jur\u00eddica porque lo que existe es una campa\u00f1a informativa en defensa de LATAM y direccionada a favor de su cuasi monopolio que es una forma de competencia desleal, contra los intereses del Per\u00fa para que nuestro pa\u00eds se mantenga en la competencia desleal del cuasi monop\u00f3lica de LATAM en la explotaci\u00f3n y uso del Espacio A\u00e9reo Peruano.<\/p>\n\n\n\n<p>Nos referimos como dij\u00e9ramos al Art. de Per\u00fa 21 https:\/\/peru21.pe\/economia\/propuesta-del-congreso-de-crear-una-aerolinea-podria-ser-considerada-como-competencia-desleal-ncze-noticia\/ en el que pretenden confundir a la opini\u00f3n p\u00fablica contra los intereses del Per\u00fa, porque si de competencia desleal se trata, hay que leer simplemente <a href=\"https:\/\/es.wikipedia.org\/wiki\/Competencia_desleal\" target=\"_blank\" rel=\"noreferrer noopener\">Wikipedia<\/a> para entender que la competencia desleal es una pr\u00e1ctica econ\u00f3mica agresiva usada por una empresa de aviaci\u00f3n para obtener una ventaja sobre los competidores de manera deshonesta y que se convierte en una monopolizaci\u00f3n o cuasi monopolizaci\u00f3n el mercado aerocomercial peruano que supuestamente tiene que desenvolverse en un escenario de libre competencia.<\/p>\n\n\n\n<p>Sin embargo, Cristian Lengua del Diario Per\u00fa 21 en su art\u00edculo publicado que criticamos tendr\u00eda que precisar en su informaci\u00f3n, que tiene como fuente la opini\u00f3n de la parte interesada, es decir, LATAM a trav\u00e9s de su dependiente el se\u00f1or Carlos Guti\u00e9rrez Laguna que es Gerente General de AETAI, que tiene 6 o 7 Asociados y es financiado privadamente por LATAM. En consecuencia, el art\u00edculo publicado por Per\u00fa 21 refleja la posici\u00f3n de la parte privada chilena -LATAM- que se siente afectada con este Proyecto de Ley 6153-2020-CR que crea como Asociaci\u00f3n P\u00fablica Privada (APP) La L\u00ednea A\u00e9rea de Bandera de Bajo Costo del Per\u00fa. <a href=\"https:\/\/aeronoticias.com.pe\/noticiero\/exposicion-de-julian-palacin-sobre-los-intereses-nacionales-del-peru-en-el-espacio-aereo-en-el-congreso-de-la-republica\/\" target=\"_blank\" rel=\"noreferrer noopener\">Ver Exposici\u00f3n de Juli\u00e1n Palacin sobre los intereses nacionales del Per\u00fa en el Espacio A\u00e9reo en el Congreso de la Rep\u00fablica<\/a>.<\/p>\n\n\n\n<figure class=\"wp-block-embed-youtube wp-block-embed is-type-video is-provider-youtube wp-embed-aspect-4-3 wp-has-aspect-ratio\"><div class=\"wp-block-embed__wrapper\">\n<div class=\"youtube-embed\" data-video_id=\"MMhxE1BHcSE\"><iframe loading=\"lazy\" title=\"Conferencia en la Academia Diplom\u00e1tica del Per\u00fa sobre la aerol\u00ednea de bandera (12\/12\/12)\" width=\"696\" height=\"522\" src=\"https:\/\/www.youtube.com\/embed\/MMhxE1BHcSE?feature=oembed&#038;enablejsapi=1&#038;enablejsapi=1\" frameborder=\"0\" allow=\"accelerometer; autoplay; clipboard-write; encrypted-media; gyroscope; picture-in-picture\" allowfullscreen><\/iframe><\/div>\n<\/div><\/figure>\n\n\n\n<p><br>Cristian Lengua -Per\u00fa 21- est\u00e1 un poco desinformado ya que direcciona su entrevista, no en la b\u00fasqueda de la verdad, sino en la versi\u00f3n de la parte afectada -LATAM- que hoy tiene un cuasi monopolio en el mercado aerocomercial peruano en m\u00e1s del 90% de las Rutas Internacionales del Per\u00fa y en 80% de las Rutas Nacionales, y eso es competencia desleal porque en los \u00faltimos 20 a\u00f1os en el Per\u00fa LATAM ha ejercido en cuasi monopolio en el dominio del mercado aeromercial nacional e internacional del Per\u00fa.<br><br>El periodista de Per\u00fa 21 dijo, cuando public\u00f3 esta informaci\u00f3n actualizada el 25\/11\/20, refiri\u00e9ndose al Proyecto original de la bancada de AP, pretendiendo confundir a la opini\u00f3n p\u00fablica ya que no aclar\u00f3 que no hay inversi\u00f3n p\u00fablica ni gasto p\u00fablico y su art\u00edculo est\u00e1 dirigido a la defensa del cuasi monopolio chileno en el espacio a\u00e9reo peruano que tanto perjudica a los consumidores y a los usuarios de Transporte A\u00e9reo que muchas veces cuando han adquirido un billete de pasaje de la noche a la ma\u00f1ana tienen que pagar una tarifa de 600 u 800 d\u00f3lares en un vuelo nacional, es decir, mas de lo que costar\u00eda ir a Miami.<br><br>Efectivamente, Cristian Lengua, sin objetividad period\u00edstica, se refiere al Proyecto original que fuera modificado por el Dictamen 6153-2020-CR; sin embargo, el periodista Lengua pretende decir a la opini\u00f3n p\u00fablica que el Estado Peruano desembolsar\u00e1 75 millones de d\u00f3lares a cargo del sector p\u00fablico y claro para crear zozobra dice que esos recursos deber\u00edan usarse para la pandemia, y no le dice la verdad a los pocos lectores que le quedan que en este Proyecto de Ley el Estado no realizar\u00e1 inversi\u00f3n p\u00fablica o gasto p\u00fablico alguno.<\/p>\n\n\n\n<figure class=\"wp-block-embed-youtube wp-block-embed is-type-video is-provider-youtube wp-embed-aspect-4-3 wp-has-aspect-ratio\"><div class=\"wp-block-embed__wrapper\">\n<div class=\"youtube-embed\" data-video_id=\"6LC58rZhJdw\"><iframe loading=\"lazy\" title=\"&quot;Habla El Pueblo&quot; entrevist\u00f3 a Juli\u00e1n Palac\u00edn por espionaje de pilotos (25\/11\/2009) (1\/2)\" width=\"696\" height=\"522\" src=\"https:\/\/www.youtube.com\/embed\/6LC58rZhJdw?feature=oembed&#038;enablejsapi=1&#038;enablejsapi=1\" frameborder=\"0\" allow=\"accelerometer; autoplay; clipboard-write; encrypted-media; gyroscope; picture-in-picture\" allowfullscreen><\/iframe><\/div>\n<\/div><\/figure>\n\n\n\n<p><br>Pero el buen Cristian Lengua, de Per\u00fa 21 entrevista nada mas y nada menos que al empleado de AETAI-LATAM Carlos Guti\u00e9rrez Laguna y le pide su opini\u00f3n como si fuera un consultor independiente del sector privado, quien afirma con absoluta \u201csapiencia\u201d como Gerente de AETAI-LATAM- que este es un Proyecto que cada cierto tiempo revive y que como Gremio -parte privada interesada- le ha hecho conocer su opini\u00f3n -en defensa de los intereses privados de LATAM- a la Comisi\u00f3n de Transportes del Congreso de la Rep\u00fablica del Per\u00fa, manifest\u00e1ndole la opini\u00f3n de LATAM, perd\u00f3n, de AETAI Gremio de LATAM, \u201cque no es viable una opci\u00f3n de ese tipo\u201d, dicho de parte privada chilena interesada porque pierde el cuasi monopolio y por el ende el 50% de las rutas internacionales en un sistema de libre competencia que defiende este Proyecto de Ley.<br><br>Nosotros sostenemos que el Proyecto de que el Per\u00fa recupere su Soberan\u00eda A\u00e9rea perdida en el espacio a\u00e9reo nunca morir\u00e1 mientras haya patriotas que defiendan los derechos del Per\u00fa, no es como dice el se\u00f1or Laguna Guti\u00e9rrez que revive cada cierto tiempo, nosotros creemos que vive en el coraz\u00f3n del pueblo peruano, y que es un sentimiento que se transmite de generaci\u00f3n en generaci\u00f3n porque queremos que la Bandera del Per\u00fa y no la de Chile gobierne el Espacio A\u00e9reo Peruano.<br><br>El se\u00f1or Carlos Guti\u00e9rrez Laguna de AETAI se\u00f1ala que el mercado viene cambiando y recurre al supuesto salvataje al Per\u00fa de la compa\u00f1\u00eda de aviaci\u00f3n colombiana Viva Air, a la chilena Sky y eventualmente el pr\u00f3ximo a\u00f1o al ingreso de la chilena Jet Smart aerol\u00edneas Low Cost que incrementar\u00edan la competencia; pero claro, no afirma y tampoco Cristian Lengua le iba a preguntar -obvio- qui\u00e9n es la transportadora chilena que en los \u00faltimos 20 a\u00f1os ha tenido m\u00e1s del 80% de los derechos de tr\u00e1fico del Per\u00fa en cuasi monopolio, qui\u00e9n tiene mas del 70% del tr\u00e1fico dom\u00e9stico, en cuasi monopolio y claro, tampoco el acucioso periodista del Diario Per\u00fa 21 le iba a preguntar al se\u00f1or Guti\u00e9rrez Laguna, en 20 a\u00f1os luego de facturar miles de millones de d\u00f3lares, gracias al Per\u00fa, \u201cque inversiones inmobiliarias, en bienes, aeronaves o activos hizo LATAM en el Per\u00fa\u201d.<\/p>\n\n\n\n<figure class=\"wp-block-embed-youtube wp-block-embed is-type-video is-provider-youtube wp-embed-aspect-4-3 wp-has-aspect-ratio\"><div class=\"wp-block-embed__wrapper\">\n<div class=\"youtube-embed\" data-video_id=\"C5RpiHPoRmA\"><iframe loading=\"lazy\" title=\"Juli\u00e1n Palac\u00edn F. en  RPP - Programa: &quot;TODO SE SABE&quot; de Milagros Leiva  emitido el  21.02.17\" width=\"696\" height=\"522\" src=\"https:\/\/www.youtube.com\/embed\/C5RpiHPoRmA?feature=oembed&#038;enablejsapi=1&#038;enablejsapi=1\" frameborder=\"0\" allow=\"accelerometer; autoplay; clipboard-write; encrypted-media; gyroscope; picture-in-picture\" allowfullscreen><\/iframe><\/div>\n<\/div><\/figure>\n\n\n\n<p><br>Que nosotros sepamos LATAM, no adquiri\u00f3 una sola aeronave de nacionalidad y matr\u00edcula peruana, no tiene inmuebles inscritos en SUNARP, no tiene bienes, y todo es alquilado, es decir, si se van del pa\u00eds de la noche a la ma\u00f1ana los trabajadores de LAN no tendr\u00edan un lapicero que embargar, y les suceder\u00eda lo mismo que les pas\u00f3 a los trabajadores de Avianca Per\u00fa, pero claro, preguntar por los derechos de los trabajadores peruanos, o por los derechos del Per\u00fa, al buen periodista Cristian Lengua, no se le ocurri\u00f3.<br><br>Como puede el buen se\u00f1or Carlos Guti\u00e9rrez Laguna hablar de libre competencia, cuando empresas de aviaci\u00f3n peruanas como Peruvian Airlines pidieron rutas a EE.UU y la DGAC peruana se las deneg\u00f3 porque todas las frecuencias disponibles las ten\u00eda LATAM <a href=\"https:\/\/es.scribd.com\/document\/485520923\/AETAI-sorprende-a-la-Comision-de-Transportes-con-un-Informe-que-APEA-nunca-solicito\" target=\"_blank\" rel=\"noreferrer noopener\">Ver Carta de la APEA a AETAI<\/a> nunca-solicito y c\u00f3mo puede hablar o informar sobre una falta de libre competencia, el periodista del diario Per\u00fa 21 a una empresa como <a href=\"https:\/\/es.scribd.com\/document\/485527624\/LAN-Peru-registro-112-aeronaves-para-operar-dentro-del-territorio-peruano-en-la-DGAC-del-MTC-ano-2016\" target=\"_blank\" rel=\"noreferrer noopener\">LATAM que seg\u00fan documento que nuevamente publicamos registr\u00f3 112 aeronaves Airbus<\/a>, Boenig y dem\u00e1s en la DGAC como dice: LAN Per\u00fa, registro 112 aeronaves para operar dentro del territorio peruano en la DGAC del MTC a\u00f1o 2016, LATAM por este acto administrativo, ten\u00eda al 2016 la posibilidad de explotar el mercado dom\u00e9stico y las rutas internacionales del Per\u00fa con estas aeronaves, entonces nosotros le preguntamos al buen periodista Cristian Lengua y a su entrevistado se\u00f1or Carlos Laguna si podr\u00edan hacer p\u00fablico las 112 P\u00f3lizas de internamiento temporal de estas 12 aeronaves y las 112 Cartas fianzas de LATAM a favor del Estado Peruano por m\u00e1s de 800 millones de d\u00f3lares porque hasta donde sabemos nosotros a otras empresas de aviaci\u00f3n, por ejemplo Peruvian Airlines, Helicopter Transport Services y otras cada vez que registran en la DGAC e importan aeronaves temporalmente cumplen con estos requisitos legales, que claro, el buen Cristian Lengua y Carlitos Laguna no nos explican en la sapiencia del art\u00edculo que comentamos contra el Proyecto de Ley 6153-2020 que crea la L\u00ednea de Bandera del Per\u00fa.<br><\/p>\n\n\n\n<p>Pero el buen Cristian Lengua de Per\u00fa 21 y su entrevistado Juan Carlos Gutierrez, va m\u00e1s all\u00e1, afirman con inexactitud que \u201cel incremento de la competencia\u201d y el \u201cingreso de nuevos operadores\u201d no se pueda pretender que el Estado invierta en un sector subsidiario, es decir, nuevamente le mienten al pa\u00eds y a sus lectores porque el Dictamen 6153-2020-CR del Congreso de la Comisi\u00f3n de Transportes del Congreso de la Rep\u00fablica que crea la L\u00ednea A\u00e9rea del Per\u00fa de Bajo Costo, el Estado como dijimos, no invierte Un Sol, ni hay gasto p\u00fablico alguno, entonces don Cristian para escribir y entrevistar, lo que hace un buen periodista, primero es leer y entender y luego afirmar no con falsedad porque usted en este art\u00edculo perdi\u00f3 la veracidad y objetividad que es la base de cualquier informaci\u00f3n period\u00edstica.<\/p>\n\n\n\n<figure class=\"wp-block-embed-youtube wp-block-embed is-type-video is-provider-youtube wp-embed-aspect-16-9 wp-has-aspect-ratio\"><div class=\"wp-block-embed__wrapper\">\n<div class=\"youtube-embed\" data-video_id=\"Ug1n1AzuC9I\"><iframe loading=\"lazy\" title=\"Exposicion de Julian Palacin en la Comision de Convenios Aereos del Congreso 2015\" width=\"696\" height=\"392\" src=\"https:\/\/www.youtube.com\/embed\/Ug1n1AzuC9I?feature=oembed&#038;enablejsapi=1&#038;enablejsapi=1\" frameborder=\"0\" allow=\"accelerometer; autoplay; clipboard-write; encrypted-media; gyroscope; picture-in-picture\" allowfullscreen><\/iframe><\/div>\n<\/div><\/figure>\n\n\n\n<p><br>Pero sigue la entrevista y los extraordinarios conocimientos de Carlos Guti\u00e9rrez Laguna de AETAI nos plantea el descubrimiento asombroso propuesto por AETAI que plantea la alternativa de reforzar los mecanismos de apoyo a las Comunidades que no tienen -dice- Guti\u00e9rrez Laguna conexi\u00f3n tan potente y se refiere al MTC en relaci\u00f3n al subsidio de las zonas remotas; tema que no tiene absolutamente nada que ver, pero en fin\u2026..lo comentamos, porque nos parece gracioso\u2026..ya que ni se imaginan el marco geopol\u00edtico y de desarrollo que tiene este Proyecto de Ley patri\u00f3tico que viene recibiendo el rechazo de los intereses econ\u00f3micos de Chile en el Per\u00fa.<br><br>Y para confundir m\u00e1s a la opini\u00f3n p\u00fablica, el periodista Cesar Lengua de Per\u00fa 21 y su entrevistado Guti\u00e9rrez Laguna de AETAI, tratando de confundir m\u00e1s, se\u00f1alan ejemplos de la Regi\u00f3n de aerol\u00edneas 100% estatales como TAME en Ecuador y BOA en Bolivia quien dice \u201cla inteligente entrevista\u201d tienen problemas de liquidez, es decir, la estrategia de LATAM a trav\u00e9s de estos interlocutores de AETAI y Per\u00fa 21, es decirle a la opini\u00f3n p\u00fablica o mejor dicho mentirle a la opini\u00f3n p\u00fablica haci\u00e9ndole creer que ALPERU la L\u00ednea A\u00e9rea de Bandera del Per\u00fa, ser\u00e1 100% estatal, que habr\u00e1 gasto e inversi\u00f3n p\u00fablica y para eso mencionan estas L\u00edneas A\u00e9reas de Bandera de Bolivia y Ecuador y de paso nos hacen recordar el caso de TANS.<br><br>Otros de los argumentos de Laguna Guti\u00e9rrez que LATAM AETAI vienen difundiendo desesperadamente que seg\u00fan su interpretaci\u00f3n las APPs no se crean por Ley, sin embargo, la Ley no lo proh\u00edbe y se trata no s\u00f3lo de una Ley que crea la APP L\u00ednea A\u00e9rea de Bandera del Per\u00fa, sino que tiene adem\u00e1s normas relacionadas con la Geopol\u00edtica del Per\u00fa, la Seguridad y Defensa Nacional y l\u00f3gico no podemos pedir que personas que defienden a Chile en su l\u00ednea a\u00e9rea de bandera LATAM lo entiendan.<\/p>\n\n\n\n<figure class=\"wp-block-image size-large\"><img loading=\"lazy\" decoding=\"async\" width=\"1024\" height=\"538\" src=\"https:\/\/aeronoticias.com.pe\/noticiero\/wp-content\/uploads\/2019\/08\/Con-su-Aeropuerto-Internacional-1024x538.jpg\" alt=\"\" class=\"wp-image-66151\" srcset=\"https:\/\/aeronoticias.com.pe\/noticiero\/wp-content\/uploads\/2019\/08\/Con-su-Aeropuerto-Internacional-1024x538.jpg 1024w, https:\/\/aeronoticias.com.pe\/noticiero\/wp-content\/uploads\/2019\/08\/Con-su-Aeropuerto-Internacional-300x158.jpg 300w, https:\/\/aeronoticias.com.pe\/noticiero\/wp-content\/uploads\/2019\/08\/Con-su-Aeropuerto-Internacional-768x403.jpg 768w, https:\/\/aeronoticias.com.pe\/noticiero\/wp-content\/uploads\/2019\/08\/Con-su-Aeropuerto-Internacional-150x79.jpg 150w, https:\/\/aeronoticias.com.pe\/noticiero\/wp-content\/uploads\/2019\/08\/Con-su-Aeropuerto-Internacional-696x365.jpg 696w, https:\/\/aeronoticias.com.pe\/noticiero\/wp-content\/uploads\/2019\/08\/Con-su-Aeropuerto-Internacional-1068x561.jpg 1068w, https:\/\/aeronoticias.com.pe\/noticiero\/wp-content\/uploads\/2019\/08\/Con-su-Aeropuerto-Internacional.jpg 1200w\" sizes=\"auto, (max-width: 1024px) 100vw, 1024px\" \/><\/figure>\n\n\n\n<p><br><br>En el art\u00edculo comentado Cristian Lengua de Per\u00fa 21, publica un subt\u00edtulo sobre Competencia Desleal y entrevista al abogado Pierino Stucchi del Estudio Mu\u00f1iz \u201cque califica al Proyecto como un regreso al pasado\u201d, afirmando con desconocimiento que seria TANS, lo cual es FALSO, es decir, el buen Pierino, primero tiene que leer el Dictamen 6153-2020-CR redactado por el referente del Derecho A\u00e9reo Peruano, informarse y despu\u00e9s opinar, en raz\u00f3n a que no se trata de una actividad subsidiaria del Estado propiamente dicha porque quien va a dar el servicio es una empresa privada APP y casos similares existen, como el telef\u00e9rico de Lima <a href=\"https:\/\/aeronoticias.com.pe\/noticiero\/obra-de-teleferico-de-lima-utiliza-modelo-del-pl-de-linea-de-bandera-bajo-la-modalidad-de-app\/\" target=\"_blank\" rel=\"noreferrer noopener\">Ver Obra de telef\u00e9rico de Lima utiliza modelo del PL de L\u00ednea A\u00e9rea de Bandera bajo la modalidad de APP<\/a> y Cacao Per\u00fa que son APPs .<br><br>Pero el periodista Cristian Lengua de Per\u00fa 21 en defensa de la L\u00ednea Editorial del Grupo el Comercio y Per\u00fa 21 y sus intereses privados 20 a\u00f1os a favor de LAN, va m\u00e1s all\u00e1, induce sin exactitud a afirmar sin precisi\u00f3n jur\u00eddica a Pierino Stucchi ya que este dice que el Estado va a gastar dinero de sus impuestos que con absoluta sapiencia jur\u00eddica de este abogado del Estudio Mu\u00f1iz -dice- que estos recursos se deben destinar a Seguridad, Educaci\u00f3n y en fortalecer al sistema de justicia que dice Stucchi son los pilares fundamentales de un Estado democr\u00e1tico que requiere bases s\u00f3lidas para el desarrollo.<br><br>No, se\u00f1or Pierino Stucchi, usted es abogado creo no, bueno, no se equivoque, no patine, no divague, porque es esclavo de sus palabras el Dictamen del Proyecto de Ley 6153-2020-CR el Estado peruano no realiza gasto p\u00fablico o Inversi\u00f3n P\u00fablica alguna, entonces, no se preste a confundir a la opini\u00f3n p\u00fablica, en este art\u00edculo que criticamos de Per\u00fa 21 porque los abogados tiene un c\u00f3digo de \u00e9tica profesional del CAL que cumplir, y usted esta desorientando, es decir, mal informando diciendo de que el Estado va a gastar dinero en este Proyecto de Ley 6153-2020-CR, cuyo dictamen dice lo contrario y seguramente usted desinformado del texto original del Predictamen 6153-2020-CR que muchos d\u00edas antes de su declaraci\u00f3n a Per\u00fa 21 estaba colgado en la p\u00e1gina web del Congreso y hab\u00edan decenas de informaci\u00f3n p\u00fablica que anexamos a esta informaci\u00f3n y que prueban, que la L\u00ednea A\u00e9rea de Bandera de Bajo Costo del Per\u00fa, se har\u00e1 sin gasto e inversi\u00f3n p\u00fablica alguna, entonces creemos que el buen periodista Cristian Lengua de Per\u00fa 21 a Ud. lo indujo a decir otra cosa para crear corriente de opini\u00f3n desviando a la clientela y eso es competencia desleal que probar\u00eda que uno, ambos o todos defienden claramente los intereses de LATAM, sin siquiera haber le\u00eddo la normatividad del Predictamen jur\u00eddico del Proyecto de Ley 6153-2020-CR, de la Comisi\u00f3n de Transportes que establece que no habr\u00e1 gasto ni inversi\u00f3n p\u00fablica.<\/p>\n\n\n\n<figure class=\"wp-block-image size-large\"><img loading=\"lazy\" decoding=\"async\" width=\"1024\" height=\"602\" src=\"https:\/\/aeronoticias.com.pe\/noticiero\/wp-content\/uploads\/2020\/02\/vuelos-1024x602.jpg\" alt=\"\" class=\"wp-image-64921\" srcset=\"https:\/\/aeronoticias.com.pe\/noticiero\/wp-content\/uploads\/2020\/02\/vuelos-1024x602.jpg 1024w, https:\/\/aeronoticias.com.pe\/noticiero\/wp-content\/uploads\/2020\/02\/vuelos-300x176.jpg 300w, https:\/\/aeronoticias.com.pe\/noticiero\/wp-content\/uploads\/2020\/02\/vuelos-768x452.jpg 768w, https:\/\/aeronoticias.com.pe\/noticiero\/wp-content\/uploads\/2020\/02\/vuelos-150x88.jpg 150w, https:\/\/aeronoticias.com.pe\/noticiero\/wp-content\/uploads\/2020\/02\/vuelos-696x409.jpg 696w, https:\/\/aeronoticias.com.pe\/noticiero\/wp-content\/uploads\/2020\/02\/vuelos-1068x628.jpg 1068w, https:\/\/aeronoticias.com.pe\/noticiero\/wp-content\/uploads\/2020\/02\/vuelos.jpg 1250w\" sizes=\"auto, (max-width: 1024px) 100vw, 1024px\" \/><\/figure>\n\n\n\n<p><br><br>Corregimos su \u00faltima apreciaci\u00f3n se\u00f1or Pierino Stucchi, el Proyecto de Ley 6153-2020-CR, se trata de una L\u00ednea A\u00e9rea de Bandera de bajo costo con 80% de capital privado, que podr\u00e1 llegar hasta 95% del capital privado y de lo que se trata es que haya libre competencia para las dos o tres empresas que dominan el 95% del mercado no abusen con tarifas a\u00e9reas exorbitantes como lo han venido haciendo en emergencias en perjuicio del Estado y de los consumidores Peruanos.<br><br>El Estado no subsidiar\u00e1 pasajes a\u00e9reos en las rutas cubiertas se\u00f1or Stucchi, lo que har\u00e1 es que 15 millones de peruanos que tienen que transportarse anualmente en los buses interprovinciales por tarifa a\u00e9rea similar se suban a una moderna aeronave, usted con su posici\u00f3n defiende el cuasi monopolio chileno y colombiano en el espacio a\u00e9reo peruano y no la libre competencia.<br><br>Le sugerimos leer bien el Predictamen del Proyecto de Ley 6153-2020-CR y despu\u00e9s opinar y en todo caso participar en los debates jur\u00eddicos que se realizar\u00e1n cuando pase al Pleno del Congreso de la Rep\u00fablica, en donde claro no va a tener en frente al periodismo que defiende el cuasi monopolio o a sus empleados sino a los mejores Juristas del Per\u00fa que defienden la Soberan\u00eda de nuestro pa\u00eds en la utilizaci\u00f3n y uso del Espacio A\u00e9reo.<br><br>Por \u00faltimo, contradiciendo a AETAI y al estudio Mu\u00f1iz en las declaraciones de Carlos Laguna Guti\u00e9rrez y Pierino Stucchi quien defendiendo la tesis de LATAM-AETAI invocan supuesta competencia desleal en el Dictamen del Proyecto de Ley 6153-2020-CR, que crea la L\u00ednea A\u00e9rea de Bandera de Bajo Costo del Per\u00fa que se debe entender por competencia il\u00edcita o desleal todo aquel comportamiento que pueda encuadrarse, usando elementos objetivos de an\u00e1lisis, como contrario a las exigencias de buena fe dentro del plano del comercio con el prop\u00f3sito de incitar la compra de un producto en un enclave determinando afectando negativamente.<br><br>Entonces es competencia desleal para las empresas de aviaci\u00f3n peruanas que cualquier empresa extranjera registre 112 aeronaves en el territorio nacional peruano,<a href=\"https:\/\/es.scribd.com\/document\/485527624\/LAN-Peru-registro-112-aeronaves-para-operar-dentro-del-territorio-peruano-en-la-DGAC-del-MTC-ano-2016\" target=\"_blank\" rel=\"noreferrer noopener\"> sin cumplir con las 112 P\u00f3lizas y 112 Cartas Fianzas ante la Aduana, es decir si no hubieran cumplido, pedimos que informen porque a las empresas peruanas si se les exige<\/a>. <\/p>\n\n\n\n<p>Por \u00faltimo, defendemos la libre competencia en el mercado aerocomercial peruano y no estamos de acuerdo con la defensa del cuasi monopolio a\u00e9reo de LATAM, que defiende el Diario Per\u00fa 21 a trav\u00e9s de Cesar Lengua AETAI LATAM a trav\u00e9s de Carlos Laguna y de Pierino Stucchi a trav\u00e9s del Estudio Mu\u00f1iz. En consecuencia, somos de la opini\u00f3n que la Comisi\u00f3n de Transportes del Congreso de la Rep\u00fablica del Per\u00fa, debe rechazar la injerencia de los intereses econ\u00f3micos de Chile que se opone a este Proyecto de Ley y defendiendo la Soberan\u00eda A\u00e9rea del Per\u00fa, debe aprobarlo.<\/p>\n\n\n\n<p><a href=\"https:\/\/aeronoticias.com.pe\/noticiero\/obra-de-teleferico-de-lima-utiliza-modelo-del-pl-de-linea-de-bandera-bajo-la-modalidad-de-app\/\" target=\"_blank\" rel=\"noreferrer noopener\">Obra de telef\u00e9rico de Lima utiliza modelo del PL de L\u00ednea A\u00e9rea de Bandera bajo la modalidad de APP<\/a><\/p>\n\n\n\n<p><a href=\"http:\/\/Diario%20El%20Comercio%20defendiendo%20a%20la%20chilena%20LATAM,%20se%20opone%20a%20Proyecto%20de%20Ley%20que%20crea%20la%20L%C3%ADnea%20A%C3%A9rea%20de%20Bandera%20de%20bajo%20costo%20del%20Per%C3%BA\/\" target=\"_blank\" rel=\"noreferrer noopener\">Diario El Comercio defendiendo a la chilena LATAM, se opone a Proyecto de Ley que crea la L\u00ednea A\u00e9rea de Bandera de bajo costo del Per\u00fa<\/a><\/p>\n\n\n\n<p><a href=\"https:\/\/aeronoticias.com.pe\/noticiero\/wp-content\/uploads\/2020\/11\/CARTA-NOTARIAL-AETAI-23NOV20.pdf\" target=\"_blank\" rel=\"noreferrer noopener\">VER CARTA NOTARIAL DE LA APEA A LA AETAI<\/a><\/p>\n\n\n\n<p><a href=\"https:\/\/aeronoticias.com.pe\/noticiero\/diario-chileno-se-suma-a-desesperados-defensores-de-latam-ante-avance-de-proyecto-de-linea-de-bandera-del-peru\/\" target=\"_blank\" rel=\"noreferrer noopener\">Diario chileno se suma a desesperados defensores de LATAM ante avance de proyecto de L\u00ednea de Bandera del Per\u00fa<\/a><\/p>\n\n\n\n<p><a href=\"https:\/\/aeronoticias.com.pe\/noticiero\/diario-gestion-en-defensa-de-latam-distorsiona-la-verdad-oponiendose-a-la-linea-aerea-de-bandera-de-bajo-costo-del-peru\/\" target=\"_blank\" rel=\"noreferrer noopener\">Diario Gesti\u00f3n en defensa de LATAM distorsiona la verdad oponi\u00e9ndose a la L\u00ednea A\u00e9rea de Bandera de bajo costo del Per\u00fa<\/a><\/p>\n\n\n\n<p><a href=\"https:\/\/aeronoticias.com.pe\/noticiero\/comex-defendiendo-a-latam-se-opone-al-proyecto-de-ley-de-la-linea-aerea-de-bandera-de-bajo-costo-del-peru\/\" target=\"_blank\" rel=\"noreferrer noopener\">Comex, defendiendo a LATAM, se opone al Proyecto de Ley de la L\u00ednea A\u00e9rea de Bandera de bajo costo del Per\u00fa<\/a><\/p>\n\n\n\n<p><a href=\"https:\/\/aeronoticias.com.pe\/noticiero\/apea-emplaza-a-aetai-latam-por-pretender-intervenir-en-asuntos-internos-del-peru-oponiendose-a-la-linea-aerea-de-bandera\/\" target=\"_blank\" rel=\"noreferrer noopener\">APEA emplaza a AETAI-LATAM por pretender intervenir en asuntos internos del Per\u00fa oponi\u00e9ndose a la L\u00ednea A\u00e9rea de Bandera<\/a><\/p>\n\n\n\n<p><a href=\"https:\/\/aeronoticias.com.pe\/noticiero\/latam-aetai-se-oponen-a-que-el-peru-apruebe-el-proyecto-de-ley-6153-2020-que-crea-la-linea-aerea-de-bandera-de-bajo-costo-del-peru\/\" target=\"_blank\" rel=\"noreferrer noopener\">LATAM-AETAI se oponen a que el Per\u00fa apruebe el Proyecto de Ley 6153-2020 que crea la L\u00ednea A\u00e9rea de Bandera de bajo costo del Per\u00fa<\/a><\/p>\n\n\n\n<p><a href=\"https:\/\/www.connuestroperu.com\/economia\/aviacion\/67624-la-apea-pide-al-congreso-investigar-si-latam-cumplio-con-entregar-carta-fianza-por-112-aviones-y-envia-carta-notarial-a-la-aetai-por-usar-su-nombre-para-sorprender-al-legislativo\" target=\"_blank\" rel=\"noreferrer noopener\">La APEA pide al Congreso investigar si LATAM cumpli\u00f3 con entregar carta fianza por 112 aviones y env\u00eda carta notarial a la AETAI por usar su nombre para sorprender al Legislativo<\/a><\/p>\n\n\n\n<p><a href=\"https:\/\/www.facebook.com\/CongresoPeru\/videos\/414341229739808\" target=\"_blank\" rel=\"noreferrer noopener\">VER SETIMA SESION EXTRAORDINARIA VIRTUAL DE LA COMISION DE TRANSPORTES DEL CONGRESO DE LA REPUBLICA.<\/a><\/p>\n\n\n\n<p><a href=\"https:\/\/aeronoticias.com.pe\/noticiero\/wp-content\/uploads\/2020\/11\/1.1.-2772-553340-20201117143020-4091-1.pdf\" target=\"_blank\" rel=\"noreferrer noopener\">VER INFORME LEGAL DEL JURISTA CESAR LANDA ARROYO A LA APEA, CON DIRECCION AV. JOSE PARDO 513, MIRAFLORES (DIRECCION DE LATAM), QUE LA APEA NUNCA LA RECIBIO NI PAGO HONORARIO ALGUNO Y AHORA ESTA CARTA LA PRESENTA AL CONGRESO<\/a><\/p>\n\n\n\n<p><a href=\"https:\/\/aeronoticias.com.pe\/noticiero\/wp-content\/uploads\/2020\/11\/1.-CARTA-0116-AETAI-PL-6153-2772-RU-553340-20201117142949-4110.pdf\" target=\"_blank\" rel=\"noreferrer noopener\">VER CARTA AETAI DEL 16\/11\/20 AL CONGRESISTA LUIS CARLOS SIMEON HURTADO, PRESIDENTE DE LA COMISION DE TRANSPORTES DEL CONGRESO DE LA REPUBLICA<\/a><\/p>\n\n\n\n<p><a href=\"https:\/\/aeronoticias.com.pe\/noticiero\/wp-content\/uploads\/2020\/11\/Carta-PRE-154-Pdte-Comisi%C3%B3n-de-Transportes-Opini%C3%B3n-PL-6153-LAPERU-16.11.2026616-1.pdf\" target=\"_blank\" rel=\"noreferrer noopener\">VER CARTA DE CONFIEP PRE-154\/2020 DE OPOSICION AL PROYECTO DE LEY QUE CREA LA LINEA AEREA DE BANDERA DEL PERU<\/a><\/p>\n\n\n\n<p><a href=\"https:\/\/www.youtube.com\/watch?v=RDpvgLBmnGo&amp;feature=emb_title\" target=\"_blank\" rel=\"noreferrer noopener\">RBC entrevista a Juli\u00e1n Palac\u00edn sobre la linea a\u00e9rea de bandera para el Per\u00fa<\/a><\/p>\n\n\n\n<p><a href=\"https:\/\/www.youtube.com\/watch?v=Ug1n1AzuC9I&amp;feature=emb_title\" target=\"_blank\" rel=\"noreferrer noopener\">Exposici\u00f3n de Julian Palacin en la Comisi\u00f3n de Convenios A\u00e9reos del Congreso 2015<\/a><\/p>\n\n\n\n<p><a href=\"https:\/\/www.youtube.com\/watch?v=MMhxE1BHcSE&amp;feature=emb_title\" target=\"_blank\" rel=\"noreferrer noopener\">Conferencia en la Academia Diplom\u00e1tica del Per\u00fa sobre la aerol\u00ednea de bandera (12\/12\/12)<\/a><\/p>\n\n\n\n<p><a href=\"https:\/\/www.youtube.com\/watch?v=sfcJq2xKPe8&amp;feature=emb_title\" target=\"_blank\" rel=\"noreferrer noopener\">Conferencia de Julian Palacin sobre Soberan\u00eda y Geopol\u00edtica en el grupo Basadre<\/a><br><br><a href=\"https:\/\/es.scribd.com\/doc\/192155127\/Linea-Aerea-de-Bandera\" target=\"_blank\" rel=\"noreferrer noopener\">LIBRO LINEA AEREA DE BANDERA DE BAJO COSTO<\/a><\/p>\n\n\n\n<p><a href=\"https:\/\/aeronoticias.com.pe\/noticiero\/renace-el-proyecto-de-la-linea-aerea-de-bandera-del-peru\/\" target=\"_blank\" rel=\"noreferrer noopener\">\u00bfRenace el Proyecto de la L\u00ednea A\u00e9rea de Bandera del Per\u00fa?<\/a><\/p>\n\n\n\n<p><a href=\"https:\/\/aeronoticias.com.pe\/noticiero\/comision-de-transportes-del-congreso-debate-proyecto-de-la-linea-aerea-de-bandera-del-peru-2\/\" target=\"_blank\" rel=\"noreferrer noopener\">Comisi\u00f3n de Transportes del Congreso debate Proyecto de la L\u00ednea A\u00e9rea de Bandera del Per\u00fa<\/a><\/p>\n\n\n\n<p><a href=\"https:\/\/aeronoticias.com.pe\/noticiero\/comision-de-transportes-del-congreso-postergo-debate-del-proyecto-de-ley-de-la-linea-aerea-de-bandera-del-peru\/\" target=\"_blank\" rel=\"noreferrer noopener\">Comisi\u00f3n de Transportes del Congreso posterg\u00f3 debate del Proyecto de Ley de la L\u00ednea A\u00e9rea de Bandera del Per\u00fa<\/a><\/p>\n\n\n\n<p><a href=\"https:\/\/aeronoticias.com.pe\/noticiero\/comision-de-transportes-del-congreso-debate-proyecto-de-la-linea-aerea-de-bandera-del-peru-2\/\" target=\"_blank\" rel=\"noreferrer noopener\">Comisi\u00f3n de Transportes del Congreso debate hoy Proyecto de la L\u00ednea A\u00e9rea de Bandera del Per\u00fa<\/a><\/p>\n\n\n\n<p><a href=\"https:\/\/aeronoticias.com.pe\/noticiero\/por-debate-presidencial-comision-de-transportes-suspende-tratamiento-de-proyecto-de-ley-de-linea-aerea-de-bandera\/\" target=\"_blank\" rel=\"noreferrer noopener\">Por debate Presidencial, Comisi\u00f3n de Transportes suspende tratamiento de Proyecto de Ley de L\u00ednea A\u00e9rea de Bandera<\/a><\/p>\n\n\n\n<p><a href=\"https:\/\/aeronoticias.com.pe\/noticiero\/julian-palacin-emplaza-a-latam-legal-ltd-que-se-opone-a-la-linea-aerea-de-bandera-del-peru\/\" target=\"_blank\" rel=\"noreferrer noopener\">Juli\u00e1n Palacin emplaza a LATAM LEGAL LTD, que se opone a la L\u00ednea A\u00e9rea de Bandera del Per\u00fa<\/a><\/p>\n\n\n\n<p><a href=\"https:\/\/aeronoticias.com.pe\/noticiero\/desacreditan-al-peru-por-proyecto-de-ley-de-linea-aerea-de-bandera\/?fbclid=IwAR13zEnnP1LIk6wLhFpqxwhqVO8KqhlhMZVQswmxkHutElrQyu-7SJcphU8\" target=\"_blank\" rel=\"noreferrer noopener\">Desacreditan al Per\u00fa por Proyecto de Ley de L\u00ednea A\u00e9rea de Bandera<\/a><\/p>\n\n\n\n<p><a href=\"https:\/\/aeronoticias.com.pe\/noticiero\/lexlatin-propiedad-de-latam-legal-ltd-no-le-informa-a-sus-lectores-que-sus-entrevistados-serian-abogados-de-latam\/\" target=\"_blank\" rel=\"noreferrer noopener\">Lexlatin, propiedad de LATAM LEGAL LTD., no le informa a sus lectores que sus entrevistados ser\u00edan abogados de LATAM<\/a><\/p>\n\n\n\n<p><a href=\"https:\/\/aeronoticias.com.pe\/noticiero\/comision-de-transportes-del-congreso-debate-este-martes-29-el-proyecto-de-la-linea-aerea-de-bandera-del-peru\/\" target=\"_blank\" rel=\"noreferrer noopener\">Comisi\u00f3n de Transportes del Congreso debate hoy el Proyecto de la L\u00ednea A\u00e9rea de Bandera del Per\u00fa<\/a><\/p>\n\n\n\n<p><a href=\"https:\/\/aeronoticias.com.pe\/noticiero\/comision-de-transportes-del-congreso-del-peru-vio-proyecto-de-ley-de-la-linea-aerea-de-bandera\/\" target=\"_blank\" rel=\"noreferrer noopener\">Comisi\u00f3n de Transportes del Congreso del Per\u00fa vio Proyecto de Ley de la L\u00ednea A\u00e9rea de Bandera<\/a><\/p>\n\n\n\n<p><a href=\"https:\/\/aeronoticias.com.pe\/noticiero\/continua-el-debate-sobre-la-linea-aerea-de-bandera-del-peru-en-el-congreso-de-la-republica\/\" target=\"_blank\" rel=\"noreferrer noopener\">Contin\u00faa el debate sobre la L\u00ednea A\u00e9rea de Bandera del Per\u00fa en el Congreso de la Rep\u00fablica<\/a><\/p>\n\n\n\n<p><a href=\"https:\/\/aeronoticias.com.pe\/noticiero\/gilmer-aliaga-zegarra-los-peruanos-tenemos-que-entender-los-beneficios-de-contar-con-una-linea-aerea-de-bandera-de-capital-publico-privada\/\" target=\"_blank\" rel=\"noreferrer noopener\">Gilmer Aliaga Zegarra: \u00abLos peruanos tenemos que entender los beneficios de contar con una L\u00ednea A\u00e9rea de Bandera de capital p\u00fablico-privada\u00bb<\/a><\/p>\n\n\n\n<p><a href=\"https:\/\/aeronoticias.com.pe\/noticiero\/alfredo-gallegos-estoy-de-acuerdo-que-existe-conveniencia-publica-para-que-el-peru-tenga-una-linea-aerea-de-bandera\/\" target=\"_blank\" rel=\"noreferrer noopener\">Alfredo Gallegos: \u201cEstoy de acuerdo que existe conveniencia p\u00fablica para que el Per\u00fa tenga una L\u00ednea A\u00e9rea de Bandera\u201d<\/a><\/p>\n\n\n\n<p><a href=\"https:\/\/aeronoticias.com.pe\/noticiero\/julian-palacin-la-constitucion-politica-respalda-el-derecho-del-peru-a-tener-una-linea-aerea-de-bandera-con-capital-publico-privado\/\" target=\"_blank\" rel=\"noreferrer noopener\">Juli\u00e1n Palacin: \u00abLa Constituci\u00f3n Pol\u00edtica respalda el derecho del Per\u00fa a tener una L\u00ednea A\u00e9rea de Bandera con capital p\u00fablico-privado<\/a><\/p>\n\n\n\n<p><a href=\"https:\/\/aeronoticias.com.pe\/noticiero\/crece-el-interes-de-inversionistas-privados-por-invertir-en-la-linea-de-bandera-low-cost-del-peru\/\" target=\"_blank\" rel=\"noreferrer noopener\">Crece el inter\u00e9s de capitales privados por invertir en la L\u00ednea A\u00e9rea de Bandera Low-Cost<\/a><\/p>\n\n\n\n<p><a href=\"https:\/\/aeronoticias.com.pe\/noticiero\/low-cost-del-peru-abriria-mercado-aereo-a-15-millones-de-pasajeros-de-transporte-terreste\/\" target=\"_blank\" rel=\"noreferrer noopener\">Low-Cost del Per\u00fa abrir\u00eda mercado a\u00e9reo a 15 millones de pasajeros de transporte terrestre<\/a><\/p>\n\n\n\n<p><a href=\"https:\/\/aeronoticias.com.pe\/noticiero\/julian-palacin-proyecto-de-ley-de-linea-aerea-de-bandera-cumple-con-el-principio-de-subsidiariedad-constitucional\/\" target=\"_blank\" rel=\"noreferrer noopener\">Juli\u00e1n Palacin: \u201cProyecto de Ley de L\u00ednea A\u00e9rea de Bandera cumple con el principio de subsidiariedad constitucional<\/a><\/p>\n\n\n\n<p><a href=\"https:\/\/aeronoticias.com.pe\/noticiero\/linea-aerea-de-bandera-del-peru-sera-manejada-por-capitales-privadas\/\" target=\"_blank\" rel=\"noreferrer noopener\">L\u00ednea A\u00e9rea de Bandera del Per\u00fa ser\u00e1 manejada por capitales privados<\/a><\/p>\n\n\n\n<p><a href=\"https:\/\/aeronoticias.com.pe\/noticiero\/defensores-del-dominio-aereo-chileno-en-el-espacio-aereo-peruano-fijan-su-posicion-en-el-diario-peru-21\/\" target=\"_blank\" rel=\"noreferrer noopener\">Defensores del dominio a\u00e9reo chileno en el espacio a\u00e9reo peruano fijan su posici\u00f3n en el Diario Per\u00fa 21<\/a><\/p>\n\n\n\n<p><a href=\"https:\/\/aeronoticias.com.pe\/noticiero\/en-homenaje-al-congresista-luis-carlos-simeon-hurtado-la-linea-aerea-de-bandera-alperu-haria-su-primer-vuelo-al-aerodromo-de-vicco-en-pasco\/\" target=\"_blank\" rel=\"noreferrer noopener\">En homenaje al Congresista Luis Carlos Sime\u00f3n Hurtado, la L\u00ednea A\u00e9rea de Bandera \u201cALPERU\u201d har\u00eda su primer vuelo al aer\u00f3dromo de Vicco, en Pasco<\/a><\/p>\n\n\n\n<p><a href=\"https:\/\/aeronoticias.com.pe\/noticiero\/linea-aerea-de-bandera-del-peru-operaria-desde-el-aerodromo-low-cost-de-las-palmas-en-surco\/\" target=\"_blank\" rel=\"noreferrer noopener\">L\u00ednea A\u00e9rea de Bandera del Per\u00fa operar\u00eda desde el Aer\u00f3dromo low-cost de Las Palmas, en Surco<\/a><\/p>\n\n\n\n<p><a href=\"https:\/\/aeronoticias.com.pe\/noticiero\/julian-palacin-debemos-pensar-en-el-aeropuerto-internacional-low-cost-de-la-isla-san-lorenzo-para-beneficiar-al-callao\/\" target=\"_blank\" rel=\"noreferrer noopener\">Juli\u00e1n Palacin: \u201cDebemos pensar en el Aeropuerto Internacional Low Cost de la Isla San Lorenzo para beneficiar al Callao\u201d<\/a><\/p>\n\n\n\n<p><a href=\"https:\/\/aeronoticias.com.pe\/noticiero\/linea-aerea-de-bandera-del-peru-no-tendra-inversion-publica-ni-irrogara-gasto-al-estado\/\" target=\"_blank\" rel=\"noreferrer noopener\">L\u00ednea A\u00e9rea de Bandera del Per\u00fa no tendr\u00e1 inversi\u00f3n p\u00fablica ni irrogar\u00e1 gasto al Estado<\/a><\/p>\n\n\n\n<p><a href=\"https:\/\/aeronoticias.com.pe\/noticiero\/mtc-no-da-pronunciamiento-a-la-carta-de-lap\/\" target=\"_blank\" rel=\"noreferrer noopener\">MTC no da pronunciamiento a la carta de LAP<\/a><\/p>\n\n\n\n<p><a href=\"https:\/\/aeronoticias.com.pe\/noticiero\/comision-de-transportes-del-congreso-ve-el-dictamen-final-de-la-linea-aerea-de-bandera-del-peru\/\" target=\"_blank\" rel=\"noreferrer noopener\">Comisi\u00f3n de Transportes del Congreso ve el Dictamen final de la L\u00ednea A\u00e9rea de Bandera del Per\u00fa<\/a><\/p>\n\n\n\n<p><a href=\"https:\/\/aeronoticias.com.pe\/noticiero\/linea-aerea-de-bandera-del-peru-sin-inversion-publica-tiene-interes-geopolitico-y-de-defensa-nacional-del-peru\/\" target=\"_blank\" rel=\"noreferrer noopener\">L\u00ednea A\u00e9rea de Bandera del Per\u00fa sin inversi\u00f3n p\u00fablica tiene inter\u00e9s geopol\u00edtico y de defensa nacional del Per\u00fa<\/a><\/p>\n\n\n\n<p><a href=\"https:\/\/aeronoticias.com.pe\/noticiero\/instituto-peruano-de-derecho-aereo-ipda-desarrollo-doctrina-geopolitica-del-peru-en-la-utilizacion-del-espacio-aereo\/\" target=\"_blank\" rel=\"noreferrer noopener\">Instituto Peruano de Derecho A\u00e9reo (IPDA) desarroll\u00f3 Doctrina Geopol\u00edtica del Per\u00fa en la utilizaci\u00f3n del espacio a\u00e9reo<\/a><\/p>\n\n\n\n<p><a href=\"https:\/\/aeronoticias.com.pe\/noticiero\/confiep-en-defensa-del-cuasimonopolio-aereo-chileno-se-opone-a-la-linea-aerea-de-bandera-del-peru\/?fbclid=IwAR3Ewe9Bg0BKfH-f92mqAuEKFGDmsdd4CdiaYWdo4lc_6GoEIwcZDqgCbO4\" target=\"_blank\" rel=\"noreferrer noopener\">CONFIEP en defensa del cuasimonopolio a\u00e9reo chileno, se opone a la L\u00ednea A\u00e9rea de Bandera del Per\u00fa<\/a><\/p>\n\n\n\n<p><a href=\"https:\/\/aeronoticias.com.pe\/noticiero\/aetai-presento-informe-contra-la-linea-aerea-de-bandera-que-el-presidente-de-apea-nunca-gestiono-que-tiene-que-ver-latam-en-todo-esto\/\" target=\"_blank\" rel=\"noreferrer noopener\">AETAI present\u00f3 Informe contra la L\u00ednea A\u00e9rea de Bandera, que el Presidente de APEA nunca gestion\u00f3 \u2026. \u00bfqu\u00e9 tiene que ver LATAM en todo esto?<\/a><\/p>\n\n\n\n<p><a href=\"https:\/\/aeronoticias.com.pe\/noticiero\/peruvian-airilines-desaparecio-porque-el-peru-nunca-le-otorgo-rutas-aereas-a-estados-unidos-y-a-otros-mercado-rentables-del-mundo\/\" target=\"_blank\" rel=\"noreferrer noopener\">Peruvian Airilines desapareci\u00f3 porque el Per\u00fa nunca le otorg\u00f3 rutas a\u00e9reas a Estados Unidos y a otros mercados rentables del mundo<\/a><\/p>\n\n\n\n<p><a href=\"https:\/\/aeronoticias.com.pe\/noticiero\/comision-de-transportes-del-congreso-de-la-republica-ve-hoy-predictamen-final-de-la-linea-aerea-de-bandera-de-bajo-costo\/\" target=\"_blank\" rel=\"noreferrer noopener\">Comisi\u00f3n de Transportes del Congreso de la Rep\u00fablica ve hoy Predictamen final de la L\u00ednea A\u00e9rea de Bandera de bajo costo<\/a><\/p>\n\n\n\n<p><a href=\"https:\/\/aeronoticias.com.pe\/noticiero\/comision-de-transportes-del-congreso-de-la-republica-realizo-el-primer-debate-del-predictamen-final-de-la-linea-aerea-de-bandera-de-bajo-costo\/\" target=\"_blank\" rel=\"noreferrer noopener\">Comisi\u00f3n de Transportes del Congreso de la Rep\u00fablica realiz\u00f3 el primer Debate del Predictamen final de la L\u00ednea A\u00e9rea de Bandera de bajo costo<\/a><\/p>\n\n\n\n<p><a href=\"https:\/\/aeronoticias.com.pe\/noticiero\/congresista-de-fuerza-popular-fp-martires-lizana-santos-impidio-que-se-vote-el-proyecto-6153-2020-cr-que-crea-la-linea-aerea-de-bandera-de-bajo-costo-del-peru\/\" target=\"_blank\" rel=\"noreferrer noopener\">Congresista de Fuerza Popular (FP) M\u00e1rtires Lizana Santos, impidi\u00f3 que se vote el Proyecto 6153-2020-CR que crea la L\u00ednea A\u00e9rea de Bandera de bajo costo del Per\u00fa<\/a><\/p>\n","protected":false},"excerpt":{"rendered":"<p>Por: Plana Period\u00edstica (Aeronoticias) Se ha iniciado una campa\u00f1a dirigida por LATAM a trav\u00e9s de gremio AETAI que pretende mantener el cuasi monopolio chileno en la explotaci\u00f3n y uso del Espacio A\u00e9reo Peruano y con diversos argumentos imprecisos y gaseosos vienen pretendiendo confundir a la opini\u00f3n p\u00fablica para que la Comisi\u00f3n de Transportes del Congreso [&hellip;]<\/p>\n","protected":false},"author":3,"featured_media":67073,"comment_status":"open","ping_status":"open","sticky":false,"template":"","format":"standard","meta":{"tdm_status":"","tdm_grid_status":"","footnotes":""},"categories":[31,9],"tags":[170,171,109],"class_list":{"0":"post-67051","1":"post","2":"type-post","3":"status-publish","4":"format-standard","5":"has-post-thumbnail","7":"category-31","8":"category-turismo","9":"tag-congresodelarepublica","10":"tag-congresoperu","11":"tag-linea-aerea-de-bandera"},"yoast_head":"<!-- This site is optimized with the Yoast SEO plugin v25.1 - https:\/\/yoast.com\/wordpress\/plugins\/seo\/ -->\n<title>AETAI-LATAM a trav\u00e9s del Diario Per\u00fa 21 se oponen al Proyecto de Ley 6153-2020-CR que crea la L\u00ednea A\u00e9rea de Bandera de Bajo Costo del Per\u00fa<\/title>\n<meta name=\"description\" content=\"Le contestamos a AETAI de Carlos Laguna Guti\u00e9rrez y a Pierino Stucchi del Estudio Mu\u00f1iz en defensa de la verdad y en contra de la posici\u00f3n de la LATAM-AETAI en relaci\u00f3n al art\u00edculo de Per\u00fa 21 \u201cPropuesta del Congreso de crear una aerol\u00ednea podr\u00e1 ser considerada como competencia desleal\u201d.\" \/>\n<meta name=\"robots\" content=\"index, follow, max-snippet:-1, max-image-preview:large, max-video-preview:-1\" \/>\n<link rel=\"canonical\" href=\"https:\/\/aeronoticias.com.pe\/noticiero\/turismo\/aetai-latam-a-traves-del-diario-peru-21-se-oponen-al-proyecto-de-ley-6153-2020-cr-que-crea-la-linea-aerea-de-bandera-de-bajo-costo-del-peru\/\" \/>\n<meta property=\"og:locale\" content=\"es_ES\" \/>\n<meta property=\"og:type\" content=\"article\" \/>\n<meta property=\"og:title\" content=\"AETAI-LATAM a trav\u00e9s del Diario Per\u00fa 21 se oponen al Proyecto de Ley 6153-2020-CR que crea la L\u00ednea A\u00e9rea de Bandera de Bajo Costo del Per\u00fa\" \/>\n<meta property=\"og:description\" content=\"Le contestamos a AETAI de Carlos Laguna Guti\u00e9rrez y a Pierino Stucchi del Estudio Mu\u00f1iz en defensa de la verdad y en contra de la posici\u00f3n de la LATAM-AETAI en relaci\u00f3n al art\u00edculo de Per\u00fa 21 \u201cPropuesta del Congreso de crear una aerol\u00ednea podr\u00e1 ser considerada como competencia desleal\u201d.\" \/>\n<meta property=\"og:url\" content=\"https:\/\/aeronoticias.com.pe\/noticiero\/turismo\/aetai-latam-a-traves-del-diario-peru-21-se-oponen-al-proyecto-de-ley-6153-2020-cr-que-crea-la-linea-aerea-de-bandera-de-bajo-costo-del-peru\/\" \/>\n<meta property=\"og:site_name\" content=\"Aeronoticias.com.pe\" \/>\n<meta property=\"article:publisher\" content=\"https:\/\/www.facebook.com\/Aeronoticias.com.pe\/\" \/>\n<meta property=\"article:published_time\" content=\"2020-12-01T12:37:00+00:00\" \/>\n<meta property=\"article:modified_time\" content=\"2020-12-01T12:46:11+00:00\" \/>\n<meta property=\"og:image\" content=\"https:\/\/aeronoticias.com.pe\/noticiero\/wp-content\/uploads\/2020\/11\/simeonhurtado-lineabandera.jpg\" \/>\n\t<meta property=\"og:image:width\" content=\"1460\" \/>\n\t<meta property=\"og:image:height\" content=\"446\" \/>\n\t<meta property=\"og:image:type\" content=\"image\/jpeg\" \/>\n<meta name=\"author\" content=\"Redacci\u00f3n\" \/>\n<meta name=\"twitter:card\" content=\"summary_large_image\" \/>\n<meta name=\"twitter:creator\" content=\"@aeronoticias\" \/>\n<meta name=\"twitter:site\" content=\"@aeronoticias\" \/>\n<meta name=\"twitter:label1\" content=\"Escrito por\" \/>\n\t<meta name=\"twitter:data1\" content=\"Redacci\u00f3n\" \/>\n\t<meta name=\"twitter:label2\" content=\"Tiempo de lectura\" \/>\n\t<meta name=\"twitter:data2\" content=\"23 minutos\" \/>\n<script type=\"application\/ld+json\" class=\"yoast-schema-graph\">{\"@context\":\"https:\/\/schema.org\",\"@graph\":[{\"@type\":\"WebPage\",\"@id\":\"https:\/\/aeronoticias.com.pe\/noticiero\/turismo\/aetai-latam-a-traves-del-diario-peru-21-se-oponen-al-proyecto-de-ley-6153-2020-cr-que-crea-la-linea-aerea-de-bandera-de-bajo-costo-del-peru\/\",\"url\":\"https:\/\/aeronoticias.com.pe\/noticiero\/turismo\/aetai-latam-a-traves-del-diario-peru-21-se-oponen-al-proyecto-de-ley-6153-2020-cr-que-crea-la-linea-aerea-de-bandera-de-bajo-costo-del-peru\/\",\"name\":\"AETAI-LATAM a trav\u00e9s del Diario Per\u00fa 21 se oponen al Proyecto de Ley 6153-2020-CR que crea la L\u00ednea A\u00e9rea de Bandera de Bajo Costo del Per\u00fa\",\"isPartOf\":{\"@id\":\"https:\/\/aeronoticias.com.pe\/noticiero\/#website\"},\"primaryImageOfPage\":{\"@id\":\"https:\/\/aeronoticias.com.pe\/noticiero\/turismo\/aetai-latam-a-traves-del-diario-peru-21-se-oponen-al-proyecto-de-ley-6153-2020-cr-que-crea-la-linea-aerea-de-bandera-de-bajo-costo-del-peru\/#primaryimage\"},\"image\":{\"@id\":\"https:\/\/aeronoticias.com.pe\/noticiero\/turismo\/aetai-latam-a-traves-del-diario-peru-21-se-oponen-al-proyecto-de-ley-6153-2020-cr-que-crea-la-linea-aerea-de-bandera-de-bajo-costo-del-peru\/#primaryimage\"},\"thumbnailUrl\":\"https:\/\/aeronoticias.com.pe\/noticiero\/wp-content\/uploads\/2020\/11\/simeonhurtado-lineabandera.jpg\",\"datePublished\":\"2020-12-01T12:37:00+00:00\",\"dateModified\":\"2020-12-01T12:46:11+00:00\",\"author\":{\"@id\":\"https:\/\/aeronoticias.com.pe\/noticiero\/#\/schema\/person\/16212a617c73f78916b13194154243bd\"},\"description\":\"Le contestamos a AETAI de Carlos Laguna Guti\u00e9rrez y a Pierino Stucchi del Estudio Mu\u00f1iz en defensa de la verdad y en contra de la posici\u00f3n de la LATAM-AETAI en relaci\u00f3n al art\u00edculo de Per\u00fa 21 \u201cPropuesta del Congreso de crear una aerol\u00ednea podr\u00e1 ser considerada como competencia desleal\u201d.\",\"breadcrumb\":{\"@id\":\"https:\/\/aeronoticias.com.pe\/noticiero\/turismo\/aetai-latam-a-traves-del-diario-peru-21-se-oponen-al-proyecto-de-ley-6153-2020-cr-que-crea-la-linea-aerea-de-bandera-de-bajo-costo-del-peru\/#breadcrumb\"},\"inLanguage\":\"es\",\"potentialAction\":[{\"@type\":\"ReadAction\",\"target\":[\"https:\/\/aeronoticias.com.pe\/noticiero\/turismo\/aetai-latam-a-traves-del-diario-peru-21-se-oponen-al-proyecto-de-ley-6153-2020-cr-que-crea-la-linea-aerea-de-bandera-de-bajo-costo-del-peru\/\"]}]},{\"@type\":\"ImageObject\",\"inLanguage\":\"es\",\"@id\":\"https:\/\/aeronoticias.com.pe\/noticiero\/turismo\/aetai-latam-a-traves-del-diario-peru-21-se-oponen-al-proyecto-de-ley-6153-2020-cr-que-crea-la-linea-aerea-de-bandera-de-bajo-costo-del-peru\/#primaryimage\",\"url\":\"https:\/\/aeronoticias.com.pe\/noticiero\/wp-content\/uploads\/2020\/11\/simeonhurtado-lineabandera.jpg\",\"contentUrl\":\"https:\/\/aeronoticias.com.pe\/noticiero\/wp-content\/uploads\/2020\/11\/simeonhurtado-lineabandera.jpg\",\"width\":1460,\"height\":446},{\"@type\":\"BreadcrumbList\",\"@id\":\"https:\/\/aeronoticias.com.pe\/noticiero\/turismo\/aetai-latam-a-traves-del-diario-peru-21-se-oponen-al-proyecto-de-ley-6153-2020-cr-que-crea-la-linea-aerea-de-bandera-de-bajo-costo-del-peru\/#breadcrumb\",\"itemListElement\":[{\"@type\":\"ListItem\",\"position\":1,\"name\":\"Portada\",\"item\":\"https:\/\/aeronoticias.com.pe\/noticiero\/\"},{\"@type\":\"ListItem\",\"position\":2,\"name\":\"AETAI-LATAM a trav\u00e9s del Diario Per\u00fa 21 se oponen al Proyecto de Ley 6153-2020-CR que crea la L\u00ednea A\u00e9rea de Bandera de Bajo Costo del Per\u00fa\"}]},{\"@type\":\"WebSite\",\"@id\":\"https:\/\/aeronoticias.com.pe\/noticiero\/#website\",\"url\":\"https:\/\/aeronoticias.com.pe\/noticiero\/\",\"name\":\"Aeronoticias.com.pe\",\"description\":\"Noticias de tranporte aereo, turismo, hoteles, gastronomia, actualidad, internacional\",\"potentialAction\":[{\"@type\":\"SearchAction\",\"target\":{\"@type\":\"EntryPoint\",\"urlTemplate\":\"https:\/\/aeronoticias.com.pe\/noticiero\/?s={search_term_string}\"},\"query-input\":{\"@type\":\"PropertyValueSpecification\",\"valueRequired\":true,\"valueName\":\"search_term_string\"}}],\"inLanguage\":\"es\"},{\"@type\":\"Person\",\"@id\":\"https:\/\/aeronoticias.com.pe\/noticiero\/#\/schema\/person\/16212a617c73f78916b13194154243bd\",\"name\":\"Redacci\u00f3n\",\"sameAs\":[\"http:\/\/Redacci\u00f3n\"],\"url\":\"https:\/\/aeronoticias.com.pe\/noticiero\/author\/celeste\/\"}]}<\/script>\n<!-- \/ Yoast SEO plugin. -->","yoast_head_json":{"title":"AETAI-LATAM a trav\u00e9s del Diario Per\u00fa 21 se oponen al Proyecto de Ley 6153-2020-CR que crea la L\u00ednea A\u00e9rea de Bandera de Bajo Costo del Per\u00fa","description":"Le contestamos a AETAI de Carlos Laguna Guti\u00e9rrez y a Pierino Stucchi del Estudio Mu\u00f1iz en defensa de la verdad y en contra de la posici\u00f3n de la LATAM-AETAI en relaci\u00f3n al art\u00edculo de Per\u00fa 21 \u201cPropuesta del Congreso de crear una aerol\u00ednea podr\u00e1 ser considerada como competencia desleal\u201d.","robots":{"index":"index","follow":"follow","max-snippet":"max-snippet:-1","max-image-preview":"max-image-preview:large","max-video-preview":"max-video-preview:-1"},"canonical":"https:\/\/aeronoticias.com.pe\/noticiero\/turismo\/aetai-latam-a-traves-del-diario-peru-21-se-oponen-al-proyecto-de-ley-6153-2020-cr-que-crea-la-linea-aerea-de-bandera-de-bajo-costo-del-peru\/","og_locale":"es_ES","og_type":"article","og_title":"AETAI-LATAM a trav\u00e9s del Diario Per\u00fa 21 se oponen al Proyecto de Ley 6153-2020-CR que crea la L\u00ednea A\u00e9rea de Bandera de Bajo Costo del Per\u00fa","og_description":"Le contestamos a AETAI de Carlos Laguna Guti\u00e9rrez y a Pierino Stucchi del Estudio Mu\u00f1iz en defensa de la verdad y en contra de la posici\u00f3n de la LATAM-AETAI en relaci\u00f3n al art\u00edculo de Per\u00fa 21 \u201cPropuesta del Congreso de crear una aerol\u00ednea podr\u00e1 ser considerada como competencia desleal\u201d.","og_url":"https:\/\/aeronoticias.com.pe\/noticiero\/turismo\/aetai-latam-a-traves-del-diario-peru-21-se-oponen-al-proyecto-de-ley-6153-2020-cr-que-crea-la-linea-aerea-de-bandera-de-bajo-costo-del-peru\/","og_site_name":"Aeronoticias.com.pe","article_publisher":"https:\/\/www.facebook.com\/Aeronoticias.com.pe\/","article_published_time":"2020-12-01T12:37:00+00:00","article_modified_time":"2020-12-01T12:46:11+00:00","og_image":[{"width":1460,"height":446,"url":"https:\/\/aeronoticias.com.pe\/noticiero\/wp-content\/uploads\/2020\/11\/simeonhurtado-lineabandera.jpg","type":"image\/jpeg"}],"author":"Redacci\u00f3n","twitter_card":"summary_large_image","twitter_creator":"@aeronoticias","twitter_site":"@aeronoticias","twitter_misc":{"Escrito por":"Redacci\u00f3n","Tiempo de lectura":"23 minutos"},"schema":{"@context":"https:\/\/schema.org","@graph":[{"@type":"WebPage","@id":"https:\/\/aeronoticias.com.pe\/noticiero\/turismo\/aetai-latam-a-traves-del-diario-peru-21-se-oponen-al-proyecto-de-ley-6153-2020-cr-que-crea-la-linea-aerea-de-bandera-de-bajo-costo-del-peru\/","url":"https:\/\/aeronoticias.com.pe\/noticiero\/turismo\/aetai-latam-a-traves-del-diario-peru-21-se-oponen-al-proyecto-de-ley-6153-2020-cr-que-crea-la-linea-aerea-de-bandera-de-bajo-costo-del-peru\/","name":"AETAI-LATAM a trav\u00e9s del Diario Per\u00fa 21 se oponen al Proyecto de Ley 6153-2020-CR que crea la L\u00ednea A\u00e9rea de Bandera de Bajo Costo del Per\u00fa","isPartOf":{"@id":"https:\/\/aeronoticias.com.pe\/noticiero\/#website"},"primaryImageOfPage":{"@id":"https:\/\/aeronoticias.com.pe\/noticiero\/turismo\/aetai-latam-a-traves-del-diario-peru-21-se-oponen-al-proyecto-de-ley-6153-2020-cr-que-crea-la-linea-aerea-de-bandera-de-bajo-costo-del-peru\/#primaryimage"},"image":{"@id":"https:\/\/aeronoticias.com.pe\/noticiero\/turismo\/aetai-latam-a-traves-del-diario-peru-21-se-oponen-al-proyecto-de-ley-6153-2020-cr-que-crea-la-linea-aerea-de-bandera-de-bajo-costo-del-peru\/#primaryimage"},"thumbnailUrl":"https:\/\/aeronoticias.com.pe\/noticiero\/wp-content\/uploads\/2020\/11\/simeonhurtado-lineabandera.jpg","datePublished":"2020-12-01T12:37:00+00:00","dateModified":"2020-12-01T12:46:11+00:00","author":{"@id":"https:\/\/aeronoticias.com.pe\/noticiero\/#\/schema\/person\/16212a617c73f78916b13194154243bd"},"description":"Le contestamos a AETAI de Carlos Laguna Guti\u00e9rrez y a Pierino Stucchi del Estudio Mu\u00f1iz en defensa de la verdad y en contra de la posici\u00f3n de la LATAM-AETAI en relaci\u00f3n al art\u00edculo de Per\u00fa 21 \u201cPropuesta del Congreso de crear una aerol\u00ednea podr\u00e1 ser considerada como competencia desleal\u201d.","breadcrumb":{"@id":"https:\/\/aeronoticias.com.pe\/noticiero\/turismo\/aetai-latam-a-traves-del-diario-peru-21-se-oponen-al-proyecto-de-ley-6153-2020-cr-que-crea-la-linea-aerea-de-bandera-de-bajo-costo-del-peru\/#breadcrumb"},"inLanguage":"es","potentialAction":[{"@type":"ReadAction","target":["https:\/\/aeronoticias.com.pe\/noticiero\/turismo\/aetai-latam-a-traves-del-diario-peru-21-se-oponen-al-proyecto-de-ley-6153-2020-cr-que-crea-la-linea-aerea-de-bandera-de-bajo-costo-del-peru\/"]}]},{"@type":"ImageObject","inLanguage":"es","@id":"https:\/\/aeronoticias.com.pe\/noticiero\/turismo\/aetai-latam-a-traves-del-diario-peru-21-se-oponen-al-proyecto-de-ley-6153-2020-cr-que-crea-la-linea-aerea-de-bandera-de-bajo-costo-del-peru\/#primaryimage","url":"https:\/\/aeronoticias.com.pe\/noticiero\/wp-content\/uploads\/2020\/11\/simeonhurtado-lineabandera.jpg","contentUrl":"https:\/\/aeronoticias.com.pe\/noticiero\/wp-content\/uploads\/2020\/11\/simeonhurtado-lineabandera.jpg","width":1460,"height":446},{"@type":"BreadcrumbList","@id":"https:\/\/aeronoticias.com.pe\/noticiero\/turismo\/aetai-latam-a-traves-del-diario-peru-21-se-oponen-al-proyecto-de-ley-6153-2020-cr-que-crea-la-linea-aerea-de-bandera-de-bajo-costo-del-peru\/#breadcrumb","itemListElement":[{"@type":"ListItem","position":1,"name":"Portada","item":"https:\/\/aeronoticias.com.pe\/noticiero\/"},{"@type":"ListItem","position":2,"name":"AETAI-LATAM a trav\u00e9s del Diario Per\u00fa 21 se oponen al Proyecto de Ley 6153-2020-CR que crea la L\u00ednea A\u00e9rea de Bandera de Bajo Costo del Per\u00fa"}]},{"@type":"WebSite","@id":"https:\/\/aeronoticias.com.pe\/noticiero\/#website","url":"https:\/\/aeronoticias.com.pe\/noticiero\/","name":"Aeronoticias.com.pe","description":"Noticias de tranporte aereo, turismo, hoteles, gastronomia, actualidad, internacional","potentialAction":[{"@type":"SearchAction","target":{"@type":"EntryPoint","urlTemplate":"https:\/\/aeronoticias.com.pe\/noticiero\/?s={search_term_string}"},"query-input":{"@type":"PropertyValueSpecification","valueRequired":true,"valueName":"search_term_string"}}],"inLanguage":"es"},{"@type":"Person","@id":"https:\/\/aeronoticias.com.pe\/noticiero\/#\/schema\/person\/16212a617c73f78916b13194154243bd","name":"Redacci\u00f3n","sameAs":["http:\/\/Redacci\u00f3n"],"url":"https:\/\/aeronoticias.com.pe\/noticiero\/author\/celeste\/"}]}},"_links":{"self":[{"href":"https:\/\/aeronoticias.com.pe\/noticiero\/wp-json\/wp\/v2\/posts\/67051","targetHints":{"allow":["GET"]}}],"collection":[{"href":"https:\/\/aeronoticias.com.pe\/noticiero\/wp-json\/wp\/v2\/posts"}],"about":[{"href":"https:\/\/aeronoticias.com.pe\/noticiero\/wp-json\/wp\/v2\/types\/post"}],"author":[{"embeddable":true,"href":"https:\/\/aeronoticias.com.pe\/noticiero\/wp-json\/wp\/v2\/users\/3"}],"replies":[{"embeddable":true,"href":"https:\/\/aeronoticias.com.pe\/noticiero\/wp-json\/wp\/v2\/comments?post=67051"}],"version-history":[{"count":0,"href":"https:\/\/aeronoticias.com.pe\/noticiero\/wp-json\/wp\/v2\/posts\/67051\/revisions"}],"wp:featuredmedia":[{"embeddable":true,"href":"https:\/\/aeronoticias.com.pe\/noticiero\/wp-json\/wp\/v2\/media\/67073"}],"wp:attachment":[{"href":"https:\/\/aeronoticias.com.pe\/noticiero\/wp-json\/wp\/v2\/media?parent=67051"}],"wp:term":[{"taxonomy":"category","embeddable":true,"href":"https:\/\/aeronoticias.com.pe\/noticiero\/wp-json\/wp\/v2\/categories?post=67051"},{"taxonomy":"post_tag","embeddable":true,"href":"https:\/\/aeronoticias.com.pe\/noticiero\/wp-json\/wp\/v2\/tags?post=67051"}],"curies":[{"name":"wp","href":"https:\/\/api.w.org\/{rel}","templated":true}]}}