{"id":6771,"date":"2009-11-16T15:30:59","date_gmt":"2009-11-16T15:30:59","guid":{"rendered":"http:\/\/desarrollo.mcvicious.com\/aero2020\/2009\/11\/16\/psicoanalista-eduardo-alvarez-se-une-al-equipo-de-aeronoticias\/"},"modified":"2009-11-16T15:30:59","modified_gmt":"2009-11-16T15:30:59","slug":"psicoanalista-eduardo-alvarez-se-une-al-equipo-de-aeronoticias","status":"publish","type":"post","link":"https:\/\/aeronoticias.com.pe\/noticiero\/ultimas\/1\/psicoanalista-eduardo-alvarez-se-une-al-equipo-de-aeronoticias\/","title":{"rendered":"PSICOANALISTA EDUARDO \u00c1LVAREZ SE UNE AL EQUIPO DE AERONOTICIAS"},"content":{"rendered":"<div align=\"justify\">Psicoanalista Lacaniano, formado en la Universidad Nacional Mayor de San Marcos y en la Nueva Escuela Lacaniana NEL de Lima, Eduardo \u00c1lvarez cuenta con una gran trayectoria pese a su corta edad.<\/p>\n<\/div>\n<div style=\"text-align: justify\">Ha dirigido grupos de estudio de introducci\u00f3n al psicoan\u00e1lisis en la facultad de psicolog\u00eda de San Marcos y actualmente colabora con algunas publicaciones impresas como la revista de psicoan\u00e1lisis \u00abLa Bella Carnicera\u00bb y \u00abLe Monde Diplomatique &#8211; Edici\u00f3n Peruana\u00bb.\u00a0<\/p>\n<div style=\"text-align: center\"><img decoding=\"async\" src=\"images\/stories\/09\/11\/131109\/laedu.jpg\" border=\"0\" alt=\"PSICOANALISTA EDUARDO \u00c1LVAREZ SE UNE AL EQUIPO DE AERONOTICIAS\" title=\"PSICOANALISTA EDUARDO \u00c1LVAREZ SE UNE AL EQUIPO DE AERONOTICIAS\" \/><\/div>\n<div align=\"justify\"><\/div>\n<\/div>\n<div align=\"justify\">Su trabajo ha estado dedicado, adem\u00e1s de la cl\u00ednica y a los proyectos sociales, al an\u00e1lisis de la sociedad global en tanto repercuten en los s\u00edntomas actuales. \u00a0Tiene un especial inter\u00e9s por las noticias, dado que revelan algo del car\u00e1cter del lugar y el goce de la \u00e9poca; por recogerlas, torcerlas, y hacerlas finalmente decir algo m\u00e1s que La Verdad.<\/p>\n<p><strong>Aeronoticias<\/strong> le da la bienvenida al Psicoanalista Eduardo \u00c1lvarez, quien hoy se une al equipo de Columnistas de <strong>Aeronoticias<\/strong>, para tocar temas de actualidad desde una perspectiva joven, adem\u00e1s de brindar asesor\u00eda a nuestros lectores entre otras muchas novedades que estamos preparando para ustedes.<\/div>\n<div style=\"text-align: justify\"><\/div>\n","protected":false},"excerpt":{"rendered":"<p>Psicoanalista Lacaniano, formado en la Universidad Nacional Mayor de San Marcos y en la Nueva Escuela Lacaniana NEL de Lima, Eduardo \u00c1lvarez cuenta con una gran trayectoria pese a su corta edad. Ha dirigido grupos de estudio de introducci\u00f3n al psicoan\u00e1lisis en la facultad de psicolog\u00eda de San Marcos y actualmente colabora con algunas publicaciones [&hellip;]<\/p>\n","protected":false},"author":1,"featured_media":0,"comment_status":"open","ping_status":"open","sticky":false,"template":"","format":"standard","meta":{"tdm_status":"","tdm_grid_status":"","footnotes":""},"categories":[30],"tags":[],"class_list":{"0":"post-6771","1":"post","2":"type-post","3":"status-publish","4":"format-standard","6":"category-30"},"yoast_head":"<!-- This site is optimized with the Yoast SEO plugin v25.1 - https:\/\/yoast.com\/wordpress\/plugins\/seo\/ -->\n<title>PSICOANALISTA EDUARDO \u00c1LVAREZ SE UNE AL EQUIPO DE AERONOTICIAS<\/title>\n<meta name=\"description\" content=\"Portal de noticias del Per\u00fa sobre el transporte a\u00e9reo, aviaci\u00f3n, turismo, hoteleria, actualidad.\" \/>\n<meta name=\"robots\" content=\"index, follow, max-snippet:-1, max-image-preview:large, max-video-preview:-1\" \/>\n<link rel=\"canonical\" href=\"https:\/\/aeronoticias.com.pe\/noticiero\/ultimas\/1\/psicoanalista-eduardo-alvarez-se-une-al-equipo-de-aeronoticias\/\" \/>\n<meta property=\"og:locale\" content=\"es_ES\" \/>\n<meta property=\"og:type\" content=\"article\" \/>\n<meta property=\"og:title\" content=\"PSICOANALISTA EDUARDO \u00c1LVAREZ SE UNE AL EQUIPO DE AERONOTICIAS\" \/>\n<meta property=\"og:description\" content=\"Portal de noticias del Per\u00fa sobre el transporte a\u00e9reo, aviaci\u00f3n, turismo, hoteleria, actualidad.\" \/>\n<meta property=\"og:url\" content=\"https:\/\/aeronoticias.com.pe\/noticiero\/ultimas\/1\/psicoanalista-eduardo-alvarez-se-une-al-equipo-de-aeronoticias\/\" \/>\n<meta property=\"og:site_name\" content=\"Aeronoticias.com.pe\" \/>\n<meta property=\"article:publisher\" content=\"https:\/\/www.facebook.com\/Aeronoticias.com.pe\/\" \/>\n<meta property=\"article:published_time\" content=\"2009-11-16T15:30:59+00:00\" \/>\n<meta name=\"author\" content=\"Redacci\u00f3n Aeronoticias\" \/>\n<meta name=\"twitter:card\" content=\"summary_large_image\" \/>\n<meta name=\"twitter:creator\" content=\"@aeronoticias\" \/>\n<meta name=\"twitter:site\" content=\"@aeronoticias\" \/>\n<meta name=\"twitter:label1\" content=\"Escrito por\" \/>\n\t<meta name=\"twitter:data1\" content=\"Redacci\u00f3n Aeronoticias\" \/>\n\t<meta name=\"twitter:label2\" content=\"Tiempo de lectura\" \/>\n\t<meta name=\"twitter:data2\" content=\"1 minuto\" \/>\n<script type=\"application\/ld+json\" class=\"yoast-schema-graph\">{\"@context\":\"https:\/\/schema.org\",\"@graph\":[{\"@type\":\"WebPage\",\"@id\":\"https:\/\/aeronoticias.com.pe\/noticiero\/ultimas\/1\/psicoanalista-eduardo-alvarez-se-une-al-equipo-de-aeronoticias\/\",\"url\":\"https:\/\/aeronoticias.com.pe\/noticiero\/ultimas\/1\/psicoanalista-eduardo-alvarez-se-une-al-equipo-de-aeronoticias\/\",\"name\":\"PSICOANALISTA EDUARDO \u00c1LVAREZ SE UNE AL EQUIPO DE AERONOTICIAS\",\"isPartOf\":{\"@id\":\"https:\/\/aeronoticias.com.pe\/noticiero\/#website\"},\"datePublished\":\"2009-11-16T15:30:59+00:00\",\"author\":{\"@id\":\"https:\/\/aeronoticias.com.pe\/noticiero\/#\/schema\/person\/fc1e5d578f4b62ba1cf7ac2bba1170a0\"},\"description\":\"Portal de noticias del Per\u00fa sobre el transporte a\u00e9reo, aviaci\u00f3n, turismo, hoteleria, actualidad.\",\"breadcrumb\":{\"@id\":\"https:\/\/aeronoticias.com.pe\/noticiero\/ultimas\/1\/psicoanalista-eduardo-alvarez-se-une-al-equipo-de-aeronoticias\/#breadcrumb\"},\"inLanguage\":\"es\",\"potentialAction\":[{\"@type\":\"ReadAction\",\"target\":[\"https:\/\/aeronoticias.com.pe\/noticiero\/ultimas\/1\/psicoanalista-eduardo-alvarez-se-une-al-equipo-de-aeronoticias\/\"]}]},{\"@type\":\"BreadcrumbList\",\"@id\":\"https:\/\/aeronoticias.com.pe\/noticiero\/ultimas\/1\/psicoanalista-eduardo-alvarez-se-une-al-equipo-de-aeronoticias\/#breadcrumb\",\"itemListElement\":[{\"@type\":\"ListItem\",\"position\":1,\"name\":\"Portada\",\"item\":\"https:\/\/aeronoticias.com.pe\/noticiero\/\"},{\"@type\":\"ListItem\",\"position\":2,\"name\":\"PSICOANALISTA EDUARDO \u00c1LVAREZ SE UNE AL EQUIPO DE AERONOTICIAS\"}]},{\"@type\":\"WebSite\",\"@id\":\"https:\/\/aeronoticias.com.pe\/noticiero\/#website\",\"url\":\"https:\/\/aeronoticias.com.pe\/noticiero\/\",\"name\":\"Aeronoticias.com.pe\",\"description\":\"Noticias de tranporte aereo, turismo, hoteles, gastronomia, actualidad, internacional\",\"potentialAction\":[{\"@type\":\"SearchAction\",\"target\":{\"@type\":\"EntryPoint\",\"urlTemplate\":\"https:\/\/aeronoticias.com.pe\/noticiero\/?s={search_term_string}\"},\"query-input\":{\"@type\":\"PropertyValueSpecification\",\"valueRequired\":true,\"valueName\":\"search_term_string\"}}],\"inLanguage\":\"es\"},{\"@type\":\"Person\",\"@id\":\"https:\/\/aeronoticias.com.pe\/noticiero\/#\/schema\/person\/fc1e5d578f4b62ba1cf7ac2bba1170a0\",\"name\":\"Redacci\u00f3n Aeronoticias\",\"url\":\"https:\/\/aeronoticias.com.pe\/noticiero\/author\/piloto\/\"}]}<\/script>\n<!-- \/ Yoast SEO plugin. -->","yoast_head_json":{"title":"PSICOANALISTA EDUARDO \u00c1LVAREZ SE UNE AL EQUIPO DE AERONOTICIAS","description":"Portal de noticias del Per\u00fa sobre el transporte a\u00e9reo, aviaci\u00f3n, turismo, hoteleria, actualidad.","robots":{"index":"index","follow":"follow","max-snippet":"max-snippet:-1","max-image-preview":"max-image-preview:large","max-video-preview":"max-video-preview:-1"},"canonical":"https:\/\/aeronoticias.com.pe\/noticiero\/ultimas\/1\/psicoanalista-eduardo-alvarez-se-une-al-equipo-de-aeronoticias\/","og_locale":"es_ES","og_type":"article","og_title":"PSICOANALISTA EDUARDO \u00c1LVAREZ SE UNE AL EQUIPO DE AERONOTICIAS","og_description":"Portal de noticias del Per\u00fa sobre el transporte a\u00e9reo, aviaci\u00f3n, turismo, hoteleria, actualidad.","og_url":"https:\/\/aeronoticias.com.pe\/noticiero\/ultimas\/1\/psicoanalista-eduardo-alvarez-se-une-al-equipo-de-aeronoticias\/","og_site_name":"Aeronoticias.com.pe","article_publisher":"https:\/\/www.facebook.com\/Aeronoticias.com.pe\/","article_published_time":"2009-11-16T15:30:59+00:00","author":"Redacci\u00f3n Aeronoticias","twitter_card":"summary_large_image","twitter_creator":"@aeronoticias","twitter_site":"@aeronoticias","twitter_misc":{"Escrito por":"Redacci\u00f3n Aeronoticias","Tiempo de lectura":"1 minuto"},"schema":{"@context":"https:\/\/schema.org","@graph":[{"@type":"WebPage","@id":"https:\/\/aeronoticias.com.pe\/noticiero\/ultimas\/1\/psicoanalista-eduardo-alvarez-se-une-al-equipo-de-aeronoticias\/","url":"https:\/\/aeronoticias.com.pe\/noticiero\/ultimas\/1\/psicoanalista-eduardo-alvarez-se-une-al-equipo-de-aeronoticias\/","name":"PSICOANALISTA EDUARDO \u00c1LVAREZ SE UNE AL EQUIPO DE AERONOTICIAS","isPartOf":{"@id":"https:\/\/aeronoticias.com.pe\/noticiero\/#website"},"datePublished":"2009-11-16T15:30:59+00:00","author":{"@id":"https:\/\/aeronoticias.com.pe\/noticiero\/#\/schema\/person\/fc1e5d578f4b62ba1cf7ac2bba1170a0"},"description":"Portal de noticias del Per\u00fa sobre el transporte a\u00e9reo, aviaci\u00f3n, turismo, hoteleria, actualidad.","breadcrumb":{"@id":"https:\/\/aeronoticias.com.pe\/noticiero\/ultimas\/1\/psicoanalista-eduardo-alvarez-se-une-al-equipo-de-aeronoticias\/#breadcrumb"},"inLanguage":"es","potentialAction":[{"@type":"ReadAction","target":["https:\/\/aeronoticias.com.pe\/noticiero\/ultimas\/1\/psicoanalista-eduardo-alvarez-se-une-al-equipo-de-aeronoticias\/"]}]},{"@type":"BreadcrumbList","@id":"https:\/\/aeronoticias.com.pe\/noticiero\/ultimas\/1\/psicoanalista-eduardo-alvarez-se-une-al-equipo-de-aeronoticias\/#breadcrumb","itemListElement":[{"@type":"ListItem","position":1,"name":"Portada","item":"https:\/\/aeronoticias.com.pe\/noticiero\/"},{"@type":"ListItem","position":2,"name":"PSICOANALISTA EDUARDO \u00c1LVAREZ SE UNE AL EQUIPO DE AERONOTICIAS"}]},{"@type":"WebSite","@id":"https:\/\/aeronoticias.com.pe\/noticiero\/#website","url":"https:\/\/aeronoticias.com.pe\/noticiero\/","name":"Aeronoticias.com.pe","description":"Noticias de tranporte aereo, turismo, hoteles, gastronomia, actualidad, internacional","potentialAction":[{"@type":"SearchAction","target":{"@type":"EntryPoint","urlTemplate":"https:\/\/aeronoticias.com.pe\/noticiero\/?s={search_term_string}"},"query-input":{"@type":"PropertyValueSpecification","valueRequired":true,"valueName":"search_term_string"}}],"inLanguage":"es"},{"@type":"Person","@id":"https:\/\/aeronoticias.com.pe\/noticiero\/#\/schema\/person\/fc1e5d578f4b62ba1cf7ac2bba1170a0","name":"Redacci\u00f3n Aeronoticias","url":"https:\/\/aeronoticias.com.pe\/noticiero\/author\/piloto\/"}]}},"_links":{"self":[{"href":"https:\/\/aeronoticias.com.pe\/noticiero\/wp-json\/wp\/v2\/posts\/6771","targetHints":{"allow":["GET"]}}],"collection":[{"href":"https:\/\/aeronoticias.com.pe\/noticiero\/wp-json\/wp\/v2\/posts"}],"about":[{"href":"https:\/\/aeronoticias.com.pe\/noticiero\/wp-json\/wp\/v2\/types\/post"}],"author":[{"embeddable":true,"href":"https:\/\/aeronoticias.com.pe\/noticiero\/wp-json\/wp\/v2\/users\/1"}],"replies":[{"embeddable":true,"href":"https:\/\/aeronoticias.com.pe\/noticiero\/wp-json\/wp\/v2\/comments?post=6771"}],"version-history":[{"count":0,"href":"https:\/\/aeronoticias.com.pe\/noticiero\/wp-json\/wp\/v2\/posts\/6771\/revisions"}],"wp:attachment":[{"href":"https:\/\/aeronoticias.com.pe\/noticiero\/wp-json\/wp\/v2\/media?parent=6771"}],"wp:term":[{"taxonomy":"category","embeddable":true,"href":"https:\/\/aeronoticias.com.pe\/noticiero\/wp-json\/wp\/v2\/categories?post=6771"},{"taxonomy":"post_tag","embeddable":true,"href":"https:\/\/aeronoticias.com.pe\/noticiero\/wp-json\/wp\/v2\/tags?post=6771"}],"curies":[{"name":"wp","href":"https:\/\/api.w.org\/{rel}","templated":true}]}}