{"id":67716,"date":"2020-12-10T17:25:00","date_gmt":"2020-12-10T22:25:00","guid":{"rendered":"https:\/\/aeronoticias.com.pe\/noticiero\/?p=67716"},"modified":"2020-12-10T21:19:23","modified_gmt":"2020-12-11T02:19:23","slug":"europa-no-levanta-veto-a-pakistan-international-airlines","status":"publish","type":"post","link":"https:\/\/aeronoticias.com.pe\/noticiero\/transporte-aereo\/europa-no-levanta-veto-a-pakistan-international-airlines\/","title":{"rendered":"Europa no levanta veto a Pakistan International Airlines"},"content":{"rendered":"\n<p><strong>(Aeronoticias)<\/strong>.- La Agencia Europea de Seguridad A\u00e9rea (EASA)\u00a0se neg\u00f3 a levantar la prohibici\u00f3n operativa sobre Pakistan International Airlines\u00a0(PIA), esto tras las preocupaciones por la controversia de licencias falsas entre sus pilotos y la falta de implementaci\u00f3n de un sistema efectivo de seguridad.<\/p>\n\n\n\n<p>EASA impuso la&nbsp;<strong>sanci\u00f3n desde finales de junio<\/strong>, y aunque la compa\u00f1\u00eda no se encuentra en la lista de operadores sin permiso de acceso de la Comisi\u00f3n Europea, no se reintegr\u00f3 a la l\u00edneas aprobadas de pa\u00edses terceros.<\/p>\n\n\n\n<p>El pasado 22 de mayo, la aerol\u00ednea pakistan\u00ed, que vuela a Dinamarca, Noruega, Francia, Italia y Espa\u00f1a,\u00a0<strong>tuvo un accidente en Karachi<\/strong>\u00a0donde se vincul\u00f3 con un error humano por parte de un piloto, y dej\u00f3<strong>\u00a097 personas fallecidas.<\/strong><\/p>\n\n\n\n<p>La investigaci\u00f3n dio como resultado que aproximadamente&nbsp;<strong>el 40% de los capitanes de Pakistan ten\u00edan licencias falsas.&nbsp;<\/strong><\/p>\n\n\n\n<p>En ese sentido, la EASA inform\u00f3 a la Autoridad de Aviaci\u00f3n Civil (<strong>CAA<\/strong>) de Pakist\u00e1n que la investigaci\u00f3n realizada por la Uni\u00f3n Europea sobre la emisi\u00f3n de licencias profesionales a\u00fan est\u00e1 en curso, lo que posterg\u00f3 la auditor\u00eda para levantar la suspensi\u00f3n.<\/p>\n\n\n\n<p>A la par, el organismo europeo&nbsp;<strong>expres\u00f3 que persiste una preocupaci\u00f3n por la seguridad<\/strong>, no solo en \u00e1reas de licencias, sino en todos los procesos de autorizaci\u00f3n, aplicaci\u00f3n y supervisi\u00f3n de los sistemas de gesti\u00f3n de seguridad.&nbsp;<\/p>\n\n\n\n<p>Luego de esto,&nbsp;<strong>se inst\u00f3 a la CAA a mantener contacto regular con la Comisi\u00f3n Europea<\/strong>&nbsp;<strong>para evaluar las futuras acciones&nbsp;<\/strong>y responder ante los problemas.&nbsp;<\/p>\n\n\n\n<p>El \u00faltimo reporte operativo de Pakistan International\u00a0<strong>indic\u00f3 una p\u00e9rdida de 39 mil 85 mil millones de rupias durante los primeros nueve meses del a\u00f1o<\/strong>, con una ca\u00edda del 30% en sus ingresos. Ante ello, el gobierno aprob\u00f3 un plan que busca reducir las p\u00e9rdidas y generar m\u00e1s ahorros.<\/p>\n\n\n\n<p>Fuente: <strong><em>A21.<\/em><\/strong><\/p>\n","protected":false},"excerpt":{"rendered":"<p>(Aeronoticias).- La Agencia Europea de Seguridad A\u00e9rea (EASA)\u00a0se neg\u00f3 a levantar la prohibici\u00f3n operativa sobre Pakistan International Airlines\u00a0(PIA), esto tras las preocupaciones por la controversia de licencias falsas entre sus pilotos y la falta de implementaci\u00f3n de un sistema efectivo de seguridad. EASA impuso la&nbsp;sanci\u00f3n desde finales de junio, y aunque la compa\u00f1\u00eda no se [&hellip;]<\/p>\n","protected":false},"author":4,"featured_media":67717,"comment_status":"open","ping_status":"open","sticky":false,"template":"","format":"standard","meta":{"tdm_status":"","tdm_grid_status":"","footnotes":""},"categories":[32,11],"tags":[163,119,1159],"class_list":{"0":"post-67716","1":"post","2":"type-post","3":"status-publish","4":"format-standard","5":"has-post-thumbnail","7":"category-internacional","8":"category-transporte-aereo","9":"tag-coronavirus","10":"tag-europa","11":"tag-pakistan-international-airlines"},"yoast_head":"<!-- This site is optimized with the Yoast SEO plugin v25.1 - https:\/\/yoast.com\/wordpress\/plugins\/seo\/ -->\n<title>Europa no levanta veto a Pakistan International Airlines<\/title>\n<meta name=\"description\" content=\"Portal de noticias del Per\u00fa sobre el transporte a\u00e9reo, aviaci\u00f3n, turismo, hoteleria, actualidad.\" \/>\n<meta name=\"robots\" content=\"index, follow, max-snippet:-1, max-image-preview:large, max-video-preview:-1\" \/>\n<link rel=\"canonical\" href=\"https:\/\/aeronoticias.com.pe\/noticiero\/transporte-aereo\/europa-no-levanta-veto-a-pakistan-international-airlines\/\" \/>\n<meta property=\"og:locale\" content=\"es_ES\" \/>\n<meta property=\"og:type\" content=\"article\" \/>\n<meta property=\"og:title\" content=\"Europa no levanta veto a Pakistan International Airlines\" \/>\n<meta property=\"og:description\" content=\"Portal de noticias del Per\u00fa sobre el transporte a\u00e9reo, aviaci\u00f3n, turismo, hoteleria, actualidad.\" \/>\n<meta property=\"og:url\" content=\"https:\/\/aeronoticias.com.pe\/noticiero\/transporte-aereo\/europa-no-levanta-veto-a-pakistan-international-airlines\/\" \/>\n<meta property=\"og:site_name\" content=\"Aeronoticias.com.pe\" \/>\n<meta property=\"article:publisher\" content=\"https:\/\/www.facebook.com\/Aeronoticias.com.pe\/\" \/>\n<meta property=\"article:published_time\" content=\"2020-12-10T22:25:00+00:00\" \/>\n<meta property=\"article:modified_time\" content=\"2020-12-11T02:19:23+00:00\" \/>\n<meta property=\"og:image\" content=\"https:\/\/aeronoticias.com.pe\/noticiero\/wp-content\/uploads\/2020\/12\/AP-BLD_PIA_A320_at_DAC_25144492685_cropped_0_2.jpg\" \/>\n\t<meta property=\"og:image:width\" content=\"1200\" \/>\n\t<meta property=\"og:image:height\" content=\"712\" \/>\n\t<meta property=\"og:image:type\" content=\"image\/jpeg\" \/>\n<meta name=\"author\" content=\"Jefrey Cuya\" \/>\n<meta name=\"twitter:card\" content=\"summary_large_image\" \/>\n<meta name=\"twitter:creator\" content=\"@aeronoticias\" \/>\n<meta name=\"twitter:site\" content=\"@aeronoticias\" \/>\n<meta name=\"twitter:label1\" content=\"Escrito por\" \/>\n\t<meta name=\"twitter:data1\" content=\"Jefrey Cuya\" \/>\n\t<meta name=\"twitter:label2\" content=\"Tiempo de lectura\" \/>\n\t<meta name=\"twitter:data2\" content=\"2 minutos\" \/>\n<script type=\"application\/ld+json\" class=\"yoast-schema-graph\">{\"@context\":\"https:\/\/schema.org\",\"@graph\":[{\"@type\":\"WebPage\",\"@id\":\"https:\/\/aeronoticias.com.pe\/noticiero\/transporte-aereo\/europa-no-levanta-veto-a-pakistan-international-airlines\/\",\"url\":\"https:\/\/aeronoticias.com.pe\/noticiero\/transporte-aereo\/europa-no-levanta-veto-a-pakistan-international-airlines\/\",\"name\":\"Europa no levanta veto a Pakistan International Airlines\",\"isPartOf\":{\"@id\":\"https:\/\/aeronoticias.com.pe\/noticiero\/#website\"},\"primaryImageOfPage\":{\"@id\":\"https:\/\/aeronoticias.com.pe\/noticiero\/transporte-aereo\/europa-no-levanta-veto-a-pakistan-international-airlines\/#primaryimage\"},\"image\":{\"@id\":\"https:\/\/aeronoticias.com.pe\/noticiero\/transporte-aereo\/europa-no-levanta-veto-a-pakistan-international-airlines\/#primaryimage\"},\"thumbnailUrl\":\"https:\/\/aeronoticias.com.pe\/noticiero\/wp-content\/uploads\/2020\/12\/AP-BLD_PIA_A320_at_DAC_25144492685_cropped_0_2.jpg\",\"datePublished\":\"2020-12-10T22:25:00+00:00\",\"dateModified\":\"2020-12-11T02:19:23+00:00\",\"author\":{\"@id\":\"https:\/\/aeronoticias.com.pe\/noticiero\/#\/schema\/person\/9ef7422a13b22ab480ffc29639f442b0\"},\"description\":\"Portal de noticias del Per\u00fa sobre el transporte a\u00e9reo, aviaci\u00f3n, turismo, hoteleria, actualidad.\",\"breadcrumb\":{\"@id\":\"https:\/\/aeronoticias.com.pe\/noticiero\/transporte-aereo\/europa-no-levanta-veto-a-pakistan-international-airlines\/#breadcrumb\"},\"inLanguage\":\"es\",\"potentialAction\":[{\"@type\":\"ReadAction\",\"target\":[\"https:\/\/aeronoticias.com.pe\/noticiero\/transporte-aereo\/europa-no-levanta-veto-a-pakistan-international-airlines\/\"]}]},{\"@type\":\"ImageObject\",\"inLanguage\":\"es\",\"@id\":\"https:\/\/aeronoticias.com.pe\/noticiero\/transporte-aereo\/europa-no-levanta-veto-a-pakistan-international-airlines\/#primaryimage\",\"url\":\"https:\/\/aeronoticias.com.pe\/noticiero\/wp-content\/uploads\/2020\/12\/AP-BLD_PIA_A320_at_DAC_25144492685_cropped_0_2.jpg\",\"contentUrl\":\"https:\/\/aeronoticias.com.pe\/noticiero\/wp-content\/uploads\/2020\/12\/AP-BLD_PIA_A320_at_DAC_25144492685_cropped_0_2.jpg\",\"width\":1200,\"height\":712},{\"@type\":\"BreadcrumbList\",\"@id\":\"https:\/\/aeronoticias.com.pe\/noticiero\/transporte-aereo\/europa-no-levanta-veto-a-pakistan-international-airlines\/#breadcrumb\",\"itemListElement\":[{\"@type\":\"ListItem\",\"position\":1,\"name\":\"Portada\",\"item\":\"https:\/\/aeronoticias.com.pe\/noticiero\/\"},{\"@type\":\"ListItem\",\"position\":2,\"name\":\"Europa no levanta veto a Pakistan International Airlines\"}]},{\"@type\":\"WebSite\",\"@id\":\"https:\/\/aeronoticias.com.pe\/noticiero\/#website\",\"url\":\"https:\/\/aeronoticias.com.pe\/noticiero\/\",\"name\":\"Aeronoticias.com.pe\",\"description\":\"Noticias de tranporte aereo, turismo, hoteles, gastronomia, actualidad, internacional\",\"potentialAction\":[{\"@type\":\"SearchAction\",\"target\":{\"@type\":\"EntryPoint\",\"urlTemplate\":\"https:\/\/aeronoticias.com.pe\/noticiero\/?s={search_term_string}\"},\"query-input\":{\"@type\":\"PropertyValueSpecification\",\"valueRequired\":true,\"valueName\":\"search_term_string\"}}],\"inLanguage\":\"es\"},{\"@type\":\"Person\",\"@id\":\"https:\/\/aeronoticias.com.pe\/noticiero\/#\/schema\/person\/9ef7422a13b22ab480ffc29639f442b0\",\"name\":\"Jefrey Cuya\",\"url\":\"https:\/\/aeronoticias.com.pe\/noticiero\/author\/jefreycuya\/\"}]}<\/script>\n<!-- \/ Yoast SEO plugin. -->","yoast_head_json":{"title":"Europa no levanta veto a Pakistan International Airlines","description":"Portal de noticias del Per\u00fa sobre el transporte a\u00e9reo, aviaci\u00f3n, turismo, hoteleria, actualidad.","robots":{"index":"index","follow":"follow","max-snippet":"max-snippet:-1","max-image-preview":"max-image-preview:large","max-video-preview":"max-video-preview:-1"},"canonical":"https:\/\/aeronoticias.com.pe\/noticiero\/transporte-aereo\/europa-no-levanta-veto-a-pakistan-international-airlines\/","og_locale":"es_ES","og_type":"article","og_title":"Europa no levanta veto a Pakistan International Airlines","og_description":"Portal de noticias del Per\u00fa sobre el transporte a\u00e9reo, aviaci\u00f3n, turismo, hoteleria, actualidad.","og_url":"https:\/\/aeronoticias.com.pe\/noticiero\/transporte-aereo\/europa-no-levanta-veto-a-pakistan-international-airlines\/","og_site_name":"Aeronoticias.com.pe","article_publisher":"https:\/\/www.facebook.com\/Aeronoticias.com.pe\/","article_published_time":"2020-12-10T22:25:00+00:00","article_modified_time":"2020-12-11T02:19:23+00:00","og_image":[{"width":1200,"height":712,"url":"https:\/\/aeronoticias.com.pe\/noticiero\/wp-content\/uploads\/2020\/12\/AP-BLD_PIA_A320_at_DAC_25144492685_cropped_0_2.jpg","type":"image\/jpeg"}],"author":"Jefrey Cuya","twitter_card":"summary_large_image","twitter_creator":"@aeronoticias","twitter_site":"@aeronoticias","twitter_misc":{"Escrito por":"Jefrey Cuya","Tiempo de lectura":"2 minutos"},"schema":{"@context":"https:\/\/schema.org","@graph":[{"@type":"WebPage","@id":"https:\/\/aeronoticias.com.pe\/noticiero\/transporte-aereo\/europa-no-levanta-veto-a-pakistan-international-airlines\/","url":"https:\/\/aeronoticias.com.pe\/noticiero\/transporte-aereo\/europa-no-levanta-veto-a-pakistan-international-airlines\/","name":"Europa no levanta veto a Pakistan International Airlines","isPartOf":{"@id":"https:\/\/aeronoticias.com.pe\/noticiero\/#website"},"primaryImageOfPage":{"@id":"https:\/\/aeronoticias.com.pe\/noticiero\/transporte-aereo\/europa-no-levanta-veto-a-pakistan-international-airlines\/#primaryimage"},"image":{"@id":"https:\/\/aeronoticias.com.pe\/noticiero\/transporte-aereo\/europa-no-levanta-veto-a-pakistan-international-airlines\/#primaryimage"},"thumbnailUrl":"https:\/\/aeronoticias.com.pe\/noticiero\/wp-content\/uploads\/2020\/12\/AP-BLD_PIA_A320_at_DAC_25144492685_cropped_0_2.jpg","datePublished":"2020-12-10T22:25:00+00:00","dateModified":"2020-12-11T02:19:23+00:00","author":{"@id":"https:\/\/aeronoticias.com.pe\/noticiero\/#\/schema\/person\/9ef7422a13b22ab480ffc29639f442b0"},"description":"Portal de noticias del Per\u00fa sobre el transporte a\u00e9reo, aviaci\u00f3n, turismo, hoteleria, actualidad.","breadcrumb":{"@id":"https:\/\/aeronoticias.com.pe\/noticiero\/transporte-aereo\/europa-no-levanta-veto-a-pakistan-international-airlines\/#breadcrumb"},"inLanguage":"es","potentialAction":[{"@type":"ReadAction","target":["https:\/\/aeronoticias.com.pe\/noticiero\/transporte-aereo\/europa-no-levanta-veto-a-pakistan-international-airlines\/"]}]},{"@type":"ImageObject","inLanguage":"es","@id":"https:\/\/aeronoticias.com.pe\/noticiero\/transporte-aereo\/europa-no-levanta-veto-a-pakistan-international-airlines\/#primaryimage","url":"https:\/\/aeronoticias.com.pe\/noticiero\/wp-content\/uploads\/2020\/12\/AP-BLD_PIA_A320_at_DAC_25144492685_cropped_0_2.jpg","contentUrl":"https:\/\/aeronoticias.com.pe\/noticiero\/wp-content\/uploads\/2020\/12\/AP-BLD_PIA_A320_at_DAC_25144492685_cropped_0_2.jpg","width":1200,"height":712},{"@type":"BreadcrumbList","@id":"https:\/\/aeronoticias.com.pe\/noticiero\/transporte-aereo\/europa-no-levanta-veto-a-pakistan-international-airlines\/#breadcrumb","itemListElement":[{"@type":"ListItem","position":1,"name":"Portada","item":"https:\/\/aeronoticias.com.pe\/noticiero\/"},{"@type":"ListItem","position":2,"name":"Europa no levanta veto a Pakistan International Airlines"}]},{"@type":"WebSite","@id":"https:\/\/aeronoticias.com.pe\/noticiero\/#website","url":"https:\/\/aeronoticias.com.pe\/noticiero\/","name":"Aeronoticias.com.pe","description":"Noticias de tranporte aereo, turismo, hoteles, gastronomia, actualidad, internacional","potentialAction":[{"@type":"SearchAction","target":{"@type":"EntryPoint","urlTemplate":"https:\/\/aeronoticias.com.pe\/noticiero\/?s={search_term_string}"},"query-input":{"@type":"PropertyValueSpecification","valueRequired":true,"valueName":"search_term_string"}}],"inLanguage":"es"},{"@type":"Person","@id":"https:\/\/aeronoticias.com.pe\/noticiero\/#\/schema\/person\/9ef7422a13b22ab480ffc29639f442b0","name":"Jefrey Cuya","url":"https:\/\/aeronoticias.com.pe\/noticiero\/author\/jefreycuya\/"}]}},"_links":{"self":[{"href":"https:\/\/aeronoticias.com.pe\/noticiero\/wp-json\/wp\/v2\/posts\/67716","targetHints":{"allow":["GET"]}}],"collection":[{"href":"https:\/\/aeronoticias.com.pe\/noticiero\/wp-json\/wp\/v2\/posts"}],"about":[{"href":"https:\/\/aeronoticias.com.pe\/noticiero\/wp-json\/wp\/v2\/types\/post"}],"author":[{"embeddable":true,"href":"https:\/\/aeronoticias.com.pe\/noticiero\/wp-json\/wp\/v2\/users\/4"}],"replies":[{"embeddable":true,"href":"https:\/\/aeronoticias.com.pe\/noticiero\/wp-json\/wp\/v2\/comments?post=67716"}],"version-history":[{"count":0,"href":"https:\/\/aeronoticias.com.pe\/noticiero\/wp-json\/wp\/v2\/posts\/67716\/revisions"}],"wp:featuredmedia":[{"embeddable":true,"href":"https:\/\/aeronoticias.com.pe\/noticiero\/wp-json\/wp\/v2\/media\/67717"}],"wp:attachment":[{"href":"https:\/\/aeronoticias.com.pe\/noticiero\/wp-json\/wp\/v2\/media?parent=67716"}],"wp:term":[{"taxonomy":"category","embeddable":true,"href":"https:\/\/aeronoticias.com.pe\/noticiero\/wp-json\/wp\/v2\/categories?post=67716"},{"taxonomy":"post_tag","embeddable":true,"href":"https:\/\/aeronoticias.com.pe\/noticiero\/wp-json\/wp\/v2\/tags?post=67716"}],"curies":[{"name":"wp","href":"https:\/\/api.w.org\/{rel}","templated":true}]}}