{"id":6790,"date":"2009-11-15T18:16:20","date_gmt":"2009-11-15T18:16:20","guid":{"rendered":"http:\/\/desarrollo.mcvicious.com\/aero2020\/2009\/11\/15\/mientras-chile-no-espiaba-regalamos-nuestra-soberania-aerea\/"},"modified":"2009-11-15T18:16:20","modified_gmt":"2009-11-15T18:16:20","slug":"mientras-chile-no-espiaba-regalamos-nuestra-soberania-aerea","status":"publish","type":"post","link":"https:\/\/aeronoticias.com.pe\/noticiero\/internacionales\/mientras-chile-no-espiaba-regalamos-nuestra-soberania-aerea\/","title":{"rendered":"MIENTRAS CHILE NOS ESPIABA, REGALAMOS NUESTRA SOBERAN\u00cdA A\u00c9REA"},"content":{"rendered":"<div align=\"justify\">El Canciller de la Rep\u00fablica del Per\u00fa, Jos\u00e9 Antonio Garc\u00eda Belaunde, expres\u00f3 que si el caso de espionaje se prueba, no ser\u00eda la primera vez que Chile lo haga.<\/div>\n<div align=\"justify\">El canciller peruano se siente indignado, pero por ahora prefiere tener m\u00e1s informaci\u00f3n del caso antes de declarar, y eso lo ha llevado a adelantar su retorno desde Singapur a Lima para estar al tanto de todo lo que viene aconteciendo en nuestro pa\u00eds en relaci\u00f3n al espionaje del sub Oficial Ariza de la FAP\u00a0 a favor de Chile, pa\u00eds que habr\u00eda financiado durante m\u00e1s de 4 a\u00f1os las il\u00edcitas actividades de este traidor, en agravio de la seguridad y la defensa del Per\u00fa.<\/div>\n<div align=\"justify\">\u00a0<\/p>\n<div style=\"text-align: center\"><img loading=\"lazy\" decoding=\"async\" src=\"images\/stories\/09\/11\/141109\/garciabelaunde.jpg\" border=\"0\" width=\"400\" height=\"280\" \/><\/div>\n<\/div>\n<div align=\"center\"><em>Canciller de la Rep\u00fablica del Per\u00fa Jos\u00e9 Antonio Garc\u00eda Belaunde&#8230; \u00bfy d\u00f3nde est\u00e1 el piloto? <\/em><\/div>\n<div align=\"justify\"><strong>Aeronoticias<\/strong> considera que estas declaraciones se dan dentro de un contexto en el cual este no seria el \u00fanico caso de espionaje, ya que Chile tiene una estrategia integral para dominar el Per\u00fa.<\/div>\n<div align=\"justify\">Quienes hoy se rasgan las vestiduras y consideran este caso sumamente delicado, tienen que entender que existen otros casos m\u00e1s graves y que involucrar\u00edan a ex funcionarios p\u00fablicos peruanos por ser participes de las acciones y omisiones que le han permitido a Chile dominar la explotaci\u00f3n aerocomercial de todo el territorio de la Rep\u00fablica peruana en donde pilotos de la fuerza a\u00e9rea chilena, habr\u00edan trabajado sin carnet de extranjer\u00eda en el espacio a\u00e9reo peruano, en donde pudieron realizar labores de espionaje mucho m\u00e1s graves que las del suboficial FAP \u00abAriza\u00bb.<\/div>\n<div align=\"justify\">Ha existido una pol\u00edtica de Estado desde el 2004 para darle todo tipo de apoyo a Chile en la dominaci\u00f3n aerocomercial de los cielos peruanos y desde la Direcci\u00f3n General de Aeron\u00e1utica Civil, algunos malos funcionarios, al servicio de Chile sabotearon abiertamente a las empresas de aviaci\u00f3n peruana para sacarlas del mercado, un ejemplo fue el caso de <strong>Tans y Aerocondor<\/strong>, por lo que se tendr\u00eda que investigar si en estos casos, hubo una operaci\u00f3n similar en este caso de espionaje comercial, ya que no nos cabe duda que algunos funcionarios de la DGAC peruana trabajaron y trabajar\u00edan para estos intereses.<\/div>\n<div align=\"justify\">La ex ministra Ver\u00f3nica Zavala de Transportes y Comunicaciones, violando la Ley 27261, Ley de Aeron\u00e1utica Civil del Per\u00fa, le exigi\u00f3 la renuncia al Director General de Aeron\u00e1utica Civil -DGAC del Per\u00fa en el 2006, <strong>que se negaba a firmar<\/strong> con Chile un lesivo convenio aerocomercial con Chile en donde ten\u00edamos que regalarle a este pa\u00eds en quintas libertades el mercado norteamericano a cambio de nada, y de esta forma Ver\u00f3nica Zavala introduce en el Ministerio de Transportes y hace nombrar por Resoluci\u00f3n Suprema a Carlos Miguel Puga Pomareda, quien firma un convenio a\u00e9reo con Chile en marzo de 2007 que debe merecer una denuncia de la Comisi\u00f3n de Defensa del Congreso a la Fiscal\u00eda Anticorrupci\u00f3n, ya que no s\u00f3lo se habr\u00eda violado la Constituci\u00f3n Pol\u00edtica del Per\u00fa, si no que este diligente funcionario p\u00fablico ten\u00eda la obligaci\u00f3n de exigir compensaciones econ\u00f3micas, ante la falta de reciprocidad que nunca pidi\u00f3.<\/div>\n<div align=\"justify\">Cabe destacar que obra en nuestro poder un documento de la Comisi\u00f3n Consultiva de Aeron\u00e1utica Civil del Per\u00fa, que presidia un embajador del Ministerio de Relaciones Exteriores, Augusto Arzubiaga, que recomendaba no darle a Chile las quintas libertades, sin embargo Ver\u00f3nica Zavala, violando la Constituci\u00f3n y sabe Dios con que respaldo hizo exactamente lo contrario.<\/div>\n<div align=\"justify\">\u00a0<\/div>\n<div align=\"justify\">Es por ello que este convenio a\u00e9reo que perjudica los intereses del Per\u00fa, debe ser investigado y denunciado en momentos en que vemos como Chile sin ning\u00fan pudor \u00e9tico, estaba financiando actividades de espionaje il\u00edcitas en el territorio peruano, lo que nos lleva a pensar que en otras \u00e1reas, espacialmente en la aerocomercial podr\u00edan tener similares procedimientos en agravio del Estado peruano, por lo que la opini\u00f3n p\u00fablica tiene derecho a conocer.<\/div>\n<div align=\"justify\">\u00a0<\/div>\n<div align=\"justify\"> Lo m\u00e1s grave es que en el 2007 se firm\u00f3 este convenio a\u00e9reo con Chile lesivo a los intereses nacionales, y sus autores firmantes Carlos Puga Pomareda y Ver\u00f3nica Zavala, deben ser investigados ya que ellos sin reciprocidad, le entregaron a Chile nuestros derechos de tr\u00e1fico sin la compensaci\u00f3n econ\u00f3mica que establece la Ley de Aeron\u00e1utica Civil del Per\u00fa, es decir le donamos nuestros cielos.<\/div>\n<div align=\"justify\">Es por ello que tanta dadiva a un pa\u00eds vecino tiene que investigarse y sancionarse, m\u00e1xime si ahora nos damos cuenta de que exist\u00eda una pol\u00edtica de Estado de Chile para espiarnos en perjuicio de un pa\u00eds como el Per\u00fa que mientras proclamabamos la paz y apoyabamos sus inversiones, Michelle Bachelet nos hac\u00eda un juego sucio.<\/div>\n<div align=\"justify\">Exigimos que se aclare los t\u00e9rminos y condiciones del convenio a\u00e9reo Per\u00fa-Chile, previa investigaci\u00f3n en donde se tendr\u00e1 que dilucidar la responsabilidad constitucional de Ver\u00f3nica Zavala Lombardi y la de Carlos Puga Pomareda, ya que consideramos que este convenio a\u00e9reo es una burla a la inteligencia de los peruanos, y no nos cabe ninguna duda que los Ariza, tambi\u00e9n estar\u00edan diseminados en todo el aparato del Estado, hay que investigarlos, denunciarlos y procesarlos, ya que el Per\u00fa est\u00e1 en una grave situaci\u00f3n geopol\u00edtica por estas acciones de espionaje probado en relaci\u00f3n a nuestros vecinos del sur, y en el terreno aerocomercial hay temas que se tienen que esclarecer. <\/div>\n","protected":false},"excerpt":{"rendered":"<p>El Canciller de la Rep\u00fablica del Per\u00fa, Jos\u00e9 Antonio Garc\u00eda Belaunde, expres\u00f3 que si el caso de espionaje se prueba, no ser\u00eda la primera vez que Chile lo haga. El canciller peruano se siente indignado, pero por ahora prefiere tener m\u00e1s informaci\u00f3n del caso antes de declarar, y eso lo ha llevado a adelantar su [&hellip;]<\/p>\n","protected":false},"author":1,"featured_media":0,"comment_status":"open","ping_status":"open","sticky":false,"template":"","format":"standard","meta":{"tdm_status":"","tdm_grid_status":"","footnotes":""},"categories":[34],"tags":[],"class_list":{"0":"post-6790","1":"post","2":"type-post","3":"status-publish","4":"format-standard","6":"category-internacionales"},"yoast_head":"<!-- This site is optimized with the Yoast SEO plugin v25.1 - https:\/\/yoast.com\/wordpress\/plugins\/seo\/ -->\n<title>MIENTRAS CHILE NOS ESPIABA, REGALAMOS NUESTRA SOBERAN\u00cdA A\u00c9REA<\/title>\n<meta name=\"description\" content=\"Portal de noticias del Per\u00fa sobre el transporte a\u00e9reo, aviaci\u00f3n, turismo, hoteleria, actualidad.\" \/>\n<meta name=\"robots\" content=\"index, follow, max-snippet:-1, max-image-preview:large, max-video-preview:-1\" \/>\n<link rel=\"canonical\" href=\"https:\/\/aeronoticias.com.pe\/noticiero\/internacionales\/mientras-chile-no-espiaba-regalamos-nuestra-soberania-aerea\/\" \/>\n<meta property=\"og:locale\" content=\"es_ES\" \/>\n<meta property=\"og:type\" content=\"article\" \/>\n<meta property=\"og:title\" content=\"MIENTRAS CHILE NOS ESPIABA, REGALAMOS NUESTRA SOBERAN\u00cdA A\u00c9REA\" \/>\n<meta property=\"og:description\" content=\"Portal de noticias del Per\u00fa sobre el transporte a\u00e9reo, aviaci\u00f3n, turismo, hoteleria, actualidad.\" \/>\n<meta property=\"og:url\" content=\"https:\/\/aeronoticias.com.pe\/noticiero\/internacionales\/mientras-chile-no-espiaba-regalamos-nuestra-soberania-aerea\/\" \/>\n<meta property=\"og:site_name\" content=\"Aeronoticias.com.pe\" \/>\n<meta property=\"article:publisher\" content=\"https:\/\/www.facebook.com\/Aeronoticias.com.pe\/\" \/>\n<meta property=\"article:published_time\" content=\"2009-11-15T18:16:20+00:00\" \/>\n<meta name=\"author\" content=\"Redacci\u00f3n Aeronoticias\" \/>\n<meta name=\"twitter:card\" content=\"summary_large_image\" \/>\n<meta name=\"twitter:creator\" content=\"@aeronoticias\" \/>\n<meta name=\"twitter:site\" content=\"@aeronoticias\" \/>\n<meta name=\"twitter:label1\" content=\"Escrito por\" \/>\n\t<meta name=\"twitter:data1\" content=\"Redacci\u00f3n Aeronoticias\" \/>\n\t<meta name=\"twitter:label2\" content=\"Tiempo de lectura\" \/>\n\t<meta name=\"twitter:data2\" content=\"5 minutos\" \/>\n<script type=\"application\/ld+json\" class=\"yoast-schema-graph\">{\"@context\":\"https:\/\/schema.org\",\"@graph\":[{\"@type\":\"WebPage\",\"@id\":\"https:\/\/aeronoticias.com.pe\/noticiero\/internacionales\/mientras-chile-no-espiaba-regalamos-nuestra-soberania-aerea\/\",\"url\":\"https:\/\/aeronoticias.com.pe\/noticiero\/internacionales\/mientras-chile-no-espiaba-regalamos-nuestra-soberania-aerea\/\",\"name\":\"MIENTRAS CHILE NOS ESPIABA, REGALAMOS NUESTRA SOBERAN\u00cdA A\u00c9REA\",\"isPartOf\":{\"@id\":\"https:\/\/aeronoticias.com.pe\/noticiero\/#website\"},\"datePublished\":\"2009-11-15T18:16:20+00:00\",\"author\":{\"@id\":\"https:\/\/aeronoticias.com.pe\/noticiero\/#\/schema\/person\/fc1e5d578f4b62ba1cf7ac2bba1170a0\"},\"description\":\"Portal de noticias del Per\u00fa sobre el transporte a\u00e9reo, aviaci\u00f3n, turismo, hoteleria, actualidad.\",\"breadcrumb\":{\"@id\":\"https:\/\/aeronoticias.com.pe\/noticiero\/internacionales\/mientras-chile-no-espiaba-regalamos-nuestra-soberania-aerea\/#breadcrumb\"},\"inLanguage\":\"es\",\"potentialAction\":[{\"@type\":\"ReadAction\",\"target\":[\"https:\/\/aeronoticias.com.pe\/noticiero\/internacionales\/mientras-chile-no-espiaba-regalamos-nuestra-soberania-aerea\/\"]}]},{\"@type\":\"BreadcrumbList\",\"@id\":\"https:\/\/aeronoticias.com.pe\/noticiero\/internacionales\/mientras-chile-no-espiaba-regalamos-nuestra-soberania-aerea\/#breadcrumb\",\"itemListElement\":[{\"@type\":\"ListItem\",\"position\":1,\"name\":\"Portada\",\"item\":\"https:\/\/aeronoticias.com.pe\/noticiero\/\"},{\"@type\":\"ListItem\",\"position\":2,\"name\":\"MIENTRAS CHILE NOS ESPIABA, REGALAMOS NUESTRA SOBERAN\u00cdA A\u00c9REA\"}]},{\"@type\":\"WebSite\",\"@id\":\"https:\/\/aeronoticias.com.pe\/noticiero\/#website\",\"url\":\"https:\/\/aeronoticias.com.pe\/noticiero\/\",\"name\":\"Aeronoticias.com.pe\",\"description\":\"Noticias de tranporte aereo, turismo, hoteles, gastronomia, actualidad, internacional\",\"potentialAction\":[{\"@type\":\"SearchAction\",\"target\":{\"@type\":\"EntryPoint\",\"urlTemplate\":\"https:\/\/aeronoticias.com.pe\/noticiero\/?s={search_term_string}\"},\"query-input\":{\"@type\":\"PropertyValueSpecification\",\"valueRequired\":true,\"valueName\":\"search_term_string\"}}],\"inLanguage\":\"es\"},{\"@type\":\"Person\",\"@id\":\"https:\/\/aeronoticias.com.pe\/noticiero\/#\/schema\/person\/fc1e5d578f4b62ba1cf7ac2bba1170a0\",\"name\":\"Redacci\u00f3n Aeronoticias\",\"url\":\"https:\/\/aeronoticias.com.pe\/noticiero\/author\/piloto\/\"}]}<\/script>\n<!-- \/ Yoast SEO plugin. -->","yoast_head_json":{"title":"MIENTRAS CHILE NOS ESPIABA, REGALAMOS NUESTRA SOBERAN\u00cdA A\u00c9REA","description":"Portal de noticias del Per\u00fa sobre el transporte a\u00e9reo, aviaci\u00f3n, turismo, hoteleria, actualidad.","robots":{"index":"index","follow":"follow","max-snippet":"max-snippet:-1","max-image-preview":"max-image-preview:large","max-video-preview":"max-video-preview:-1"},"canonical":"https:\/\/aeronoticias.com.pe\/noticiero\/internacionales\/mientras-chile-no-espiaba-regalamos-nuestra-soberania-aerea\/","og_locale":"es_ES","og_type":"article","og_title":"MIENTRAS CHILE NOS ESPIABA, REGALAMOS NUESTRA SOBERAN\u00cdA A\u00c9REA","og_description":"Portal de noticias del Per\u00fa sobre el transporte a\u00e9reo, aviaci\u00f3n, turismo, hoteleria, actualidad.","og_url":"https:\/\/aeronoticias.com.pe\/noticiero\/internacionales\/mientras-chile-no-espiaba-regalamos-nuestra-soberania-aerea\/","og_site_name":"Aeronoticias.com.pe","article_publisher":"https:\/\/www.facebook.com\/Aeronoticias.com.pe\/","article_published_time":"2009-11-15T18:16:20+00:00","author":"Redacci\u00f3n Aeronoticias","twitter_card":"summary_large_image","twitter_creator":"@aeronoticias","twitter_site":"@aeronoticias","twitter_misc":{"Escrito por":"Redacci\u00f3n Aeronoticias","Tiempo de lectura":"5 minutos"},"schema":{"@context":"https:\/\/schema.org","@graph":[{"@type":"WebPage","@id":"https:\/\/aeronoticias.com.pe\/noticiero\/internacionales\/mientras-chile-no-espiaba-regalamos-nuestra-soberania-aerea\/","url":"https:\/\/aeronoticias.com.pe\/noticiero\/internacionales\/mientras-chile-no-espiaba-regalamos-nuestra-soberania-aerea\/","name":"MIENTRAS CHILE NOS ESPIABA, REGALAMOS NUESTRA SOBERAN\u00cdA A\u00c9REA","isPartOf":{"@id":"https:\/\/aeronoticias.com.pe\/noticiero\/#website"},"datePublished":"2009-11-15T18:16:20+00:00","author":{"@id":"https:\/\/aeronoticias.com.pe\/noticiero\/#\/schema\/person\/fc1e5d578f4b62ba1cf7ac2bba1170a0"},"description":"Portal de noticias del Per\u00fa sobre el transporte a\u00e9reo, aviaci\u00f3n, turismo, hoteleria, actualidad.","breadcrumb":{"@id":"https:\/\/aeronoticias.com.pe\/noticiero\/internacionales\/mientras-chile-no-espiaba-regalamos-nuestra-soberania-aerea\/#breadcrumb"},"inLanguage":"es","potentialAction":[{"@type":"ReadAction","target":["https:\/\/aeronoticias.com.pe\/noticiero\/internacionales\/mientras-chile-no-espiaba-regalamos-nuestra-soberania-aerea\/"]}]},{"@type":"BreadcrumbList","@id":"https:\/\/aeronoticias.com.pe\/noticiero\/internacionales\/mientras-chile-no-espiaba-regalamos-nuestra-soberania-aerea\/#breadcrumb","itemListElement":[{"@type":"ListItem","position":1,"name":"Portada","item":"https:\/\/aeronoticias.com.pe\/noticiero\/"},{"@type":"ListItem","position":2,"name":"MIENTRAS CHILE NOS ESPIABA, REGALAMOS NUESTRA SOBERAN\u00cdA A\u00c9REA"}]},{"@type":"WebSite","@id":"https:\/\/aeronoticias.com.pe\/noticiero\/#website","url":"https:\/\/aeronoticias.com.pe\/noticiero\/","name":"Aeronoticias.com.pe","description":"Noticias de tranporte aereo, turismo, hoteles, gastronomia, actualidad, internacional","potentialAction":[{"@type":"SearchAction","target":{"@type":"EntryPoint","urlTemplate":"https:\/\/aeronoticias.com.pe\/noticiero\/?s={search_term_string}"},"query-input":{"@type":"PropertyValueSpecification","valueRequired":true,"valueName":"search_term_string"}}],"inLanguage":"es"},{"@type":"Person","@id":"https:\/\/aeronoticias.com.pe\/noticiero\/#\/schema\/person\/fc1e5d578f4b62ba1cf7ac2bba1170a0","name":"Redacci\u00f3n Aeronoticias","url":"https:\/\/aeronoticias.com.pe\/noticiero\/author\/piloto\/"}]}},"_links":{"self":[{"href":"https:\/\/aeronoticias.com.pe\/noticiero\/wp-json\/wp\/v2\/posts\/6790","targetHints":{"allow":["GET"]}}],"collection":[{"href":"https:\/\/aeronoticias.com.pe\/noticiero\/wp-json\/wp\/v2\/posts"}],"about":[{"href":"https:\/\/aeronoticias.com.pe\/noticiero\/wp-json\/wp\/v2\/types\/post"}],"author":[{"embeddable":true,"href":"https:\/\/aeronoticias.com.pe\/noticiero\/wp-json\/wp\/v2\/users\/1"}],"replies":[{"embeddable":true,"href":"https:\/\/aeronoticias.com.pe\/noticiero\/wp-json\/wp\/v2\/comments?post=6790"}],"version-history":[{"count":0,"href":"https:\/\/aeronoticias.com.pe\/noticiero\/wp-json\/wp\/v2\/posts\/6790\/revisions"}],"wp:attachment":[{"href":"https:\/\/aeronoticias.com.pe\/noticiero\/wp-json\/wp\/v2\/media?parent=6790"}],"wp:term":[{"taxonomy":"category","embeddable":true,"href":"https:\/\/aeronoticias.com.pe\/noticiero\/wp-json\/wp\/v2\/categories?post=6790"},{"taxonomy":"post_tag","embeddable":true,"href":"https:\/\/aeronoticias.com.pe\/noticiero\/wp-json\/wp\/v2\/tags?post=6790"}],"curies":[{"name":"wp","href":"https:\/\/api.w.org\/{rel}","templated":true}]}}