{"id":6791,"date":"2009-11-15T18:16:30","date_gmt":"2009-11-15T18:16:30","guid":{"rendered":"http:\/\/desarrollo.mcvicious.com\/aero2020\/2009\/11\/15\/mucho-interes-de-la-onu-en-propuesta-peruana-sobre-armamentismo\/"},"modified":"2009-11-15T18:16:30","modified_gmt":"2009-11-15T18:16:30","slug":"mucho-interes-de-la-onu-en-propuesta-peruana-sobre-armamentismo","status":"publish","type":"post","link":"https:\/\/aeronoticias.com.pe\/noticiero\/politica\/mucho-interes-de-la-onu-en-propuesta-peruana-sobre-armamentismo\/","title":{"rendered":"MUCHO INTER\u00c9S DE LA ONU EN  PROPUESTA PERUANA SOBRE ARMAMENTISMO"},"content":{"rendered":"<div style=\"text-align: justify\">Jorge Chediek, representante residente del Programa de las Naciones Unidas para el Desarrollo (PNUD) afirm\u00f3 que el secretario general de ese organismo, Ban Ki Moon, acogi\u00f3 con \u201cmucho inter\u00e9s\u201d la propuesta de Per\u00fa para limitar el armamentismo en la regi\u00f3n.\u00a0Expres\u00f3 incluso su confianza en que prospere la labor realizada por Per\u00fa para promover el protocolo de paz, seguridad y cooperaci\u00f3n que contribuya a limitar los gastos militares en Am\u00e9rica del Sur.<\/div>\n<div style=\"text-align: justify\"><\/div>\n<div style=\"text-align: justify\">\u201cS\u00e9 que el secretario general de la Organizaci\u00f3n de las Naciones Unidas la recibi\u00f3 con mucho inter\u00e9s y esperamos que las gestiones que est\u00e1 realizando el Gobierno del Per\u00fa avancen\u201d, manifest\u00f3.\u00a0En setiembre pasado, el canciller Jos\u00e9 Antonio Garc\u00eda Belaunde se reuni\u00f3 en Nueva York con Ban Ki Moon, a quien le entreg\u00f3 la carta que dirigi\u00f3 el presidente de la Rep\u00fablica, Alan Garc\u00eda, a la Uni\u00f3n de Naciones Sudamericanas (Unasur) sobre los gastos militares.<\/div>\n<div style=\"text-align: justify\">\n<div style=\"text-align: center\"><img decoding=\"async\" src=\"images\/stories\/09\/11\/141109\/benedicto_onu.jpg\" border=\"0\" alt=\"MUCHO INTER\u00c9S DE LA ONU EN  PROPUESTA PERUANA SOBRE ARMAMENTISMO\" title=\"MUCHO INTER\u00c9S DE LA ONU EN  PROPUESTA PERUANA SOBRE ARMAMENTISMO\" \/><\/div>\n<\/div>\n<div style=\"text-align: justify\">El funcionario internacional calific\u00f3 de \u201cexcelente\u201d la propuesta peruana de reducir los gastos militares y que se destinen parte de estos recursos a la lucha contra la pobreza.\u00a0Sostuvo que la mejor inversi\u00f3n que pueden hacer los pa\u00edses es gastar en su poblaci\u00f3n.\u00a0Chediek se mostr\u00f3 confiado que esta iniciativa tenga acogida en otros pa\u00edses y se pueda avanzar pol\u00edticamente en ese objetivo.<\/div>\n<div style=\"text-align: justify\"><\/div>\n<div style=\"text-align: justify\">\u201cEs una excelente propuesta en el sentido que la mejor inversi\u00f3n que los pa\u00edses pueden hacer es la inversi\u00f3n en su propia gente y esperemos que esta propuesta tenga acogida y se pueda avanzar pol\u00edticamente\u201d, manifest\u00f3.\u00a0Per\u00fa inici\u00f3 una gira de ministros de Estado por Am\u00e9rica del Sur para promover su iniciativa de establecer un protocolo de paz, seguridad y cooperaci\u00f3n que contribuya a limitar los gastos de material b\u00e9lico.<\/div>\n<div style=\"text-align: justify\"><\/div>\n<div style=\"text-align: justify\">La propuesta ha sido difundida y expuesta ante los mandatarios de Ecuador, Argentina, Brasil, Paraguay y Colombia, donde ha tenido una buena acogida.<\/div>\n<div style=\"text-align: justify\"><\/div>\n","protected":false},"excerpt":{"rendered":"<p>Jorge Chediek, representante residente del Programa de las Naciones Unidas para el Desarrollo (PNUD) afirm\u00f3 que el secretario general de ese organismo, Ban Ki Moon, acogi\u00f3 con \u201cmucho inter\u00e9s\u201d la propuesta de Per\u00fa para limitar el armamentismo en la regi\u00f3n.\u00a0Expres\u00f3 incluso su confianza en que prospere la labor realizada por Per\u00fa para promover el protocolo [&hellip;]<\/p>\n","protected":false},"author":1,"featured_media":0,"comment_status":"open","ping_status":"open","sticky":false,"template":"","format":"standard","meta":{"tdm_status":"","tdm_grid_status":"","footnotes":""},"categories":[36],"tags":[],"class_list":{"0":"post-6791","1":"post","2":"type-post","3":"status-publish","4":"format-standard","6":"category-politica"},"yoast_head":"<!-- This site is optimized with the Yoast SEO plugin v25.1 - https:\/\/yoast.com\/wordpress\/plugins\/seo\/ -->\n<title>MUCHO INTER\u00c9S DE LA ONU EN PROPUESTA PERUANA SOBRE ARMAMENTISMO<\/title>\n<meta name=\"description\" content=\"Portal de noticias del Per\u00fa sobre el transporte a\u00e9reo, aviaci\u00f3n, turismo, hoteleria, actualidad.\" \/>\n<meta name=\"robots\" content=\"index, follow, max-snippet:-1, max-image-preview:large, max-video-preview:-1\" \/>\n<link rel=\"canonical\" href=\"https:\/\/aeronoticias.com.pe\/noticiero\/politica\/mucho-interes-de-la-onu-en-propuesta-peruana-sobre-armamentismo\/\" \/>\n<meta property=\"og:locale\" content=\"es_ES\" \/>\n<meta property=\"og:type\" content=\"article\" \/>\n<meta property=\"og:title\" content=\"MUCHO INTER\u00c9S DE LA ONU EN PROPUESTA PERUANA SOBRE ARMAMENTISMO\" \/>\n<meta property=\"og:description\" content=\"Portal de noticias del Per\u00fa sobre el transporte a\u00e9reo, aviaci\u00f3n, turismo, hoteleria, actualidad.\" \/>\n<meta property=\"og:url\" content=\"https:\/\/aeronoticias.com.pe\/noticiero\/politica\/mucho-interes-de-la-onu-en-propuesta-peruana-sobre-armamentismo\/\" \/>\n<meta property=\"og:site_name\" content=\"Aeronoticias.com.pe\" \/>\n<meta property=\"article:publisher\" content=\"https:\/\/www.facebook.com\/Aeronoticias.com.pe\/\" \/>\n<meta property=\"article:published_time\" content=\"2009-11-15T18:16:30+00:00\" \/>\n<meta name=\"author\" content=\"Redacci\u00f3n Aeronoticias\" \/>\n<meta name=\"twitter:card\" content=\"summary_large_image\" \/>\n<meta name=\"twitter:creator\" content=\"@aeronoticias\" \/>\n<meta name=\"twitter:site\" content=\"@aeronoticias\" \/>\n<meta name=\"twitter:label1\" content=\"Escrito por\" \/>\n\t<meta name=\"twitter:data1\" content=\"Redacci\u00f3n Aeronoticias\" \/>\n\t<meta name=\"twitter:label2\" content=\"Tiempo de lectura\" \/>\n\t<meta name=\"twitter:data2\" content=\"2 minutos\" \/>\n<script type=\"application\/ld+json\" class=\"yoast-schema-graph\">{\"@context\":\"https:\/\/schema.org\",\"@graph\":[{\"@type\":\"WebPage\",\"@id\":\"https:\/\/aeronoticias.com.pe\/noticiero\/politica\/mucho-interes-de-la-onu-en-propuesta-peruana-sobre-armamentismo\/\",\"url\":\"https:\/\/aeronoticias.com.pe\/noticiero\/politica\/mucho-interes-de-la-onu-en-propuesta-peruana-sobre-armamentismo\/\",\"name\":\"MUCHO INTER\u00c9S DE LA ONU EN PROPUESTA PERUANA SOBRE ARMAMENTISMO\",\"isPartOf\":{\"@id\":\"https:\/\/aeronoticias.com.pe\/noticiero\/#website\"},\"datePublished\":\"2009-11-15T18:16:30+00:00\",\"author\":{\"@id\":\"https:\/\/aeronoticias.com.pe\/noticiero\/#\/schema\/person\/fc1e5d578f4b62ba1cf7ac2bba1170a0\"},\"description\":\"Portal de noticias del Per\u00fa sobre el transporte a\u00e9reo, aviaci\u00f3n, turismo, hoteleria, actualidad.\",\"breadcrumb\":{\"@id\":\"https:\/\/aeronoticias.com.pe\/noticiero\/politica\/mucho-interes-de-la-onu-en-propuesta-peruana-sobre-armamentismo\/#breadcrumb\"},\"inLanguage\":\"es\",\"potentialAction\":[{\"@type\":\"ReadAction\",\"target\":[\"https:\/\/aeronoticias.com.pe\/noticiero\/politica\/mucho-interes-de-la-onu-en-propuesta-peruana-sobre-armamentismo\/\"]}]},{\"@type\":\"BreadcrumbList\",\"@id\":\"https:\/\/aeronoticias.com.pe\/noticiero\/politica\/mucho-interes-de-la-onu-en-propuesta-peruana-sobre-armamentismo\/#breadcrumb\",\"itemListElement\":[{\"@type\":\"ListItem\",\"position\":1,\"name\":\"Portada\",\"item\":\"https:\/\/aeronoticias.com.pe\/noticiero\/\"},{\"@type\":\"ListItem\",\"position\":2,\"name\":\"MUCHO INTER\u00c9S DE LA ONU EN PROPUESTA PERUANA SOBRE ARMAMENTISMO\"}]},{\"@type\":\"WebSite\",\"@id\":\"https:\/\/aeronoticias.com.pe\/noticiero\/#website\",\"url\":\"https:\/\/aeronoticias.com.pe\/noticiero\/\",\"name\":\"Aeronoticias.com.pe\",\"description\":\"Noticias de tranporte aereo, turismo, hoteles, gastronomia, actualidad, internacional\",\"potentialAction\":[{\"@type\":\"SearchAction\",\"target\":{\"@type\":\"EntryPoint\",\"urlTemplate\":\"https:\/\/aeronoticias.com.pe\/noticiero\/?s={search_term_string}\"},\"query-input\":{\"@type\":\"PropertyValueSpecification\",\"valueRequired\":true,\"valueName\":\"search_term_string\"}}],\"inLanguage\":\"es\"},{\"@type\":\"Person\",\"@id\":\"https:\/\/aeronoticias.com.pe\/noticiero\/#\/schema\/person\/fc1e5d578f4b62ba1cf7ac2bba1170a0\",\"name\":\"Redacci\u00f3n Aeronoticias\",\"url\":\"https:\/\/aeronoticias.com.pe\/noticiero\/author\/piloto\/\"}]}<\/script>\n<!-- \/ Yoast SEO plugin. -->","yoast_head_json":{"title":"MUCHO INTER\u00c9S DE LA ONU EN PROPUESTA PERUANA SOBRE ARMAMENTISMO","description":"Portal de noticias del Per\u00fa sobre el transporte a\u00e9reo, aviaci\u00f3n, turismo, hoteleria, actualidad.","robots":{"index":"index","follow":"follow","max-snippet":"max-snippet:-1","max-image-preview":"max-image-preview:large","max-video-preview":"max-video-preview:-1"},"canonical":"https:\/\/aeronoticias.com.pe\/noticiero\/politica\/mucho-interes-de-la-onu-en-propuesta-peruana-sobre-armamentismo\/","og_locale":"es_ES","og_type":"article","og_title":"MUCHO INTER\u00c9S DE LA ONU EN PROPUESTA PERUANA SOBRE ARMAMENTISMO","og_description":"Portal de noticias del Per\u00fa sobre el transporte a\u00e9reo, aviaci\u00f3n, turismo, hoteleria, actualidad.","og_url":"https:\/\/aeronoticias.com.pe\/noticiero\/politica\/mucho-interes-de-la-onu-en-propuesta-peruana-sobre-armamentismo\/","og_site_name":"Aeronoticias.com.pe","article_publisher":"https:\/\/www.facebook.com\/Aeronoticias.com.pe\/","article_published_time":"2009-11-15T18:16:30+00:00","author":"Redacci\u00f3n Aeronoticias","twitter_card":"summary_large_image","twitter_creator":"@aeronoticias","twitter_site":"@aeronoticias","twitter_misc":{"Escrito por":"Redacci\u00f3n Aeronoticias","Tiempo de lectura":"2 minutos"},"schema":{"@context":"https:\/\/schema.org","@graph":[{"@type":"WebPage","@id":"https:\/\/aeronoticias.com.pe\/noticiero\/politica\/mucho-interes-de-la-onu-en-propuesta-peruana-sobre-armamentismo\/","url":"https:\/\/aeronoticias.com.pe\/noticiero\/politica\/mucho-interes-de-la-onu-en-propuesta-peruana-sobre-armamentismo\/","name":"MUCHO INTER\u00c9S DE LA ONU EN PROPUESTA PERUANA SOBRE ARMAMENTISMO","isPartOf":{"@id":"https:\/\/aeronoticias.com.pe\/noticiero\/#website"},"datePublished":"2009-11-15T18:16:30+00:00","author":{"@id":"https:\/\/aeronoticias.com.pe\/noticiero\/#\/schema\/person\/fc1e5d578f4b62ba1cf7ac2bba1170a0"},"description":"Portal de noticias del Per\u00fa sobre el transporte a\u00e9reo, aviaci\u00f3n, turismo, hoteleria, actualidad.","breadcrumb":{"@id":"https:\/\/aeronoticias.com.pe\/noticiero\/politica\/mucho-interes-de-la-onu-en-propuesta-peruana-sobre-armamentismo\/#breadcrumb"},"inLanguage":"es","potentialAction":[{"@type":"ReadAction","target":["https:\/\/aeronoticias.com.pe\/noticiero\/politica\/mucho-interes-de-la-onu-en-propuesta-peruana-sobre-armamentismo\/"]}]},{"@type":"BreadcrumbList","@id":"https:\/\/aeronoticias.com.pe\/noticiero\/politica\/mucho-interes-de-la-onu-en-propuesta-peruana-sobre-armamentismo\/#breadcrumb","itemListElement":[{"@type":"ListItem","position":1,"name":"Portada","item":"https:\/\/aeronoticias.com.pe\/noticiero\/"},{"@type":"ListItem","position":2,"name":"MUCHO INTER\u00c9S DE LA ONU EN PROPUESTA PERUANA SOBRE ARMAMENTISMO"}]},{"@type":"WebSite","@id":"https:\/\/aeronoticias.com.pe\/noticiero\/#website","url":"https:\/\/aeronoticias.com.pe\/noticiero\/","name":"Aeronoticias.com.pe","description":"Noticias de tranporte aereo, turismo, hoteles, gastronomia, actualidad, internacional","potentialAction":[{"@type":"SearchAction","target":{"@type":"EntryPoint","urlTemplate":"https:\/\/aeronoticias.com.pe\/noticiero\/?s={search_term_string}"},"query-input":{"@type":"PropertyValueSpecification","valueRequired":true,"valueName":"search_term_string"}}],"inLanguage":"es"},{"@type":"Person","@id":"https:\/\/aeronoticias.com.pe\/noticiero\/#\/schema\/person\/fc1e5d578f4b62ba1cf7ac2bba1170a0","name":"Redacci\u00f3n Aeronoticias","url":"https:\/\/aeronoticias.com.pe\/noticiero\/author\/piloto\/"}]}},"_links":{"self":[{"href":"https:\/\/aeronoticias.com.pe\/noticiero\/wp-json\/wp\/v2\/posts\/6791","targetHints":{"allow":["GET"]}}],"collection":[{"href":"https:\/\/aeronoticias.com.pe\/noticiero\/wp-json\/wp\/v2\/posts"}],"about":[{"href":"https:\/\/aeronoticias.com.pe\/noticiero\/wp-json\/wp\/v2\/types\/post"}],"author":[{"embeddable":true,"href":"https:\/\/aeronoticias.com.pe\/noticiero\/wp-json\/wp\/v2\/users\/1"}],"replies":[{"embeddable":true,"href":"https:\/\/aeronoticias.com.pe\/noticiero\/wp-json\/wp\/v2\/comments?post=6791"}],"version-history":[{"count":0,"href":"https:\/\/aeronoticias.com.pe\/noticiero\/wp-json\/wp\/v2\/posts\/6791\/revisions"}],"wp:attachment":[{"href":"https:\/\/aeronoticias.com.pe\/noticiero\/wp-json\/wp\/v2\/media?parent=6791"}],"wp:term":[{"taxonomy":"category","embeddable":true,"href":"https:\/\/aeronoticias.com.pe\/noticiero\/wp-json\/wp\/v2\/categories?post=6791"},{"taxonomy":"post_tag","embeddable":true,"href":"https:\/\/aeronoticias.com.pe\/noticiero\/wp-json\/wp\/v2\/tags?post=6791"}],"curies":[{"name":"wp","href":"https:\/\/api.w.org\/{rel}","templated":true}]}}