{"id":6792,"date":"2009-11-15T23:25:32","date_gmt":"2009-11-15T23:25:32","guid":{"rendered":"http:\/\/desarrollo.mcvicious.com\/aero2020\/2009\/11\/15\/por-espionaje-el-peru-deberia-denunciar-convenio-aereo-con-chile\/"},"modified":"2009-11-15T23:25:32","modified_gmt":"2009-11-15T23:25:32","slug":"por-espionaje-el-peru-deberia-denunciar-convenio-aereo-con-chile","status":"publish","type":"post","link":"https:\/\/aeronoticias.com.pe\/noticiero\/nacionales\/por-espionaje-el-peru-deberia-denunciar-convenio-aereo-con-chile\/","title":{"rendered":"POR ESPIONAJE EL PER\u00da DEBER\u00cdA DENUNCIAR CONVENIO A\u00c9REO CON CHILE"},"content":{"rendered":"<div align=\"justify\">El ministro de Relaciones Exteriores del Per\u00fa, Jos\u00e9\u00a0 Antonio Garcia Belaunde, deber\u00eda pedir un informe legal a la Direcci\u00f3n de Soberan\u00eda A\u00e9rea de la canciller\u00eda peruana en relaci\u00f3n al convenio a\u00e9reo Per\u00fa- Chile firmado en marzo de 2007\u00a0 en representaci\u00f3n del Per\u00fa por el ex viceministro de transportes peruano\u00a0 de la \u00e9poca, el cuestionado Carlos Miguel Puga\u00a0 Pomareda, sindicado como el autor de una serie de acciones para sacar del mercado dom\u00e9stico de transporte a\u00e9reo a la entonces m\u00e1s importante empresa de aviaci\u00f3n cien por ciento peruana Aerocondor que ahora est\u00e1 en liquidaci\u00f3n, hecho que l\u00f3gicamente benefici\u00f3 al cuasimonopolio del grupo LAN en las rutas nacionales del Per\u00fa, entre otros hechos irregulares adem\u00e1s de la firma de este extra\u00f1o convenio a\u00e9reo bilateral. <\/p>\n<p>Este documento bilateral que fuera ratificado por la ex Ministra de Transportes Ver\u00f3nica Zavala Lombardi favorece abiertamente a Chile y le otorga segmentos de quinta libertad en el territorio peruano a la l\u00ednea a\u00e9rea de bandera de Chile- Lan Chile sin reciprocidad\u00a0 para el Per\u00fa.<\/p><\/div>\n<div align=\"justify\">\u00a0<\/div>\n<div align=\"justify\">\n<div style=\"text-align: center\"><img loading=\"lazy\" decoding=\"async\" src=\"images\/stories\/09\/11\/141109\/mrelacionesexteriores.jpg\" border=\"0\" width=\"400\" height=\"280\" \/><\/div>\n<\/div>\n<div align=\"justify\">\u00a0<\/div>\n<div align=\"justify\">El Consejo Consultivo en Aeron\u00e1utica Civil del Ministerio de Transportes integrado por un representante de la canciller\u00eda peruana emiti\u00f3 un informe oficial que recomendaba no otorgar segmentos de quinta libertad a Chile e inclusive un Director General de Aeron\u00e1utica Civil se enfrent\u00f3 al ministro Jos\u00e9\u00a0 Ortiz Rivera en los primeros meses de 2006 y luego a la ministra Ver\u00f3nica Zavala defendiendo la posici\u00f3n del Per\u00fa, pero esta le pidi\u00f3 la renuncia a fines de 2006 por este hecho, ya que el director de la DGAC del Per\u00fa se opon\u00eda, no obstante las presiones a regalarle a Chile los cielos peruanos, este funcionario p\u00fablico hab\u00eda sido nombrado por 4 a\u00f1os, y hasta el 2010, pero la ministra Zavala le interrumpi\u00f3 su mandato, para firmar, como de hecho lo hizo, un lesivo convenio aerocomercial con Chile.<\/p>\n<p>En el 2007 el ilustre Colegio de Abogados de Lima- CAL-\u00a0 a solicitud de la segunda Fiscalia anticorrupci\u00f3n\u00a0 de Lima le solicit\u00f3 a esta instituci\u00f3n un informe legal sobre el convenio a\u00e9reo Per\u00fa- Chile y el CAL a su vez, le hizo la consulta al presidente de la comisi\u00f3n\u00a0 consultiva de derecho aeron\u00e1utico del CAL, sin embargo este informe nunca lleg\u00f3 a la Fiscal\u00eda, un ex vice decano del Colegio de Abogados de Lima se encarg\u00f3 de que se pierda en el camino, el mismo obra en nuestro poder y lo publicaremos en los pr\u00f3ximos d\u00edas.<br \/><strong><br \/>Aeronoticias<\/strong> considera que el Per\u00fa debe denunciar este lesivo acuerdo aerocomercial con Chile y el Procurador del Estado debe interponer denuncia penal contra los ex funcionarios p\u00fablicos responsables de donar los derechos de trafico a\u00e9reo propiedad y de dominio del Per\u00fa, en quintas libertades a favor de Chile sin haber exigido las compensaciones econ\u00f3micas a favor del Estado peruano que establece la Ley 27261. Ley de Aeron\u00e1utica Civil del Per\u00fa.<\/p>\n<p>Creemos que el Per\u00fa debe replantear su relaci\u00f3n bilateral con Chile y hacer un inventario de todos los colaboradores y asesores\u00a0 peruanos de Chile que aqu\u00ed en nuestro pa\u00eds disciplinadamente ejecutan el plan \u201ctenaza\u201d para que Chile siga adue\u00f1\u00e1ndose del Per\u00fa, de sus recursos, de sus empresas y para ellos tienen conocidos lobistas dentro y fuera del Estado, bueno habr\u00eda que identificarlos porque ellos en otros \u00e1mbitos hacen similar trabajo al del traidor sub oficial FAP V\u00edctor Ariza, que con su il\u00edcita actividad de espionaje en perjuicio del Estado peruano, nos hace recordar que honrar al pa\u00eds significa defenderlo de todos su enemigos, los que est\u00e1n afuera y los que est\u00e1n dentro.<\/div>\n","protected":false},"excerpt":{"rendered":"<p>El ministro de Relaciones Exteriores del Per\u00fa, Jos\u00e9\u00a0 Antonio Garcia Belaunde, deber\u00eda pedir un informe legal a la Direcci\u00f3n de Soberan\u00eda A\u00e9rea de la canciller\u00eda peruana en relaci\u00f3n al convenio a\u00e9reo Per\u00fa- Chile firmado en marzo de 2007\u00a0 en representaci\u00f3n del Per\u00fa por el ex viceministro de transportes peruano\u00a0 de la \u00e9poca, el cuestionado Carlos [&hellip;]<\/p>\n","protected":false},"author":1,"featured_media":0,"comment_status":"open","ping_status":"open","sticky":false,"template":"","format":"standard","meta":{"tdm_status":"","tdm_grid_status":"","footnotes":""},"categories":[38],"tags":[],"class_list":{"0":"post-6792","1":"post","2":"type-post","3":"status-publish","4":"format-standard","6":"category-nacionales"},"yoast_head":"<!-- This site is optimized with the Yoast SEO plugin v25.1 - https:\/\/yoast.com\/wordpress\/plugins\/seo\/ -->\n<title>POR ESPIONAJE EL PER\u00da DEBER\u00cdA DENUNCIAR CONVENIO A\u00c9REO CON CHILE<\/title>\n<meta name=\"description\" content=\"Portal de noticias del Per\u00fa sobre el transporte a\u00e9reo, aviaci\u00f3n, turismo, hoteleria, actualidad.\" \/>\n<meta name=\"robots\" content=\"index, follow, max-snippet:-1, max-image-preview:large, max-video-preview:-1\" \/>\n<link rel=\"canonical\" href=\"https:\/\/aeronoticias.com.pe\/noticiero\/nacionales\/por-espionaje-el-peru-deberia-denunciar-convenio-aereo-con-chile\/\" \/>\n<meta property=\"og:locale\" content=\"es_ES\" \/>\n<meta property=\"og:type\" content=\"article\" \/>\n<meta property=\"og:title\" content=\"POR ESPIONAJE EL PER\u00da DEBER\u00cdA DENUNCIAR CONVENIO A\u00c9REO CON CHILE\" \/>\n<meta property=\"og:description\" content=\"Portal de noticias del Per\u00fa sobre el transporte a\u00e9reo, aviaci\u00f3n, turismo, hoteleria, actualidad.\" \/>\n<meta property=\"og:url\" content=\"https:\/\/aeronoticias.com.pe\/noticiero\/nacionales\/por-espionaje-el-peru-deberia-denunciar-convenio-aereo-con-chile\/\" \/>\n<meta property=\"og:site_name\" content=\"Aeronoticias.com.pe\" \/>\n<meta property=\"article:publisher\" content=\"https:\/\/www.facebook.com\/Aeronoticias.com.pe\/\" \/>\n<meta property=\"article:published_time\" content=\"2009-11-15T23:25:32+00:00\" \/>\n<meta name=\"author\" content=\"Redacci\u00f3n Aeronoticias\" \/>\n<meta name=\"twitter:card\" content=\"summary_large_image\" \/>\n<meta name=\"twitter:creator\" content=\"@aeronoticias\" \/>\n<meta name=\"twitter:site\" content=\"@aeronoticias\" \/>\n<meta name=\"twitter:label1\" content=\"Escrito por\" \/>\n\t<meta name=\"twitter:data1\" content=\"Redacci\u00f3n Aeronoticias\" \/>\n\t<meta name=\"twitter:label2\" content=\"Tiempo de lectura\" \/>\n\t<meta name=\"twitter:data2\" content=\"3 minutos\" \/>\n<script type=\"application\/ld+json\" class=\"yoast-schema-graph\">{\"@context\":\"https:\/\/schema.org\",\"@graph\":[{\"@type\":\"WebPage\",\"@id\":\"https:\/\/aeronoticias.com.pe\/noticiero\/nacionales\/por-espionaje-el-peru-deberia-denunciar-convenio-aereo-con-chile\/\",\"url\":\"https:\/\/aeronoticias.com.pe\/noticiero\/nacionales\/por-espionaje-el-peru-deberia-denunciar-convenio-aereo-con-chile\/\",\"name\":\"POR ESPIONAJE EL PER\u00da DEBER\u00cdA DENUNCIAR CONVENIO A\u00c9REO CON CHILE\",\"isPartOf\":{\"@id\":\"https:\/\/aeronoticias.com.pe\/noticiero\/#website\"},\"datePublished\":\"2009-11-15T23:25:32+00:00\",\"author\":{\"@id\":\"https:\/\/aeronoticias.com.pe\/noticiero\/#\/schema\/person\/fc1e5d578f4b62ba1cf7ac2bba1170a0\"},\"description\":\"Portal de noticias del Per\u00fa sobre el transporte a\u00e9reo, aviaci\u00f3n, turismo, hoteleria, actualidad.\",\"breadcrumb\":{\"@id\":\"https:\/\/aeronoticias.com.pe\/noticiero\/nacionales\/por-espionaje-el-peru-deberia-denunciar-convenio-aereo-con-chile\/#breadcrumb\"},\"inLanguage\":\"es\",\"potentialAction\":[{\"@type\":\"ReadAction\",\"target\":[\"https:\/\/aeronoticias.com.pe\/noticiero\/nacionales\/por-espionaje-el-peru-deberia-denunciar-convenio-aereo-con-chile\/\"]}]},{\"@type\":\"BreadcrumbList\",\"@id\":\"https:\/\/aeronoticias.com.pe\/noticiero\/nacionales\/por-espionaje-el-peru-deberia-denunciar-convenio-aereo-con-chile\/#breadcrumb\",\"itemListElement\":[{\"@type\":\"ListItem\",\"position\":1,\"name\":\"Portada\",\"item\":\"https:\/\/aeronoticias.com.pe\/noticiero\/\"},{\"@type\":\"ListItem\",\"position\":2,\"name\":\"POR ESPIONAJE EL PER\u00da DEBER\u00cdA DENUNCIAR CONVENIO A\u00c9REO CON CHILE\"}]},{\"@type\":\"WebSite\",\"@id\":\"https:\/\/aeronoticias.com.pe\/noticiero\/#website\",\"url\":\"https:\/\/aeronoticias.com.pe\/noticiero\/\",\"name\":\"Aeronoticias.com.pe\",\"description\":\"Noticias de tranporte aereo, turismo, hoteles, gastronomia, actualidad, internacional\",\"potentialAction\":[{\"@type\":\"SearchAction\",\"target\":{\"@type\":\"EntryPoint\",\"urlTemplate\":\"https:\/\/aeronoticias.com.pe\/noticiero\/?s={search_term_string}\"},\"query-input\":{\"@type\":\"PropertyValueSpecification\",\"valueRequired\":true,\"valueName\":\"search_term_string\"}}],\"inLanguage\":\"es\"},{\"@type\":\"Person\",\"@id\":\"https:\/\/aeronoticias.com.pe\/noticiero\/#\/schema\/person\/fc1e5d578f4b62ba1cf7ac2bba1170a0\",\"name\":\"Redacci\u00f3n Aeronoticias\",\"url\":\"https:\/\/aeronoticias.com.pe\/noticiero\/author\/piloto\/\"}]}<\/script>\n<!-- \/ Yoast SEO plugin. -->","yoast_head_json":{"title":"POR ESPIONAJE EL PER\u00da DEBER\u00cdA DENUNCIAR CONVENIO A\u00c9REO CON CHILE","description":"Portal de noticias del Per\u00fa sobre el transporte a\u00e9reo, aviaci\u00f3n, turismo, hoteleria, actualidad.","robots":{"index":"index","follow":"follow","max-snippet":"max-snippet:-1","max-image-preview":"max-image-preview:large","max-video-preview":"max-video-preview:-1"},"canonical":"https:\/\/aeronoticias.com.pe\/noticiero\/nacionales\/por-espionaje-el-peru-deberia-denunciar-convenio-aereo-con-chile\/","og_locale":"es_ES","og_type":"article","og_title":"POR ESPIONAJE EL PER\u00da DEBER\u00cdA DENUNCIAR CONVENIO A\u00c9REO CON CHILE","og_description":"Portal de noticias del Per\u00fa sobre el transporte a\u00e9reo, aviaci\u00f3n, turismo, hoteleria, actualidad.","og_url":"https:\/\/aeronoticias.com.pe\/noticiero\/nacionales\/por-espionaje-el-peru-deberia-denunciar-convenio-aereo-con-chile\/","og_site_name":"Aeronoticias.com.pe","article_publisher":"https:\/\/www.facebook.com\/Aeronoticias.com.pe\/","article_published_time":"2009-11-15T23:25:32+00:00","author":"Redacci\u00f3n Aeronoticias","twitter_card":"summary_large_image","twitter_creator":"@aeronoticias","twitter_site":"@aeronoticias","twitter_misc":{"Escrito por":"Redacci\u00f3n Aeronoticias","Tiempo de lectura":"3 minutos"},"schema":{"@context":"https:\/\/schema.org","@graph":[{"@type":"WebPage","@id":"https:\/\/aeronoticias.com.pe\/noticiero\/nacionales\/por-espionaje-el-peru-deberia-denunciar-convenio-aereo-con-chile\/","url":"https:\/\/aeronoticias.com.pe\/noticiero\/nacionales\/por-espionaje-el-peru-deberia-denunciar-convenio-aereo-con-chile\/","name":"POR ESPIONAJE EL PER\u00da DEBER\u00cdA DENUNCIAR CONVENIO A\u00c9REO CON CHILE","isPartOf":{"@id":"https:\/\/aeronoticias.com.pe\/noticiero\/#website"},"datePublished":"2009-11-15T23:25:32+00:00","author":{"@id":"https:\/\/aeronoticias.com.pe\/noticiero\/#\/schema\/person\/fc1e5d578f4b62ba1cf7ac2bba1170a0"},"description":"Portal de noticias del Per\u00fa sobre el transporte a\u00e9reo, aviaci\u00f3n, turismo, hoteleria, actualidad.","breadcrumb":{"@id":"https:\/\/aeronoticias.com.pe\/noticiero\/nacionales\/por-espionaje-el-peru-deberia-denunciar-convenio-aereo-con-chile\/#breadcrumb"},"inLanguage":"es","potentialAction":[{"@type":"ReadAction","target":["https:\/\/aeronoticias.com.pe\/noticiero\/nacionales\/por-espionaje-el-peru-deberia-denunciar-convenio-aereo-con-chile\/"]}]},{"@type":"BreadcrumbList","@id":"https:\/\/aeronoticias.com.pe\/noticiero\/nacionales\/por-espionaje-el-peru-deberia-denunciar-convenio-aereo-con-chile\/#breadcrumb","itemListElement":[{"@type":"ListItem","position":1,"name":"Portada","item":"https:\/\/aeronoticias.com.pe\/noticiero\/"},{"@type":"ListItem","position":2,"name":"POR ESPIONAJE EL PER\u00da DEBER\u00cdA DENUNCIAR CONVENIO A\u00c9REO CON CHILE"}]},{"@type":"WebSite","@id":"https:\/\/aeronoticias.com.pe\/noticiero\/#website","url":"https:\/\/aeronoticias.com.pe\/noticiero\/","name":"Aeronoticias.com.pe","description":"Noticias de tranporte aereo, turismo, hoteles, gastronomia, actualidad, internacional","potentialAction":[{"@type":"SearchAction","target":{"@type":"EntryPoint","urlTemplate":"https:\/\/aeronoticias.com.pe\/noticiero\/?s={search_term_string}"},"query-input":{"@type":"PropertyValueSpecification","valueRequired":true,"valueName":"search_term_string"}}],"inLanguage":"es"},{"@type":"Person","@id":"https:\/\/aeronoticias.com.pe\/noticiero\/#\/schema\/person\/fc1e5d578f4b62ba1cf7ac2bba1170a0","name":"Redacci\u00f3n Aeronoticias","url":"https:\/\/aeronoticias.com.pe\/noticiero\/author\/piloto\/"}]}},"_links":{"self":[{"href":"https:\/\/aeronoticias.com.pe\/noticiero\/wp-json\/wp\/v2\/posts\/6792","targetHints":{"allow":["GET"]}}],"collection":[{"href":"https:\/\/aeronoticias.com.pe\/noticiero\/wp-json\/wp\/v2\/posts"}],"about":[{"href":"https:\/\/aeronoticias.com.pe\/noticiero\/wp-json\/wp\/v2\/types\/post"}],"author":[{"embeddable":true,"href":"https:\/\/aeronoticias.com.pe\/noticiero\/wp-json\/wp\/v2\/users\/1"}],"replies":[{"embeddable":true,"href":"https:\/\/aeronoticias.com.pe\/noticiero\/wp-json\/wp\/v2\/comments?post=6792"}],"version-history":[{"count":0,"href":"https:\/\/aeronoticias.com.pe\/noticiero\/wp-json\/wp\/v2\/posts\/6792\/revisions"}],"wp:attachment":[{"href":"https:\/\/aeronoticias.com.pe\/noticiero\/wp-json\/wp\/v2\/media?parent=6792"}],"wp:term":[{"taxonomy":"category","embeddable":true,"href":"https:\/\/aeronoticias.com.pe\/noticiero\/wp-json\/wp\/v2\/categories?post=6792"},{"taxonomy":"post_tag","embeddable":true,"href":"https:\/\/aeronoticias.com.pe\/noticiero\/wp-json\/wp\/v2\/tags?post=6792"}],"curies":[{"name":"wp","href":"https:\/\/api.w.org\/{rel}","templated":true}]}}