{"id":67927,"date":"2020-12-21T10:27:00","date_gmt":"2020-12-21T15:27:00","guid":{"rendered":"https:\/\/aeronoticias.com.pe\/noticiero\/?p=67927"},"modified":"2020-12-21T10:48:12","modified_gmt":"2020-12-21T15:48:12","slug":"la-explotacion-del-espacio-aereo-es-patrimonio-economico-de-la-nacion","status":"publish","type":"post","link":"https:\/\/aeronoticias.com.pe\/noticiero\/mundo\/la-explotacion-del-espacio-aereo-es-patrimonio-economico-de-la-nacion\/","title":{"rendered":"La utilizaci\u00f3n y uso del Espacio a\u00e9reo integran el patrimonio econ\u00f3mico de la Naci\u00f3n"},"content":{"rendered":"\n<p><strong>(Aeronoticias)<\/strong> El primer documento de Pol\u00edtica a\u00e9rea internacional que tuvo el Per\u00fa en su historia, de conformidad a la Resoluci\u00f3n Suprema 0080-83-TC, firmada por el Presidente de la Rep\u00fablica del Per\u00fa, Fernando Belaunde Terry el 05 de agosto de 1983  consideraba en el Art\u00edculo 21: del Espacio a\u00e9reo como patrimonio econ\u00f3mico de la Naci\u00f3n y dec\u00eda que la utilizaci\u00f3n y uso del espacio a\u00e9reo integran el patrimonio econ\u00f3mico de la Naci\u00f3n.<\/p>\n\n\n\n<p>Este cuerpo org\u00e1nico de esta Comisi\u00f3n gubernamental de Juristas del Per\u00fa, que presidiera Juli\u00e1n Palacin Fern\u00e1ndez e integraran, Alfredo Gildemeister Mart\u00ednez, Guillermo Velaochaga Miranda y Gonzalo Torres Hern\u00e1ndez, normaron un conjunto de principios, normas y objetivos para fijar la posici\u00f3n jur\u00eddica del Estado peruano frente a los problemas que planteaba el transporte a\u00e9reo nacional e internacional, de conformidad a las normas vigentes y a los instrumentos internacionales de aviaci\u00f3n que obligaban al Per\u00fa, especialmente el Convenio de Chicago de 1944 firmado y ratificado por el Per\u00fa y que entre otras normas establec\u00eda la reserva del cabotaje para las empresas de aviaci\u00f3n nacional del Per\u00fa y de todos los pa\u00edses del mundo que fueron abandonadas en 1999 por el Congreso de la Rep\u00fablica en la daci\u00f3n de la Ley 27261, Ley de Aeron\u00e1utica Civil del Per\u00fa, que permiti\u00f3 que empresas extranjeras como TACA-AVIANCA y LATAM, se queden con el cabotaje peruano y con las rutas internacionales del Per\u00fa.<\/p>\n\n\n\n<p>Para este documento de Pol\u00edtica a\u00e9rea <a href=\"https:\/\/aeronoticias.com.pe\/noticiero\/documento-historico-del-presidente-belaunde-sobre-nombramiento-de-juristas-que-elaboraron-el-primer-documento-de-politica-aerea-internacional\/\" target=\"_blank\" rel=\"noreferrer noopener\">Documento hist\u00f3rico del Presidente Bela\u00fande sobre nombramiento de Juristas que elaboraron el primer documento de Pol\u00edtica A\u00e9rea Internacional<\/a>, seg\u00fan registros del Instituto Peruano de Derecho A\u00e9reo (IPDA), en donde se define la Pol\u00edtica a\u00e9rea como el conjunto de principios, objetivos y normas, que regulan la orientaci\u00f3n definida del Estado frente a los problemas que plantea el transporte a\u00e9reo.<\/p>\n\n\n\n<figure class=\"wp-block-image size-large\"><img loading=\"lazy\" decoding=\"async\" width=\"1024\" height=\"723\" src=\"https:\/\/aeronoticias.com.pe\/noticiero\/wp-content\/uploads\/2020\/12\/nombramientojuristas83-1024x723.jpg\" alt=\"\" class=\"wp-image-67894\" srcset=\"https:\/\/aeronoticias.com.pe\/noticiero\/wp-content\/uploads\/2020\/12\/nombramientojuristas83-1024x723.jpg 1024w, https:\/\/aeronoticias.com.pe\/noticiero\/wp-content\/uploads\/2020\/12\/nombramientojuristas83-300x212.jpg 300w, https:\/\/aeronoticias.com.pe\/noticiero\/wp-content\/uploads\/2020\/12\/nombramientojuristas83-768x542.jpg 768w, https:\/\/aeronoticias.com.pe\/noticiero\/wp-content\/uploads\/2020\/12\/nombramientojuristas83-150x106.jpg 150w, https:\/\/aeronoticias.com.pe\/noticiero\/wp-content\/uploads\/2020\/12\/nombramientojuristas83-696x491.jpg 696w, https:\/\/aeronoticias.com.pe\/noticiero\/wp-content\/uploads\/2020\/12\/nombramientojuristas83-1068x754.jpg 1068w, https:\/\/aeronoticias.com.pe\/noticiero\/wp-content\/uploads\/2020\/12\/nombramientojuristas83.jpg 1373w\" sizes=\"auto, (max-width: 1024px) 100vw, 1024px\" \/><\/figure>\n\n\n\n<p>Este documento hist\u00f3rico del Derecho a\u00e9reo peruano que publicara la revista peruana de Derecho Aeron\u00e1utico y del Espacio, A\u00f1o 1 N\u00ba 1 1985, establece entre otros los objetivos, que ser\u00edan contribuir a la integraci\u00f3n socio-cultural y desarrollo econ\u00f3mico de todas las Regiones del Per\u00fa, as\u00ed como la interconexi\u00f3n y comercio con los pa\u00edses del mundo, la participaci\u00f3n creciente y justa de la bandera peruana en el mercado de transporte a\u00e9reo internacional, la ampliaci\u00f3n y modernizaci\u00f3n de la infraestructura aeron\u00e1utica, el fomento e incentivo a los operadores a\u00e9reos nacionales que sirvan rutas de cabotaje a que inviertan o reinviertan en nuevos equipos a\u00e9reos e infraestructura a\u00e9rea, al apoyo a la industria aeron\u00e1utica comercial nacional, al fortalecimiento econ\u00f3mico y est\u00edmulo a las compa\u00f1\u00edas a\u00e9reas nacionales, al aumento significativo del parque a\u00e9reo civil, as\u00ed como su modernizaci\u00f3n y uniformidad, a la promoci\u00f3n y desarrollo de los aeroclubes y escuelas de aviaci\u00f3n civil, entre otros objetivos que no se cumplieron en el tiempo.<\/p>\n\n\n\n<p>El Congreso de la Rep\u00fablica 1995-2000, aplicando no sabemos qu\u00e9 principios, prepar\u00f3 las bases a trav\u00e9s de la Ley 27261 para que el Per\u00fa se convierta en una Colonia aerocomercial de El Salvador primero con TACA, luego AVIANCA y LAN, luego LATAM.<\/p>\n\n\n\n<p>Lo cierto es que ninguno de los objetivos de este documento hist\u00f3rico de Pol\u00edtica a\u00e9rea antes se\u00f1alados se cumplieron y 35 a\u00f1os despu\u00e9s el Per\u00fa ni siquiera tiene derecho al cabotaje a favor de sus empresas de aviaci\u00f3n nacional <a href=\"https:\/\/aeronoticias.com.pe\/noticiero\/las-aerolineas-de-peru-no-cumplen-requisito-de-tener-30-de-capital-local-segun-documentos\/\" target=\"_blank\" rel=\"noreferrer noopener\">Las aerol\u00edneas de Per\u00fa no cumplen requisito de tener 30% de capital local, seg\u00fan documentos<\/a>, es decir, hoy en el Per\u00fa empresas de aviaci\u00f3n de algunos pa\u00edses, por citar un ejemplo, formar\u00edan una empresa peruana, para cumplir con la formalidad el 30% del capital, en donde el problema est\u00e1 en que nunca se sabe la verdadera titularidad real de las empresas que est\u00e1n atr\u00e1s y que controlan el capital de estas empresas que se disfrazan de peruanas y que ser\u00eda muy f\u00e1cil comprobar que la \u00abgesti\u00f3n y toma de decisiones  se realiza en el pa\u00eds extranjero que en la pr\u00e1ctica domina el 100% del capital y que todas, las supuestamente peruanas incumplen por mucho que lo expliquen; lo que a nuestro criterio implicar\u00eda que empresas de aviaci\u00f3n extranjeras tambi\u00e9n manejan el cabotaje y las rutas internacionales del Per\u00fa.<\/p>\n\n\n\n<figure class=\"wp-block-image size-large\"><img loading=\"lazy\" decoding=\"async\" width=\"1024\" height=\"768\" src=\"https:\/\/aeronoticias.com.pe\/noticiero\/wp-content\/uploads\/2020\/12\/ipda-1024x768.jpg\" alt=\"\" class=\"wp-image-67976\" srcset=\"https:\/\/aeronoticias.com.pe\/noticiero\/wp-content\/uploads\/2020\/12\/ipda-1024x768.jpg 1024w, https:\/\/aeronoticias.com.pe\/noticiero\/wp-content\/uploads\/2020\/12\/ipda-300x225.jpg 300w, https:\/\/aeronoticias.com.pe\/noticiero\/wp-content\/uploads\/2020\/12\/ipda-768x576.jpg 768w, https:\/\/aeronoticias.com.pe\/noticiero\/wp-content\/uploads\/2020\/12\/ipda-1536x1152.jpg 1536w, https:\/\/aeronoticias.com.pe\/noticiero\/wp-content\/uploads\/2020\/12\/ipda-150x113.jpg 150w, https:\/\/aeronoticias.com.pe\/noticiero\/wp-content\/uploads\/2020\/12\/ipda-696x522.jpg 696w, https:\/\/aeronoticias.com.pe\/noticiero\/wp-content\/uploads\/2020\/12\/ipda-1068x801.jpg 1068w, https:\/\/aeronoticias.com.pe\/noticiero\/wp-content\/uploads\/2020\/12\/ipda-1920x1440.jpg 1920w, https:\/\/aeronoticias.com.pe\/noticiero\/wp-content\/uploads\/2020\/12\/ipda-265x198.jpg 265w, https:\/\/aeronoticias.com.pe\/noticiero\/wp-content\/uploads\/2020\/12\/ipda.jpg 2048w\" sizes=\"auto, (max-width: 1024px) 100vw, 1024px\" \/><\/figure>\n\n\n\n<p>Es decir, quienes dominan el mercado nacional e internacional del Per\u00fa y tienen el apoyo editorial del Comercio y sus medios allegados, vienen ejerciendo una defensa sostenida para que el Per\u00fa no tenga una L\u00ednea A\u00e9rea de Bandera de bajo costo sin inversi\u00f3n p\u00fablica o gasto p\u00fablico alguno y dentro de un contexto en el cual los usuarios del transporte a\u00e9reo requieren de una mayor competencia, ya que 3 l\u00edneas a\u00e9reas tienen el 90% del mercado y lo ideal ser\u00eda otro escenario, en el cual haya libre competencia y no posiciones de dominio.<\/p>\n\n\n\n<p>Habr\u00e1 que pensar en el nuevo Congreso de la Rep\u00fablica que asuma el 28 de julio del 2021, para que se formule las modificatorias a la Ley 27261 o una nueva Legislaci\u00f3n Aeron\u00e1utica, nosotros creemos en las inversiones aeron\u00e1uticas peruanas y en la inversi\u00f3n extranjera, siempre respetando el principio de que hay que invertir en el Per\u00fa, yo no puedo tener un mercado de 20 mil millones de d\u00f3lares en ventas de billetes de pasajes a\u00e9reos y transporte de carga durante 20 a\u00f1os con ingresos de 300  o 400 mil millones de d\u00f3lares, hablando hasta el 2050 sin invertir en el Per\u00fa.<\/p>\n\n\n\n<p>Los que defienden estos intereses privados en muchos casos tienen conflictos de intereses o son asalariados o empleados de algunas l\u00edneas a\u00e9reas internacionales que operan rutas en las que el Per\u00fa no ejerce su derecho de reciprocidad, porque sencillamente las rutas a\u00e9reas internacionales en 20 a\u00f1os se han otorgado en preferencia y exclusividad a las l\u00edneas a\u00e9reas de bandera de Colombia \u00abAVIANCA\u00bb y de Chile-Brasil \u00abLATAM\u00bb, y esto tendr\u00e1 que cambiar y es el punto controvertido de por que se ha desatado una campa\u00f1a internacional contra el Predictamen del Proyecto de Ley 6153-2020-CR de la bancada de Acci\u00f3n Popular en el Congreso de la Rep\u00fablica del Per\u00fa, que crea la L\u00ednea A\u00e9rea de Bandera de bajo costo del Per\u00fa.<\/p>\n\n\n\n<figure class=\"wp-block-image size-large\"><img loading=\"lazy\" decoding=\"async\" width=\"604\" height=\"340\" src=\"https:\/\/aeronoticias.com.pe\/noticiero\/wp-content\/uploads\/2020\/12\/peruespacioultra.jpg\" alt=\"\" class=\"wp-image-67968\" srcset=\"https:\/\/aeronoticias.com.pe\/noticiero\/wp-content\/uploads\/2020\/12\/peruespacioultra.jpg 604w, https:\/\/aeronoticias.com.pe\/noticiero\/wp-content\/uploads\/2020\/12\/peruespacioultra-300x169.jpg 300w, https:\/\/aeronoticias.com.pe\/noticiero\/wp-content\/uploads\/2020\/12\/peruespacioultra-150x84.jpg 150w\" sizes=\"auto, (max-width: 604px) 100vw, 604px\" \/><\/figure>\n\n\n\n<p>El poder econ\u00f3mico respaldado por cuentas publicitarias importantes, tratan de crear corrientes de opini\u00f3n en defensa de los due\u00f1os del mercado, nosotros creemos en la defensa de los intereses econ\u00f3micos del Per\u00fa y en su creciente presencia en la geopol\u00edtica aerocomercial internacional de las Naciones a que debemos aspirar, derechos que si bien coyunturalmente el pa\u00eds tiene restringidos en pol\u00edtica y econom\u00eda, todo cambia y solo se espera a quienes desde el Congreso de la Rep\u00fablica y en el Poder Ejecutivo, m\u00e1s adelante honren el legado hist\u00f3rico y jur\u00eddico de los Juristas que trabajaron bajo el mandato de la Resoluci\u00f3n Suprema 0080-83-TC y que en tan solo 24 d\u00edas \u00abporque este documento hist\u00f3rico de Pol\u00edtica a\u00e9rea se firm\u00f3 el 29 de agosto de 1983\u00bb elaboraron un documento, que si los gobiernos desde 1985 a la fecha lo hubieran seguido, el Per\u00fa y la econom\u00eda peruana hubiera sido receptora de miles de millones de d\u00f3lares que se produc\u00edan por la explotaci\u00f3n del espacio a\u00e9reo peruano, pero otras decisiones que convirtieron al Per\u00fa en Colonia aerocomercial, originaron que estos recursos ingresen a la econom\u00eda de otros pa\u00edses cuyas l\u00edneas a\u00e9reas de bandera con habilidad y buen servicio p\u00fablico de transporte a\u00e9reo, pudieron adue\u00f1arse y  hoy explotan en cuasi monopolio.<\/p>\n\n\n\n<p>Las nuevas generaciones de peruanos tendr\u00e1n que interpretar la Doctrina peruana de Derecho A\u00e9reo, es decir, el pensamiento de los m\u00e1s representativos Juristas de esta especialidad que nos legaron esta hoja de ruta, que se tendr\u00e1 que retomar para que el Per\u00fa recupere las casi 4 d\u00e9cadas perdidas, en donde el entreguismo y la corrupci\u00f3n gobern\u00f3 los destinos de la utilizaci\u00f3n y uso del espacio a\u00e9reo en perjuicio del Per\u00fa y en beneficio de otros intereses. <\/p>\n\n\n\n<p><a href=\"https:\/\/aeronoticias.com.pe\/noticiero\/hace-26-anos-el-presidente-de-la-oaci-presento-en-lima-libro-de-jurista-peruano-julian-palacin\/\" target=\"_blank\" rel=\"noreferrer noopener\">Hace 26 a\u00f1os el Presidente de la OACI present\u00f3 en Lima, Libro de Jurista peruano Juli\u00e1n Palacin<\/a><\/p>\n\n\n\n<p><a href=\"https:\/\/aeronoticias.com.pe\/noticiero\/documento-historico-del-presidente-belaunde-sobre-nombramiento-de-juristas-que-elaboraron-el-primer-documento-de-politica-aerea-internacional\/\" target=\"_blank\" rel=\"noreferrer noopener\">Documento hist\u00f3rico del Presidente Bela\u00fande sobre nombramiento de Juristas que elaboraron el primer documento de Pol\u00edtica A\u00e9rea Internacional<\/a><\/p>\n\n\n\n<p><a href=\"https:\/\/aeronoticias.com.pe\/noticiero\/linea-aerea-de-bandera-alperu-interconectara-el-aeropuerto-de-pisco-con-el-sur-del-peru\/\" target=\"_blank\" rel=\"noreferrer noopener\">L\u00ednea A\u00e9rea de Bandera \u00abALPERU\u00bb interconectar\u00e1 el Aeropuerto de Pisco con el Sur del Per\u00fa<\/a><\/p>\n\n\n\n<p><a href=\"https:\/\/aeronoticias.com.pe\/noticiero\/sin-inversion-publica-crean-linea-aerea-de-bandera-de-bajo-costo-del-peru\/\" target=\"_blank\" rel=\"noreferrer noopener\">Sin inversi\u00f3n p\u00fablica, crean \u201cL\u00ednea A\u00e9rea de Bandera de Bajo Costo del Per\u00fa\u201d<\/a><\/p>\n\n\n\n<p><a href=\"https:\/\/aeronoticias.com.pe\/noticiero\/camara-de-turismo-y-comercio-exterior-de-paracas-capatur-apoya-al-congreso-en-el-proyecto-de-ley-de-la-linea-aerea-de-bandera-de-bajo-costo-del-peru-2\/\" target=\"_blank\" rel=\"noreferrer noopener\">C\u00e1mara de Turismo y Comercio Exterior de Paracas (CAPATUR), apoya al Congreso en el Proyecto de Ley de la L\u00ednea A\u00e9rea de Bandera de Bajo Costo del Per\u00fa<\/a><\/p>\n\n\n\n<p><a href=\"https:\/\/aeronoticias.com.pe\/noticiero\/diario-el-comercio-defendiendo-a-latam-y-sin-fundamento-juridico-continua-campana-contra-la-linea-aerea-de-bandera\/\" target=\"_blank\" rel=\"noreferrer noopener\">Diario El Comercio, defendiendo a LATAM y sin fundamento jur\u00eddico, contin\u00faa campa\u00f1a contra la L\u00ednea A\u00e9rea de Bandera<\/a><\/p>\n\n\n\n<p><a href=\"https:\/\/aeronoticias.com.pe\/noticiero\/julian-palacin-existen-razones-de-seguridad-defensa-nacional-y-de-desarrollo-economico-que-exigen-terminar-con-los-privilegios-que-le-hemos-otorgado-a-chile-en-nuestro-espacio-aereo\/\" target=\"_blank\" rel=\"noreferrer noopener\">Julian Palacin: Existen razones de Seguridad, Defensa Nacional y de Desarrollo Econ\u00f3mico que exigen terminar con los privilegios que le hemos otorgado a Chile en nuestro Espacio a\u00e9reo<\/a><\/p>\n\n\n\n<p><a href=\"https:\/\/aeronoticias.com.pe\/noticiero\/en-gaceta-juridica-la-ley-enriquecen-la-doctrina-del-dictamen-6153-2020-cr-que-crea-la-linea-aerea-de-bandera-de-bajo-costo-del-peru\/\" target=\"_blank\" rel=\"noreferrer noopener\">En Gaceta Jur\u00eddica La Ley, enriquecen la Doctrina del Dictamen 6153-2020-CR que crea la L\u00ednea A\u00e9rea de Bandera de Bajo Costo del Per\u00fa<\/a><\/p>\n\n\n\n<p><a href=\"https:\/\/aeronoticias.com.pe\/noticiero\/defendiendo-su-interes-privado-en-latam-diario-el-comercio-continua-campana-contra-la-linea-aerea-de-bandera-del-peru\/\" target=\"_blank\" rel=\"noreferrer noopener\">Defendiendo su inter\u00e9s privado en LATAM, Diario El Comercio contin\u00faa campa\u00f1a contra la L\u00ednea A\u00e9rea de Bandera del Per\u00fa<\/a><\/p>\n\n\n\n<p><a href=\"https:\/\/aeronoticias.com.pe\/noticiero\/julian-palacin-intereses-privados-se-oponen-al-dictamen-6153-2020-cr-de-la-comision-de-transportes-del-congreso-para-no-perder-privilegios-de-latam-en-el-espacio-aereo-peruano\/\" target=\"_blank\" rel=\"noreferrer noopener\">Julian Palacin: Intereses privados se oponen al Dictamen 6153-2020-CR de la Comisi\u00f3n de Transportes del Congreso para no perder privilegios de LATAM en el espacio a\u00e9reo peruano<\/a><\/p>\n\n\n\n<p><a href=\"https:\/\/aeronoticias.com.pe\/noticiero\/congresistas-de-sp-y-fp-defendieron-la-tesis-del-cuasi-monopolio-aereo-de-latam-oponiendose-al-proyecto-de-ley-de-la-linea-aerea-de-bandera\/\" target=\"_blank\" rel=\"noreferrer noopener\">Congresistas de SP y FP defendieron la tesis del cuasi monopolio a\u00e9reo de LATAM oponi\u00e9ndose al Proyecto de Ley de la L\u00ednea A\u00e9rea de Bandera<\/a><\/p>\n\n\n\n<p><a href=\"https:\/\/aeronoticias.com.pe\/noticiero\/camara-de-turismo-y-comercio-exterior-de-paracas-capatur-apoya-al-congreso-en-el-proyecto-de-ley-de-la-linea-aerea-de-bandera-de-bajo-costo-del-peru\/\" target=\"_blank\" rel=\"noreferrer noopener\">C\u00e1mara de Turismo y Comercio Exterior de Paracas (CAPATUR), apoya al Congreso en el Proyecto de Ley de la L\u00ednea A\u00e9rea de Bandera de Bajo Costo del Per\u00fa<\/a><\/p>\n\n\n\n<p><a href=\"https:\/\/aeronoticias.com.pe\/noticiero\/el-comercio-contra-el-peru-o-contra-alperu\/\" target=\"_blank\" rel=\"noreferrer noopener\">\u00bfEl Comercio contra el Per\u00fa o contra ALPERU?<\/a><\/p>\n\n\n\n<p><a href=\"https:\/\/aeronoticias.com.pe\/noticiero\/julian-palacin-canatur-defiende-los-intereses-privados-de-latam-al-oponerse-a-la-linea-aerea-de-bandera-de-bajo-costo-del-peru\/\" target=\"_blank\" rel=\"noreferrer noopener\">Julian Palacin: CANATUR defiende los intereses privados de LATAM al oponerse a la L\u00ednea A\u00e9rea de Bandera de Bajo Costo del Per\u00fa<\/a><\/p>\n\n\n\n<p><a href=\"https:\/\/aeronoticias.com.pe\/noticiero\/aetai-latam-a-traves-del-diario-peru-21-se-oponen-al-proyecto-de-ley-6153-2020-cr-que-crea-la-linea-aerea-de-bandera-de-bajo-costo-del-peru\/\" target=\"_blank\" rel=\"noreferrer noopener\">AETAI-LATAM a trav\u00e9s del Diario Per\u00fa 21 se oponen al Proyecto de Ley 6153-2020-CR que crea la L\u00ednea A\u00e9rea de Bandera de Bajo Costo del Per\u00fa<\/a><\/p>\n\n\n\n<p><a href=\"https:\/\/aeronoticias.com.pe\/noticiero\/obra-de-teleferico-de-lima-utiliza-modelo-del-pl-de-linea-de-bandera-bajo-la-modalidad-de-app\/\" target=\"_blank\" rel=\"noreferrer noopener\">Obra de telef\u00e9rico de Lima utiliza modelo del PL de L\u00ednea A\u00e9rea de Bandera bajo la modalidad de APP<\/a><\/p>\n\n\n\n<p><a href=\"http:\/\/diario%20el%20comercio%20defendiendo%20a%20la%20chilena%20latam%2C%20se%20opone%20a%20proyecto%20de%20ley%20que%20crea%20la%20l%C3%ADnea%20a%C3%A9rea%20de%20bandera%20de%20bajo%20costo%20del%20per%C3%BA\/\" target=\"_blank\" rel=\"noreferrer noopener\">Diario El Comercio defendiendo a la chilena LATAM, se opone a Proyecto de Ley que crea la L\u00ednea A\u00e9rea de Bandera de bajo costo del Per\u00fa<\/a><\/p>\n\n\n\n<p><a href=\"https:\/\/aeronoticias.com.pe\/noticiero\/wp-content\/uploads\/2020\/11\/CARTA-NOTARIAL-AETAI-23NOV20.pdf\" target=\"_blank\" rel=\"noreferrer noopener\">VER CARTA NOTARIAL DE LA APEA A LA AETAI<\/a><\/p>\n\n\n\n<p><a href=\"https:\/\/aeronoticias.com.pe\/noticiero\/diario-chileno-se-suma-a-desesperados-defensores-de-latam-ante-avance-de-proyecto-de-linea-de-bandera-del-peru\/\" target=\"_blank\" rel=\"noreferrer noopener\">Diario chileno se suma a desesperados defensores de LATAM ante avance de proyecto de L\u00ednea de Bandera del Per\u00fa<\/a><\/p>\n\n\n\n<p><a href=\"https:\/\/aeronoticias.com.pe\/noticiero\/diario-gestion-en-defensa-de-latam-distorsiona-la-verdad-oponiendose-a-la-linea-aerea-de-bandera-de-bajo-costo-del-peru\/\" target=\"_blank\" rel=\"noreferrer noopener\">Diario Gesti\u00f3n en defensa de LATAM distorsiona la verdad oponi\u00e9ndose a la L\u00ednea A\u00e9rea de Bandera de bajo costo del Per\u00fa<\/a><\/p>\n\n\n\n<p><a href=\"https:\/\/aeronoticias.com.pe\/noticiero\/comex-defendiendo-a-latam-se-opone-al-proyecto-de-ley-de-la-linea-aerea-de-bandera-de-bajo-costo-del-peru\/\" target=\"_blank\" rel=\"noreferrer noopener\">Comex, defendiendo a LATAM, se opone al Proyecto de Ley de la L\u00ednea A\u00e9rea de Bandera de bajo costo del Per\u00fa<\/a><\/p>\n\n\n\n<p><a href=\"https:\/\/aeronoticias.com.pe\/noticiero\/apea-emplaza-a-aetai-latam-por-pretender-intervenir-en-asuntos-internos-del-peru-oponiendose-a-la-linea-aerea-de-bandera\/\" target=\"_blank\" rel=\"noreferrer noopener\">APEA emplaza a AETAI-LATAM por pretender intervenir en asuntos internos del Per\u00fa oponi\u00e9ndose a la L\u00ednea A\u00e9rea de Bandera<\/a><\/p>\n\n\n\n<p><a href=\"https:\/\/aeronoticias.com.pe\/noticiero\/latam-aetai-se-oponen-a-que-el-peru-apruebe-el-proyecto-de-ley-6153-2020-que-crea-la-linea-aerea-de-bandera-de-bajo-costo-del-peru\/\" target=\"_blank\" rel=\"noreferrer noopener\">LATAM-AETAI se oponen a que el Per\u00fa apruebe el Proyecto de Ley 6153-2020 que crea la L\u00ednea A\u00e9rea de Bandera de bajo costo del Per\u00fa<\/a><\/p>\n\n\n\n<p><a href=\"https:\/\/www.connuestroperu.com\/economia\/aviacion\/67624-la-apea-pide-al-congreso-investigar-si-latam-cumplio-con-entregar-carta-fianza-por-112-aviones-y-envia-carta-notarial-a-la-aetai-por-usar-su-nombre-para-sorprender-al-legislativo\" target=\"_blank\" rel=\"noreferrer noopener\">La APEA pide al Congreso investigar si LATAM cumpli\u00f3 con entregar carta fianza por 112 aviones y env\u00eda carta notarial a la AETAI por usar su nombre para sorprender al Legislativo<\/a><\/p>\n\n\n\n<p><a href=\"https:\/\/www.facebook.com\/CongresoPeru\/videos\/414341229739808\" target=\"_blank\" rel=\"noreferrer noopener\">VER SETIMA SESION EXTRAORDINARIA VIRTUAL DE LA COMISION DE TRANSPORTES DEL CONGRESO DE LA REPUBLICA.<\/a><\/p>\n\n\n\n<p><a href=\"https:\/\/aeronoticias.com.pe\/noticiero\/wp-content\/uploads\/2020\/11\/1.1.-2772-553340-20201117143020-4091-1.pdf\" target=\"_blank\" rel=\"noreferrer noopener\">VER INFORME LEGAL DEL JURISTA CESAR LANDA ARROYO A LA APEA, CON DIRECCION AV. JOSE PARDO 513, MIRAFLORES (DIRECCION DE LATAM), QUE LA APEA NUNCA LA RECIBIO NI PAGO HONORARIO ALGUNO Y AHORA ESTA CARTA LA PRESENTA AL CONGRESO<\/a><\/p>\n\n\n\n<p><a href=\"https:\/\/aeronoticias.com.pe\/noticiero\/wp-content\/uploads\/2020\/11\/1.-CARTA-0116-AETAI-PL-6153-2772-RU-553340-20201117142949-4110.pdf\" target=\"_blank\" rel=\"noreferrer noopener\">VER CARTA AETAI DEL 16\/11\/20 AL CONGRESISTA LUIS CARLOS SIMEON HURTADO, PRESIDENTE DE LA COMISION DE TRANSPORTES DEL CONGRESO DE LA REPUBLICA<\/a><\/p>\n\n\n\n<p><a href=\"https:\/\/aeronoticias.com.pe\/noticiero\/wp-content\/uploads\/2020\/11\/Carta-PRE-154-Pdte-Comisi%C3%B3n-de-Transportes-Opini%C3%B3n-PL-6153-LAPERU-16.11.2026616-1.pdf\" target=\"_blank\" rel=\"noreferrer noopener\">VER CARTA DE CONFIEP PRE-154\/2020 DE OPOSICION AL PROYECTO DE LEY QUE CREA LA LINEA AEREA DE BANDERA DEL PERU<\/a><\/p>\n\n\n\n<p><a href=\"https:\/\/www.youtube.com\/watch?v=RDpvgLBmnGo&amp;feature=emb_title\" target=\"_blank\" rel=\"noreferrer noopener\">RBC entrevista a Juli\u00e1n Palac\u00edn sobre la linea a\u00e9rea de bandera para el Per\u00fa<\/a><\/p>\n\n\n\n<p><a href=\"https:\/\/www.youtube.com\/watch?v=Ug1n1AzuC9I&amp;feature=emb_title\" target=\"_blank\" rel=\"noreferrer noopener\">Exposici\u00f3n de Julian Palacin en la Comisi\u00f3n de Convenios A\u00e9reos del Congreso 2015<\/a><\/p>\n\n\n\n<p><a href=\"https:\/\/www.youtube.com\/watch?v=MMhxE1BHcSE&amp;feature=emb_title\" target=\"_blank\" rel=\"noreferrer noopener\">Conferencia en la Academia Diplom\u00e1tica del Per\u00fa sobre la aerol\u00ednea de bandera (12\/12\/12)<\/a><\/p>\n\n\n\n<p><a href=\"https:\/\/www.youtube.com\/watch?v=sfcJq2xKPe8&amp;feature=emb_title\" target=\"_blank\" rel=\"noreferrer noopener\">Conferencia de Julian Palacin sobre Soberan\u00eda y Geopol\u00edtica en el grupo Basadre<\/a><br><br><a href=\"https:\/\/es.scribd.com\/doc\/192155127\/Linea-Aerea-de-Bandera\" target=\"_blank\" rel=\"noreferrer noopener\">LIBRO LINEA AEREA DE BANDERA DE BAJO COSTO<\/a><\/p>\n\n\n\n<p><a href=\"https:\/\/aeronoticias.com.pe\/noticiero\/renace-el-proyecto-de-la-linea-aerea-de-bandera-del-peru\/\" target=\"_blank\" rel=\"noreferrer noopener\">\u00bfRenace el Proyecto de la L\u00ednea A\u00e9rea de Bandera del Per\u00fa?<\/a><\/p>\n\n\n\n<p><a href=\"https:\/\/aeronoticias.com.pe\/noticiero\/comision-de-transportes-del-congreso-debate-proyecto-de-la-linea-aerea-de-bandera-del-peru-2\/\" target=\"_blank\" rel=\"noreferrer noopener\">Comisi\u00f3n de Transportes del Congreso debate Proyecto de la L\u00ednea A\u00e9rea de Bandera del Per\u00fa<\/a><\/p>\n\n\n\n<p><a href=\"https:\/\/aeronoticias.com.pe\/noticiero\/comision-de-transportes-del-congreso-postergo-debate-del-proyecto-de-ley-de-la-linea-aerea-de-bandera-del-peru\/\" target=\"_blank\" rel=\"noreferrer noopener\">Comisi\u00f3n de Transportes del Congreso posterg\u00f3 debate del Proyecto de Ley de la L\u00ednea A\u00e9rea de Bandera del Per\u00fa<\/a><\/p>\n\n\n\n<p><a href=\"https:\/\/aeronoticias.com.pe\/noticiero\/comision-de-transportes-del-congreso-debate-proyecto-de-la-linea-aerea-de-bandera-del-peru-2\/\" target=\"_blank\" rel=\"noreferrer noopener\">Comisi\u00f3n de Transportes del Congreso debate hoy Proyecto de la L\u00ednea A\u00e9rea de Bandera del Per\u00fa<\/a><\/p>\n\n\n\n<p><a href=\"https:\/\/aeronoticias.com.pe\/noticiero\/por-debate-presidencial-comision-de-transportes-suspende-tratamiento-de-proyecto-de-ley-de-linea-aerea-de-bandera\/\" target=\"_blank\" rel=\"noreferrer noopener\">Por debate Presidencial, Comisi\u00f3n de Transportes suspende tratamiento de Proyecto de Ley de L\u00ednea A\u00e9rea de Bandera<\/a><\/p>\n\n\n\n<p><a href=\"https:\/\/aeronoticias.com.pe\/noticiero\/julian-palacin-emplaza-a-latam-legal-ltd-que-se-opone-a-la-linea-aerea-de-bandera-del-peru\/\" target=\"_blank\" rel=\"noreferrer noopener\">Juli\u00e1n Palacin emplaza a LATAM LEGAL LTD, que se opone a la L\u00ednea A\u00e9rea de Bandera del Per\u00fa<\/a><\/p>\n\n\n\n<p><a href=\"https:\/\/aeronoticias.com.pe\/noticiero\/desacreditan-al-peru-por-proyecto-de-ley-de-linea-aerea-de-bandera\/?fbclid=IwAR13zEnnP1LIk6wLhFpqxwhqVO8KqhlhMZVQswmxkHutElrQyu-7SJcphU8\" target=\"_blank\" rel=\"noreferrer noopener\">Desacreditan al Per\u00fa por Proyecto de Ley de L\u00ednea A\u00e9rea de Bandera<\/a><\/p>\n\n\n\n<p><a href=\"https:\/\/aeronoticias.com.pe\/noticiero\/lexlatin-propiedad-de-latam-legal-ltd-no-le-informa-a-sus-lectores-que-sus-entrevistados-serian-abogados-de-latam\/\" target=\"_blank\" rel=\"noreferrer noopener\">Lexlatin, propiedad de LATAM LEGAL LTD., no le informa a sus lectores que sus entrevistados ser\u00edan abogados de LATAM<\/a><\/p>\n\n\n\n<p><a href=\"https:\/\/aeronoticias.com.pe\/noticiero\/comision-de-transportes-del-congreso-debate-este-martes-29-el-proyecto-de-la-linea-aerea-de-bandera-del-peru\/\" target=\"_blank\" rel=\"noreferrer noopener\">Comisi\u00f3n de Transportes del Congreso debate hoy el Proyecto de la L\u00ednea A\u00e9rea de Bandera del Per\u00fa<\/a><\/p>\n\n\n\n<p><a href=\"https:\/\/aeronoticias.com.pe\/noticiero\/comision-de-transportes-del-congreso-del-peru-vio-proyecto-de-ley-de-la-linea-aerea-de-bandera\/\" target=\"_blank\" rel=\"noreferrer noopener\">Comisi\u00f3n de Transportes del Congreso del Per\u00fa vio Proyecto de Ley de la L\u00ednea A\u00e9rea de Bandera<\/a><\/p>\n\n\n\n<p><a href=\"https:\/\/aeronoticias.com.pe\/noticiero\/continua-el-debate-sobre-la-linea-aerea-de-bandera-del-peru-en-el-congreso-de-la-republica\/\" target=\"_blank\" rel=\"noreferrer noopener\">Contin\u00faa el debate sobre la L\u00ednea A\u00e9rea de Bandera del Per\u00fa en el Congreso de la Rep\u00fablica<\/a><\/p>\n\n\n\n<p><a href=\"https:\/\/aeronoticias.com.pe\/noticiero\/gilmer-aliaga-zegarra-los-peruanos-tenemos-que-entender-los-beneficios-de-contar-con-una-linea-aerea-de-bandera-de-capital-publico-privada\/\" target=\"_blank\" rel=\"noreferrer noopener\">Gilmer Aliaga Zegarra: \u00abLos peruanos tenemos que entender los beneficios de contar con una L\u00ednea A\u00e9rea de Bandera de capital p\u00fablico-privada\u00bb<\/a><\/p>\n\n\n\n<p><a href=\"https:\/\/aeronoticias.com.pe\/noticiero\/alfredo-gallegos-estoy-de-acuerdo-que-existe-conveniencia-publica-para-que-el-peru-tenga-una-linea-aerea-de-bandera\/\" target=\"_blank\" rel=\"noreferrer noopener\">Alfredo Gallegos: \u201cEstoy de acuerdo que existe conveniencia p\u00fablica para que el Per\u00fa tenga una L\u00ednea A\u00e9rea de Bandera\u201d<\/a><\/p>\n\n\n\n<p><a href=\"https:\/\/aeronoticias.com.pe\/noticiero\/julian-palacin-la-constitucion-politica-respalda-el-derecho-del-peru-a-tener-una-linea-aerea-de-bandera-con-capital-publico-privado\/\" target=\"_blank\" rel=\"noreferrer noopener\">Juli\u00e1n Palacin: \u00abLa Constituci\u00f3n Pol\u00edtica respalda el derecho del Per\u00fa a tener una L\u00ednea A\u00e9rea de Bandera con capital p\u00fablico-privado<\/a><\/p>\n\n\n\n<p><a href=\"https:\/\/aeronoticias.com.pe\/noticiero\/crece-el-interes-de-inversionistas-privados-por-invertir-en-la-linea-de-bandera-low-cost-del-peru\/\" target=\"_blank\" rel=\"noreferrer noopener\">Crece el inter\u00e9s de capitales privados por invertir en la L\u00ednea A\u00e9rea de Bandera Low-Cost<\/a><\/p>\n\n\n\n<p><a href=\"https:\/\/aeronoticias.com.pe\/noticiero\/low-cost-del-peru-abriria-mercado-aereo-a-15-millones-de-pasajeros-de-transporte-terreste\/\" target=\"_blank\" rel=\"noreferrer noopener\">Low-Cost del Per\u00fa abrir\u00eda mercado a\u00e9reo a 15 millones de pasajeros de transporte terrestre<\/a><\/p>\n\n\n\n<p><a href=\"https:\/\/aeronoticias.com.pe\/noticiero\/julian-palacin-proyecto-de-ley-de-linea-aerea-de-bandera-cumple-con-el-principio-de-subsidiariedad-constitucional\/\" target=\"_blank\" rel=\"noreferrer noopener\">Juli\u00e1n Palacin: \u201cProyecto de Ley de L\u00ednea A\u00e9rea de Bandera cumple con el principio de subsidiariedad constitucional<\/a><\/p>\n\n\n\n<p><a href=\"https:\/\/aeronoticias.com.pe\/noticiero\/linea-aerea-de-bandera-del-peru-sera-manejada-por-capitales-privadas\/\" target=\"_blank\" rel=\"noreferrer noopener\">L\u00ednea A\u00e9rea de Bandera del Per\u00fa ser\u00e1 manejada por capitales privados<\/a><\/p>\n\n\n\n<p><a href=\"https:\/\/aeronoticias.com.pe\/noticiero\/defensores-del-dominio-aereo-chileno-en-el-espacio-aereo-peruano-fijan-su-posicion-en-el-diario-peru-21\/\" target=\"_blank\" rel=\"noreferrer noopener\">Defensores del dominio a\u00e9reo chileno en el espacio a\u00e9reo peruano fijan su posici\u00f3n en el Diario Per\u00fa 21<\/a><\/p>\n\n\n\n<p><a href=\"https:\/\/aeronoticias.com.pe\/noticiero\/en-homenaje-al-congresista-luis-carlos-simeon-hurtado-la-linea-aerea-de-bandera-alperu-haria-su-primer-vuelo-al-aerodromo-de-vicco-en-pasco\/\" target=\"_blank\" rel=\"noreferrer noopener\">En homenaje al Congresista Luis Carlos Sime\u00f3n Hurtado, la L\u00ednea A\u00e9rea de Bandera \u201cALPERU\u201d har\u00eda su primer vuelo al aer\u00f3dromo de Vicco, en Pasco<\/a><\/p>\n\n\n\n<p><a href=\"https:\/\/aeronoticias.com.pe\/noticiero\/linea-aerea-de-bandera-del-peru-operaria-desde-el-aerodromo-low-cost-de-las-palmas-en-surco\/\" target=\"_blank\" rel=\"noreferrer noopener\">L\u00ednea A\u00e9rea de Bandera del Per\u00fa operar\u00eda desde el Aer\u00f3dromo low-cost de Las Palmas, en Surco<\/a><\/p>\n\n\n\n<p><a href=\"https:\/\/aeronoticias.com.pe\/noticiero\/julian-palacin-debemos-pensar-en-el-aeropuerto-internacional-low-cost-de-la-isla-san-lorenzo-para-beneficiar-al-callao\/\" target=\"_blank\" rel=\"noreferrer noopener\">Juli\u00e1n Palacin: \u201cDebemos pensar en el Aeropuerto Internacional Low Cost de la Isla San Lorenzo para beneficiar al Callao\u201d<\/a><\/p>\n\n\n\n<p><a href=\"https:\/\/aeronoticias.com.pe\/noticiero\/linea-aerea-de-bandera-del-peru-no-tendra-inversion-publica-ni-irrogara-gasto-al-estado\/\" target=\"_blank\" rel=\"noreferrer noopener\">L\u00ednea A\u00e9rea de Bandera del Per\u00fa no tendr\u00e1 inversi\u00f3n p\u00fablica ni irrogar\u00e1 gasto al Estado<\/a><\/p>\n\n\n\n<p><a href=\"https:\/\/aeronoticias.com.pe\/noticiero\/mtc-no-da-pronunciamiento-a-la-carta-de-lap\/\" target=\"_blank\" rel=\"noreferrer noopener\">MTC no da pronunciamiento a la carta de LAP<\/a><\/p>\n\n\n\n<p><a href=\"https:\/\/aeronoticias.com.pe\/noticiero\/comision-de-transportes-del-congreso-ve-el-dictamen-final-de-la-linea-aerea-de-bandera-del-peru\/\" target=\"_blank\" rel=\"noreferrer noopener\">Comisi\u00f3n de Transportes del Congreso ve el Dictamen final de la L\u00ednea A\u00e9rea de Bandera del Per\u00fa<\/a><\/p>\n\n\n\n<p><a href=\"https:\/\/aeronoticias.com.pe\/noticiero\/linea-aerea-de-bandera-del-peru-sin-inversion-publica-tiene-interes-geopolitico-y-de-defensa-nacional-del-peru\/\" target=\"_blank\" rel=\"noreferrer noopener\">L\u00ednea A\u00e9rea de Bandera del Per\u00fa sin inversi\u00f3n p\u00fablica tiene inter\u00e9s geopol\u00edtico y de defensa nacional del Per\u00fa<\/a><\/p>\n\n\n\n<p><a href=\"https:\/\/aeronoticias.com.pe\/noticiero\/instituto-peruano-de-derecho-aereo-ipda-desarrollo-doctrina-geopolitica-del-peru-en-la-utilizacion-del-espacio-aereo\/\" target=\"_blank\" rel=\"noreferrer noopener\">Instituto Peruano de Derecho A\u00e9reo (IPDA) desarroll\u00f3 Doctrina Geopol\u00edtica del Per\u00fa en la utilizaci\u00f3n del espacio a\u00e9reo<\/a><\/p>\n\n\n\n<p><a href=\"https:\/\/aeronoticias.com.pe\/noticiero\/confiep-en-defensa-del-cuasimonopolio-aereo-chileno-se-opone-a-la-linea-aerea-de-bandera-del-peru\/?fbclid=IwAR3Ewe9Bg0BKfH-f92mqAuEKFGDmsdd4CdiaYWdo4lc_6GoEIwcZDqgCbO4\" target=\"_blank\" rel=\"noreferrer noopener\">CONFIEP en defensa del cuasimonopolio a\u00e9reo chileno, se opone a la L\u00ednea A\u00e9rea de Bandera del Per\u00fa<\/a><\/p>\n\n\n\n<p><a href=\"https:\/\/aeronoticias.com.pe\/noticiero\/aetai-presento-informe-contra-la-linea-aerea-de-bandera-que-el-presidente-de-apea-nunca-gestiono-que-tiene-que-ver-latam-en-todo-esto\/\" target=\"_blank\" rel=\"noreferrer noopener\">AETAI present\u00f3 Informe contra la L\u00ednea A\u00e9rea de Bandera, que el Presidente de APEA nunca gestion\u00f3 \u2026. \u00bfqu\u00e9 tiene que ver LATAM en todo esto?<\/a><\/p>\n\n\n\n<p><a href=\"https:\/\/aeronoticias.com.pe\/noticiero\/peruvian-airilines-desaparecio-porque-el-peru-nunca-le-otorgo-rutas-aereas-a-estados-unidos-y-a-otros-mercado-rentables-del-mundo\/\" target=\"_blank\" rel=\"noreferrer noopener\">Peruvian Airilines desapareci\u00f3 porque el Per\u00fa nunca le otorg\u00f3 rutas a\u00e9reas a Estados Unidos y a otros mercados rentables del mundo<\/a><\/p>\n\n\n\n<p><a href=\"https:\/\/aeronoticias.com.pe\/noticiero\/comision-de-transportes-del-congreso-de-la-republica-ve-hoy-predictamen-final-de-la-linea-aerea-de-bandera-de-bajo-costo\/\" target=\"_blank\" rel=\"noreferrer noopener\">Comisi\u00f3n de Transportes del Congreso de la Rep\u00fablica ve hoy Predictamen final de la L\u00ednea A\u00e9rea de Bandera de bajo costo<\/a><\/p>\n\n\n\n<p><a href=\"https:\/\/aeronoticias.com.pe\/noticiero\/comision-de-transportes-del-congreso-de-la-republica-realizo-el-primer-debate-del-predictamen-final-de-la-linea-aerea-de-bandera-de-bajo-costo\/\" target=\"_blank\" rel=\"noreferrer noopener\">Comisi\u00f3n de Transportes del Congreso de la Rep\u00fablica realiz\u00f3 el primer Debate del Predictamen final de la L\u00ednea A\u00e9rea de Bandera de bajo costo<\/a><\/p>\n\n\n\n<p><a href=\"https:\/\/aeronoticias.com.pe\/noticiero\/congresista-de-fuerza-popular-fp-martires-lizana-santos-impidio-que-se-vote-el-proyecto-6153-2020-cr-que-crea-la-linea-aerea-de-bandera-de-bajo-costo-del-peru\/\" target=\"_blank\" rel=\"noreferrer noopener\">Congresista de Fuerza Popular (FP) M\u00e1rtires Lizana Santos, impidi\u00f3 que se vote el Proyecto 6153-2020-CR que crea la L\u00ednea A\u00e9rea de Bandera de bajo costo del Per\u00fa<\/a><\/p>\n","protected":false},"excerpt":{"rendered":"<p>(Aeronoticias) El primer documento de Pol\u00edtica a\u00e9rea internacional que tuvo el Per\u00fa en su historia, de conformidad a la Resoluci\u00f3n Suprema 0080-83-TC, firmada por el Presidente de la Rep\u00fablica del Per\u00fa, Fernando Belaunde Terry el 05 de agosto de 1983 consideraba en el Art\u00edculo 21: del Espacio a\u00e9reo como patrimonio econ\u00f3mico de la Naci\u00f3n y [&hellip;]<\/p>\n","protected":false},"author":3,"featured_media":67971,"comment_status":"open","ping_status":"open","sticky":false,"template":"","format":"standard","meta":{"tdm_status":"","tdm_grid_status":"","footnotes":""},"categories":[64,28],"tags":[153,1169,102,1167],"class_list":{"0":"post-67927","1":"post","2":"type-post","3":"status-publish","4":"format-standard","5":"has-post-thumbnail","7":"category-mundo-mundo","8":"category-mundo","9":"tag-avianca","10":"tag-espacioaereo","11":"tag-latam","12":"tag-politicaaerea"},"yoast_head":"<!-- This site is optimized with the Yoast SEO plugin v25.1 - https:\/\/yoast.com\/wordpress\/plugins\/seo\/ -->\n<title>La utilizaci\u00f3n y uso del Espacio a\u00e9reo integran el patrimonio econ\u00f3mico de la Naci\u00f3n<\/title>\n<meta name=\"description\" content=\"Doctrina peruana de Derecho a\u00e9reo considera que lo que produce el Espacio a\u00e9reo peruano debe ingresar a la econom\u00eda del Per\u00fa y no a la de Colombia y Brasil.\" \/>\n<meta name=\"robots\" content=\"index, follow, max-snippet:-1, max-image-preview:large, max-video-preview:-1\" \/>\n<link rel=\"canonical\" href=\"https:\/\/aeronoticias.com.pe\/noticiero\/mundo\/la-explotacion-del-espacio-aereo-es-patrimonio-economico-de-la-nacion\/\" \/>\n<meta property=\"og:locale\" content=\"es_ES\" \/>\n<meta property=\"og:type\" content=\"article\" \/>\n<meta property=\"og:title\" content=\"La utilizaci\u00f3n y uso del Espacio a\u00e9reo integran el patrimonio econ\u00f3mico de la Naci\u00f3n\" \/>\n<meta property=\"og:description\" content=\"Doctrina peruana de Derecho a\u00e9reo considera que lo que produce el Espacio a\u00e9reo peruano debe ingresar a la econom\u00eda del Per\u00fa y no a la de Colombia y Brasil.\" \/>\n<meta property=\"og:url\" content=\"https:\/\/aeronoticias.com.pe\/noticiero\/mundo\/la-explotacion-del-espacio-aereo-es-patrimonio-economico-de-la-nacion\/\" \/>\n<meta property=\"og:site_name\" content=\"Aeronoticias.com.pe\" \/>\n<meta property=\"article:publisher\" content=\"https:\/\/www.facebook.com\/Aeronoticias.com.pe\/\" \/>\n<meta property=\"article:published_time\" content=\"2020-12-21T15:27:00+00:00\" \/>\n<meta property=\"article:modified_time\" content=\"2020-12-21T15:48:12+00:00\" \/>\n<meta property=\"og:image\" content=\"https:\/\/aeronoticias.com.pe\/noticiero\/wp-content\/uploads\/2020\/12\/museolima.jpg\" \/>\n\t<meta property=\"og:image:width\" content=\"1000\" \/>\n\t<meta property=\"og:image:height\" content=\"664\" \/>\n\t<meta property=\"og:image:type\" content=\"image\/jpeg\" \/>\n<meta name=\"author\" content=\"Redacci\u00f3n\" \/>\n<meta name=\"twitter:card\" content=\"summary_large_image\" \/>\n<meta name=\"twitter:creator\" content=\"@aeronoticias\" \/>\n<meta name=\"twitter:site\" content=\"@aeronoticias\" \/>\n<meta name=\"twitter:label1\" content=\"Escrito por\" \/>\n\t<meta name=\"twitter:data1\" content=\"Redacci\u00f3n\" \/>\n\t<meta name=\"twitter:label2\" content=\"Tiempo de lectura\" \/>\n\t<meta name=\"twitter:data2\" content=\"14 minutos\" \/>\n<script type=\"application\/ld+json\" class=\"yoast-schema-graph\">{\"@context\":\"https:\/\/schema.org\",\"@graph\":[{\"@type\":\"WebPage\",\"@id\":\"https:\/\/aeronoticias.com.pe\/noticiero\/mundo\/la-explotacion-del-espacio-aereo-es-patrimonio-economico-de-la-nacion\/\",\"url\":\"https:\/\/aeronoticias.com.pe\/noticiero\/mundo\/la-explotacion-del-espacio-aereo-es-patrimonio-economico-de-la-nacion\/\",\"name\":\"La utilizaci\u00f3n y uso del Espacio a\u00e9reo integran el patrimonio econ\u00f3mico de la Naci\u00f3n\",\"isPartOf\":{\"@id\":\"https:\/\/aeronoticias.com.pe\/noticiero\/#website\"},\"primaryImageOfPage\":{\"@id\":\"https:\/\/aeronoticias.com.pe\/noticiero\/mundo\/la-explotacion-del-espacio-aereo-es-patrimonio-economico-de-la-nacion\/#primaryimage\"},\"image\":{\"@id\":\"https:\/\/aeronoticias.com.pe\/noticiero\/mundo\/la-explotacion-del-espacio-aereo-es-patrimonio-economico-de-la-nacion\/#primaryimage\"},\"thumbnailUrl\":\"https:\/\/aeronoticias.com.pe\/noticiero\/wp-content\/uploads\/2020\/12\/museolima.jpg\",\"datePublished\":\"2020-12-21T15:27:00+00:00\",\"dateModified\":\"2020-12-21T15:48:12+00:00\",\"author\":{\"@id\":\"https:\/\/aeronoticias.com.pe\/noticiero\/#\/schema\/person\/16212a617c73f78916b13194154243bd\"},\"description\":\"Doctrina peruana de Derecho a\u00e9reo considera que lo que produce el Espacio a\u00e9reo peruano debe ingresar a la econom\u00eda del Per\u00fa y no a la de Colombia y Brasil.\",\"breadcrumb\":{\"@id\":\"https:\/\/aeronoticias.com.pe\/noticiero\/mundo\/la-explotacion-del-espacio-aereo-es-patrimonio-economico-de-la-nacion\/#breadcrumb\"},\"inLanguage\":\"es\",\"potentialAction\":[{\"@type\":\"ReadAction\",\"target\":[\"https:\/\/aeronoticias.com.pe\/noticiero\/mundo\/la-explotacion-del-espacio-aereo-es-patrimonio-economico-de-la-nacion\/\"]}]},{\"@type\":\"ImageObject\",\"inLanguage\":\"es\",\"@id\":\"https:\/\/aeronoticias.com.pe\/noticiero\/mundo\/la-explotacion-del-espacio-aereo-es-patrimonio-economico-de-la-nacion\/#primaryimage\",\"url\":\"https:\/\/aeronoticias.com.pe\/noticiero\/wp-content\/uploads\/2020\/12\/museolima.jpg\",\"contentUrl\":\"https:\/\/aeronoticias.com.pe\/noticiero\/wp-content\/uploads\/2020\/12\/museolima.jpg\",\"width\":1000,\"height\":664,\"caption\":\"En este Edificio hist\u00f3rico, sede del Ministerio de Transportes del 5 al 29 de agosto de 1983, trabaj\u00f3 la Comisi\u00f3n de Juristas Expertos en Derecho A\u00e9reo nombrados por el Presidente Fernando Belaunde Terry por R.S 0080-83-TC, que presidiera Juli\u00e1n Palacin Fern\u00e1ndez e integraran Alfredo Gildemeister Mart\u00ednez (+), Guillermo Velaochaga Miranda (+) y Gonzalo Torres Hern\u00e1ndez, que prepararon el primer Documento hist\u00f3rico que tuvo el Per\u00fa en Pol\u00edtica a\u00e9rea y que sirviera para encarar con \u00e9xito las negociaciones del Convenio A\u00e9reo con los Estados Unidos de Norteam\u00e9rica.\"},{\"@type\":\"BreadcrumbList\",\"@id\":\"https:\/\/aeronoticias.com.pe\/noticiero\/mundo\/la-explotacion-del-espacio-aereo-es-patrimonio-economico-de-la-nacion\/#breadcrumb\",\"itemListElement\":[{\"@type\":\"ListItem\",\"position\":1,\"name\":\"Portada\",\"item\":\"https:\/\/aeronoticias.com.pe\/noticiero\/\"},{\"@type\":\"ListItem\",\"position\":2,\"name\":\"La utilizaci\u00f3n y uso del Espacio a\u00e9reo integran el patrimonio econ\u00f3mico de la Naci\u00f3n\"}]},{\"@type\":\"WebSite\",\"@id\":\"https:\/\/aeronoticias.com.pe\/noticiero\/#website\",\"url\":\"https:\/\/aeronoticias.com.pe\/noticiero\/\",\"name\":\"Aeronoticias.com.pe\",\"description\":\"Noticias de tranporte aereo, turismo, hoteles, gastronomia, actualidad, internacional\",\"potentialAction\":[{\"@type\":\"SearchAction\",\"target\":{\"@type\":\"EntryPoint\",\"urlTemplate\":\"https:\/\/aeronoticias.com.pe\/noticiero\/?s={search_term_string}\"},\"query-input\":{\"@type\":\"PropertyValueSpecification\",\"valueRequired\":true,\"valueName\":\"search_term_string\"}}],\"inLanguage\":\"es\"},{\"@type\":\"Person\",\"@id\":\"https:\/\/aeronoticias.com.pe\/noticiero\/#\/schema\/person\/16212a617c73f78916b13194154243bd\",\"name\":\"Redacci\u00f3n\",\"sameAs\":[\"http:\/\/Redacci\u00f3n\"],\"url\":\"https:\/\/aeronoticias.com.pe\/noticiero\/author\/celeste\/\"}]}<\/script>\n<!-- \/ Yoast SEO plugin. -->","yoast_head_json":{"title":"La utilizaci\u00f3n y uso del Espacio a\u00e9reo integran el patrimonio econ\u00f3mico de la Naci\u00f3n","description":"Doctrina peruana de Derecho a\u00e9reo considera que lo que produce el Espacio a\u00e9reo peruano debe ingresar a la econom\u00eda del Per\u00fa y no a la de Colombia y Brasil.","robots":{"index":"index","follow":"follow","max-snippet":"max-snippet:-1","max-image-preview":"max-image-preview:large","max-video-preview":"max-video-preview:-1"},"canonical":"https:\/\/aeronoticias.com.pe\/noticiero\/mundo\/la-explotacion-del-espacio-aereo-es-patrimonio-economico-de-la-nacion\/","og_locale":"es_ES","og_type":"article","og_title":"La utilizaci\u00f3n y uso del Espacio a\u00e9reo integran el patrimonio econ\u00f3mico de la Naci\u00f3n","og_description":"Doctrina peruana de Derecho a\u00e9reo considera que lo que produce el Espacio a\u00e9reo peruano debe ingresar a la econom\u00eda del Per\u00fa y no a la de Colombia y Brasil.","og_url":"https:\/\/aeronoticias.com.pe\/noticiero\/mundo\/la-explotacion-del-espacio-aereo-es-patrimonio-economico-de-la-nacion\/","og_site_name":"Aeronoticias.com.pe","article_publisher":"https:\/\/www.facebook.com\/Aeronoticias.com.pe\/","article_published_time":"2020-12-21T15:27:00+00:00","article_modified_time":"2020-12-21T15:48:12+00:00","og_image":[{"width":1000,"height":664,"url":"https:\/\/aeronoticias.com.pe\/noticiero\/wp-content\/uploads\/2020\/12\/museolima.jpg","type":"image\/jpeg"}],"author":"Redacci\u00f3n","twitter_card":"summary_large_image","twitter_creator":"@aeronoticias","twitter_site":"@aeronoticias","twitter_misc":{"Escrito por":"Redacci\u00f3n","Tiempo de lectura":"14 minutos"},"schema":{"@context":"https:\/\/schema.org","@graph":[{"@type":"WebPage","@id":"https:\/\/aeronoticias.com.pe\/noticiero\/mundo\/la-explotacion-del-espacio-aereo-es-patrimonio-economico-de-la-nacion\/","url":"https:\/\/aeronoticias.com.pe\/noticiero\/mundo\/la-explotacion-del-espacio-aereo-es-patrimonio-economico-de-la-nacion\/","name":"La utilizaci\u00f3n y uso del Espacio a\u00e9reo integran el patrimonio econ\u00f3mico de la Naci\u00f3n","isPartOf":{"@id":"https:\/\/aeronoticias.com.pe\/noticiero\/#website"},"primaryImageOfPage":{"@id":"https:\/\/aeronoticias.com.pe\/noticiero\/mundo\/la-explotacion-del-espacio-aereo-es-patrimonio-economico-de-la-nacion\/#primaryimage"},"image":{"@id":"https:\/\/aeronoticias.com.pe\/noticiero\/mundo\/la-explotacion-del-espacio-aereo-es-patrimonio-economico-de-la-nacion\/#primaryimage"},"thumbnailUrl":"https:\/\/aeronoticias.com.pe\/noticiero\/wp-content\/uploads\/2020\/12\/museolima.jpg","datePublished":"2020-12-21T15:27:00+00:00","dateModified":"2020-12-21T15:48:12+00:00","author":{"@id":"https:\/\/aeronoticias.com.pe\/noticiero\/#\/schema\/person\/16212a617c73f78916b13194154243bd"},"description":"Doctrina peruana de Derecho a\u00e9reo considera que lo que produce el Espacio a\u00e9reo peruano debe ingresar a la econom\u00eda del Per\u00fa y no a la de Colombia y Brasil.","breadcrumb":{"@id":"https:\/\/aeronoticias.com.pe\/noticiero\/mundo\/la-explotacion-del-espacio-aereo-es-patrimonio-economico-de-la-nacion\/#breadcrumb"},"inLanguage":"es","potentialAction":[{"@type":"ReadAction","target":["https:\/\/aeronoticias.com.pe\/noticiero\/mundo\/la-explotacion-del-espacio-aereo-es-patrimonio-economico-de-la-nacion\/"]}]},{"@type":"ImageObject","inLanguage":"es","@id":"https:\/\/aeronoticias.com.pe\/noticiero\/mundo\/la-explotacion-del-espacio-aereo-es-patrimonio-economico-de-la-nacion\/#primaryimage","url":"https:\/\/aeronoticias.com.pe\/noticiero\/wp-content\/uploads\/2020\/12\/museolima.jpg","contentUrl":"https:\/\/aeronoticias.com.pe\/noticiero\/wp-content\/uploads\/2020\/12\/museolima.jpg","width":1000,"height":664,"caption":"En este Edificio hist\u00f3rico, sede del Ministerio de Transportes del 5 al 29 de agosto de 1983, trabaj\u00f3 la Comisi\u00f3n de Juristas Expertos en Derecho A\u00e9reo nombrados por el Presidente Fernando Belaunde Terry por R.S 0080-83-TC, que presidiera Juli\u00e1n Palacin Fern\u00e1ndez e integraran Alfredo Gildemeister Mart\u00ednez (+), Guillermo Velaochaga Miranda (+) y Gonzalo Torres Hern\u00e1ndez, que prepararon el primer Documento hist\u00f3rico que tuvo el Per\u00fa en Pol\u00edtica a\u00e9rea y que sirviera para encarar con \u00e9xito las negociaciones del Convenio A\u00e9reo con los Estados Unidos de Norteam\u00e9rica."},{"@type":"BreadcrumbList","@id":"https:\/\/aeronoticias.com.pe\/noticiero\/mundo\/la-explotacion-del-espacio-aereo-es-patrimonio-economico-de-la-nacion\/#breadcrumb","itemListElement":[{"@type":"ListItem","position":1,"name":"Portada","item":"https:\/\/aeronoticias.com.pe\/noticiero\/"},{"@type":"ListItem","position":2,"name":"La utilizaci\u00f3n y uso del Espacio a\u00e9reo integran el patrimonio econ\u00f3mico de la Naci\u00f3n"}]},{"@type":"WebSite","@id":"https:\/\/aeronoticias.com.pe\/noticiero\/#website","url":"https:\/\/aeronoticias.com.pe\/noticiero\/","name":"Aeronoticias.com.pe","description":"Noticias de tranporte aereo, turismo, hoteles, gastronomia, actualidad, internacional","potentialAction":[{"@type":"SearchAction","target":{"@type":"EntryPoint","urlTemplate":"https:\/\/aeronoticias.com.pe\/noticiero\/?s={search_term_string}"},"query-input":{"@type":"PropertyValueSpecification","valueRequired":true,"valueName":"search_term_string"}}],"inLanguage":"es"},{"@type":"Person","@id":"https:\/\/aeronoticias.com.pe\/noticiero\/#\/schema\/person\/16212a617c73f78916b13194154243bd","name":"Redacci\u00f3n","sameAs":["http:\/\/Redacci\u00f3n"],"url":"https:\/\/aeronoticias.com.pe\/noticiero\/author\/celeste\/"}]}},"_links":{"self":[{"href":"https:\/\/aeronoticias.com.pe\/noticiero\/wp-json\/wp\/v2\/posts\/67927","targetHints":{"allow":["GET"]}}],"collection":[{"href":"https:\/\/aeronoticias.com.pe\/noticiero\/wp-json\/wp\/v2\/posts"}],"about":[{"href":"https:\/\/aeronoticias.com.pe\/noticiero\/wp-json\/wp\/v2\/types\/post"}],"author":[{"embeddable":true,"href":"https:\/\/aeronoticias.com.pe\/noticiero\/wp-json\/wp\/v2\/users\/3"}],"replies":[{"embeddable":true,"href":"https:\/\/aeronoticias.com.pe\/noticiero\/wp-json\/wp\/v2\/comments?post=67927"}],"version-history":[{"count":0,"href":"https:\/\/aeronoticias.com.pe\/noticiero\/wp-json\/wp\/v2\/posts\/67927\/revisions"}],"wp:featuredmedia":[{"embeddable":true,"href":"https:\/\/aeronoticias.com.pe\/noticiero\/wp-json\/wp\/v2\/media\/67971"}],"wp:attachment":[{"href":"https:\/\/aeronoticias.com.pe\/noticiero\/wp-json\/wp\/v2\/media?parent=67927"}],"wp:term":[{"taxonomy":"category","embeddable":true,"href":"https:\/\/aeronoticias.com.pe\/noticiero\/wp-json\/wp\/v2\/categories?post=67927"},{"taxonomy":"post_tag","embeddable":true,"href":"https:\/\/aeronoticias.com.pe\/noticiero\/wp-json\/wp\/v2\/tags?post=67927"}],"curies":[{"name":"wp","href":"https:\/\/api.w.org\/{rel}","templated":true}]}}