{"id":6795,"date":"2009-11-16T13:54:33","date_gmt":"2009-11-16T13:54:33","guid":{"rendered":"http:\/\/desarrollo.mcvicious.com\/aero2020\/2009\/11\/16\/zelaya-no-aceptara-ningun-acuerdo-que-implique-encubrir-el-golpe-de-estado\/"},"modified":"2009-11-16T13:54:33","modified_gmt":"2009-11-16T13:54:33","slug":"zelaya-no-aceptara-ningun-acuerdo-que-implique-encubrir-el-golpe-de-estado","status":"publish","type":"post","link":"https:\/\/aeronoticias.com.pe\/noticiero\/internacionales\/zelaya-no-aceptara-ningun-acuerdo-que-implique-encubrir-el-golpe-de-estado\/","title":{"rendered":"ZELAYA: NO ACEPTAR\u00c1 NING\u00daN ACUERDO QUE IMPLIQUE ENCUBRIR EL GOLPE DE ESTADO"},"content":{"rendered":"<p style=\"text-align: justify\">Anoche, en la sede de la embajada de Brasil, donde est\u00e1 refugiado desde el 21 de septiembre, el propio Zelaya ley\u00f3 ante periodistas locales la carta que dirigi\u00f3 a Obama. Carta donde el derrocado mandatario constitucional de Honduras advirti\u00f3 al presidente de Estados Unidos, Barack Obama, mediante una carta le\u00edda a periodistas locales que no acepta ning\u00fan acuerdo de retorno al gobierno que implique encubrir el golpe de estado que lo desplaz\u00f3 el 28 de junio pasado.<\/p>\n<p style=\"text-align: justify\">&nbsp;<\/p>\n<p style=\"text-align: justify\">\u00abEn mi condici\u00f3n de presidente electo por el pueblo hondure\u00f1o, reafirmo mi decisi\u00f3n de que a partir de esta fecha cualquiera que fuera el caso, yo no acepto ning\u00fan acuerdo de retorno a la presidencia para encubrir el golpe de estado, que sabemos que tiene un impacto directo por la represi\u00f3n militar sobre los derechos humanos de los habitantes de nuestro pa\u00eds\u00bb, apunt\u00f3. <\/p>\n<p style=\"text-align: center\"><img decoding=\"async\" src=\"images\/stories\/09\/11\/161109\/zlaya.jpg\" border=\"0\" alt=\"ZELAYA: NO ACEPTAR\u00c1 NING\u00daN ACUERDO QUE IMPLIQUE ENCUBRIR EL GOLPE DE ESTADO\" title=\"ZELAYA: NO ACEPTAR\u00c1 NING\u00daN ACUERDO QUE IMPLIQUE ENCUBRIR EL GOLPE DE ESTADO\" \/><\/p>\n<p>&nbsp;<\/p>\n<p> <!--more--> <\/p>\n<p style=\"text-align: justify\">Se\u00f1al\u00f3 que cuando se reuni\u00f3 por primera vez, el 8 de julio, con la secretaria de Estado norteamericana, Hillary Clinton, \u00abse dej\u00f3 claro ante m\u00ed y ante el mundo la posici\u00f3n de la administraci\u00f3n Obama de condenar el golpe de Estado, desconocer sus autoridades y exigir el retorno del estado de derecho con la restituci\u00f3n al cargo de presidente electo por el pueblo\u00bb. <\/p>\n<p style=\"text-align: justify\">&nbsp;<\/p>\n<p style=\"text-align: justify\">Zelaya record\u00f3 que \u00e9sa fue la posici\u00f3n que se mantuvo al firmar las resoluciones de las Naciones Unidas y de la Organizaci\u00f3n de Estados Americanos (OEA). <\/p>\n<p style=\"text-align: justify\">&nbsp;<\/p>\n<div style=\"text-align: center\"><object classid=\"clsid:d27cdb6e-ae6d-11cf-96b8-444553540000\" codebase=\"http:\/\/download.macromedia.com\/pub\/shockwave\/cabs\/flash\/swflash.cab#version=6,0,40,0\" width=\"400\" height=\"325\"><param name=\"src\" value=\"http:\/\/www.youtube.com\/v\/yHgD2cHn5vA&#038;hl=en_US&#038;fs=1\" \/><param name=\"width\" value=\"400\" \/><param name=\"height\" value=\"325\" \/><embed type=\"application\/x-shockwave-flash\" src=\"http:\/\/www.youtube.com\/v\/yHgD2cHn5vA&#038;hl=en_US&#038;fs=1\" width=\"400\" height=\"325\"><\/embed><\/object><\/div>\n<p>&nbsp;<\/p>\n<p style=\"text-align: justify\">Agreg\u00f3 que en la reuni\u00f3n con Clinton le propusieron la mediaci\u00f3n del presidente de Costa Rica, Oscar Arias, y subray\u00f3 que la acept\u00f3 por considerar el auspicio de Estados Unidos y de la comunidad internacional, a pesar de que era \u00abcontraproducente dialogar con personas que tienen un arma en sus manos\u00bb. <\/p>\n<p style=\"text-align: justify\">&nbsp;<\/p>\n<p style=\"text-align: justify\">Subray\u00f3 que el r\u00e9gimen de facto que encabeza Roberto Micheletti, sin la visita a Honduras del subsecretario de Estado para el Hemisferio Occidental, Thomas Shannon, y sus acompa\u00f1antes Daniel Restrepo y Craig Kelly, no hubiera firmado el Acuerdo Tegucigalpa-San Jos\u00e9 el 30 de octubre, declarado fracasado el 5 de noviembre por \u00abincumplimiento unilateral del gobierno de facto\u00bb. <\/p>\n<p style=\"text-align: justify\">&nbsp;<\/p>\n<p style=\"text-align: justify\"><strong>Aeronoticias <\/strong>considera que si bien Zelaya reclam\u00f3 a Obama por la nueva posici\u00f3n de los funcionarios del gobierno de Estados Unidos de apoyar el proceso electoral sin importar las condiciones en que se desarrolle, es necesario que se estudien las pol\u00edticas que se impondr\u00edan en los acuerdos firmados entre Zelaya y Micheletti en raz\u00f3n a que son las negociaciones entre ambos las que vienen truncadas dado que ninguna de las partes ha tratado de ceder en su punto de vista.<\/p>\n<p style=\"text-align: justify\">&nbsp;<\/p>\n","protected":false},"excerpt":{"rendered":"<p>Anoche, en la sede de la embajada de Brasil, donde est\u00e1 refugiado desde el 21 de septiembre, el propio Zelaya ley\u00f3 ante periodistas locales la carta que dirigi\u00f3 a Obama. Carta donde el derrocado mandatario constitucional de Honduras advirti\u00f3 al presidente de Estados Unidos, Barack Obama, mediante una carta le\u00edda a periodistas locales que no [&hellip;]<\/p>\n","protected":false},"author":1,"featured_media":0,"comment_status":"open","ping_status":"open","sticky":false,"template":"","format":"standard","meta":{"tdm_status":"","tdm_grid_status":"","footnotes":""},"categories":[34],"tags":[],"class_list":{"0":"post-6795","1":"post","2":"type-post","3":"status-publish","4":"format-standard","6":"category-internacionales"},"yoast_head":"<!-- This site is optimized with the Yoast SEO plugin v25.1 - https:\/\/yoast.com\/wordpress\/plugins\/seo\/ -->\n<title>ZELAYA: NO ACEPTAR\u00c1 NING\u00daN ACUERDO QUE IMPLIQUE ENCUBRIR EL GOLPE DE ESTADO<\/title>\n<meta name=\"description\" content=\"Portal de noticias del Per\u00fa sobre el transporte a\u00e9reo, aviaci\u00f3n, turismo, hoteleria, actualidad.\" \/>\n<meta name=\"robots\" content=\"index, follow, max-snippet:-1, max-image-preview:large, max-video-preview:-1\" \/>\n<link rel=\"canonical\" href=\"https:\/\/aeronoticias.com.pe\/noticiero\/internacionales\/zelaya-no-aceptara-ningun-acuerdo-que-implique-encubrir-el-golpe-de-estado\/\" \/>\n<meta property=\"og:locale\" content=\"es_ES\" \/>\n<meta property=\"og:type\" content=\"article\" \/>\n<meta property=\"og:title\" content=\"ZELAYA: NO ACEPTAR\u00c1 NING\u00daN ACUERDO QUE IMPLIQUE ENCUBRIR EL GOLPE DE ESTADO\" \/>\n<meta property=\"og:description\" content=\"Portal de noticias del Per\u00fa sobre el transporte a\u00e9reo, aviaci\u00f3n, turismo, hoteleria, actualidad.\" \/>\n<meta property=\"og:url\" content=\"https:\/\/aeronoticias.com.pe\/noticiero\/internacionales\/zelaya-no-aceptara-ningun-acuerdo-que-implique-encubrir-el-golpe-de-estado\/\" \/>\n<meta property=\"og:site_name\" content=\"Aeronoticias.com.pe\" \/>\n<meta property=\"article:publisher\" content=\"https:\/\/www.facebook.com\/Aeronoticias.com.pe\/\" \/>\n<meta property=\"article:published_time\" content=\"2009-11-16T13:54:33+00:00\" \/>\n<meta name=\"author\" content=\"Redacci\u00f3n Aeronoticias\" \/>\n<meta name=\"twitter:card\" content=\"summary_large_image\" \/>\n<meta name=\"twitter:creator\" content=\"@aeronoticias\" \/>\n<meta name=\"twitter:site\" content=\"@aeronoticias\" \/>\n<meta name=\"twitter:label1\" content=\"Escrito por\" \/>\n\t<meta name=\"twitter:data1\" content=\"Redacci\u00f3n Aeronoticias\" \/>\n\t<meta name=\"twitter:label2\" content=\"Tiempo de lectura\" \/>\n\t<meta name=\"twitter:data2\" content=\"2 minutos\" \/>\n<script type=\"application\/ld+json\" class=\"yoast-schema-graph\">{\"@context\":\"https:\/\/schema.org\",\"@graph\":[{\"@type\":\"WebPage\",\"@id\":\"https:\/\/aeronoticias.com.pe\/noticiero\/internacionales\/zelaya-no-aceptara-ningun-acuerdo-que-implique-encubrir-el-golpe-de-estado\/\",\"url\":\"https:\/\/aeronoticias.com.pe\/noticiero\/internacionales\/zelaya-no-aceptara-ningun-acuerdo-que-implique-encubrir-el-golpe-de-estado\/\",\"name\":\"ZELAYA: NO ACEPTAR\u00c1 NING\u00daN ACUERDO QUE IMPLIQUE ENCUBRIR EL GOLPE DE ESTADO\",\"isPartOf\":{\"@id\":\"https:\/\/aeronoticias.com.pe\/noticiero\/#website\"},\"datePublished\":\"2009-11-16T13:54:33+00:00\",\"author\":{\"@id\":\"https:\/\/aeronoticias.com.pe\/noticiero\/#\/schema\/person\/fc1e5d578f4b62ba1cf7ac2bba1170a0\"},\"description\":\"Portal de noticias del Per\u00fa sobre el transporte a\u00e9reo, aviaci\u00f3n, turismo, hoteleria, actualidad.\",\"breadcrumb\":{\"@id\":\"https:\/\/aeronoticias.com.pe\/noticiero\/internacionales\/zelaya-no-aceptara-ningun-acuerdo-que-implique-encubrir-el-golpe-de-estado\/#breadcrumb\"},\"inLanguage\":\"es\",\"potentialAction\":[{\"@type\":\"ReadAction\",\"target\":[\"https:\/\/aeronoticias.com.pe\/noticiero\/internacionales\/zelaya-no-aceptara-ningun-acuerdo-que-implique-encubrir-el-golpe-de-estado\/\"]}]},{\"@type\":\"BreadcrumbList\",\"@id\":\"https:\/\/aeronoticias.com.pe\/noticiero\/internacionales\/zelaya-no-aceptara-ningun-acuerdo-que-implique-encubrir-el-golpe-de-estado\/#breadcrumb\",\"itemListElement\":[{\"@type\":\"ListItem\",\"position\":1,\"name\":\"Portada\",\"item\":\"https:\/\/aeronoticias.com.pe\/noticiero\/\"},{\"@type\":\"ListItem\",\"position\":2,\"name\":\"ZELAYA: NO ACEPTAR\u00c1 NING\u00daN ACUERDO QUE IMPLIQUE ENCUBRIR EL GOLPE DE ESTADO\"}]},{\"@type\":\"WebSite\",\"@id\":\"https:\/\/aeronoticias.com.pe\/noticiero\/#website\",\"url\":\"https:\/\/aeronoticias.com.pe\/noticiero\/\",\"name\":\"Aeronoticias.com.pe\",\"description\":\"Noticias de tranporte aereo, turismo, hoteles, gastronomia, actualidad, internacional\",\"potentialAction\":[{\"@type\":\"SearchAction\",\"target\":{\"@type\":\"EntryPoint\",\"urlTemplate\":\"https:\/\/aeronoticias.com.pe\/noticiero\/?s={search_term_string}\"},\"query-input\":{\"@type\":\"PropertyValueSpecification\",\"valueRequired\":true,\"valueName\":\"search_term_string\"}}],\"inLanguage\":\"es\"},{\"@type\":\"Person\",\"@id\":\"https:\/\/aeronoticias.com.pe\/noticiero\/#\/schema\/person\/fc1e5d578f4b62ba1cf7ac2bba1170a0\",\"name\":\"Redacci\u00f3n Aeronoticias\",\"url\":\"https:\/\/aeronoticias.com.pe\/noticiero\/author\/piloto\/\"}]}<\/script>\n<!-- \/ Yoast SEO plugin. -->","yoast_head_json":{"title":"ZELAYA: NO ACEPTAR\u00c1 NING\u00daN ACUERDO QUE IMPLIQUE ENCUBRIR EL GOLPE DE ESTADO","description":"Portal de noticias del Per\u00fa sobre el transporte a\u00e9reo, aviaci\u00f3n, turismo, hoteleria, actualidad.","robots":{"index":"index","follow":"follow","max-snippet":"max-snippet:-1","max-image-preview":"max-image-preview:large","max-video-preview":"max-video-preview:-1"},"canonical":"https:\/\/aeronoticias.com.pe\/noticiero\/internacionales\/zelaya-no-aceptara-ningun-acuerdo-que-implique-encubrir-el-golpe-de-estado\/","og_locale":"es_ES","og_type":"article","og_title":"ZELAYA: NO ACEPTAR\u00c1 NING\u00daN ACUERDO QUE IMPLIQUE ENCUBRIR EL GOLPE DE ESTADO","og_description":"Portal de noticias del Per\u00fa sobre el transporte a\u00e9reo, aviaci\u00f3n, turismo, hoteleria, actualidad.","og_url":"https:\/\/aeronoticias.com.pe\/noticiero\/internacionales\/zelaya-no-aceptara-ningun-acuerdo-que-implique-encubrir-el-golpe-de-estado\/","og_site_name":"Aeronoticias.com.pe","article_publisher":"https:\/\/www.facebook.com\/Aeronoticias.com.pe\/","article_published_time":"2009-11-16T13:54:33+00:00","author":"Redacci\u00f3n Aeronoticias","twitter_card":"summary_large_image","twitter_creator":"@aeronoticias","twitter_site":"@aeronoticias","twitter_misc":{"Escrito por":"Redacci\u00f3n Aeronoticias","Tiempo de lectura":"2 minutos"},"schema":{"@context":"https:\/\/schema.org","@graph":[{"@type":"WebPage","@id":"https:\/\/aeronoticias.com.pe\/noticiero\/internacionales\/zelaya-no-aceptara-ningun-acuerdo-que-implique-encubrir-el-golpe-de-estado\/","url":"https:\/\/aeronoticias.com.pe\/noticiero\/internacionales\/zelaya-no-aceptara-ningun-acuerdo-que-implique-encubrir-el-golpe-de-estado\/","name":"ZELAYA: NO ACEPTAR\u00c1 NING\u00daN ACUERDO QUE IMPLIQUE ENCUBRIR EL GOLPE DE ESTADO","isPartOf":{"@id":"https:\/\/aeronoticias.com.pe\/noticiero\/#website"},"datePublished":"2009-11-16T13:54:33+00:00","author":{"@id":"https:\/\/aeronoticias.com.pe\/noticiero\/#\/schema\/person\/fc1e5d578f4b62ba1cf7ac2bba1170a0"},"description":"Portal de noticias del Per\u00fa sobre el transporte a\u00e9reo, aviaci\u00f3n, turismo, hoteleria, actualidad.","breadcrumb":{"@id":"https:\/\/aeronoticias.com.pe\/noticiero\/internacionales\/zelaya-no-aceptara-ningun-acuerdo-que-implique-encubrir-el-golpe-de-estado\/#breadcrumb"},"inLanguage":"es","potentialAction":[{"@type":"ReadAction","target":["https:\/\/aeronoticias.com.pe\/noticiero\/internacionales\/zelaya-no-aceptara-ningun-acuerdo-que-implique-encubrir-el-golpe-de-estado\/"]}]},{"@type":"BreadcrumbList","@id":"https:\/\/aeronoticias.com.pe\/noticiero\/internacionales\/zelaya-no-aceptara-ningun-acuerdo-que-implique-encubrir-el-golpe-de-estado\/#breadcrumb","itemListElement":[{"@type":"ListItem","position":1,"name":"Portada","item":"https:\/\/aeronoticias.com.pe\/noticiero\/"},{"@type":"ListItem","position":2,"name":"ZELAYA: NO ACEPTAR\u00c1 NING\u00daN ACUERDO QUE IMPLIQUE ENCUBRIR EL GOLPE DE ESTADO"}]},{"@type":"WebSite","@id":"https:\/\/aeronoticias.com.pe\/noticiero\/#website","url":"https:\/\/aeronoticias.com.pe\/noticiero\/","name":"Aeronoticias.com.pe","description":"Noticias de tranporte aereo, turismo, hoteles, gastronomia, actualidad, internacional","potentialAction":[{"@type":"SearchAction","target":{"@type":"EntryPoint","urlTemplate":"https:\/\/aeronoticias.com.pe\/noticiero\/?s={search_term_string}"},"query-input":{"@type":"PropertyValueSpecification","valueRequired":true,"valueName":"search_term_string"}}],"inLanguage":"es"},{"@type":"Person","@id":"https:\/\/aeronoticias.com.pe\/noticiero\/#\/schema\/person\/fc1e5d578f4b62ba1cf7ac2bba1170a0","name":"Redacci\u00f3n Aeronoticias","url":"https:\/\/aeronoticias.com.pe\/noticiero\/author\/piloto\/"}]}},"_links":{"self":[{"href":"https:\/\/aeronoticias.com.pe\/noticiero\/wp-json\/wp\/v2\/posts\/6795","targetHints":{"allow":["GET"]}}],"collection":[{"href":"https:\/\/aeronoticias.com.pe\/noticiero\/wp-json\/wp\/v2\/posts"}],"about":[{"href":"https:\/\/aeronoticias.com.pe\/noticiero\/wp-json\/wp\/v2\/types\/post"}],"author":[{"embeddable":true,"href":"https:\/\/aeronoticias.com.pe\/noticiero\/wp-json\/wp\/v2\/users\/1"}],"replies":[{"embeddable":true,"href":"https:\/\/aeronoticias.com.pe\/noticiero\/wp-json\/wp\/v2\/comments?post=6795"}],"version-history":[{"count":0,"href":"https:\/\/aeronoticias.com.pe\/noticiero\/wp-json\/wp\/v2\/posts\/6795\/revisions"}],"wp:attachment":[{"href":"https:\/\/aeronoticias.com.pe\/noticiero\/wp-json\/wp\/v2\/media?parent=6795"}],"wp:term":[{"taxonomy":"category","embeddable":true,"href":"https:\/\/aeronoticias.com.pe\/noticiero\/wp-json\/wp\/v2\/categories?post=6795"},{"taxonomy":"post_tag","embeddable":true,"href":"https:\/\/aeronoticias.com.pe\/noticiero\/wp-json\/wp\/v2\/tags?post=6795"}],"curies":[{"name":"wp","href":"https:\/\/api.w.org\/{rel}","templated":true}]}}