{"id":6796,"date":"2009-11-16T13:55:21","date_gmt":"2009-11-16T13:55:21","guid":{"rendered":"http:\/\/desarrollo.mcvicious.com\/aero2020\/2009\/11\/16\/todo-listo-para-el-lanzamiento-del-atlantis\/"},"modified":"2009-11-16T13:55:21","modified_gmt":"2009-11-16T13:55:21","slug":"todo-listo-para-el-lanzamiento-del-atlantis","status":"publish","type":"post","link":"https:\/\/aeronoticias.com.pe\/noticiero\/27\/todo-listo-para-el-lanzamiento-del-atlantis\/","title":{"rendered":"TODO LISTO PARA EL LANZAMIENTO DEL ATLANTIS"},"content":{"rendered":"<div align=\"justify\">El transbordador partir\u00e1 desde el Centro Espacial Kennedy hacia la Estaci\u00f3n Espacial Internacional y con la misi\u00f3n de llevar suministros. Ayer fue una jornada con buenas condiciones clim\u00e1ticas en la zona y meteor\u00f3logos de la NASA dijeron que hay un 90 por ciento de probabilidades de que el cielo est\u00e9 despejado durante el lanzamiento.<\/div>\n<div style=\"text-align: justify\"><\/div>\n<div align=\"justify\" style=\"text-align: justify\">El Atlantis partir\u00e1 el lunes a las 19:28 GMT hacia la Estaci\u00f3n Espacial Internacional para llevar suministros.<\/div>\n<div style=\"text-align: justify\"><\/div>\n<div align=\"justify\">Funcionarios meteorol\u00f3gicos de la agencia espacial estadounidense NASA dijeron a la agencia DPA que hay un 90 por ciento de chances de clima despejado para el lanzamiento de ma\u00f1ana.<\/div>\n<div style=\"text-align: center\"><img decoding=\"async\" src=\"images\/stories\/09\/11\/161109\/atlantis.jpg\" border=\"0\" alt=\"TODO LISTO PARA EL LANZAMIENTO DEL ATLANTIS\" title=\"TODO LISTO PARA EL LANZAMIENTO DEL ATLANTIS\" \/><\/div>\n<p>El director de lanzamientos Steve Payne a\u00f1adi\u00f3 que tampoco hay problemas reportados con la nave espacial.<\/p>\n<p>La misi\u00f3n es parte de los esfuerzos de la NASA para abastecer las reservas de la ISS en vistas de los planes de concluir el programa de transbordadores hasta fines de 2010. Tras la misi\u00f3n de esta semana, s\u00f3lo se prev\u00e9n otros cinco vuelos.<\/p>\n<p>La tripulaci\u00f3n de seis miembros del Atlantis suministrar\u00e1 a las dos plataformas 12.360 kilogramos de repuestos que ser\u00e1n instalados en la parte exterior de la estaci\u00f3n.<\/p>\n<div style=\"text-align: justify\"><\/div>\n","protected":false},"excerpt":{"rendered":"<p>El transbordador partir\u00e1 desde el Centro Espacial Kennedy hacia la Estaci\u00f3n Espacial Internacional y con la misi\u00f3n de llevar suministros. Ayer fue una jornada con buenas condiciones clim\u00e1ticas en la zona y meteor\u00f3logos de la NASA dijeron que hay un 90 por ciento de probabilidades de que el cielo est\u00e9 despejado durante el lanzamiento. El [&hellip;]<\/p>\n","protected":false},"author":1,"featured_media":0,"comment_status":"open","ping_status":"open","sticky":false,"template":"","format":"standard","meta":{"tdm_status":"","tdm_grid_status":"","footnotes":""},"categories":[35],"tags":[],"class_list":{"0":"post-6796","1":"post","2":"type-post","3":"status-publish","4":"format-standard","6":"category-35"},"yoast_head":"<!-- This site is optimized with the Yoast SEO plugin v25.1 - https:\/\/yoast.com\/wordpress\/plugins\/seo\/ -->\n<title>TODO LISTO PARA EL LANZAMIENTO DEL ATLANTIS<\/title>\n<meta name=\"description\" content=\"Portal de noticias del Per\u00fa sobre el transporte a\u00e9reo, aviaci\u00f3n, turismo, hoteleria, actualidad.\" \/>\n<meta name=\"robots\" content=\"index, follow, max-snippet:-1, max-image-preview:large, max-video-preview:-1\" \/>\n<link rel=\"canonical\" href=\"https:\/\/aeronoticias.com.pe\/noticiero\/27\/todo-listo-para-el-lanzamiento-del-atlantis\/\" \/>\n<meta property=\"og:locale\" content=\"es_ES\" \/>\n<meta property=\"og:type\" content=\"article\" \/>\n<meta property=\"og:title\" content=\"TODO LISTO PARA EL LANZAMIENTO DEL ATLANTIS\" \/>\n<meta property=\"og:description\" content=\"Portal de noticias del Per\u00fa sobre el transporte a\u00e9reo, aviaci\u00f3n, turismo, hoteleria, actualidad.\" \/>\n<meta property=\"og:url\" content=\"https:\/\/aeronoticias.com.pe\/noticiero\/27\/todo-listo-para-el-lanzamiento-del-atlantis\/\" \/>\n<meta property=\"og:site_name\" content=\"Aeronoticias.com.pe\" \/>\n<meta property=\"article:publisher\" content=\"https:\/\/www.facebook.com\/Aeronoticias.com.pe\/\" \/>\n<meta property=\"article:published_time\" content=\"2009-11-16T13:55:21+00:00\" \/>\n<meta name=\"author\" content=\"Redacci\u00f3n Aeronoticias\" \/>\n<meta name=\"twitter:card\" content=\"summary_large_image\" \/>\n<meta name=\"twitter:creator\" content=\"@aeronoticias\" \/>\n<meta name=\"twitter:site\" content=\"@aeronoticias\" \/>\n<meta name=\"twitter:label1\" content=\"Escrito por\" \/>\n\t<meta name=\"twitter:data1\" content=\"Redacci\u00f3n Aeronoticias\" \/>\n\t<meta name=\"twitter:label2\" content=\"Tiempo de lectura\" \/>\n\t<meta name=\"twitter:data2\" content=\"1 minuto\" \/>\n<script type=\"application\/ld+json\" class=\"yoast-schema-graph\">{\"@context\":\"https:\/\/schema.org\",\"@graph\":[{\"@type\":\"WebPage\",\"@id\":\"https:\/\/aeronoticias.com.pe\/noticiero\/27\/todo-listo-para-el-lanzamiento-del-atlantis\/\",\"url\":\"https:\/\/aeronoticias.com.pe\/noticiero\/27\/todo-listo-para-el-lanzamiento-del-atlantis\/\",\"name\":\"TODO LISTO PARA EL LANZAMIENTO DEL ATLANTIS\",\"isPartOf\":{\"@id\":\"https:\/\/aeronoticias.com.pe\/noticiero\/#website\"},\"datePublished\":\"2009-11-16T13:55:21+00:00\",\"author\":{\"@id\":\"https:\/\/aeronoticias.com.pe\/noticiero\/#\/schema\/person\/fc1e5d578f4b62ba1cf7ac2bba1170a0\"},\"description\":\"Portal de noticias del Per\u00fa sobre el transporte a\u00e9reo, aviaci\u00f3n, turismo, hoteleria, actualidad.\",\"breadcrumb\":{\"@id\":\"https:\/\/aeronoticias.com.pe\/noticiero\/27\/todo-listo-para-el-lanzamiento-del-atlantis\/#breadcrumb\"},\"inLanguage\":\"es\",\"potentialAction\":[{\"@type\":\"ReadAction\",\"target\":[\"https:\/\/aeronoticias.com.pe\/noticiero\/27\/todo-listo-para-el-lanzamiento-del-atlantis\/\"]}]},{\"@type\":\"BreadcrumbList\",\"@id\":\"https:\/\/aeronoticias.com.pe\/noticiero\/27\/todo-listo-para-el-lanzamiento-del-atlantis\/#breadcrumb\",\"itemListElement\":[{\"@type\":\"ListItem\",\"position\":1,\"name\":\"Portada\",\"item\":\"https:\/\/aeronoticias.com.pe\/noticiero\/\"},{\"@type\":\"ListItem\",\"position\":2,\"name\":\"TODO LISTO PARA EL LANZAMIENTO DEL ATLANTIS\"}]},{\"@type\":\"WebSite\",\"@id\":\"https:\/\/aeronoticias.com.pe\/noticiero\/#website\",\"url\":\"https:\/\/aeronoticias.com.pe\/noticiero\/\",\"name\":\"Aeronoticias.com.pe\",\"description\":\"Noticias de tranporte aereo, turismo, hoteles, gastronomia, actualidad, internacional\",\"potentialAction\":[{\"@type\":\"SearchAction\",\"target\":{\"@type\":\"EntryPoint\",\"urlTemplate\":\"https:\/\/aeronoticias.com.pe\/noticiero\/?s={search_term_string}\"},\"query-input\":{\"@type\":\"PropertyValueSpecification\",\"valueRequired\":true,\"valueName\":\"search_term_string\"}}],\"inLanguage\":\"es\"},{\"@type\":\"Person\",\"@id\":\"https:\/\/aeronoticias.com.pe\/noticiero\/#\/schema\/person\/fc1e5d578f4b62ba1cf7ac2bba1170a0\",\"name\":\"Redacci\u00f3n Aeronoticias\",\"url\":\"https:\/\/aeronoticias.com.pe\/noticiero\/author\/piloto\/\"}]}<\/script>\n<!-- \/ Yoast SEO plugin. -->","yoast_head_json":{"title":"TODO LISTO PARA EL LANZAMIENTO DEL ATLANTIS","description":"Portal de noticias del Per\u00fa sobre el transporte a\u00e9reo, aviaci\u00f3n, turismo, hoteleria, actualidad.","robots":{"index":"index","follow":"follow","max-snippet":"max-snippet:-1","max-image-preview":"max-image-preview:large","max-video-preview":"max-video-preview:-1"},"canonical":"https:\/\/aeronoticias.com.pe\/noticiero\/27\/todo-listo-para-el-lanzamiento-del-atlantis\/","og_locale":"es_ES","og_type":"article","og_title":"TODO LISTO PARA EL LANZAMIENTO DEL ATLANTIS","og_description":"Portal de noticias del Per\u00fa sobre el transporte a\u00e9reo, aviaci\u00f3n, turismo, hoteleria, actualidad.","og_url":"https:\/\/aeronoticias.com.pe\/noticiero\/27\/todo-listo-para-el-lanzamiento-del-atlantis\/","og_site_name":"Aeronoticias.com.pe","article_publisher":"https:\/\/www.facebook.com\/Aeronoticias.com.pe\/","article_published_time":"2009-11-16T13:55:21+00:00","author":"Redacci\u00f3n Aeronoticias","twitter_card":"summary_large_image","twitter_creator":"@aeronoticias","twitter_site":"@aeronoticias","twitter_misc":{"Escrito por":"Redacci\u00f3n Aeronoticias","Tiempo de lectura":"1 minuto"},"schema":{"@context":"https:\/\/schema.org","@graph":[{"@type":"WebPage","@id":"https:\/\/aeronoticias.com.pe\/noticiero\/27\/todo-listo-para-el-lanzamiento-del-atlantis\/","url":"https:\/\/aeronoticias.com.pe\/noticiero\/27\/todo-listo-para-el-lanzamiento-del-atlantis\/","name":"TODO LISTO PARA EL LANZAMIENTO DEL ATLANTIS","isPartOf":{"@id":"https:\/\/aeronoticias.com.pe\/noticiero\/#website"},"datePublished":"2009-11-16T13:55:21+00:00","author":{"@id":"https:\/\/aeronoticias.com.pe\/noticiero\/#\/schema\/person\/fc1e5d578f4b62ba1cf7ac2bba1170a0"},"description":"Portal de noticias del Per\u00fa sobre el transporte a\u00e9reo, aviaci\u00f3n, turismo, hoteleria, actualidad.","breadcrumb":{"@id":"https:\/\/aeronoticias.com.pe\/noticiero\/27\/todo-listo-para-el-lanzamiento-del-atlantis\/#breadcrumb"},"inLanguage":"es","potentialAction":[{"@type":"ReadAction","target":["https:\/\/aeronoticias.com.pe\/noticiero\/27\/todo-listo-para-el-lanzamiento-del-atlantis\/"]}]},{"@type":"BreadcrumbList","@id":"https:\/\/aeronoticias.com.pe\/noticiero\/27\/todo-listo-para-el-lanzamiento-del-atlantis\/#breadcrumb","itemListElement":[{"@type":"ListItem","position":1,"name":"Portada","item":"https:\/\/aeronoticias.com.pe\/noticiero\/"},{"@type":"ListItem","position":2,"name":"TODO LISTO PARA EL LANZAMIENTO DEL ATLANTIS"}]},{"@type":"WebSite","@id":"https:\/\/aeronoticias.com.pe\/noticiero\/#website","url":"https:\/\/aeronoticias.com.pe\/noticiero\/","name":"Aeronoticias.com.pe","description":"Noticias de tranporte aereo, turismo, hoteles, gastronomia, actualidad, internacional","potentialAction":[{"@type":"SearchAction","target":{"@type":"EntryPoint","urlTemplate":"https:\/\/aeronoticias.com.pe\/noticiero\/?s={search_term_string}"},"query-input":{"@type":"PropertyValueSpecification","valueRequired":true,"valueName":"search_term_string"}}],"inLanguage":"es"},{"@type":"Person","@id":"https:\/\/aeronoticias.com.pe\/noticiero\/#\/schema\/person\/fc1e5d578f4b62ba1cf7ac2bba1170a0","name":"Redacci\u00f3n Aeronoticias","url":"https:\/\/aeronoticias.com.pe\/noticiero\/author\/piloto\/"}]}},"_links":{"self":[{"href":"https:\/\/aeronoticias.com.pe\/noticiero\/wp-json\/wp\/v2\/posts\/6796","targetHints":{"allow":["GET"]}}],"collection":[{"href":"https:\/\/aeronoticias.com.pe\/noticiero\/wp-json\/wp\/v2\/posts"}],"about":[{"href":"https:\/\/aeronoticias.com.pe\/noticiero\/wp-json\/wp\/v2\/types\/post"}],"author":[{"embeddable":true,"href":"https:\/\/aeronoticias.com.pe\/noticiero\/wp-json\/wp\/v2\/users\/1"}],"replies":[{"embeddable":true,"href":"https:\/\/aeronoticias.com.pe\/noticiero\/wp-json\/wp\/v2\/comments?post=6796"}],"version-history":[{"count":0,"href":"https:\/\/aeronoticias.com.pe\/noticiero\/wp-json\/wp\/v2\/posts\/6796\/revisions"}],"wp:attachment":[{"href":"https:\/\/aeronoticias.com.pe\/noticiero\/wp-json\/wp\/v2\/media?parent=6796"}],"wp:term":[{"taxonomy":"category","embeddable":true,"href":"https:\/\/aeronoticias.com.pe\/noticiero\/wp-json\/wp\/v2\/categories?post=6796"},{"taxonomy":"post_tag","embeddable":true,"href":"https:\/\/aeronoticias.com.pe\/noticiero\/wp-json\/wp\/v2\/tags?post=6796"}],"curies":[{"name":"wp","href":"https:\/\/api.w.org\/{rel}","templated":true}]}}