{"id":6797,"date":"2009-11-16T13:52:26","date_gmt":"2009-11-16T13:52:26","guid":{"rendered":"http:\/\/desarrollo.mcvicious.com\/aero2020\/2009\/11\/16\/exportacion-de-pisco-se-recupera-progresivamente\/"},"modified":"2009-11-16T13:52:26","modified_gmt":"2009-11-16T13:52:26","slug":"exportacion-de-pisco-se-recupera-progresivamente","status":"publish","type":"post","link":"https:\/\/aeronoticias.com.pe\/noticiero\/economia\/exportacion-de-pisco-se-recupera-progresivamente\/","title":{"rendered":"EXPORTACI\u00d3N DE PISCO SE RECUPERA PROGRESIVAMENTE"},"content":{"rendered":"<div align=\"justify\">En el acumulado a\u00fan registra una contracci\u00f3n de 3%, pero lo cierto es que la exportaci\u00f3n del pisco se est\u00e1 recuperando progresivamente, as\u00ed, en septiembre pasado experiment\u00f3 un crecimiento de 26%, inform\u00f3 la Asociaci\u00f3n de Exportadores (ADEX).<\/p>\n<p>Efectivamente, entre enero y septiembre los env\u00edos totales sumaron US$ 1 mill\u00f3n 009 mil, 3% menos que en similar periodo del a\u00f1o pasado cuando \u00e9stos ascendieron a US$ 1 mill\u00f3n 042 mil, sin embargo, en septiembre \u00faltimo las exportaciones ascendieron a US$ 178 mil 256, 26% m\u00e1s que en ese mismo mes del a\u00f1o anterior.<\/p>\n<div style=\"text-align: center\"><img decoding=\"async\" src=\"images\/stories\/09\/11\/161109\/pisco.jpg\" border=\"0\" alt=\"EXPORTACI\u00d3N DE PISCO SE RECUPERA PROGRESIVAMENTE\" title=\"EXPORTACI\u00d3N DE PISCO SE RECUPERA PROGRESIVAMENTE\" \/><\/div>\n<p>Se debe precisar que de continuar con esa tendencia, es muy probable que\u00a0 cerremos el a\u00f1o en azul, no como el de los dos a\u00f1os anteriores (2006, 40% y 2007, 57%), pero si\u00a0 con un crecimiento de un d\u00edgito.<\/p>\n<p>En base a informaci\u00f3n del Sistema de Inteligencia ADEX DATA TRADE, el gremio exportador detall\u00f3 que septiembre fue el cuarto mes, en el periodo enero-septiembre, en registrar crecimiento. En marzo creci\u00f3 en 35%, en junio 138%, en julio 5% y en septiembre 26%. Los meses de mayor ca\u00edda fueron mayo (62%), abril (57%), enero (42%),\u00a0 agosto (33%) y febrero (10%).<\/p>\n<p>Respecto a los principales compradores, EE.UU. se mantiene como el\u00a0 principal con compras por US$ 314 mil 818 mil, le sigue Chile con US$ 232 mil, Colombia, Espa\u00f1a, Ecuador, Reino Unido y Argentina.\u00a0 Asimismo, los destinos de mayor crecimiento son Ecuador, B\u00e9lgica, Brasil y Suecia.<\/p>\n<p>Algo en el que se debe reparar es que nuestros dos principales mercados, EE.UU. y Chile incrementaron su representatividad respecto a los otros destinos, el pa\u00eds del norte por ejemplo, pas\u00f3 de representar 28% a 30%, en tanto que nuestro vecino pa\u00eds del sur increment\u00f3 su representatividad en 8 puntos porcentuales, de 15% a 23%.<br \/>\u00a0<br \/>Entre los 43 destinos que registra ADUANAS se incluyen los nuevos mercados, respecto a enero-septiembre del a\u00f1o pasado, ellos son Bolivia, Singapur, Corea del Sur, Filipinas, Nueva Zelanda, Sud\u00e1frica, Malasia, Ruman\u00eda, Paraguay, Austria, Guayana\u00a0 Francesa, Aruba y Antillas Holandesas.<\/p>\n<p>Las dos principales empresas exportadoras son Inversiones Alepa S.A. y\u00a0 Vi\u00f1a Tacama S.A., le sigue Qeros Per\u00fa S.A.C. Vi\u00f1a Ocucaje S.A., Santiago Queirolo S.A.C. y Agroindustrias Bodegas Santo Tomas S.A.C.<\/div>\n","protected":false},"excerpt":{"rendered":"<p>En el acumulado a\u00fan registra una contracci\u00f3n de 3%, pero lo cierto es que la exportaci\u00f3n del pisco se est\u00e1 recuperando progresivamente, as\u00ed, en septiembre pasado experiment\u00f3 un crecimiento de 26%, inform\u00f3 la Asociaci\u00f3n de Exportadores (ADEX). Efectivamente, entre enero y septiembre los env\u00edos totales sumaron US$ 1 mill\u00f3n 009 mil, 3% menos que en [&hellip;]<\/p>\n","protected":false},"author":1,"featured_media":0,"comment_status":"open","ping_status":"open","sticky":false,"template":"","format":"standard","meta":{"tdm_status":"","tdm_grid_status":"","footnotes":""},"categories":[33],"tags":[],"class_list":{"0":"post-6797","1":"post","2":"type-post","3":"status-publish","4":"format-standard","6":"category-economia"},"yoast_head":"<!-- This site is optimized with the Yoast SEO plugin v25.1 - https:\/\/yoast.com\/wordpress\/plugins\/seo\/ -->\n<title>EXPORTACI\u00d3N DE PISCO SE RECUPERA PROGRESIVAMENTE<\/title>\n<meta name=\"description\" content=\"Portal de noticias del Per\u00fa sobre el transporte a\u00e9reo, aviaci\u00f3n, turismo, hoteleria, actualidad.\" \/>\n<meta name=\"robots\" content=\"index, follow, max-snippet:-1, max-image-preview:large, max-video-preview:-1\" \/>\n<link rel=\"canonical\" href=\"https:\/\/aeronoticias.com.pe\/noticiero\/economia\/exportacion-de-pisco-se-recupera-progresivamente\/\" \/>\n<meta property=\"og:locale\" content=\"es_ES\" \/>\n<meta property=\"og:type\" content=\"article\" \/>\n<meta property=\"og:title\" content=\"EXPORTACI\u00d3N DE PISCO SE RECUPERA PROGRESIVAMENTE\" \/>\n<meta property=\"og:description\" content=\"Portal de noticias del Per\u00fa sobre el transporte a\u00e9reo, aviaci\u00f3n, turismo, hoteleria, actualidad.\" \/>\n<meta property=\"og:url\" content=\"https:\/\/aeronoticias.com.pe\/noticiero\/economia\/exportacion-de-pisco-se-recupera-progresivamente\/\" \/>\n<meta property=\"og:site_name\" content=\"Aeronoticias.com.pe\" \/>\n<meta property=\"article:publisher\" content=\"https:\/\/www.facebook.com\/Aeronoticias.com.pe\/\" \/>\n<meta property=\"article:published_time\" content=\"2009-11-16T13:52:26+00:00\" \/>\n<meta name=\"author\" content=\"Redacci\u00f3n Aeronoticias\" \/>\n<meta name=\"twitter:card\" content=\"summary_large_image\" \/>\n<meta name=\"twitter:creator\" content=\"@aeronoticias\" \/>\n<meta name=\"twitter:site\" content=\"@aeronoticias\" \/>\n<meta name=\"twitter:label1\" content=\"Escrito por\" \/>\n\t<meta name=\"twitter:data1\" content=\"Redacci\u00f3n Aeronoticias\" \/>\n\t<meta name=\"twitter:label2\" content=\"Tiempo de lectura\" \/>\n\t<meta name=\"twitter:data2\" content=\"2 minutos\" \/>\n<script type=\"application\/ld+json\" class=\"yoast-schema-graph\">{\"@context\":\"https:\/\/schema.org\",\"@graph\":[{\"@type\":\"WebPage\",\"@id\":\"https:\/\/aeronoticias.com.pe\/noticiero\/economia\/exportacion-de-pisco-se-recupera-progresivamente\/\",\"url\":\"https:\/\/aeronoticias.com.pe\/noticiero\/economia\/exportacion-de-pisco-se-recupera-progresivamente\/\",\"name\":\"EXPORTACI\u00d3N DE PISCO SE RECUPERA PROGRESIVAMENTE\",\"isPartOf\":{\"@id\":\"https:\/\/aeronoticias.com.pe\/noticiero\/#website\"},\"datePublished\":\"2009-11-16T13:52:26+00:00\",\"author\":{\"@id\":\"https:\/\/aeronoticias.com.pe\/noticiero\/#\/schema\/person\/fc1e5d578f4b62ba1cf7ac2bba1170a0\"},\"description\":\"Portal de noticias del Per\u00fa sobre el transporte a\u00e9reo, aviaci\u00f3n, turismo, hoteleria, actualidad.\",\"breadcrumb\":{\"@id\":\"https:\/\/aeronoticias.com.pe\/noticiero\/economia\/exportacion-de-pisco-se-recupera-progresivamente\/#breadcrumb\"},\"inLanguage\":\"es\",\"potentialAction\":[{\"@type\":\"ReadAction\",\"target\":[\"https:\/\/aeronoticias.com.pe\/noticiero\/economia\/exportacion-de-pisco-se-recupera-progresivamente\/\"]}]},{\"@type\":\"BreadcrumbList\",\"@id\":\"https:\/\/aeronoticias.com.pe\/noticiero\/economia\/exportacion-de-pisco-se-recupera-progresivamente\/#breadcrumb\",\"itemListElement\":[{\"@type\":\"ListItem\",\"position\":1,\"name\":\"Portada\",\"item\":\"https:\/\/aeronoticias.com.pe\/noticiero\/\"},{\"@type\":\"ListItem\",\"position\":2,\"name\":\"EXPORTACI\u00d3N DE PISCO SE RECUPERA PROGRESIVAMENTE\"}]},{\"@type\":\"WebSite\",\"@id\":\"https:\/\/aeronoticias.com.pe\/noticiero\/#website\",\"url\":\"https:\/\/aeronoticias.com.pe\/noticiero\/\",\"name\":\"Aeronoticias.com.pe\",\"description\":\"Noticias de tranporte aereo, turismo, hoteles, gastronomia, actualidad, internacional\",\"potentialAction\":[{\"@type\":\"SearchAction\",\"target\":{\"@type\":\"EntryPoint\",\"urlTemplate\":\"https:\/\/aeronoticias.com.pe\/noticiero\/?s={search_term_string}\"},\"query-input\":{\"@type\":\"PropertyValueSpecification\",\"valueRequired\":true,\"valueName\":\"search_term_string\"}}],\"inLanguage\":\"es\"},{\"@type\":\"Person\",\"@id\":\"https:\/\/aeronoticias.com.pe\/noticiero\/#\/schema\/person\/fc1e5d578f4b62ba1cf7ac2bba1170a0\",\"name\":\"Redacci\u00f3n Aeronoticias\",\"url\":\"https:\/\/aeronoticias.com.pe\/noticiero\/author\/piloto\/\"}]}<\/script>\n<!-- \/ Yoast SEO plugin. -->","yoast_head_json":{"title":"EXPORTACI\u00d3N DE PISCO SE RECUPERA PROGRESIVAMENTE","description":"Portal de noticias del Per\u00fa sobre el transporte a\u00e9reo, aviaci\u00f3n, turismo, hoteleria, actualidad.","robots":{"index":"index","follow":"follow","max-snippet":"max-snippet:-1","max-image-preview":"max-image-preview:large","max-video-preview":"max-video-preview:-1"},"canonical":"https:\/\/aeronoticias.com.pe\/noticiero\/economia\/exportacion-de-pisco-se-recupera-progresivamente\/","og_locale":"es_ES","og_type":"article","og_title":"EXPORTACI\u00d3N DE PISCO SE RECUPERA PROGRESIVAMENTE","og_description":"Portal de noticias del Per\u00fa sobre el transporte a\u00e9reo, aviaci\u00f3n, turismo, hoteleria, actualidad.","og_url":"https:\/\/aeronoticias.com.pe\/noticiero\/economia\/exportacion-de-pisco-se-recupera-progresivamente\/","og_site_name":"Aeronoticias.com.pe","article_publisher":"https:\/\/www.facebook.com\/Aeronoticias.com.pe\/","article_published_time":"2009-11-16T13:52:26+00:00","author":"Redacci\u00f3n Aeronoticias","twitter_card":"summary_large_image","twitter_creator":"@aeronoticias","twitter_site":"@aeronoticias","twitter_misc":{"Escrito por":"Redacci\u00f3n Aeronoticias","Tiempo de lectura":"2 minutos"},"schema":{"@context":"https:\/\/schema.org","@graph":[{"@type":"WebPage","@id":"https:\/\/aeronoticias.com.pe\/noticiero\/economia\/exportacion-de-pisco-se-recupera-progresivamente\/","url":"https:\/\/aeronoticias.com.pe\/noticiero\/economia\/exportacion-de-pisco-se-recupera-progresivamente\/","name":"EXPORTACI\u00d3N DE PISCO SE RECUPERA PROGRESIVAMENTE","isPartOf":{"@id":"https:\/\/aeronoticias.com.pe\/noticiero\/#website"},"datePublished":"2009-11-16T13:52:26+00:00","author":{"@id":"https:\/\/aeronoticias.com.pe\/noticiero\/#\/schema\/person\/fc1e5d578f4b62ba1cf7ac2bba1170a0"},"description":"Portal de noticias del Per\u00fa sobre el transporte a\u00e9reo, aviaci\u00f3n, turismo, hoteleria, actualidad.","breadcrumb":{"@id":"https:\/\/aeronoticias.com.pe\/noticiero\/economia\/exportacion-de-pisco-se-recupera-progresivamente\/#breadcrumb"},"inLanguage":"es","potentialAction":[{"@type":"ReadAction","target":["https:\/\/aeronoticias.com.pe\/noticiero\/economia\/exportacion-de-pisco-se-recupera-progresivamente\/"]}]},{"@type":"BreadcrumbList","@id":"https:\/\/aeronoticias.com.pe\/noticiero\/economia\/exportacion-de-pisco-se-recupera-progresivamente\/#breadcrumb","itemListElement":[{"@type":"ListItem","position":1,"name":"Portada","item":"https:\/\/aeronoticias.com.pe\/noticiero\/"},{"@type":"ListItem","position":2,"name":"EXPORTACI\u00d3N DE PISCO SE RECUPERA PROGRESIVAMENTE"}]},{"@type":"WebSite","@id":"https:\/\/aeronoticias.com.pe\/noticiero\/#website","url":"https:\/\/aeronoticias.com.pe\/noticiero\/","name":"Aeronoticias.com.pe","description":"Noticias de tranporte aereo, turismo, hoteles, gastronomia, actualidad, internacional","potentialAction":[{"@type":"SearchAction","target":{"@type":"EntryPoint","urlTemplate":"https:\/\/aeronoticias.com.pe\/noticiero\/?s={search_term_string}"},"query-input":{"@type":"PropertyValueSpecification","valueRequired":true,"valueName":"search_term_string"}}],"inLanguage":"es"},{"@type":"Person","@id":"https:\/\/aeronoticias.com.pe\/noticiero\/#\/schema\/person\/fc1e5d578f4b62ba1cf7ac2bba1170a0","name":"Redacci\u00f3n Aeronoticias","url":"https:\/\/aeronoticias.com.pe\/noticiero\/author\/piloto\/"}]}},"_links":{"self":[{"href":"https:\/\/aeronoticias.com.pe\/noticiero\/wp-json\/wp\/v2\/posts\/6797","targetHints":{"allow":["GET"]}}],"collection":[{"href":"https:\/\/aeronoticias.com.pe\/noticiero\/wp-json\/wp\/v2\/posts"}],"about":[{"href":"https:\/\/aeronoticias.com.pe\/noticiero\/wp-json\/wp\/v2\/types\/post"}],"author":[{"embeddable":true,"href":"https:\/\/aeronoticias.com.pe\/noticiero\/wp-json\/wp\/v2\/users\/1"}],"replies":[{"embeddable":true,"href":"https:\/\/aeronoticias.com.pe\/noticiero\/wp-json\/wp\/v2\/comments?post=6797"}],"version-history":[{"count":0,"href":"https:\/\/aeronoticias.com.pe\/noticiero\/wp-json\/wp\/v2\/posts\/6797\/revisions"}],"wp:attachment":[{"href":"https:\/\/aeronoticias.com.pe\/noticiero\/wp-json\/wp\/v2\/media?parent=6797"}],"wp:term":[{"taxonomy":"category","embeddable":true,"href":"https:\/\/aeronoticias.com.pe\/noticiero\/wp-json\/wp\/v2\/categories?post=6797"},{"taxonomy":"post_tag","embeddable":true,"href":"https:\/\/aeronoticias.com.pe\/noticiero\/wp-json\/wp\/v2\/tags?post=6797"}],"curies":[{"name":"wp","href":"https:\/\/api.w.org\/{rel}","templated":true}]}}