{"id":6799,"date":"2009-11-16T14:02:05","date_gmt":"2009-11-16T14:02:05","guid":{"rendered":"http:\/\/desarrollo.mcvicious.com\/aero2020\/2009\/11\/16\/chavez-le-pidio-al-presidente-estadounidense-que-renuncie-al-premio-nobel-de-la-paz\/"},"modified":"2009-11-16T14:02:05","modified_gmt":"2009-11-16T14:02:05","slug":"chavez-le-pidio-al-presidente-estadounidense-que-renuncie-al-premio-nobel-de-la-paz","status":"publish","type":"post","link":"https:\/\/aeronoticias.com.pe\/noticiero\/internacionales\/chavez-le-pidio-al-presidente-estadounidense-que-renuncie-al-premio-nobel-de-la-paz\/","title":{"rendered":"CH\u00c1VEZ LE PIDI\u00d3 AL PRESIDENTE ESTADOUNIDENSE QUE RENUNCIE AL PREMIO NOBEL DE LA PAZ"},"content":{"rendered":"<div style=\"text-align: justify\">El presidente de Venezuela, Hugo Ch\u00e1vez, ratificando su acusaci\u00f3n de que Estados Unidos est\u00e1 preparando una \u00abguerra\u00bb contra Venezuela mediante la utilizaci\u00f3n de Colombia como una \u00abgran base\u00bb de operaciones, -por lo que sostuvo, est\u00e1 obligado a llamar a sus conciudadanos a armarse para la defensa- afirm\u00f3 en las \u00faltimas horas que su colega de Estados Unidos, Barack Obama, deber\u00eda renunciar al Premio Nobel de la Paz, pues el acuerdo para que tropas estadounidenses usen bases militares colombianas es incompatible con la aceptaci\u00f3n del galard\u00f3n.<\/div>\n<div style=\"text-align: justify\"><\/div>\n<div style=\"text-align: justify\">Seg\u00fan el parecer de Obama: \u201cEl gobierno de Estados Unidos es el campe\u00f3n del cinismo\u201d y deber\u00eda renunciar a recibir el Premio Nobel de la Paz, manifest\u00f3 Ch\u00e1vez: \u00a1Obama esta mandando m\u00e1s tropas a Afganist\u00e1n, que por cierto est\u00e1n entrampados, a Paquist\u00e1n y en Irak ni se diga, siguen matando ni\u00f1os y mujeres, el golpe en Honduras lo est\u00e1n apoyando y montaron una gran farsa para legitimar las elecciones y seguro que van a reconocer unas elecciones que no tendr\u00e1n ninguna legitimidad\u00bb.\u00a0<\/div>\n<div style=\"text-align: justify\">\n<div style=\"text-align: center\"><img decoding=\"async\" src=\"images\/stories\/09\/11\/161109\/chavez.jpg\" border=\"0\" alt=\"CH\u00c1VEZ LE PIDI\u00d3 AL PRESIDENTE ESTADOUNIDENSE QUE RENUNCIE AL PREMIO NOBEL DE LA PAZ\" title=\"CH\u00c1VEZ LE PIDI\u00d3 AL PRESIDENTE ESTADOUNIDENSE QUE RENUNCIE AL PREMIO NOBEL DE LA PAZ\" \/><\/div>\n<\/div>\n<div style=\"text-align: justify\">Adem\u00e1s, reiter\u00f3 Ch\u00e1vez que no aceptar\u00e1 una mediaci\u00f3n sudamericana o europea para reducir las tensiones en la frontera entre Venezuela y Colombia, pues se trata de un problema de soberan\u00eda y sobre este tema no se discute nada.\u00a0<\/div>\n<div style=\"text-align: justify\"><\/div>\n<div style=\"text-align: justify\">\u00abLa soberan\u00eda no se discute, no hay nada que discutir y exigimos al gobierno de Estados Unidos que d\u00e9 demostraciones de paz, al presidente Obama que vino a Trinidad (en la Cumbre de las Am\u00e9ricas en abril), se acerc\u00f3 a saludarnos, hablamos y dio un discurso prometiendo cambio\u00bb, dijo.\u00a0<\/div>\n<div style=\"text-align: justify\"><\/div>\n<div style=\"text-align: justify\">\u00ab\u00bfCu\u00e1l cambio? \u00bfEl golpe en Honduras, las bases en Colombia, la IV Flota (naval estadounidense por el Caribe)? Es una amenaza a la paz en Am\u00e9rica latina. Nosotros hemos declarado a Am\u00e9rica latina y a Venezuela zonas de paz, no queremos guerra. La guerra nuestra es contra el hambre, la inseguridad y el crimen\u00bb.\u00a0<\/div>\n<div style=\"text-align: justify\"><\/div>\n<div style=\"text-align: justify\">Asimismo, Ch\u00e1vez reiter\u00f3 su acusaci\u00f3n de que Estados Unidos est\u00e1 preparando una guerra contra Venezuela. \u00abEs la guerra que ellos est\u00e1n preparando contra Sudam\u00e9rica: el gobierno de Obama, vi\u00e9ndose en pelotas, se est\u00e1 tapando con una hoja de parra, diciendo que las bases en Colombia son contra el narcotr\u00e1fico y el terrorismo y que no se amenaza a ning\u00fan pa\u00eds de Sudam\u00e9rica\u00bb, se\u00f1al\u00f3. \u00abEst\u00e1n tratando de tapar la verdad; la verdad es que est\u00e1n montando equipos de guerra\u00bb, a\u00f1adi\u00f3.<\/div>\n<div style=\"text-align: justify\"><\/div>\n<div style=\"text-align: justify\"><strong>Aeronoticias<\/strong> considera que \u2013como de costumbre- hemos de analizar punto por punto las graves acusaciones del mandatario Venezolano, quien \u2013como ya es habitual- hace uso de su verborragia para soltar cuanto vilipendio se le viene a la cabeza, por lo que es necesario comprobar que de cierto tienen sus palabras ya que hablamos de pol\u00edticas que implican pa\u00edses enteros y derecho internacional que podr\u00eda poner en peligro la paz mundial.<\/div>\n<div style=\"text-align: justify\"><\/div>\n","protected":false},"excerpt":{"rendered":"<p>El presidente de Venezuela, Hugo Ch\u00e1vez, ratificando su acusaci\u00f3n de que Estados Unidos est\u00e1 preparando una \u00abguerra\u00bb contra Venezuela mediante la utilizaci\u00f3n de Colombia como una \u00abgran base\u00bb de operaciones, -por lo que sostuvo, est\u00e1 obligado a llamar a sus conciudadanos a armarse para la defensa- afirm\u00f3 en las \u00faltimas horas que su colega de [&hellip;]<\/p>\n","protected":false},"author":1,"featured_media":0,"comment_status":"open","ping_status":"open","sticky":false,"template":"","format":"standard","meta":{"tdm_status":"","tdm_grid_status":"","footnotes":""},"categories":[34],"tags":[],"class_list":{"0":"post-6799","1":"post","2":"type-post","3":"status-publish","4":"format-standard","6":"category-internacionales"},"yoast_head":"<!-- This site is optimized with the Yoast SEO plugin v25.1 - https:\/\/yoast.com\/wordpress\/plugins\/seo\/ -->\n<title>CH\u00c1VEZ LE PIDI\u00d3 AL PRESIDENTE ESTADOUNIDENSE QUE RENUNCIE AL PREMIO NOBEL DE LA PAZ<\/title>\n<meta name=\"description\" content=\"Portal de noticias del Per\u00fa sobre el transporte a\u00e9reo, aviaci\u00f3n, turismo, hoteleria, actualidad.\" \/>\n<meta name=\"robots\" content=\"index, follow, max-snippet:-1, max-image-preview:large, max-video-preview:-1\" \/>\n<link rel=\"canonical\" href=\"https:\/\/aeronoticias.com.pe\/noticiero\/internacionales\/chavez-le-pidio-al-presidente-estadounidense-que-renuncie-al-premio-nobel-de-la-paz\/\" \/>\n<meta property=\"og:locale\" content=\"es_ES\" \/>\n<meta property=\"og:type\" content=\"article\" \/>\n<meta property=\"og:title\" content=\"CH\u00c1VEZ LE PIDI\u00d3 AL PRESIDENTE ESTADOUNIDENSE QUE RENUNCIE AL PREMIO NOBEL DE LA PAZ\" \/>\n<meta property=\"og:description\" content=\"Portal de noticias del Per\u00fa sobre el transporte a\u00e9reo, aviaci\u00f3n, turismo, hoteleria, actualidad.\" \/>\n<meta property=\"og:url\" content=\"https:\/\/aeronoticias.com.pe\/noticiero\/internacionales\/chavez-le-pidio-al-presidente-estadounidense-que-renuncie-al-premio-nobel-de-la-paz\/\" \/>\n<meta property=\"og:site_name\" content=\"Aeronoticias.com.pe\" \/>\n<meta property=\"article:publisher\" content=\"https:\/\/www.facebook.com\/Aeronoticias.com.pe\/\" \/>\n<meta property=\"article:published_time\" content=\"2009-11-16T14:02:05+00:00\" \/>\n<meta name=\"author\" content=\"Redacci\u00f3n Aeronoticias\" \/>\n<meta name=\"twitter:card\" content=\"summary_large_image\" \/>\n<meta name=\"twitter:creator\" content=\"@aeronoticias\" \/>\n<meta name=\"twitter:site\" content=\"@aeronoticias\" \/>\n<meta name=\"twitter:label1\" content=\"Escrito por\" \/>\n\t<meta name=\"twitter:data1\" content=\"Redacci\u00f3n Aeronoticias\" \/>\n\t<meta name=\"twitter:label2\" content=\"Tiempo de lectura\" \/>\n\t<meta name=\"twitter:data2\" content=\"2 minutos\" \/>\n<script type=\"application\/ld+json\" class=\"yoast-schema-graph\">{\"@context\":\"https:\/\/schema.org\",\"@graph\":[{\"@type\":\"WebPage\",\"@id\":\"https:\/\/aeronoticias.com.pe\/noticiero\/internacionales\/chavez-le-pidio-al-presidente-estadounidense-que-renuncie-al-premio-nobel-de-la-paz\/\",\"url\":\"https:\/\/aeronoticias.com.pe\/noticiero\/internacionales\/chavez-le-pidio-al-presidente-estadounidense-que-renuncie-al-premio-nobel-de-la-paz\/\",\"name\":\"CH\u00c1VEZ LE PIDI\u00d3 AL PRESIDENTE ESTADOUNIDENSE QUE RENUNCIE AL PREMIO NOBEL DE LA PAZ\",\"isPartOf\":{\"@id\":\"https:\/\/aeronoticias.com.pe\/noticiero\/#website\"},\"datePublished\":\"2009-11-16T14:02:05+00:00\",\"author\":{\"@id\":\"https:\/\/aeronoticias.com.pe\/noticiero\/#\/schema\/person\/fc1e5d578f4b62ba1cf7ac2bba1170a0\"},\"description\":\"Portal de noticias del Per\u00fa sobre el transporte a\u00e9reo, aviaci\u00f3n, turismo, hoteleria, actualidad.\",\"breadcrumb\":{\"@id\":\"https:\/\/aeronoticias.com.pe\/noticiero\/internacionales\/chavez-le-pidio-al-presidente-estadounidense-que-renuncie-al-premio-nobel-de-la-paz\/#breadcrumb\"},\"inLanguage\":\"es\",\"potentialAction\":[{\"@type\":\"ReadAction\",\"target\":[\"https:\/\/aeronoticias.com.pe\/noticiero\/internacionales\/chavez-le-pidio-al-presidente-estadounidense-que-renuncie-al-premio-nobel-de-la-paz\/\"]}]},{\"@type\":\"BreadcrumbList\",\"@id\":\"https:\/\/aeronoticias.com.pe\/noticiero\/internacionales\/chavez-le-pidio-al-presidente-estadounidense-que-renuncie-al-premio-nobel-de-la-paz\/#breadcrumb\",\"itemListElement\":[{\"@type\":\"ListItem\",\"position\":1,\"name\":\"Portada\",\"item\":\"https:\/\/aeronoticias.com.pe\/noticiero\/\"},{\"@type\":\"ListItem\",\"position\":2,\"name\":\"CH\u00c1VEZ LE PIDI\u00d3 AL PRESIDENTE ESTADOUNIDENSE QUE RENUNCIE AL PREMIO NOBEL DE LA PAZ\"}]},{\"@type\":\"WebSite\",\"@id\":\"https:\/\/aeronoticias.com.pe\/noticiero\/#website\",\"url\":\"https:\/\/aeronoticias.com.pe\/noticiero\/\",\"name\":\"Aeronoticias.com.pe\",\"description\":\"Noticias de tranporte aereo, turismo, hoteles, gastronomia, actualidad, internacional\",\"potentialAction\":[{\"@type\":\"SearchAction\",\"target\":{\"@type\":\"EntryPoint\",\"urlTemplate\":\"https:\/\/aeronoticias.com.pe\/noticiero\/?s={search_term_string}\"},\"query-input\":{\"@type\":\"PropertyValueSpecification\",\"valueRequired\":true,\"valueName\":\"search_term_string\"}}],\"inLanguage\":\"es\"},{\"@type\":\"Person\",\"@id\":\"https:\/\/aeronoticias.com.pe\/noticiero\/#\/schema\/person\/fc1e5d578f4b62ba1cf7ac2bba1170a0\",\"name\":\"Redacci\u00f3n Aeronoticias\",\"url\":\"https:\/\/aeronoticias.com.pe\/noticiero\/author\/piloto\/\"}]}<\/script>\n<!-- \/ Yoast SEO plugin. -->","yoast_head_json":{"title":"CH\u00c1VEZ LE PIDI\u00d3 AL PRESIDENTE ESTADOUNIDENSE QUE RENUNCIE AL PREMIO NOBEL DE LA PAZ","description":"Portal de noticias del Per\u00fa sobre el transporte a\u00e9reo, aviaci\u00f3n, turismo, hoteleria, actualidad.","robots":{"index":"index","follow":"follow","max-snippet":"max-snippet:-1","max-image-preview":"max-image-preview:large","max-video-preview":"max-video-preview:-1"},"canonical":"https:\/\/aeronoticias.com.pe\/noticiero\/internacionales\/chavez-le-pidio-al-presidente-estadounidense-que-renuncie-al-premio-nobel-de-la-paz\/","og_locale":"es_ES","og_type":"article","og_title":"CH\u00c1VEZ LE PIDI\u00d3 AL PRESIDENTE ESTADOUNIDENSE QUE RENUNCIE AL PREMIO NOBEL DE LA PAZ","og_description":"Portal de noticias del Per\u00fa sobre el transporte a\u00e9reo, aviaci\u00f3n, turismo, hoteleria, actualidad.","og_url":"https:\/\/aeronoticias.com.pe\/noticiero\/internacionales\/chavez-le-pidio-al-presidente-estadounidense-que-renuncie-al-premio-nobel-de-la-paz\/","og_site_name":"Aeronoticias.com.pe","article_publisher":"https:\/\/www.facebook.com\/Aeronoticias.com.pe\/","article_published_time":"2009-11-16T14:02:05+00:00","author":"Redacci\u00f3n Aeronoticias","twitter_card":"summary_large_image","twitter_creator":"@aeronoticias","twitter_site":"@aeronoticias","twitter_misc":{"Escrito por":"Redacci\u00f3n Aeronoticias","Tiempo de lectura":"2 minutos"},"schema":{"@context":"https:\/\/schema.org","@graph":[{"@type":"WebPage","@id":"https:\/\/aeronoticias.com.pe\/noticiero\/internacionales\/chavez-le-pidio-al-presidente-estadounidense-que-renuncie-al-premio-nobel-de-la-paz\/","url":"https:\/\/aeronoticias.com.pe\/noticiero\/internacionales\/chavez-le-pidio-al-presidente-estadounidense-que-renuncie-al-premio-nobel-de-la-paz\/","name":"CH\u00c1VEZ LE PIDI\u00d3 AL PRESIDENTE ESTADOUNIDENSE QUE RENUNCIE AL PREMIO NOBEL DE LA PAZ","isPartOf":{"@id":"https:\/\/aeronoticias.com.pe\/noticiero\/#website"},"datePublished":"2009-11-16T14:02:05+00:00","author":{"@id":"https:\/\/aeronoticias.com.pe\/noticiero\/#\/schema\/person\/fc1e5d578f4b62ba1cf7ac2bba1170a0"},"description":"Portal de noticias del Per\u00fa sobre el transporte a\u00e9reo, aviaci\u00f3n, turismo, hoteleria, actualidad.","breadcrumb":{"@id":"https:\/\/aeronoticias.com.pe\/noticiero\/internacionales\/chavez-le-pidio-al-presidente-estadounidense-que-renuncie-al-premio-nobel-de-la-paz\/#breadcrumb"},"inLanguage":"es","potentialAction":[{"@type":"ReadAction","target":["https:\/\/aeronoticias.com.pe\/noticiero\/internacionales\/chavez-le-pidio-al-presidente-estadounidense-que-renuncie-al-premio-nobel-de-la-paz\/"]}]},{"@type":"BreadcrumbList","@id":"https:\/\/aeronoticias.com.pe\/noticiero\/internacionales\/chavez-le-pidio-al-presidente-estadounidense-que-renuncie-al-premio-nobel-de-la-paz\/#breadcrumb","itemListElement":[{"@type":"ListItem","position":1,"name":"Portada","item":"https:\/\/aeronoticias.com.pe\/noticiero\/"},{"@type":"ListItem","position":2,"name":"CH\u00c1VEZ LE PIDI\u00d3 AL PRESIDENTE ESTADOUNIDENSE QUE RENUNCIE AL PREMIO NOBEL DE LA PAZ"}]},{"@type":"WebSite","@id":"https:\/\/aeronoticias.com.pe\/noticiero\/#website","url":"https:\/\/aeronoticias.com.pe\/noticiero\/","name":"Aeronoticias.com.pe","description":"Noticias de tranporte aereo, turismo, hoteles, gastronomia, actualidad, internacional","potentialAction":[{"@type":"SearchAction","target":{"@type":"EntryPoint","urlTemplate":"https:\/\/aeronoticias.com.pe\/noticiero\/?s={search_term_string}"},"query-input":{"@type":"PropertyValueSpecification","valueRequired":true,"valueName":"search_term_string"}}],"inLanguage":"es"},{"@type":"Person","@id":"https:\/\/aeronoticias.com.pe\/noticiero\/#\/schema\/person\/fc1e5d578f4b62ba1cf7ac2bba1170a0","name":"Redacci\u00f3n Aeronoticias","url":"https:\/\/aeronoticias.com.pe\/noticiero\/author\/piloto\/"}]}},"_links":{"self":[{"href":"https:\/\/aeronoticias.com.pe\/noticiero\/wp-json\/wp\/v2\/posts\/6799","targetHints":{"allow":["GET"]}}],"collection":[{"href":"https:\/\/aeronoticias.com.pe\/noticiero\/wp-json\/wp\/v2\/posts"}],"about":[{"href":"https:\/\/aeronoticias.com.pe\/noticiero\/wp-json\/wp\/v2\/types\/post"}],"author":[{"embeddable":true,"href":"https:\/\/aeronoticias.com.pe\/noticiero\/wp-json\/wp\/v2\/users\/1"}],"replies":[{"embeddable":true,"href":"https:\/\/aeronoticias.com.pe\/noticiero\/wp-json\/wp\/v2\/comments?post=6799"}],"version-history":[{"count":0,"href":"https:\/\/aeronoticias.com.pe\/noticiero\/wp-json\/wp\/v2\/posts\/6799\/revisions"}],"wp:attachment":[{"href":"https:\/\/aeronoticias.com.pe\/noticiero\/wp-json\/wp\/v2\/media?parent=6799"}],"wp:term":[{"taxonomy":"category","embeddable":true,"href":"https:\/\/aeronoticias.com.pe\/noticiero\/wp-json\/wp\/v2\/categories?post=6799"},{"taxonomy":"post_tag","embeddable":true,"href":"https:\/\/aeronoticias.com.pe\/noticiero\/wp-json\/wp\/v2\/tags?post=6799"}],"curies":[{"name":"wp","href":"https:\/\/api.w.org\/{rel}","templated":true}]}}