{"id":67999,"date":"2020-12-21T10:45:00","date_gmt":"2020-12-21T15:45:00","guid":{"rendered":"https:\/\/aeronoticias.com.pe\/noticiero\/?p=67999"},"modified":"2020-12-21T10:47:22","modified_gmt":"2020-12-21T15:47:22","slug":"presidente-belaunde-en-1983-le-quito-3-quintas-libertades-a-lan-chile","status":"publish","type":"post","link":"https:\/\/aeronoticias.com.pe\/noticiero\/transporte-aereo\/presidente-belaunde-en-1983-le-quito-3-quintas-libertades-a-lan-chile\/","title":{"rendered":"Presidente Belaunde en 1983 le quit\u00f3 3 Quintas Libertades a LAN Chile"},"content":{"rendered":"\n<p><strong>(Aeronoticias)<\/strong> Sumergi\u00e9ndonos en la historia del Derecho A\u00e9reo peruano, recordamos que en 1983, el gobierno del Presidente Fernando Belaunde Terry, cancel\u00f3 las 3 Quintas Libertades que por permiso de operaciones ten\u00eda LAN Chile en la ruta Santiago-Lima-Nueva York. <\/p>\n\n\n\n<p>El Comit\u00e9 Consultivo de Aeron\u00e1utica Civil del Ministerio de Transportes que integraba en representaci\u00f3n del Despacho Ministerial, el Abogado Juli\u00e1n Palacin Fern\u00e1ndez, que aconsejaron esta decisi\u00f3n, sugirieron al gobierno de la \u00e9poca que estas 3 frecuencias m\u00e1s una, que no se estaba utilizando dentro del Convenio a\u00e9reo Per\u00fa-USA y en un total de 4, dos frecuencias se las entregaron a Aeroper\u00fa y 2 frecuencias a Faucett, que de esta forma inici\u00f3 sus vuelos directos de Lima-Miami-Lima.<\/p>\n\n\n\n<p>Hasta 1985, los principios de Pol\u00edtica a\u00e9rea que se desarrollaron en virtud del documento gubernamental de Pol\u00edtica a\u00e9rea, elaborado por el mandato de la Resoluci\u00f3n Suprema 0080-83-TC y dentro de un contexto en donde el gobierno hab\u00eda puesto en vigencia el Decreto Legislativo N\u00ba 75 de Inversi\u00f3n y Reinversi\u00f3n de la empresas de aviaci\u00f3n peruanas, el parque a\u00e9reo aument\u00f3 y el 100% del mercado dom\u00e9stico e internacional eran manejados por empresas de aviaci\u00f3n peruanas y todo lo que produc\u00eda econ\u00f3micamente la venta de billetes de pasajes por el mercado de cabotaje y las rutas internacionales del Per\u00fa, ingresaban a la econom\u00eda peruana.<\/p>\n\n\n\n<figure class=\"wp-block-embed-youtube wp-block-embed is-type-video is-provider-youtube wp-embed-aspect-4-3 wp-has-aspect-ratio\"><div class=\"wp-block-embed__wrapper\">\n<div class=\"youtube-embed\" data-video_id=\"iDCOAwMs1DM\"><iframe loading=\"lazy\" title=\"Conferencia de Juli\u00e1n Palac\u00edn en el Ministerio de Relaci\u00f3n Exteriores (05\/04\/2013)\" width=\"696\" height=\"522\" src=\"https:\/\/www.youtube.com\/embed\/iDCOAwMs1DM?feature=oembed&#038;enablejsapi=1&#038;enablejsapi=1\" frameborder=\"0\" allow=\"accelerometer; autoplay; clipboard-write; encrypted-media; gyroscope; picture-in-picture\" allowfullscreen><\/iframe><\/div>\n<\/div><\/figure>\n\n\n\n<p>Todo empez\u00f3 a cambiar en 1988, la hiperinflaci\u00f3n, la Ley 24882 y ya en la d\u00e9cada de los 90, el liberalismo econ\u00f3mico que aplicaba a la aviaci\u00f3n no tuvo en cuenta el derecho de cabotaje consagrado en el Art\u00edculo 7 del Convenio de Chicago.<\/p>\n\n\n\n<p>A finales de los 90, Continental Airlines lleg\u00f3 al Per\u00fa y quiso comprar el 75% de las acciones de Aeroper\u00fa que estaba en liquidaci\u00f3n y quiebra, pero el gobierno de la \u00e9poca que sab\u00eda de la inversi\u00f3n en 36 aeronaves Boeing 737 y 757 y similares dijo no y las rutas de Aeroper\u00fa se las entregaron a la creada LAN Per\u00fa y TACA Per\u00fa, hoy LATAM y AVIANCA, que el 20 a\u00f1os han tenido el dominio de las rutas internacionales del Per\u00fa, especialmente LATAM que opera en Quintas Libertades dominando el mercado norteamericano desde Lima y haci\u00e9ndole competencia a las mismas supuestas empresas de aviaci\u00f3n peruanas que operar\u00eda con el 30% del capital nacional. <a href=\"https:\/\/lta.reuters.com\/article\/aerolineas-peru-propiedad-idLTAKBN28R1WC?fbclid=IwAR0cqF2VDiWWOSNeOK3kxHepAMgSGO-MEtA7i21qfspf0eiIi64e5Nhi7dE\" target=\"_blank\" rel=\"noreferrer noopener\">Las aerol\u00edneas de Per\u00fa no cumplen requisito de tener 30% de capital local, seg\u00fan documentos<\/a><\/p>\n\n\n\n<p>Lo interesante es que el Dictamen del Proyecto de Ley 6153-2020-CR de la bancada de Acci\u00f3n Popular, establece en el Art\u00edculo 5, que:<\/p>\n\n\n\n<p><strong><em>El Estado peruano ejerce soberan\u00eda completa y exclusiva sobre el espacio a\u00e9reo que cubre su territorio y mar adyacente, hasta el l\u00edmite de 200 (doscientas) millas, de conformidad con la Constituci\u00f3n Pol\u00edtica del Per\u00fa; en consecuencia, los tratados aprobados por el Congreso de la Rep\u00fablica o celebrados por el Presidente de la Rep\u00fablica de conformidad al Art. 56 y 57 de la Constituci\u00f3n o las actas o memorandas provisionales entre autoridades de Aeron\u00e1utica Civil firmadas por la DGAC, de conformidad al Art. 82 de la Ley de Aeron\u00e1utica Civil del Per\u00fa, que para entrar en vigencia requieren de la ratificaci\u00f3n del Ministro de Transportes y Comunicaciones y del cumplimiento de dichos art\u00edculos de la Constituci\u00f3n , deben intercambiar derechos aerocomerciales gobernados por el principio de la reciprocidad real y efectiva, con los pa\u00edses del mundo, de conformidad al Art. 98 de la Ley 27261 .<\/em><\/strong><br><br><strong><em>A partir de la vigencia de esta Ley quedan sin efecto las Resoluciones Administrativas del Ministerio de Transportes y Comunicaciones (MTC) que ratificaron las actas o memorandas de entendimiento firmadas entre las autoridades de Aeron\u00e1utica Civil del Per\u00fa con Chile del 22 de marzo del 2007 aprobada por Resoluci\u00f3n Ministerial 147-2007-MTC 02 del 23 de Marzo del 2007 y del 7 de Abril del 2011 aprobada por Resoluci\u00f3n Ministerial N\u00ba 412-2011-MTC\/02 en donde por acto administrativo se otorgaron sin reciprocidad real y efectiva segmentos de quinta libertad a este pa\u00eds , asimismo, queda sin efecto el acta o memoranda de entendimiento firmada por el Director General de Aeron\u00e1utica Civil del Per\u00fa del 17 de Julio de 2019 con Colombia en donde se le entregan quintas libertades a este pa\u00eds, sin reciprocidad real y efectiva.<\/em><\/strong><\/p>\n\n\n\n<figure class=\"wp-block-embed-youtube wp-block-embed is-type-video is-provider-youtube wp-embed-aspect-16-9 wp-has-aspect-ratio\"><div class=\"wp-block-embed__wrapper\">\n<div class=\"youtube-embed\" data-video_id=\"ELFqadkbs_U\"><iframe loading=\"lazy\" title=\"El discurso mas Nacionalista de la Historia del Derecho A\u00e9reo Peruano, Julian Palacin Fernandez\" width=\"696\" height=\"392\" src=\"https:\/\/www.youtube.com\/embed\/ELFqadkbs_U?feature=oembed&#038;enablejsapi=1&#038;enablejsapi=1\" frameborder=\"0\" allow=\"accelerometer; autoplay; clipboard-write; encrypted-media; gyroscope; picture-in-picture\" allowfullscreen><\/iframe><\/div>\n<\/div><\/figure>\n\n\n\n<p>La supresi\u00f3n de Quintas Libertades a favor de Colombia, Chile y Brasil, implican vol\u00famenes de 5 mil millones de d\u00f3lares por a\u00f1o, que forzar\u00edan a sus filiales que operan como peruanas a operarlas en terceras y curtas libertades para no perder el mercado, pero esto originar\u00eda m\u00e1s trabajo para pilotos, tripulantes auxiliares, trabajadores mec\u00e1nicos y trabajadores aeron\u00e1uticos peruanos.<\/p>\n\n\n\n<p>Si el Per\u00fa consolida en los pr\u00f3ximos a\u00f1os una L\u00ednea A\u00e9rea de Bandera con capitales privados y con una participaci\u00f3n m\u00ednima del Estado en un 20% sin inversi\u00f3n o gasto p\u00fablico alguno, como dice el Dictamen 6153-2020-CR de la Comisi\u00f3n de Transportes del Congreso de la Rep\u00fablica, al 2050 m\u00e1s del 50% de lo que produce nuestro Espacio a\u00e9reo, ingresar\u00eda a la econom\u00eda peruana y no como ha venido ocurriendo en los \u00faltimos 20 a\u00f1os en que nos convirtieron en una Colonia aerocomercial de Chile y Colombia.<\/p>\n\n\n\n<figure class=\"wp-block-embed-youtube wp-block-embed is-type-video is-provider-youtube wp-embed-aspect-4-3 wp-has-aspect-ratio\"><div class=\"wp-block-embed__wrapper\">\n<div class=\"youtube-embed\" data-video_id=\"MMhxE1BHcSE\"><iframe loading=\"lazy\" title=\"Conferencia en la Academia Diplom\u00e1tica del Per\u00fa sobre la aerol\u00ednea de bandera (12\/12\/12)\" width=\"696\" height=\"522\" src=\"https:\/\/www.youtube.com\/embed\/MMhxE1BHcSE?feature=oembed&#038;enablejsapi=1&#038;enablejsapi=1\" frameborder=\"0\" allow=\"accelerometer; autoplay; clipboard-write; encrypted-media; gyroscope; picture-in-picture\" allowfullscreen><\/iframe><\/div>\n<\/div><\/figure>\n\n\n\n<p>Estos objetivos geopol\u00edticos de recuperar la Soberan\u00eda en el espacio a\u00e9reo son una agenda del Bicentenario y de los patriotas de las nuevas generaciones de peruanos, que tendr\u00e1n que dar la batalla ideol\u00f3gica, pol\u00edtica, econ\u00f3mica y jur\u00eddica, emulando al Presidente Fernando Belaunde Terry que en 1983, defendiendo la Soberan\u00eda nacional y las empresas de aviaci\u00f3n peruanas, orden\u00f3 que se le quiten 3 Quintas Libertades a LAN Chile.<\/p>\n\n\n\n<p>Esa es la historia y la Doctrina peruana de Derecho a\u00e9reo del Instituto Peruano de Derecho A\u00e9reo que se prepara en las pr\u00f3ximas d\u00e9cadas para defender estos principios contra los grupos econ\u00f3micos de poder y sus alianzas con medios de comunicaci\u00f3n. La defensa de la Soberan\u00eda a\u00e9rea del Per\u00fa y los derechos de todos los peruanos a tener una L\u00ednea A\u00e9rea de Bandera de bajo costo concept\u00faa que los recursos econ\u00f3micos que se producen por la explotaci\u00f3n y uso del espacio a\u00e9reo, ingresen a la econom\u00eda peruana y tengamos mil aeronaves de nacionalidad y matr\u00edcula peruana, y ese ser\u00e1 el norte a seguir, nosotros respetamos a los ciudadanos peruanos que se oponen y que defienden los intereses privados del cuasi monopolio a\u00e9reo y los derechos de Chile y Colombia a trav\u00e9s de sus L\u00edneas a\u00e9reas de bandera, para que sigan gobernando econ\u00f3micamente el espacio a\u00e9reo peruano y entendemos que no est\u00e9n de acuerdo con el Predictamen 6153-2020-CR, sin embargo nosotros seguiremos defendiendo los derechos del Per\u00fa y su futuro.<\/p>\n\n\n\n<figure class=\"wp-block-embed-youtube wp-block-embed is-type-video is-provider-youtube wp-embed-aspect-4-3 wp-has-aspect-ratio\"><div class=\"wp-block-embed__wrapper\">\n<div class=\"youtube-embed\" data-video_id=\"C5RpiHPoRmA\"><iframe loading=\"lazy\" title=\"Juli\u00e1n Palac\u00edn F. en  RPP - Programa: &quot;TODO SE SABE&quot; de Milagros Leiva  emitido el  21.02.17\" width=\"696\" height=\"522\" src=\"https:\/\/www.youtube.com\/embed\/C5RpiHPoRmA?feature=oembed&#038;enablejsapi=1&#038;enablejsapi=1\" frameborder=\"0\" allow=\"accelerometer; autoplay; clipboard-write; encrypted-media; gyroscope; picture-in-picture\" allowfullscreen><\/iframe><\/div>\n<\/div><\/figure>\n\n\n\n<p><a href=\"https:\/\/aeronoticias.com.pe\/noticiero\/la-explotacion-del-espacio-aereo-es-patrimonio-economico-de-la-nacion\/\" target=\"_blank\" rel=\"noreferrer noopener\">La utilizaci\u00f3n y uso del Espacio a\u00e9reo integran el patrimonio econ\u00f3mico de la Naci\u00f3n<\/a><\/p>\n\n\n\n<p><a href=\"https:\/\/aeronoticias.com.pe\/noticiero\/hace-26-anos-el-presidente-de-la-oaci-presento-en-lima-libro-de-jurista-peruano-julian-palacin\/\" target=\"_blank\" rel=\"noreferrer noopener\">Hace 26 a\u00f1os el Presidente de la OACI present\u00f3 en Lima, Libro de Jurista peruano Juli\u00e1n Palacin<\/a><\/p>\n\n\n\n<p><a href=\"https:\/\/aeronoticias.com.pe\/noticiero\/documento-historico-del-presidente-belaunde-sobre-nombramiento-de-juristas-que-elaboraron-el-primer-documento-de-politica-aerea-internacional\/\" target=\"_blank\" rel=\"noreferrer noopener\">Documento hist\u00f3rico del Presidente Bela\u00fande sobre nombramiento de Juristas que elaboraron el primer documento de Pol\u00edtica A\u00e9rea Internacional<\/a><\/p>\n\n\n\n<p><a href=\"https:\/\/aeronoticias.com.pe\/noticiero\/linea-aerea-de-bandera-alperu-interconectara-el-aeropuerto-de-pisco-con-el-sur-del-peru\/\" target=\"_blank\" rel=\"noreferrer noopener\">L\u00ednea A\u00e9rea de Bandera \u00abALPERU\u00bb interconectar\u00e1 el Aeropuerto de Pisco con el Sur del Per\u00fa<\/a><\/p>\n\n\n\n<p><a href=\"https:\/\/aeronoticias.com.pe\/noticiero\/sin-inversion-publica-crean-linea-aerea-de-bandera-de-bajo-costo-del-peru\/\" target=\"_blank\" rel=\"noreferrer noopener\">Sin inversi\u00f3n p\u00fablica, crean \u201cL\u00ednea A\u00e9rea de Bandera de Bajo Costo del Per\u00fa\u201d<\/a><\/p>\n\n\n\n<p><a href=\"https:\/\/aeronoticias.com.pe\/noticiero\/camara-de-turismo-y-comercio-exterior-de-paracas-capatur-apoya-al-congreso-en-el-proyecto-de-ley-de-la-linea-aerea-de-bandera-de-bajo-costo-del-peru-2\/\" target=\"_blank\" rel=\"noreferrer noopener\">C\u00e1mara de Turismo y Comercio Exterior de Paracas (CAPATUR), apoya al Congreso en el Proyecto de Ley de la L\u00ednea A\u00e9rea de Bandera de Bajo Costo del Per\u00fa<\/a><\/p>\n\n\n\n<p><a href=\"https:\/\/aeronoticias.com.pe\/noticiero\/diario-el-comercio-defendiendo-a-latam-y-sin-fundamento-juridico-continua-campana-contra-la-linea-aerea-de-bandera\/\" target=\"_blank\" rel=\"noreferrer noopener\">Diario El Comercio, defendiendo a LATAM y sin fundamento jur\u00eddico, contin\u00faa campa\u00f1a contra la L\u00ednea A\u00e9rea de Bandera<\/a><\/p>\n\n\n\n<p><a href=\"https:\/\/aeronoticias.com.pe\/noticiero\/julian-palacin-existen-razones-de-seguridad-defensa-nacional-y-de-desarrollo-economico-que-exigen-terminar-con-los-privilegios-que-le-hemos-otorgado-a-chile-en-nuestro-espacio-aereo\/\" target=\"_blank\" rel=\"noreferrer noopener\">Julian Palacin: Existen razones de Seguridad, Defensa Nacional y de Desarrollo Econ\u00f3mico que exigen terminar con los privilegios que le hemos otorgado a Chile en nuestro Espacio a\u00e9reo<\/a><\/p>\n\n\n\n<p><a href=\"https:\/\/aeronoticias.com.pe\/noticiero\/en-gaceta-juridica-la-ley-enriquecen-la-doctrina-del-dictamen-6153-2020-cr-que-crea-la-linea-aerea-de-bandera-de-bajo-costo-del-peru\/\" target=\"_blank\" rel=\"noreferrer noopener\">En Gaceta Jur\u00eddica La Ley, enriquecen la Doctrina del Dictamen 6153-2020-CR que crea la L\u00ednea A\u00e9rea de Bandera de Bajo Costo del Per\u00fa<\/a><\/p>\n\n\n\n<p><a href=\"https:\/\/aeronoticias.com.pe\/noticiero\/defendiendo-su-interes-privado-en-latam-diario-el-comercio-continua-campana-contra-la-linea-aerea-de-bandera-del-peru\/\" target=\"_blank\" rel=\"noreferrer noopener\">Defendiendo su inter\u00e9s privado en LATAM, Diario El Comercio contin\u00faa campa\u00f1a contra la L\u00ednea A\u00e9rea de Bandera del Per\u00fa<\/a><\/p>\n\n\n\n<p><a href=\"https:\/\/aeronoticias.com.pe\/noticiero\/julian-palacin-intereses-privados-se-oponen-al-dictamen-6153-2020-cr-de-la-comision-de-transportes-del-congreso-para-no-perder-privilegios-de-latam-en-el-espacio-aereo-peruano\/\" target=\"_blank\" rel=\"noreferrer noopener\">Julian Palacin: Intereses privados se oponen al Dictamen 6153-2020-CR de la Comisi\u00f3n de Transportes del Congreso para no perder privilegios de LATAM en el espacio a\u00e9reo peruano<\/a><\/p>\n\n\n\n<p><a href=\"https:\/\/aeronoticias.com.pe\/noticiero\/congresistas-de-sp-y-fp-defendieron-la-tesis-del-cuasi-monopolio-aereo-de-latam-oponiendose-al-proyecto-de-ley-de-la-linea-aerea-de-bandera\/\" target=\"_blank\" rel=\"noreferrer noopener\">Congresistas de SP y FP defendieron la tesis del cuasi monopolio a\u00e9reo de LATAM oponi\u00e9ndose al Proyecto de Ley de la L\u00ednea A\u00e9rea de Bandera<\/a><\/p>\n\n\n\n<p><a href=\"https:\/\/aeronoticias.com.pe\/noticiero\/camara-de-turismo-y-comercio-exterior-de-paracas-capatur-apoya-al-congreso-en-el-proyecto-de-ley-de-la-linea-aerea-de-bandera-de-bajo-costo-del-peru\/\" target=\"_blank\" rel=\"noreferrer noopener\">C\u00e1mara de Turismo y Comercio Exterior de Paracas (CAPATUR), apoya al Congreso en el Proyecto de Ley de la L\u00ednea A\u00e9rea de Bandera de Bajo Costo del Per\u00fa<\/a><\/p>\n\n\n\n<p><a href=\"https:\/\/aeronoticias.com.pe\/noticiero\/el-comercio-contra-el-peru-o-contra-alperu\/\" target=\"_blank\" rel=\"noreferrer noopener\">\u00bfEl Comercio contra el Per\u00fa o contra ALPERU?<\/a><\/p>\n\n\n\n<p><a href=\"https:\/\/aeronoticias.com.pe\/noticiero\/julian-palacin-canatur-defiende-los-intereses-privados-de-latam-al-oponerse-a-la-linea-aerea-de-bandera-de-bajo-costo-del-peru\/\" target=\"_blank\" rel=\"noreferrer noopener\">Julian Palacin: CANATUR defiende los intereses privados de LATAM al oponerse a la L\u00ednea A\u00e9rea de Bandera de Bajo Costo del Per\u00fa<\/a><\/p>\n\n\n\n<p><a href=\"https:\/\/aeronoticias.com.pe\/noticiero\/aetai-latam-a-traves-del-diario-peru-21-se-oponen-al-proyecto-de-ley-6153-2020-cr-que-crea-la-linea-aerea-de-bandera-de-bajo-costo-del-peru\/\" target=\"_blank\" rel=\"noreferrer noopener\">AETAI-LATAM a trav\u00e9s del Diario Per\u00fa 21 se oponen al Proyecto de Ley 6153-2020-CR que crea la L\u00ednea A\u00e9rea de Bandera de Bajo Costo del Per\u00fa<\/a><\/p>\n\n\n\n<p><a href=\"https:\/\/aeronoticias.com.pe\/noticiero\/obra-de-teleferico-de-lima-utiliza-modelo-del-pl-de-linea-de-bandera-bajo-la-modalidad-de-app\/\" target=\"_blank\" rel=\"noreferrer noopener\">Obra de telef\u00e9rico de Lima utiliza modelo del PL de L\u00ednea A\u00e9rea de Bandera bajo la modalidad de APP<\/a><\/p>\n\n\n\n<p><a href=\"http:\/\/diario%20el%20comercio%20defendiendo%20a%20la%20chilena%20latam%2C%20se%20opone%20a%20proyecto%20de%20ley%20que%20crea%20la%20l%C3%ADnea%20a%C3%A9rea%20de%20bandera%20de%20bajo%20costo%20del%20per%C3%BA\/\" target=\"_blank\" rel=\"noreferrer noopener\">Diario El Comercio defendiendo a la chilena LATAM, se opone a Proyecto de Ley que crea la L\u00ednea A\u00e9rea de Bandera de bajo costo del Per\u00fa<\/a><\/p>\n\n\n\n<p><a href=\"https:\/\/aeronoticias.com.pe\/noticiero\/wp-content\/uploads\/2020\/11\/CARTA-NOTARIAL-AETAI-23NOV20.pdf\" target=\"_blank\" rel=\"noreferrer noopener\">VER CARTA NOTARIAL DE LA APEA A LA AETAI<\/a><\/p>\n\n\n\n<p><a href=\"https:\/\/aeronoticias.com.pe\/noticiero\/diario-chileno-se-suma-a-desesperados-defensores-de-latam-ante-avance-de-proyecto-de-linea-de-bandera-del-peru\/\" target=\"_blank\" rel=\"noreferrer noopener\">Diario chileno se suma a desesperados defensores de LATAM ante avance de proyecto de L\u00ednea de Bandera del Per\u00fa<\/a><\/p>\n\n\n\n<p><a href=\"https:\/\/aeronoticias.com.pe\/noticiero\/diario-gestion-en-defensa-de-latam-distorsiona-la-verdad-oponiendose-a-la-linea-aerea-de-bandera-de-bajo-costo-del-peru\/\" target=\"_blank\" rel=\"noreferrer noopener\">Diario Gesti\u00f3n en defensa de LATAM distorsiona la verdad oponi\u00e9ndose a la L\u00ednea A\u00e9rea de Bandera de bajo costo del Per\u00fa<\/a><\/p>\n\n\n\n<p><a href=\"https:\/\/aeronoticias.com.pe\/noticiero\/comex-defendiendo-a-latam-se-opone-al-proyecto-de-ley-de-la-linea-aerea-de-bandera-de-bajo-costo-del-peru\/\" target=\"_blank\" rel=\"noreferrer noopener\">Comex, defendiendo a LATAM, se opone al Proyecto de Ley de la L\u00ednea A\u00e9rea de Bandera de bajo costo del Per\u00fa<\/a><\/p>\n\n\n\n<p><a href=\"https:\/\/aeronoticias.com.pe\/noticiero\/apea-emplaza-a-aetai-latam-por-pretender-intervenir-en-asuntos-internos-del-peru-oponiendose-a-la-linea-aerea-de-bandera\/\" target=\"_blank\" rel=\"noreferrer noopener\">APEA emplaza a AETAI-LATAM por pretender intervenir en asuntos internos del Per\u00fa oponi\u00e9ndose a la L\u00ednea A\u00e9rea de Bandera<\/a><\/p>\n\n\n\n<p><a href=\"https:\/\/aeronoticias.com.pe\/noticiero\/latam-aetai-se-oponen-a-que-el-peru-apruebe-el-proyecto-de-ley-6153-2020-que-crea-la-linea-aerea-de-bandera-de-bajo-costo-del-peru\/\" target=\"_blank\" rel=\"noreferrer noopener\">LATAM-AETAI se oponen a que el Per\u00fa apruebe el Proyecto de Ley 6153-2020 que crea la L\u00ednea A\u00e9rea de Bandera de bajo costo del Per\u00fa<\/a><\/p>\n\n\n\n<p><a href=\"https:\/\/www.connuestroperu.com\/economia\/aviacion\/67624-la-apea-pide-al-congreso-investigar-si-latam-cumplio-con-entregar-carta-fianza-por-112-aviones-y-envia-carta-notarial-a-la-aetai-por-usar-su-nombre-para-sorprender-al-legislativo\" target=\"_blank\" rel=\"noreferrer noopener\">La APEA pide al Congreso investigar si LATAM cumpli\u00f3 con entregar carta fianza por 112 aviones y env\u00eda carta notarial a la AETAI por usar su nombre para sorprender al Legislativo<\/a><\/p>\n\n\n\n<p><a href=\"https:\/\/www.facebook.com\/CongresoPeru\/videos\/414341229739808\" target=\"_blank\" rel=\"noreferrer noopener\">VER SETIMA SESION EXTRAORDINARIA VIRTUAL DE LA COMISION DE TRANSPORTES DEL CONGRESO DE LA REPUBLICA.<\/a><\/p>\n\n\n\n<p><a href=\"https:\/\/aeronoticias.com.pe\/noticiero\/wp-content\/uploads\/2020\/11\/1.1.-2772-553340-20201117143020-4091-1.pdf\" target=\"_blank\" rel=\"noreferrer noopener\">VER INFORME LEGAL DEL JURISTA CESAR LANDA ARROYO A LA APEA, CON DIRECCION AV. JOSE PARDO 513, MIRAFLORES (DIRECCION DE LATAM), QUE LA APEA NUNCA LA RECIBIO NI PAGO HONORARIO ALGUNO Y AHORA ESTA CARTA LA PRESENTA AL CONGRESO<\/a><\/p>\n\n\n\n<p><a href=\"https:\/\/aeronoticias.com.pe\/noticiero\/wp-content\/uploads\/2020\/11\/1.-CARTA-0116-AETAI-PL-6153-2772-RU-553340-20201117142949-4110.pdf\" target=\"_blank\" rel=\"noreferrer noopener\">VER CARTA AETAI DEL 16\/11\/20 AL CONGRESISTA LUIS CARLOS SIMEON HURTADO, PRESIDENTE DE LA COMISION DE TRANSPORTES DEL CONGRESO DE LA REPUBLICA<\/a><\/p>\n\n\n\n<p><a href=\"https:\/\/aeronoticias.com.pe\/noticiero\/wp-content\/uploads\/2020\/11\/Carta-PRE-154-Pdte-Comisi%C3%B3n-de-Transportes-Opini%C3%B3n-PL-6153-LAPERU-16.11.2026616-1.pdf\" target=\"_blank\" rel=\"noreferrer noopener\">VER CARTA DE CONFIEP PRE-154\/2020 DE OPOSICION AL PROYECTO DE LEY QUE CREA LA LINEA AEREA DE BANDERA DEL PERU<\/a><\/p>\n\n\n\n<p><a href=\"https:\/\/www.youtube.com\/watch?v=RDpvgLBmnGo&amp;feature=emb_title\" target=\"_blank\" rel=\"noreferrer noopener\">RBC entrevista a Juli\u00e1n Palac\u00edn sobre la linea a\u00e9rea de bandera para el Per\u00fa<\/a><\/p>\n\n\n\n<p><a href=\"https:\/\/www.youtube.com\/watch?v=Ug1n1AzuC9I&amp;feature=emb_title\" target=\"_blank\" rel=\"noreferrer noopener\">Exposici\u00f3n de Julian Palacin en la Comisi\u00f3n de Convenios A\u00e9reos del Congreso 2015<\/a><\/p>\n\n\n\n<p><a href=\"https:\/\/www.youtube.com\/watch?v=MMhxE1BHcSE&amp;feature=emb_title\" target=\"_blank\" rel=\"noreferrer noopener\">Conferencia en la Academia Diplom\u00e1tica del Per\u00fa sobre la aerol\u00ednea de bandera (12\/12\/12)<\/a><\/p>\n\n\n\n<p><a href=\"https:\/\/www.youtube.com\/watch?v=sfcJq2xKPe8&amp;feature=emb_title\" target=\"_blank\" rel=\"noreferrer noopener\">Conferencia de Julian Palacin sobre Soberan\u00eda y Geopol\u00edtica en el grupo Basadre<\/a><br><br><a href=\"https:\/\/es.scribd.com\/doc\/192155127\/Linea-Aerea-de-Bandera\" target=\"_blank\" rel=\"noreferrer noopener\">LIBRO LINEA AEREA DE BANDERA DE BAJO COSTO<\/a><\/p>\n\n\n\n<p><a href=\"https:\/\/aeronoticias.com.pe\/noticiero\/renace-el-proyecto-de-la-linea-aerea-de-bandera-del-peru\/\" target=\"_blank\" rel=\"noreferrer noopener\">\u00bfRenace el Proyecto de la L\u00ednea A\u00e9rea de Bandera del Per\u00fa?<\/a><\/p>\n\n\n\n<p><a href=\"https:\/\/aeronoticias.com.pe\/noticiero\/comision-de-transportes-del-congreso-debate-proyecto-de-la-linea-aerea-de-bandera-del-peru-2\/\" target=\"_blank\" rel=\"noreferrer noopener\">Comisi\u00f3n de Transportes del Congreso debate Proyecto de la L\u00ednea A\u00e9rea de Bandera del Per\u00fa<\/a><\/p>\n\n\n\n<p><a href=\"https:\/\/aeronoticias.com.pe\/noticiero\/comision-de-transportes-del-congreso-postergo-debate-del-proyecto-de-ley-de-la-linea-aerea-de-bandera-del-peru\/\" target=\"_blank\" rel=\"noreferrer noopener\">Comisi\u00f3n de Transportes del Congreso posterg\u00f3 debate del Proyecto de Ley de la L\u00ednea A\u00e9rea de Bandera del Per\u00fa<\/a><\/p>\n\n\n\n<p><a href=\"https:\/\/aeronoticias.com.pe\/noticiero\/comision-de-transportes-del-congreso-debate-proyecto-de-la-linea-aerea-de-bandera-del-peru-2\/\" target=\"_blank\" rel=\"noreferrer noopener\">Comisi\u00f3n de Transportes del Congreso debate hoy Proyecto de la L\u00ednea A\u00e9rea de Bandera del Per\u00fa<\/a><\/p>\n\n\n\n<p><a href=\"https:\/\/aeronoticias.com.pe\/noticiero\/por-debate-presidencial-comision-de-transportes-suspende-tratamiento-de-proyecto-de-ley-de-linea-aerea-de-bandera\/\" target=\"_blank\" rel=\"noreferrer noopener\">Por debate Presidencial, Comisi\u00f3n de Transportes suspende tratamiento de Proyecto de Ley de L\u00ednea A\u00e9rea de Bandera<\/a><\/p>\n\n\n\n<p><a href=\"https:\/\/aeronoticias.com.pe\/noticiero\/julian-palacin-emplaza-a-latam-legal-ltd-que-se-opone-a-la-linea-aerea-de-bandera-del-peru\/\" target=\"_blank\" rel=\"noreferrer noopener\">Juli\u00e1n Palacin emplaza a LATAM LEGAL LTD, que se opone a la L\u00ednea A\u00e9rea de Bandera del Per\u00fa<\/a><\/p>\n\n\n\n<p><a href=\"https:\/\/aeronoticias.com.pe\/noticiero\/desacreditan-al-peru-por-proyecto-de-ley-de-linea-aerea-de-bandera\/?fbclid=IwAR13zEnnP1LIk6wLhFpqxwhqVO8KqhlhMZVQswmxkHutElrQyu-7SJcphU8\" target=\"_blank\" rel=\"noreferrer noopener\">Desacreditan al Per\u00fa por Proyecto de Ley de L\u00ednea A\u00e9rea de Bandera<\/a><\/p>\n\n\n\n<p><a href=\"https:\/\/aeronoticias.com.pe\/noticiero\/lexlatin-propiedad-de-latam-legal-ltd-no-le-informa-a-sus-lectores-que-sus-entrevistados-serian-abogados-de-latam\/\" target=\"_blank\" rel=\"noreferrer noopener\">Lexlatin, propiedad de LATAM LEGAL LTD., no le informa a sus lectores que sus entrevistados ser\u00edan abogados de LATAM<\/a><\/p>\n\n\n\n<p><a href=\"https:\/\/aeronoticias.com.pe\/noticiero\/comision-de-transportes-del-congreso-debate-este-martes-29-el-proyecto-de-la-linea-aerea-de-bandera-del-peru\/\" target=\"_blank\" rel=\"noreferrer noopener\">Comisi\u00f3n de Transportes del Congreso debate hoy el Proyecto de la L\u00ednea A\u00e9rea de Bandera del Per\u00fa<\/a><\/p>\n\n\n\n<p><a href=\"https:\/\/aeronoticias.com.pe\/noticiero\/comision-de-transportes-del-congreso-del-peru-vio-proyecto-de-ley-de-la-linea-aerea-de-bandera\/\" target=\"_blank\" rel=\"noreferrer noopener\">Comisi\u00f3n de Transportes del Congreso del Per\u00fa vio Proyecto de Ley de la L\u00ednea A\u00e9rea de Bandera<\/a><\/p>\n\n\n\n<p><a href=\"https:\/\/aeronoticias.com.pe\/noticiero\/continua-el-debate-sobre-la-linea-aerea-de-bandera-del-peru-en-el-congreso-de-la-republica\/\" target=\"_blank\" rel=\"noreferrer noopener\">Contin\u00faa el debate sobre la L\u00ednea A\u00e9rea de Bandera del Per\u00fa en el Congreso de la Rep\u00fablica<\/a><\/p>\n\n\n\n<p><a href=\"https:\/\/aeronoticias.com.pe\/noticiero\/gilmer-aliaga-zegarra-los-peruanos-tenemos-que-entender-los-beneficios-de-contar-con-una-linea-aerea-de-bandera-de-capital-publico-privada\/\" target=\"_blank\" rel=\"noreferrer noopener\">Gilmer Aliaga Zegarra: \u00abLos peruanos tenemos que entender los beneficios de contar con una L\u00ednea A\u00e9rea de Bandera de capital p\u00fablico-privada\u00bb<\/a><\/p>\n\n\n\n<p><a href=\"https:\/\/aeronoticias.com.pe\/noticiero\/alfredo-gallegos-estoy-de-acuerdo-que-existe-conveniencia-publica-para-que-el-peru-tenga-una-linea-aerea-de-bandera\/\" target=\"_blank\" rel=\"noreferrer noopener\">Alfredo Gallegos: \u201cEstoy de acuerdo que existe conveniencia p\u00fablica para que el Per\u00fa tenga una L\u00ednea A\u00e9rea de Bandera\u201d<\/a><\/p>\n\n\n\n<p><a href=\"https:\/\/aeronoticias.com.pe\/noticiero\/julian-palacin-la-constitucion-politica-respalda-el-derecho-del-peru-a-tener-una-linea-aerea-de-bandera-con-capital-publico-privado\/\" target=\"_blank\" rel=\"noreferrer noopener\">Juli\u00e1n Palacin: \u00abLa Constituci\u00f3n Pol\u00edtica respalda el derecho del Per\u00fa a tener una L\u00ednea A\u00e9rea de Bandera con capital p\u00fablico-privado<\/a><\/p>\n\n\n\n<p><a href=\"https:\/\/aeronoticias.com.pe\/noticiero\/crece-el-interes-de-inversionistas-privados-por-invertir-en-la-linea-de-bandera-low-cost-del-peru\/\" target=\"_blank\" rel=\"noreferrer noopener\">Crece el inter\u00e9s de capitales privados por invertir en la L\u00ednea A\u00e9rea de Bandera Low-Cost<\/a><\/p>\n\n\n\n<p><a href=\"https:\/\/aeronoticias.com.pe\/noticiero\/low-cost-del-peru-abriria-mercado-aereo-a-15-millones-de-pasajeros-de-transporte-terreste\/\" target=\"_blank\" rel=\"noreferrer noopener\">Low-Cost del Per\u00fa abrir\u00eda mercado a\u00e9reo a 15 millones de pasajeros de transporte terrestre<\/a><\/p>\n\n\n\n<p><a href=\"https:\/\/aeronoticias.com.pe\/noticiero\/julian-palacin-proyecto-de-ley-de-linea-aerea-de-bandera-cumple-con-el-principio-de-subsidiariedad-constitucional\/\" target=\"_blank\" rel=\"noreferrer noopener\">Juli\u00e1n Palacin: \u201cProyecto de Ley de L\u00ednea A\u00e9rea de Bandera cumple con el principio de subsidiariedad constitucional<\/a><\/p>\n\n\n\n<p><a href=\"https:\/\/aeronoticias.com.pe\/noticiero\/linea-aerea-de-bandera-del-peru-sera-manejada-por-capitales-privadas\/\" target=\"_blank\" rel=\"noreferrer noopener\">L\u00ednea A\u00e9rea de Bandera del Per\u00fa ser\u00e1 manejada por capitales privados<\/a><\/p>\n\n\n\n<p><a href=\"https:\/\/aeronoticias.com.pe\/noticiero\/defensores-del-dominio-aereo-chileno-en-el-espacio-aereo-peruano-fijan-su-posicion-en-el-diario-peru-21\/\" target=\"_blank\" rel=\"noreferrer noopener\">Defensores del dominio a\u00e9reo chileno en el espacio a\u00e9reo peruano fijan su posici\u00f3n en el Diario Per\u00fa 21<\/a><\/p>\n\n\n\n<p><a href=\"https:\/\/aeronoticias.com.pe\/noticiero\/en-homenaje-al-congresista-luis-carlos-simeon-hurtado-la-linea-aerea-de-bandera-alperu-haria-su-primer-vuelo-al-aerodromo-de-vicco-en-pasco\/\" target=\"_blank\" rel=\"noreferrer noopener\">En homenaje al Congresista Luis Carlos Sime\u00f3n Hurtado, la L\u00ednea A\u00e9rea de Bandera \u201cALPERU\u201d har\u00eda su primer vuelo al aer\u00f3dromo de Vicco, en Pasco<\/a><\/p>\n\n\n\n<p><a href=\"https:\/\/aeronoticias.com.pe\/noticiero\/linea-aerea-de-bandera-del-peru-operaria-desde-el-aerodromo-low-cost-de-las-palmas-en-surco\/\" target=\"_blank\" rel=\"noreferrer noopener\">L\u00ednea A\u00e9rea de Bandera del Per\u00fa operar\u00eda desde el Aer\u00f3dromo low-cost de Las Palmas, en Surco<\/a><\/p>\n\n\n\n<p><a href=\"https:\/\/aeronoticias.com.pe\/noticiero\/julian-palacin-debemos-pensar-en-el-aeropuerto-internacional-low-cost-de-la-isla-san-lorenzo-para-beneficiar-al-callao\/\" target=\"_blank\" rel=\"noreferrer noopener\">Juli\u00e1n Palacin: \u201cDebemos pensar en el Aeropuerto Internacional Low Cost de la Isla San Lorenzo para beneficiar al Callao\u201d<\/a><\/p>\n\n\n\n<p><a href=\"https:\/\/aeronoticias.com.pe\/noticiero\/linea-aerea-de-bandera-del-peru-no-tendra-inversion-publica-ni-irrogara-gasto-al-estado\/\" target=\"_blank\" rel=\"noreferrer noopener\">L\u00ednea A\u00e9rea de Bandera del Per\u00fa no tendr\u00e1 inversi\u00f3n p\u00fablica ni irrogar\u00e1 gasto al Estado<\/a><\/p>\n\n\n\n<p><a href=\"https:\/\/aeronoticias.com.pe\/noticiero\/mtc-no-da-pronunciamiento-a-la-carta-de-lap\/\" target=\"_blank\" rel=\"noreferrer noopener\">MTC no da pronunciamiento a la carta de LAP<\/a><\/p>\n\n\n\n<p><a href=\"https:\/\/aeronoticias.com.pe\/noticiero\/comision-de-transportes-del-congreso-ve-el-dictamen-final-de-la-linea-aerea-de-bandera-del-peru\/\" target=\"_blank\" rel=\"noreferrer noopener\">Comisi\u00f3n de Transportes del Congreso ve el Dictamen final de la L\u00ednea A\u00e9rea de Bandera del Per\u00fa<\/a><\/p>\n\n\n\n<p><a href=\"https:\/\/aeronoticias.com.pe\/noticiero\/linea-aerea-de-bandera-del-peru-sin-inversion-publica-tiene-interes-geopolitico-y-de-defensa-nacional-del-peru\/\" target=\"_blank\" rel=\"noreferrer noopener\">L\u00ednea A\u00e9rea de Bandera del Per\u00fa sin inversi\u00f3n p\u00fablica tiene inter\u00e9s geopol\u00edtico y de defensa nacional del Per\u00fa<\/a><\/p>\n\n\n\n<p><a href=\"https:\/\/aeronoticias.com.pe\/noticiero\/instituto-peruano-de-derecho-aereo-ipda-desarrollo-doctrina-geopolitica-del-peru-en-la-utilizacion-del-espacio-aereo\/\" target=\"_blank\" rel=\"noreferrer noopener\">Instituto Peruano de Derecho A\u00e9reo (IPDA) desarroll\u00f3 Doctrina Geopol\u00edtica del Per\u00fa en la utilizaci\u00f3n del espacio a\u00e9reo<\/a><\/p>\n\n\n\n<p><a href=\"https:\/\/aeronoticias.com.pe\/noticiero\/confiep-en-defensa-del-cuasimonopolio-aereo-chileno-se-opone-a-la-linea-aerea-de-bandera-del-peru\/?fbclid=IwAR3Ewe9Bg0BKfH-f92mqAuEKFGDmsdd4CdiaYWdo4lc_6GoEIwcZDqgCbO4\" target=\"_blank\" rel=\"noreferrer noopener\">CONFIEP en defensa del cuasimonopolio a\u00e9reo chileno, se opone a la L\u00ednea A\u00e9rea de Bandera del Per\u00fa<\/a><\/p>\n\n\n\n<p><a href=\"https:\/\/aeronoticias.com.pe\/noticiero\/aetai-presento-informe-contra-la-linea-aerea-de-bandera-que-el-presidente-de-apea-nunca-gestiono-que-tiene-que-ver-latam-en-todo-esto\/\" target=\"_blank\" rel=\"noreferrer noopener\">AETAI present\u00f3 Informe contra la L\u00ednea A\u00e9rea de Bandera, que el Presidente de APEA nunca gestion\u00f3 \u2026. \u00bfqu\u00e9 tiene que ver LATAM en todo esto?<\/a><\/p>\n\n\n\n<p><a href=\"https:\/\/aeronoticias.com.pe\/noticiero\/peruvian-airilines-desaparecio-porque-el-peru-nunca-le-otorgo-rutas-aereas-a-estados-unidos-y-a-otros-mercado-rentables-del-mundo\/\" target=\"_blank\" rel=\"noreferrer noopener\">Peruvian Airilines desapareci\u00f3 porque el Per\u00fa nunca le otorg\u00f3 rutas a\u00e9reas a Estados Unidos y a otros mercados rentables del mundo<\/a><\/p>\n\n\n\n<p><a href=\"https:\/\/aeronoticias.com.pe\/noticiero\/comision-de-transportes-del-congreso-de-la-republica-ve-hoy-predictamen-final-de-la-linea-aerea-de-bandera-de-bajo-costo\/\" target=\"_blank\" rel=\"noreferrer noopener\">Comisi\u00f3n de Transportes del Congreso de la Rep\u00fablica ve hoy Predictamen final de la L\u00ednea A\u00e9rea de Bandera de bajo costo<\/a><\/p>\n\n\n\n<p><a href=\"https:\/\/aeronoticias.com.pe\/noticiero\/comision-de-transportes-del-congreso-de-la-republica-realizo-el-primer-debate-del-predictamen-final-de-la-linea-aerea-de-bandera-de-bajo-costo\/\" target=\"_blank\" rel=\"noreferrer noopener\">Comisi\u00f3n de Transportes del Congreso de la Rep\u00fablica realiz\u00f3 el primer Debate del Predictamen final de la L\u00ednea A\u00e9rea de Bandera de bajo costo<\/a><\/p>\n\n\n\n<p><a href=\"https:\/\/aeronoticias.com.pe\/noticiero\/congresista-de-fuerza-popular-fp-martires-lizana-santos-impidio-que-se-vote-el-proyecto-6153-2020-cr-que-crea-la-linea-aerea-de-bandera-de-bajo-costo-del-peru\/\" target=\"_blank\" rel=\"noreferrer noopener\">Congresista de Fuerza Popular (FP) M\u00e1rtires Lizana Santos, impidi\u00f3 que se vote el Proyecto 6153-2020-CR que crea la L\u00ednea A\u00e9rea de Bandera de bajo costo del Per\u00fa<\/a><\/p>\n\n\n\n<p><\/p>\n","protected":false},"excerpt":{"rendered":"<p>(Aeronoticias) Sumergi\u00e9ndonos en la historia del Derecho A\u00e9reo peruano, recordamos que en 1983, el gobierno del Presidente Fernando Belaunde Terry, cancel\u00f3 las 3 Quintas Libertades que por permiso de operaciones ten\u00eda LAN Chile en la ruta Santiago-Lima-Nueva York. El Comit\u00e9 Consultivo de Aeron\u00e1utica Civil del Ministerio de Transportes que integraba en representaci\u00f3n del Despacho Ministerial, [&hellip;]<\/p>\n","protected":false},"author":3,"featured_media":68027,"comment_status":"open","ping_status":"open","sticky":false,"template":"","format":"standard","meta":{"tdm_status":"","tdm_grid_status":"","footnotes":""},"categories":[32,11],"tags":[102,109],"class_list":{"0":"post-67999","1":"post","2":"type-post","3":"status-publish","4":"format-standard","5":"has-post-thumbnail","7":"category-internacional","8":"category-transporte-aereo","9":"tag-latam","10":"tag-linea-aerea-de-bandera"},"yoast_head":"<!-- This site is optimized with the Yoast SEO plugin v25.1 - https:\/\/yoast.com\/wordpress\/plugins\/seo\/ -->\n<title>Presidente Belaunde en 1983 le quit\u00f3 3 Quintas Libertades a LAN Chile<\/title>\n<meta name=\"description\" content=\"Geopol\u00edtica aerocomercial de la \u00e9poca defend\u00eda a la Aviaci\u00f3n Civil y a las empresas de aviaci\u00f3n peruanas\" \/>\n<meta name=\"robots\" content=\"index, follow, max-snippet:-1, max-image-preview:large, max-video-preview:-1\" \/>\n<link rel=\"canonical\" href=\"https:\/\/aeronoticias.com.pe\/noticiero\/transporte-aereo\/presidente-belaunde-en-1983-le-quito-3-quintas-libertades-a-lan-chile\/\" \/>\n<meta property=\"og:locale\" content=\"es_ES\" \/>\n<meta property=\"og:type\" content=\"article\" \/>\n<meta property=\"og:title\" content=\"Presidente Belaunde en 1983 le quit\u00f3 3 Quintas Libertades a LAN Chile\" \/>\n<meta property=\"og:description\" content=\"Geopol\u00edtica aerocomercial de la \u00e9poca defend\u00eda a la Aviaci\u00f3n Civil y a las empresas de aviaci\u00f3n peruanas\" \/>\n<meta property=\"og:url\" content=\"https:\/\/aeronoticias.com.pe\/noticiero\/transporte-aereo\/presidente-belaunde-en-1983-le-quito-3-quintas-libertades-a-lan-chile\/\" \/>\n<meta property=\"og:site_name\" content=\"Aeronoticias.com.pe\" \/>\n<meta property=\"article:publisher\" content=\"https:\/\/www.facebook.com\/Aeronoticias.com.pe\/\" \/>\n<meta property=\"article:published_time\" content=\"2020-12-21T15:45:00+00:00\" \/>\n<meta property=\"article:modified_time\" content=\"2020-12-21T15:47:22+00:00\" \/>\n<meta property=\"og:image\" content=\"https:\/\/aeronoticias.com.pe\/noticiero\/wp-content\/uploads\/2020\/12\/fbelaundeterry.jpg\" \/>\n\t<meta property=\"og:image:width\" content=\"1218\" \/>\n\t<meta property=\"og:image:height\" content=\"402\" \/>\n\t<meta property=\"og:image:type\" content=\"image\/jpeg\" \/>\n<meta name=\"author\" content=\"Redacci\u00f3n\" \/>\n<meta name=\"twitter:card\" content=\"summary_large_image\" \/>\n<meta name=\"twitter:creator\" content=\"@aeronoticias\" \/>\n<meta name=\"twitter:site\" content=\"@aeronoticias\" \/>\n<meta name=\"twitter:label1\" content=\"Escrito por\" \/>\n\t<meta name=\"twitter:data1\" content=\"Redacci\u00f3n\" \/>\n\t<meta name=\"twitter:label2\" content=\"Tiempo de lectura\" \/>\n\t<meta name=\"twitter:data2\" content=\"13 minutos\" \/>\n<script type=\"application\/ld+json\" class=\"yoast-schema-graph\">{\"@context\":\"https:\/\/schema.org\",\"@graph\":[{\"@type\":\"WebPage\",\"@id\":\"https:\/\/aeronoticias.com.pe\/noticiero\/transporte-aereo\/presidente-belaunde-en-1983-le-quito-3-quintas-libertades-a-lan-chile\/\",\"url\":\"https:\/\/aeronoticias.com.pe\/noticiero\/transporte-aereo\/presidente-belaunde-en-1983-le-quito-3-quintas-libertades-a-lan-chile\/\",\"name\":\"Presidente Belaunde en 1983 le quit\u00f3 3 Quintas Libertades a LAN Chile\",\"isPartOf\":{\"@id\":\"https:\/\/aeronoticias.com.pe\/noticiero\/#website\"},\"primaryImageOfPage\":{\"@id\":\"https:\/\/aeronoticias.com.pe\/noticiero\/transporte-aereo\/presidente-belaunde-en-1983-le-quito-3-quintas-libertades-a-lan-chile\/#primaryimage\"},\"image\":{\"@id\":\"https:\/\/aeronoticias.com.pe\/noticiero\/transporte-aereo\/presidente-belaunde-en-1983-le-quito-3-quintas-libertades-a-lan-chile\/#primaryimage\"},\"thumbnailUrl\":\"https:\/\/aeronoticias.com.pe\/noticiero\/wp-content\/uploads\/2020\/12\/fbelaundeterry.jpg\",\"datePublished\":\"2020-12-21T15:45:00+00:00\",\"dateModified\":\"2020-12-21T15:47:22+00:00\",\"author\":{\"@id\":\"https:\/\/aeronoticias.com.pe\/noticiero\/#\/schema\/person\/16212a617c73f78916b13194154243bd\"},\"description\":\"Geopol\u00edtica aerocomercial de la \u00e9poca defend\u00eda a la Aviaci\u00f3n Civil y a las empresas de aviaci\u00f3n peruanas\",\"breadcrumb\":{\"@id\":\"https:\/\/aeronoticias.com.pe\/noticiero\/transporte-aereo\/presidente-belaunde-en-1983-le-quito-3-quintas-libertades-a-lan-chile\/#breadcrumb\"},\"inLanguage\":\"es\",\"potentialAction\":[{\"@type\":\"ReadAction\",\"target\":[\"https:\/\/aeronoticias.com.pe\/noticiero\/transporte-aereo\/presidente-belaunde-en-1983-le-quito-3-quintas-libertades-a-lan-chile\/\"]}]},{\"@type\":\"ImageObject\",\"inLanguage\":\"es\",\"@id\":\"https:\/\/aeronoticias.com.pe\/noticiero\/transporte-aereo\/presidente-belaunde-en-1983-le-quito-3-quintas-libertades-a-lan-chile\/#primaryimage\",\"url\":\"https:\/\/aeronoticias.com.pe\/noticiero\/wp-content\/uploads\/2020\/12\/fbelaundeterry.jpg\",\"contentUrl\":\"https:\/\/aeronoticias.com.pe\/noticiero\/wp-content\/uploads\/2020\/12\/fbelaundeterry.jpg\",\"width\":1218,\"height\":402},{\"@type\":\"BreadcrumbList\",\"@id\":\"https:\/\/aeronoticias.com.pe\/noticiero\/transporte-aereo\/presidente-belaunde-en-1983-le-quito-3-quintas-libertades-a-lan-chile\/#breadcrumb\",\"itemListElement\":[{\"@type\":\"ListItem\",\"position\":1,\"name\":\"Portada\",\"item\":\"https:\/\/aeronoticias.com.pe\/noticiero\/\"},{\"@type\":\"ListItem\",\"position\":2,\"name\":\"Presidente Belaunde en 1983 le quit\u00f3 3 Quintas Libertades a LAN Chile\"}]},{\"@type\":\"WebSite\",\"@id\":\"https:\/\/aeronoticias.com.pe\/noticiero\/#website\",\"url\":\"https:\/\/aeronoticias.com.pe\/noticiero\/\",\"name\":\"Aeronoticias.com.pe\",\"description\":\"Noticias de tranporte aereo, turismo, hoteles, gastronomia, actualidad, internacional\",\"potentialAction\":[{\"@type\":\"SearchAction\",\"target\":{\"@type\":\"EntryPoint\",\"urlTemplate\":\"https:\/\/aeronoticias.com.pe\/noticiero\/?s={search_term_string}\"},\"query-input\":{\"@type\":\"PropertyValueSpecification\",\"valueRequired\":true,\"valueName\":\"search_term_string\"}}],\"inLanguage\":\"es\"},{\"@type\":\"Person\",\"@id\":\"https:\/\/aeronoticias.com.pe\/noticiero\/#\/schema\/person\/16212a617c73f78916b13194154243bd\",\"name\":\"Redacci\u00f3n\",\"sameAs\":[\"http:\/\/Redacci\u00f3n\"],\"url\":\"https:\/\/aeronoticias.com.pe\/noticiero\/author\/celeste\/\"}]}<\/script>\n<!-- \/ Yoast SEO plugin. -->","yoast_head_json":{"title":"Presidente Belaunde en 1983 le quit\u00f3 3 Quintas Libertades a LAN Chile","description":"Geopol\u00edtica aerocomercial de la \u00e9poca defend\u00eda a la Aviaci\u00f3n Civil y a las empresas de aviaci\u00f3n peruanas","robots":{"index":"index","follow":"follow","max-snippet":"max-snippet:-1","max-image-preview":"max-image-preview:large","max-video-preview":"max-video-preview:-1"},"canonical":"https:\/\/aeronoticias.com.pe\/noticiero\/transporte-aereo\/presidente-belaunde-en-1983-le-quito-3-quintas-libertades-a-lan-chile\/","og_locale":"es_ES","og_type":"article","og_title":"Presidente Belaunde en 1983 le quit\u00f3 3 Quintas Libertades a LAN Chile","og_description":"Geopol\u00edtica aerocomercial de la \u00e9poca defend\u00eda a la Aviaci\u00f3n Civil y a las empresas de aviaci\u00f3n peruanas","og_url":"https:\/\/aeronoticias.com.pe\/noticiero\/transporte-aereo\/presidente-belaunde-en-1983-le-quito-3-quintas-libertades-a-lan-chile\/","og_site_name":"Aeronoticias.com.pe","article_publisher":"https:\/\/www.facebook.com\/Aeronoticias.com.pe\/","article_published_time":"2020-12-21T15:45:00+00:00","article_modified_time":"2020-12-21T15:47:22+00:00","og_image":[{"width":1218,"height":402,"url":"https:\/\/aeronoticias.com.pe\/noticiero\/wp-content\/uploads\/2020\/12\/fbelaundeterry.jpg","type":"image\/jpeg"}],"author":"Redacci\u00f3n","twitter_card":"summary_large_image","twitter_creator":"@aeronoticias","twitter_site":"@aeronoticias","twitter_misc":{"Escrito por":"Redacci\u00f3n","Tiempo de lectura":"13 minutos"},"schema":{"@context":"https:\/\/schema.org","@graph":[{"@type":"WebPage","@id":"https:\/\/aeronoticias.com.pe\/noticiero\/transporte-aereo\/presidente-belaunde-en-1983-le-quito-3-quintas-libertades-a-lan-chile\/","url":"https:\/\/aeronoticias.com.pe\/noticiero\/transporte-aereo\/presidente-belaunde-en-1983-le-quito-3-quintas-libertades-a-lan-chile\/","name":"Presidente Belaunde en 1983 le quit\u00f3 3 Quintas Libertades a LAN Chile","isPartOf":{"@id":"https:\/\/aeronoticias.com.pe\/noticiero\/#website"},"primaryImageOfPage":{"@id":"https:\/\/aeronoticias.com.pe\/noticiero\/transporte-aereo\/presidente-belaunde-en-1983-le-quito-3-quintas-libertades-a-lan-chile\/#primaryimage"},"image":{"@id":"https:\/\/aeronoticias.com.pe\/noticiero\/transporte-aereo\/presidente-belaunde-en-1983-le-quito-3-quintas-libertades-a-lan-chile\/#primaryimage"},"thumbnailUrl":"https:\/\/aeronoticias.com.pe\/noticiero\/wp-content\/uploads\/2020\/12\/fbelaundeterry.jpg","datePublished":"2020-12-21T15:45:00+00:00","dateModified":"2020-12-21T15:47:22+00:00","author":{"@id":"https:\/\/aeronoticias.com.pe\/noticiero\/#\/schema\/person\/16212a617c73f78916b13194154243bd"},"description":"Geopol\u00edtica aerocomercial de la \u00e9poca defend\u00eda a la Aviaci\u00f3n Civil y a las empresas de aviaci\u00f3n peruanas","breadcrumb":{"@id":"https:\/\/aeronoticias.com.pe\/noticiero\/transporte-aereo\/presidente-belaunde-en-1983-le-quito-3-quintas-libertades-a-lan-chile\/#breadcrumb"},"inLanguage":"es","potentialAction":[{"@type":"ReadAction","target":["https:\/\/aeronoticias.com.pe\/noticiero\/transporte-aereo\/presidente-belaunde-en-1983-le-quito-3-quintas-libertades-a-lan-chile\/"]}]},{"@type":"ImageObject","inLanguage":"es","@id":"https:\/\/aeronoticias.com.pe\/noticiero\/transporte-aereo\/presidente-belaunde-en-1983-le-quito-3-quintas-libertades-a-lan-chile\/#primaryimage","url":"https:\/\/aeronoticias.com.pe\/noticiero\/wp-content\/uploads\/2020\/12\/fbelaundeterry.jpg","contentUrl":"https:\/\/aeronoticias.com.pe\/noticiero\/wp-content\/uploads\/2020\/12\/fbelaundeterry.jpg","width":1218,"height":402},{"@type":"BreadcrumbList","@id":"https:\/\/aeronoticias.com.pe\/noticiero\/transporte-aereo\/presidente-belaunde-en-1983-le-quito-3-quintas-libertades-a-lan-chile\/#breadcrumb","itemListElement":[{"@type":"ListItem","position":1,"name":"Portada","item":"https:\/\/aeronoticias.com.pe\/noticiero\/"},{"@type":"ListItem","position":2,"name":"Presidente Belaunde en 1983 le quit\u00f3 3 Quintas Libertades a LAN Chile"}]},{"@type":"WebSite","@id":"https:\/\/aeronoticias.com.pe\/noticiero\/#website","url":"https:\/\/aeronoticias.com.pe\/noticiero\/","name":"Aeronoticias.com.pe","description":"Noticias de tranporte aereo, turismo, hoteles, gastronomia, actualidad, internacional","potentialAction":[{"@type":"SearchAction","target":{"@type":"EntryPoint","urlTemplate":"https:\/\/aeronoticias.com.pe\/noticiero\/?s={search_term_string}"},"query-input":{"@type":"PropertyValueSpecification","valueRequired":true,"valueName":"search_term_string"}}],"inLanguage":"es"},{"@type":"Person","@id":"https:\/\/aeronoticias.com.pe\/noticiero\/#\/schema\/person\/16212a617c73f78916b13194154243bd","name":"Redacci\u00f3n","sameAs":["http:\/\/Redacci\u00f3n"],"url":"https:\/\/aeronoticias.com.pe\/noticiero\/author\/celeste\/"}]}},"_links":{"self":[{"href":"https:\/\/aeronoticias.com.pe\/noticiero\/wp-json\/wp\/v2\/posts\/67999","targetHints":{"allow":["GET"]}}],"collection":[{"href":"https:\/\/aeronoticias.com.pe\/noticiero\/wp-json\/wp\/v2\/posts"}],"about":[{"href":"https:\/\/aeronoticias.com.pe\/noticiero\/wp-json\/wp\/v2\/types\/post"}],"author":[{"embeddable":true,"href":"https:\/\/aeronoticias.com.pe\/noticiero\/wp-json\/wp\/v2\/users\/3"}],"replies":[{"embeddable":true,"href":"https:\/\/aeronoticias.com.pe\/noticiero\/wp-json\/wp\/v2\/comments?post=67999"}],"version-history":[{"count":0,"href":"https:\/\/aeronoticias.com.pe\/noticiero\/wp-json\/wp\/v2\/posts\/67999\/revisions"}],"wp:featuredmedia":[{"embeddable":true,"href":"https:\/\/aeronoticias.com.pe\/noticiero\/wp-json\/wp\/v2\/media\/68027"}],"wp:attachment":[{"href":"https:\/\/aeronoticias.com.pe\/noticiero\/wp-json\/wp\/v2\/media?parent=67999"}],"wp:term":[{"taxonomy":"category","embeddable":true,"href":"https:\/\/aeronoticias.com.pe\/noticiero\/wp-json\/wp\/v2\/categories?post=67999"},{"taxonomy":"post_tag","embeddable":true,"href":"https:\/\/aeronoticias.com.pe\/noticiero\/wp-json\/wp\/v2\/tags?post=67999"}],"curies":[{"name":"wp","href":"https:\/\/api.w.org\/{rel}","templated":true}]}}