{"id":6801,"date":"2009-11-16T14:21:12","date_gmt":"2009-11-16T14:21:12","guid":{"rendered":"http:\/\/desarrollo.mcvicious.com\/aero2020\/2009\/11\/16\/hoy-se-inicia-ronda-de-negociaciones-en-las-que-peru-y-colombia-esperan-cerrar-acuerdo-para-tlc-con-la-ue\/"},"modified":"2009-11-16T14:21:12","modified_gmt":"2009-11-16T14:21:12","slug":"hoy-se-inicia-ronda-de-negociaciones-en-las-que-peru-y-colombia-esperan-cerrar-acuerdo-para-tlc-con-la-ue","status":"publish","type":"post","link":"https:\/\/aeronoticias.com.pe\/noticiero\/economia\/hoy-se-inicia-ronda-de-negociaciones-en-las-que-peru-y-colombia-esperan-cerrar-acuerdo-para-tlc-con-la-ue\/","title":{"rendered":"HOY SE INICIA RONDA DE NEGOCIACIONES EN LAS QUE PER\u00da Y COLOMBIA ESPERAN CERRAR ACUERDO PARA TLC CON LA UE"},"content":{"rendered":"<div style=\"text-align: justify\">Se trata de la s\u00e9ptima oportunidad en que los negociadores, representantes del Per\u00fa y Colombia, se reunir\u00e1n con sus pares europeos, esta vez, con el objetivo de cerrar un acuerdo para lograr una alianza comercial con la Uni\u00f3n Europea (UE), que permitir\u00e1 impulsar el intercambio comercial de manera sostenida.<\/div>\n<div style=\"text-align: justify\">\u00a0<\/div>\n<div style=\"text-align: justify\">Si bien \u2013seg\u00fan se afirm\u00f3- el 90% de los temas planteados ya fueron consensuados en seis mesas de trabajo, hoy comienza una nueva ronda de negociaciones en pro del fortalecimiento de capacidades comerciales y asistencia t\u00e9cnica; compras p\u00fablicas; aduanas y facilitaci\u00f3n de comercio; obst\u00e1culos t\u00e9cnicos al comercio; pol\u00edtica de competencia y defensa comercial.<\/div>\n<div style=\"text-align: justify\">\n<div style=\"text-align: center\"><img decoding=\"async\" src=\"images\/stories\/09\/11\/161109\/tlceu.jpg\" border=\"0\" alt=\"HOY SE INICIA RONDA DE NEGOCIACIONES EN LAS QUE PER\u00da Y COLOMBIA ESPERAN CERRAR ACUERDO PARA TLC CON LA UE \" title=\"HOY SE INICIA RONDA DE NEGOCIACIONES EN LAS QUE PER\u00da Y COLOMBIA ESPERAN CERRAR ACUERDO PARA TLC CON LA UE \" \/><\/div>\n<\/div>\n<div style=\"text-align: justify\">Entre los temas m\u00e1s sensibles de este proceso de negociaci\u00f3n figuran el r\u00e9gimen de inversiones, la propiedad intelectual y algunos productos agr\u00edcolas espec\u00edficos, de los que a\u00fan no se tiene un consenso total.<\/div>\n<div style=\"text-align: justify\"><\/div>\n<div style=\"text-align: justify\">El titular del Ministerio de Comercio Exterior y Turismo (Mincetur), Mart\u00edn P\u00e9rez, coment\u00f3 recientemente que el Per\u00fa mantendr\u00e1 la flexibilidad necesaria que permita avanzar adecuadamente, con la firmeza necesaria para no poner en riesgo a la industria y a la empresa nacional.<\/div>\n<div style=\"text-align: justify\"><\/div>\n<div style=\"text-align: justify\">Al respecto, el presidente de la Asociaci\u00f3n de Exportadores (Adex), Jos\u00e9 Luis Silva, dijo que la UE necesita productos como los que el Per\u00fa produce. \u201cEst\u00e1n a la b\u00fasqueda de productos que \u2013de una u otra manera\u2013 tengan caracter\u00edsticas distintas a los que est\u00e1n acostumbrados, destac\u00f3 que nuestro pa\u00eds tiene distintas variedades de frutas, y que gran parte de ellas no llegaron al mercado europeo. Adem\u00e1s, les interesa que esa producci\u00f3n se trabaje con responsabilidad ambiental.<\/div>\n<div style=\"text-align: justify\"><\/div>\n<div style=\"text-align: justify\"><strong>Aeronoticias <\/strong>considera que Espa\u00f1a, Pa\u00edses Bajos, Francia, Italia y Reino Unido como tambi\u00e9n los dem\u00e1s pa\u00edses son los principales mercados en la UE para el Per\u00fa, por lo que es necesario explotar la posibilidad de que la UE contin\u00fae otorg\u00e1ndoles mayor espacio a nuestros productos, y eso suceder\u00e1 si y solo si, productores y empresarios enfocan su mirada hacia aquellas partidas que teniendo potencial comercial, a\u00fan no se exportan al Viejo Continente o si se hace es por montos peque\u00f1os.<\/div>\n<div style=\"text-align: justify\"><\/div>\n<div style=\"text-align: justify\"><\/div>\n","protected":false},"excerpt":{"rendered":"<p>Se trata de la s\u00e9ptima oportunidad en que los negociadores, representantes del Per\u00fa y Colombia, se reunir\u00e1n con sus pares europeos, esta vez, con el objetivo de cerrar un acuerdo para lograr una alianza comercial con la Uni\u00f3n Europea (UE), que permitir\u00e1 impulsar el intercambio comercial de manera sostenida. \u00a0 Si bien \u2013seg\u00fan se afirm\u00f3- [&hellip;]<\/p>\n","protected":false},"author":1,"featured_media":0,"comment_status":"open","ping_status":"open","sticky":false,"template":"","format":"standard","meta":{"tdm_status":"","tdm_grid_status":"","footnotes":""},"categories":[33],"tags":[],"class_list":{"0":"post-6801","1":"post","2":"type-post","3":"status-publish","4":"format-standard","6":"category-economia"},"yoast_head":"<!-- This site is optimized with the Yoast SEO plugin v25.1 - https:\/\/yoast.com\/wordpress\/plugins\/seo\/ -->\n<title>HOY SE INICIA RONDA DE NEGOCIACIONES EN LAS QUE PER\u00da Y COLOMBIA ESPERAN CERRAR ACUERDO PARA TLC CON LA UE<\/title>\n<meta name=\"description\" content=\"Portal de noticias del Per\u00fa sobre el transporte a\u00e9reo, aviaci\u00f3n, turismo, hoteleria, actualidad.\" \/>\n<meta name=\"robots\" content=\"index, follow, max-snippet:-1, max-image-preview:large, max-video-preview:-1\" \/>\n<link rel=\"canonical\" href=\"https:\/\/aeronoticias.com.pe\/noticiero\/economia\/hoy-se-inicia-ronda-de-negociaciones-en-las-que-peru-y-colombia-esperan-cerrar-acuerdo-para-tlc-con-la-ue\/\" \/>\n<meta property=\"og:locale\" content=\"es_ES\" \/>\n<meta property=\"og:type\" content=\"article\" \/>\n<meta property=\"og:title\" content=\"HOY SE INICIA RONDA DE NEGOCIACIONES EN LAS QUE PER\u00da Y COLOMBIA ESPERAN CERRAR ACUERDO PARA TLC CON LA UE\" \/>\n<meta property=\"og:description\" content=\"Portal de noticias del Per\u00fa sobre el transporte a\u00e9reo, aviaci\u00f3n, turismo, hoteleria, actualidad.\" \/>\n<meta property=\"og:url\" content=\"https:\/\/aeronoticias.com.pe\/noticiero\/economia\/hoy-se-inicia-ronda-de-negociaciones-en-las-que-peru-y-colombia-esperan-cerrar-acuerdo-para-tlc-con-la-ue\/\" \/>\n<meta property=\"og:site_name\" content=\"Aeronoticias.com.pe\" \/>\n<meta property=\"article:publisher\" content=\"https:\/\/www.facebook.com\/Aeronoticias.com.pe\/\" \/>\n<meta property=\"article:published_time\" content=\"2009-11-16T14:21:12+00:00\" \/>\n<meta name=\"author\" content=\"Redacci\u00f3n Aeronoticias\" \/>\n<meta name=\"twitter:card\" content=\"summary_large_image\" \/>\n<meta name=\"twitter:creator\" content=\"@aeronoticias\" \/>\n<meta name=\"twitter:site\" content=\"@aeronoticias\" \/>\n<meta name=\"twitter:label1\" content=\"Escrito por\" \/>\n\t<meta name=\"twitter:data1\" content=\"Redacci\u00f3n Aeronoticias\" \/>\n\t<meta name=\"twitter:label2\" content=\"Tiempo de lectura\" \/>\n\t<meta name=\"twitter:data2\" content=\"2 minutos\" \/>\n<script type=\"application\/ld+json\" class=\"yoast-schema-graph\">{\"@context\":\"https:\/\/schema.org\",\"@graph\":[{\"@type\":\"WebPage\",\"@id\":\"https:\/\/aeronoticias.com.pe\/noticiero\/economia\/hoy-se-inicia-ronda-de-negociaciones-en-las-que-peru-y-colombia-esperan-cerrar-acuerdo-para-tlc-con-la-ue\/\",\"url\":\"https:\/\/aeronoticias.com.pe\/noticiero\/economia\/hoy-se-inicia-ronda-de-negociaciones-en-las-que-peru-y-colombia-esperan-cerrar-acuerdo-para-tlc-con-la-ue\/\",\"name\":\"HOY SE INICIA RONDA DE NEGOCIACIONES EN LAS QUE PER\u00da Y COLOMBIA ESPERAN CERRAR ACUERDO PARA TLC CON LA UE\",\"isPartOf\":{\"@id\":\"https:\/\/aeronoticias.com.pe\/noticiero\/#website\"},\"datePublished\":\"2009-11-16T14:21:12+00:00\",\"author\":{\"@id\":\"https:\/\/aeronoticias.com.pe\/noticiero\/#\/schema\/person\/fc1e5d578f4b62ba1cf7ac2bba1170a0\"},\"description\":\"Portal de noticias del Per\u00fa sobre el transporte a\u00e9reo, aviaci\u00f3n, turismo, hoteleria, actualidad.\",\"breadcrumb\":{\"@id\":\"https:\/\/aeronoticias.com.pe\/noticiero\/economia\/hoy-se-inicia-ronda-de-negociaciones-en-las-que-peru-y-colombia-esperan-cerrar-acuerdo-para-tlc-con-la-ue\/#breadcrumb\"},\"inLanguage\":\"es\",\"potentialAction\":[{\"@type\":\"ReadAction\",\"target\":[\"https:\/\/aeronoticias.com.pe\/noticiero\/economia\/hoy-se-inicia-ronda-de-negociaciones-en-las-que-peru-y-colombia-esperan-cerrar-acuerdo-para-tlc-con-la-ue\/\"]}]},{\"@type\":\"BreadcrumbList\",\"@id\":\"https:\/\/aeronoticias.com.pe\/noticiero\/economia\/hoy-se-inicia-ronda-de-negociaciones-en-las-que-peru-y-colombia-esperan-cerrar-acuerdo-para-tlc-con-la-ue\/#breadcrumb\",\"itemListElement\":[{\"@type\":\"ListItem\",\"position\":1,\"name\":\"Portada\",\"item\":\"https:\/\/aeronoticias.com.pe\/noticiero\/\"},{\"@type\":\"ListItem\",\"position\":2,\"name\":\"HOY SE INICIA RONDA DE NEGOCIACIONES EN LAS QUE PER\u00da Y COLOMBIA ESPERAN CERRAR ACUERDO PARA TLC CON LA UE\"}]},{\"@type\":\"WebSite\",\"@id\":\"https:\/\/aeronoticias.com.pe\/noticiero\/#website\",\"url\":\"https:\/\/aeronoticias.com.pe\/noticiero\/\",\"name\":\"Aeronoticias.com.pe\",\"description\":\"Noticias de tranporte aereo, turismo, hoteles, gastronomia, actualidad, internacional\",\"potentialAction\":[{\"@type\":\"SearchAction\",\"target\":{\"@type\":\"EntryPoint\",\"urlTemplate\":\"https:\/\/aeronoticias.com.pe\/noticiero\/?s={search_term_string}\"},\"query-input\":{\"@type\":\"PropertyValueSpecification\",\"valueRequired\":true,\"valueName\":\"search_term_string\"}}],\"inLanguage\":\"es\"},{\"@type\":\"Person\",\"@id\":\"https:\/\/aeronoticias.com.pe\/noticiero\/#\/schema\/person\/fc1e5d578f4b62ba1cf7ac2bba1170a0\",\"name\":\"Redacci\u00f3n Aeronoticias\",\"url\":\"https:\/\/aeronoticias.com.pe\/noticiero\/author\/piloto\/\"}]}<\/script>\n<!-- \/ Yoast SEO plugin. -->","yoast_head_json":{"title":"HOY SE INICIA RONDA DE NEGOCIACIONES EN LAS QUE PER\u00da Y COLOMBIA ESPERAN CERRAR ACUERDO PARA TLC CON LA UE","description":"Portal de noticias del Per\u00fa sobre el transporte a\u00e9reo, aviaci\u00f3n, turismo, hoteleria, actualidad.","robots":{"index":"index","follow":"follow","max-snippet":"max-snippet:-1","max-image-preview":"max-image-preview:large","max-video-preview":"max-video-preview:-1"},"canonical":"https:\/\/aeronoticias.com.pe\/noticiero\/economia\/hoy-se-inicia-ronda-de-negociaciones-en-las-que-peru-y-colombia-esperan-cerrar-acuerdo-para-tlc-con-la-ue\/","og_locale":"es_ES","og_type":"article","og_title":"HOY SE INICIA RONDA DE NEGOCIACIONES EN LAS QUE PER\u00da Y COLOMBIA ESPERAN CERRAR ACUERDO PARA TLC CON LA UE","og_description":"Portal de noticias del Per\u00fa sobre el transporte a\u00e9reo, aviaci\u00f3n, turismo, hoteleria, actualidad.","og_url":"https:\/\/aeronoticias.com.pe\/noticiero\/economia\/hoy-se-inicia-ronda-de-negociaciones-en-las-que-peru-y-colombia-esperan-cerrar-acuerdo-para-tlc-con-la-ue\/","og_site_name":"Aeronoticias.com.pe","article_publisher":"https:\/\/www.facebook.com\/Aeronoticias.com.pe\/","article_published_time":"2009-11-16T14:21:12+00:00","author":"Redacci\u00f3n Aeronoticias","twitter_card":"summary_large_image","twitter_creator":"@aeronoticias","twitter_site":"@aeronoticias","twitter_misc":{"Escrito por":"Redacci\u00f3n Aeronoticias","Tiempo de lectura":"2 minutos"},"schema":{"@context":"https:\/\/schema.org","@graph":[{"@type":"WebPage","@id":"https:\/\/aeronoticias.com.pe\/noticiero\/economia\/hoy-se-inicia-ronda-de-negociaciones-en-las-que-peru-y-colombia-esperan-cerrar-acuerdo-para-tlc-con-la-ue\/","url":"https:\/\/aeronoticias.com.pe\/noticiero\/economia\/hoy-se-inicia-ronda-de-negociaciones-en-las-que-peru-y-colombia-esperan-cerrar-acuerdo-para-tlc-con-la-ue\/","name":"HOY SE INICIA RONDA DE NEGOCIACIONES EN LAS QUE PER\u00da Y COLOMBIA ESPERAN CERRAR ACUERDO PARA TLC CON LA UE","isPartOf":{"@id":"https:\/\/aeronoticias.com.pe\/noticiero\/#website"},"datePublished":"2009-11-16T14:21:12+00:00","author":{"@id":"https:\/\/aeronoticias.com.pe\/noticiero\/#\/schema\/person\/fc1e5d578f4b62ba1cf7ac2bba1170a0"},"description":"Portal de noticias del Per\u00fa sobre el transporte a\u00e9reo, aviaci\u00f3n, turismo, hoteleria, actualidad.","breadcrumb":{"@id":"https:\/\/aeronoticias.com.pe\/noticiero\/economia\/hoy-se-inicia-ronda-de-negociaciones-en-las-que-peru-y-colombia-esperan-cerrar-acuerdo-para-tlc-con-la-ue\/#breadcrumb"},"inLanguage":"es","potentialAction":[{"@type":"ReadAction","target":["https:\/\/aeronoticias.com.pe\/noticiero\/economia\/hoy-se-inicia-ronda-de-negociaciones-en-las-que-peru-y-colombia-esperan-cerrar-acuerdo-para-tlc-con-la-ue\/"]}]},{"@type":"BreadcrumbList","@id":"https:\/\/aeronoticias.com.pe\/noticiero\/economia\/hoy-se-inicia-ronda-de-negociaciones-en-las-que-peru-y-colombia-esperan-cerrar-acuerdo-para-tlc-con-la-ue\/#breadcrumb","itemListElement":[{"@type":"ListItem","position":1,"name":"Portada","item":"https:\/\/aeronoticias.com.pe\/noticiero\/"},{"@type":"ListItem","position":2,"name":"HOY SE INICIA RONDA DE NEGOCIACIONES EN LAS QUE PER\u00da Y COLOMBIA ESPERAN CERRAR ACUERDO PARA TLC CON LA UE"}]},{"@type":"WebSite","@id":"https:\/\/aeronoticias.com.pe\/noticiero\/#website","url":"https:\/\/aeronoticias.com.pe\/noticiero\/","name":"Aeronoticias.com.pe","description":"Noticias de tranporte aereo, turismo, hoteles, gastronomia, actualidad, internacional","potentialAction":[{"@type":"SearchAction","target":{"@type":"EntryPoint","urlTemplate":"https:\/\/aeronoticias.com.pe\/noticiero\/?s={search_term_string}"},"query-input":{"@type":"PropertyValueSpecification","valueRequired":true,"valueName":"search_term_string"}}],"inLanguage":"es"},{"@type":"Person","@id":"https:\/\/aeronoticias.com.pe\/noticiero\/#\/schema\/person\/fc1e5d578f4b62ba1cf7ac2bba1170a0","name":"Redacci\u00f3n Aeronoticias","url":"https:\/\/aeronoticias.com.pe\/noticiero\/author\/piloto\/"}]}},"_links":{"self":[{"href":"https:\/\/aeronoticias.com.pe\/noticiero\/wp-json\/wp\/v2\/posts\/6801","targetHints":{"allow":["GET"]}}],"collection":[{"href":"https:\/\/aeronoticias.com.pe\/noticiero\/wp-json\/wp\/v2\/posts"}],"about":[{"href":"https:\/\/aeronoticias.com.pe\/noticiero\/wp-json\/wp\/v2\/types\/post"}],"author":[{"embeddable":true,"href":"https:\/\/aeronoticias.com.pe\/noticiero\/wp-json\/wp\/v2\/users\/1"}],"replies":[{"embeddable":true,"href":"https:\/\/aeronoticias.com.pe\/noticiero\/wp-json\/wp\/v2\/comments?post=6801"}],"version-history":[{"count":0,"href":"https:\/\/aeronoticias.com.pe\/noticiero\/wp-json\/wp\/v2\/posts\/6801\/revisions"}],"wp:attachment":[{"href":"https:\/\/aeronoticias.com.pe\/noticiero\/wp-json\/wp\/v2\/media?parent=6801"}],"wp:term":[{"taxonomy":"category","embeddable":true,"href":"https:\/\/aeronoticias.com.pe\/noticiero\/wp-json\/wp\/v2\/categories?post=6801"},{"taxonomy":"post_tag","embeddable":true,"href":"https:\/\/aeronoticias.com.pe\/noticiero\/wp-json\/wp\/v2\/tags?post=6801"}],"curies":[{"name":"wp","href":"https:\/\/api.w.org\/{rel}","templated":true}]}}