{"id":6802,"date":"2009-11-16T14:23:06","date_gmt":"2009-11-16T14:23:06","guid":{"rendered":"http:\/\/desarrollo.mcvicious.com\/aero2020\/2009\/11\/16\/chile-firma-acuerdo-aereo-con-china\/"},"modified":"2009-11-16T14:23:06","modified_gmt":"2009-11-16T14:23:06","slug":"chile-firma-acuerdo-aereo-con-china","status":"publish","type":"post","link":"https:\/\/aeronoticias.com.pe\/noticiero\/internacionales\/chile-firma-acuerdo-aereo-con-china\/","title":{"rendered":"CHILE FIRMA ACUERDO A\u00c9REO CON CHINA"},"content":{"rendered":"<div align=\"justify\">Michelle Bachelet logr\u00f3 en el marco de su estad\u00eda en Singapur, sostuvo un encuentro de trabajo con el presidente de China, Hu Jintao, reuni\u00f3n que se extendi\u00f3 por m\u00e1s de 45 minutos y en la cual ambos mandatarios encabezaron la firma de acuerdos de cooperaci\u00f3n aduanera y de transporte a\u00e9reo entre ambos pa\u00edses.<\/div>\n<div align=\"justify\">El documento suscrito en materia aduanera contempla la cooperaci\u00f3n para intercambiar informaci\u00f3n e implementar medidas de asistencia t\u00e9cnica mutua, entre ambas administraciones aduaneras.<\/p>\n<div style=\"text-align: center\"><img decoding=\"async\" src=\"images\/stories\/09\/11\/161109\/mbachelet.jpg\" border=\"0\" alt=\"CHILE FIRMA ACUERDO A\u00c9REO CON CHINA\" title=\"CHILE FIRMA ACUERDO A\u00c9REO CON CHINA\" \/><\/div>\n<p>El acuerdo a\u00e9reo con China permite el intercambio de derechos de tr\u00e1fico a\u00e9reo con Chile, beneficia al pa\u00eds del sur que tiene una pol\u00edtica a\u00e9rea coherente y que adem\u00e1s apoya a sus l\u00edneas a\u00e9reas de bandera y designadas para ejercer los derechos de tr\u00e1fico que los Estados intercambian con Chile. <\/p>\n<p>Aeronoticias considera que este \u00e9xito aeropol\u00edtico del gobierno de Michelle Bachelet contrasta con la pobreza y falta de imaginaci\u00f3n que en materia de transporte a\u00e9reo vienen teniendo los Ministros de Transporte A\u00e9reo del Per\u00fa\u00a0 con un Director de Aeron\u00e1utica\u00a0 Civil del Per\u00fa, que deber\u00eda ser renunciado ya que fue digitado su nombramiento por una ex ministra Ver\u00f3nica Zavala y un Vice Ministro Carlos Puga, que firmaron un convenio a\u00e9reo lesivo con Chile a los intereses del Per\u00fa en el 2007.<\/p>\n<p>Chile revalida \u00e9xitos en materia a\u00e9rea, su industria a\u00e9rea crece y su pol\u00edtica a\u00e9rea va logrando una presencia creciente de la bandera chilena en el mercado de transporte a\u00e9reo internacional, aqu\u00ed en el Per\u00fa los lobbys de los due\u00f1os de la soberan\u00eda y del mercado a\u00e9reo, nos digitan el nombramiento de funcionarios de aeron\u00e1utica civil mediocres y que no saben absolutamente nada de transporte a\u00e9reo internacional y de esta forma el Per\u00fa va escribiendo su futuro sin br\u00fajula y sin posibilidades aeropol\u00edticas, esa es nuestra opini\u00f3n en donde reconocemos los \u00e9xitos de Chile y nuestros fracasos.<\/div>\n","protected":false},"excerpt":{"rendered":"<p>Michelle Bachelet logr\u00f3 en el marco de su estad\u00eda en Singapur, sostuvo un encuentro de trabajo con el presidente de China, Hu Jintao, reuni\u00f3n que se extendi\u00f3 por m\u00e1s de 45 minutos y en la cual ambos mandatarios encabezaron la firma de acuerdos de cooperaci\u00f3n aduanera y de transporte a\u00e9reo entre ambos pa\u00edses. El documento [&hellip;]<\/p>\n","protected":false},"author":1,"featured_media":0,"comment_status":"open","ping_status":"open","sticky":false,"template":"","format":"standard","meta":{"tdm_status":"","tdm_grid_status":"","footnotes":""},"categories":[34],"tags":[],"class_list":{"0":"post-6802","1":"post","2":"type-post","3":"status-publish","4":"format-standard","6":"category-internacionales"},"yoast_head":"<!-- This site is optimized with the Yoast SEO plugin v25.1 - https:\/\/yoast.com\/wordpress\/plugins\/seo\/ -->\n<title>CHILE FIRMA ACUERDO A\u00c9REO CON CHINA<\/title>\n<meta name=\"description\" content=\"Portal de noticias del Per\u00fa sobre el transporte a\u00e9reo, aviaci\u00f3n, turismo, hoteleria, actualidad.\" \/>\n<meta name=\"robots\" content=\"index, follow, max-snippet:-1, max-image-preview:large, max-video-preview:-1\" \/>\n<link rel=\"canonical\" href=\"https:\/\/aeronoticias.com.pe\/noticiero\/internacionales\/chile-firma-acuerdo-aereo-con-china\/\" \/>\n<meta property=\"og:locale\" content=\"es_ES\" \/>\n<meta property=\"og:type\" content=\"article\" \/>\n<meta property=\"og:title\" content=\"CHILE FIRMA ACUERDO A\u00c9REO CON CHINA\" \/>\n<meta property=\"og:description\" content=\"Portal de noticias del Per\u00fa sobre el transporte a\u00e9reo, aviaci\u00f3n, turismo, hoteleria, actualidad.\" \/>\n<meta property=\"og:url\" content=\"https:\/\/aeronoticias.com.pe\/noticiero\/internacionales\/chile-firma-acuerdo-aereo-con-china\/\" \/>\n<meta property=\"og:site_name\" content=\"Aeronoticias.com.pe\" \/>\n<meta property=\"article:publisher\" content=\"https:\/\/www.facebook.com\/Aeronoticias.com.pe\/\" \/>\n<meta property=\"article:published_time\" content=\"2009-11-16T14:23:06+00:00\" \/>\n<meta name=\"author\" content=\"Redacci\u00f3n Aeronoticias\" \/>\n<meta name=\"twitter:card\" content=\"summary_large_image\" \/>\n<meta name=\"twitter:creator\" content=\"@aeronoticias\" \/>\n<meta name=\"twitter:site\" content=\"@aeronoticias\" \/>\n<meta name=\"twitter:label1\" content=\"Escrito por\" \/>\n\t<meta name=\"twitter:data1\" content=\"Redacci\u00f3n Aeronoticias\" \/>\n\t<meta name=\"twitter:label2\" content=\"Tiempo de lectura\" \/>\n\t<meta name=\"twitter:data2\" content=\"2 minutos\" \/>\n<script type=\"application\/ld+json\" class=\"yoast-schema-graph\">{\"@context\":\"https:\/\/schema.org\",\"@graph\":[{\"@type\":\"WebPage\",\"@id\":\"https:\/\/aeronoticias.com.pe\/noticiero\/internacionales\/chile-firma-acuerdo-aereo-con-china\/\",\"url\":\"https:\/\/aeronoticias.com.pe\/noticiero\/internacionales\/chile-firma-acuerdo-aereo-con-china\/\",\"name\":\"CHILE FIRMA ACUERDO A\u00c9REO CON CHINA\",\"isPartOf\":{\"@id\":\"https:\/\/aeronoticias.com.pe\/noticiero\/#website\"},\"datePublished\":\"2009-11-16T14:23:06+00:00\",\"author\":{\"@id\":\"https:\/\/aeronoticias.com.pe\/noticiero\/#\/schema\/person\/fc1e5d578f4b62ba1cf7ac2bba1170a0\"},\"description\":\"Portal de noticias del Per\u00fa sobre el transporte a\u00e9reo, aviaci\u00f3n, turismo, hoteleria, actualidad.\",\"breadcrumb\":{\"@id\":\"https:\/\/aeronoticias.com.pe\/noticiero\/internacionales\/chile-firma-acuerdo-aereo-con-china\/#breadcrumb\"},\"inLanguage\":\"es\",\"potentialAction\":[{\"@type\":\"ReadAction\",\"target\":[\"https:\/\/aeronoticias.com.pe\/noticiero\/internacionales\/chile-firma-acuerdo-aereo-con-china\/\"]}]},{\"@type\":\"BreadcrumbList\",\"@id\":\"https:\/\/aeronoticias.com.pe\/noticiero\/internacionales\/chile-firma-acuerdo-aereo-con-china\/#breadcrumb\",\"itemListElement\":[{\"@type\":\"ListItem\",\"position\":1,\"name\":\"Portada\",\"item\":\"https:\/\/aeronoticias.com.pe\/noticiero\/\"},{\"@type\":\"ListItem\",\"position\":2,\"name\":\"CHILE FIRMA ACUERDO A\u00c9REO CON CHINA\"}]},{\"@type\":\"WebSite\",\"@id\":\"https:\/\/aeronoticias.com.pe\/noticiero\/#website\",\"url\":\"https:\/\/aeronoticias.com.pe\/noticiero\/\",\"name\":\"Aeronoticias.com.pe\",\"description\":\"Noticias de tranporte aereo, turismo, hoteles, gastronomia, actualidad, internacional\",\"potentialAction\":[{\"@type\":\"SearchAction\",\"target\":{\"@type\":\"EntryPoint\",\"urlTemplate\":\"https:\/\/aeronoticias.com.pe\/noticiero\/?s={search_term_string}\"},\"query-input\":{\"@type\":\"PropertyValueSpecification\",\"valueRequired\":true,\"valueName\":\"search_term_string\"}}],\"inLanguage\":\"es\"},{\"@type\":\"Person\",\"@id\":\"https:\/\/aeronoticias.com.pe\/noticiero\/#\/schema\/person\/fc1e5d578f4b62ba1cf7ac2bba1170a0\",\"name\":\"Redacci\u00f3n Aeronoticias\",\"url\":\"https:\/\/aeronoticias.com.pe\/noticiero\/author\/piloto\/\"}]}<\/script>\n<!-- \/ Yoast SEO plugin. -->","yoast_head_json":{"title":"CHILE FIRMA ACUERDO A\u00c9REO CON CHINA","description":"Portal de noticias del Per\u00fa sobre el transporte a\u00e9reo, aviaci\u00f3n, turismo, hoteleria, actualidad.","robots":{"index":"index","follow":"follow","max-snippet":"max-snippet:-1","max-image-preview":"max-image-preview:large","max-video-preview":"max-video-preview:-1"},"canonical":"https:\/\/aeronoticias.com.pe\/noticiero\/internacionales\/chile-firma-acuerdo-aereo-con-china\/","og_locale":"es_ES","og_type":"article","og_title":"CHILE FIRMA ACUERDO A\u00c9REO CON CHINA","og_description":"Portal de noticias del Per\u00fa sobre el transporte a\u00e9reo, aviaci\u00f3n, turismo, hoteleria, actualidad.","og_url":"https:\/\/aeronoticias.com.pe\/noticiero\/internacionales\/chile-firma-acuerdo-aereo-con-china\/","og_site_name":"Aeronoticias.com.pe","article_publisher":"https:\/\/www.facebook.com\/Aeronoticias.com.pe\/","article_published_time":"2009-11-16T14:23:06+00:00","author":"Redacci\u00f3n Aeronoticias","twitter_card":"summary_large_image","twitter_creator":"@aeronoticias","twitter_site":"@aeronoticias","twitter_misc":{"Escrito por":"Redacci\u00f3n Aeronoticias","Tiempo de lectura":"2 minutos"},"schema":{"@context":"https:\/\/schema.org","@graph":[{"@type":"WebPage","@id":"https:\/\/aeronoticias.com.pe\/noticiero\/internacionales\/chile-firma-acuerdo-aereo-con-china\/","url":"https:\/\/aeronoticias.com.pe\/noticiero\/internacionales\/chile-firma-acuerdo-aereo-con-china\/","name":"CHILE FIRMA ACUERDO A\u00c9REO CON CHINA","isPartOf":{"@id":"https:\/\/aeronoticias.com.pe\/noticiero\/#website"},"datePublished":"2009-11-16T14:23:06+00:00","author":{"@id":"https:\/\/aeronoticias.com.pe\/noticiero\/#\/schema\/person\/fc1e5d578f4b62ba1cf7ac2bba1170a0"},"description":"Portal de noticias del Per\u00fa sobre el transporte a\u00e9reo, aviaci\u00f3n, turismo, hoteleria, actualidad.","breadcrumb":{"@id":"https:\/\/aeronoticias.com.pe\/noticiero\/internacionales\/chile-firma-acuerdo-aereo-con-china\/#breadcrumb"},"inLanguage":"es","potentialAction":[{"@type":"ReadAction","target":["https:\/\/aeronoticias.com.pe\/noticiero\/internacionales\/chile-firma-acuerdo-aereo-con-china\/"]}]},{"@type":"BreadcrumbList","@id":"https:\/\/aeronoticias.com.pe\/noticiero\/internacionales\/chile-firma-acuerdo-aereo-con-china\/#breadcrumb","itemListElement":[{"@type":"ListItem","position":1,"name":"Portada","item":"https:\/\/aeronoticias.com.pe\/noticiero\/"},{"@type":"ListItem","position":2,"name":"CHILE FIRMA ACUERDO A\u00c9REO CON CHINA"}]},{"@type":"WebSite","@id":"https:\/\/aeronoticias.com.pe\/noticiero\/#website","url":"https:\/\/aeronoticias.com.pe\/noticiero\/","name":"Aeronoticias.com.pe","description":"Noticias de tranporte aereo, turismo, hoteles, gastronomia, actualidad, internacional","potentialAction":[{"@type":"SearchAction","target":{"@type":"EntryPoint","urlTemplate":"https:\/\/aeronoticias.com.pe\/noticiero\/?s={search_term_string}"},"query-input":{"@type":"PropertyValueSpecification","valueRequired":true,"valueName":"search_term_string"}}],"inLanguage":"es"},{"@type":"Person","@id":"https:\/\/aeronoticias.com.pe\/noticiero\/#\/schema\/person\/fc1e5d578f4b62ba1cf7ac2bba1170a0","name":"Redacci\u00f3n Aeronoticias","url":"https:\/\/aeronoticias.com.pe\/noticiero\/author\/piloto\/"}]}},"_links":{"self":[{"href":"https:\/\/aeronoticias.com.pe\/noticiero\/wp-json\/wp\/v2\/posts\/6802","targetHints":{"allow":["GET"]}}],"collection":[{"href":"https:\/\/aeronoticias.com.pe\/noticiero\/wp-json\/wp\/v2\/posts"}],"about":[{"href":"https:\/\/aeronoticias.com.pe\/noticiero\/wp-json\/wp\/v2\/types\/post"}],"author":[{"embeddable":true,"href":"https:\/\/aeronoticias.com.pe\/noticiero\/wp-json\/wp\/v2\/users\/1"}],"replies":[{"embeddable":true,"href":"https:\/\/aeronoticias.com.pe\/noticiero\/wp-json\/wp\/v2\/comments?post=6802"}],"version-history":[{"count":0,"href":"https:\/\/aeronoticias.com.pe\/noticiero\/wp-json\/wp\/v2\/posts\/6802\/revisions"}],"wp:attachment":[{"href":"https:\/\/aeronoticias.com.pe\/noticiero\/wp-json\/wp\/v2\/media?parent=6802"}],"wp:term":[{"taxonomy":"category","embeddable":true,"href":"https:\/\/aeronoticias.com.pe\/noticiero\/wp-json\/wp\/v2\/categories?post=6802"},{"taxonomy":"post_tag","embeddable":true,"href":"https:\/\/aeronoticias.com.pe\/noticiero\/wp-json\/wp\/v2\/tags?post=6802"}],"curies":[{"name":"wp","href":"https:\/\/api.w.org\/{rel}","templated":true}]}}