{"id":6803,"date":"2009-11-16T14:26:08","date_gmt":"2009-11-16T14:26:08","guid":{"rendered":"http:\/\/desarrollo.mcvicious.com\/aero2020\/2009\/11\/16\/nace-una-aerolinea-global-iberia-y-british-para-integrar-el-mundo\/"},"modified":"2009-11-16T14:26:08","modified_gmt":"2009-11-16T14:26:08","slug":"nace-una-aerolinea-global-iberia-y-british-para-integrar-el-mundo","status":"publish","type":"post","link":"https:\/\/aeronoticias.com.pe\/noticiero\/transporte-aereo\/internacional\/nace-una-aerolinea-global-iberia-y-british-para-integrar-el-mundo\/","title":{"rendered":"NACE UNA AEROLINEA GLOBAL, IBERIA Y BRITISH PARA INTEGRAR EL MUNDO"},"content":{"rendered":"<div align=\"justify\">La sociedad internacional asiste a uno de los hechos aeropol\u00edticos m\u00e1s importantes de la \u00faltima d\u00e9cada con la fusi\u00f3n de Iberia y British que permitir\u00e1n nuevos horizontes para los servicios de transporte a\u00e9reo internacional con una de las cinco megaempresas m\u00e1s grandes del mundo.<\/p>\n<p>El futuro de la pol\u00edtica de transporte a\u00e9reo internacional pasa por un nuevo concepto de colaboraci\u00f3n interempresaria a trav\u00e9s de la suma de sinergias y ahorro de costos. <\/p>\n<p>Este es el nuevo pensamiento que luego de un proceso, est\u00e1n implementando la l\u00ednea a\u00e9rea de bandera espa\u00f1ola Iberia y la brit\u00e1nica British Airways.<\/p>\n<div style=\"text-align: center\"><img decoding=\"async\" src=\"images\/stories\/09\/11\/161109\/iberiabritish.jpg\" border=\"0\" alt=\"NACE UNA AEROLINEA GLOBAL, IBERIA Y BRITISH PARA INTEGRAR EL MUNDO\" title=\"NACE UNA AEROLINEA GLOBAL, IBERIA Y BRITISH PARA INTEGRAR EL MUNDO\" \/><\/div>\n<p>Hasta la semana pasada todo estaba en proyecto sin embargo han dado el paso para crear Topco, una suma de ambas con sede social y fiscal en Madrid, mientras que en Londres se ubicar\u00e1 la financiera. La fusi\u00f3n dar\u00e1 como resultado la tercera aerol\u00ednea del mundo. Un gigante que, adem\u00e1s, se quiere que sea operativo, y en el que los accionistas de Iberia tendr\u00e1n una participaci\u00f3n del 45% y los de BA, del 55%.Y todo cuando la espa\u00f1ola dio a conocer unas p\u00e9rdidas de 181,9 millones de euros hasta septiembre, frente a unas ganancias de 51,1 millones de euros en el mismo periodo de 2008. Quedan por limar asuntos \u2013ayer lo denunciaba \u00abThe Times\u00bb\u2013 como que la tripulaci\u00f3n de cabina de la espa\u00f1ola cobra una media de 50.000 euros al a\u00f1o, frente a unos 33.489 euros en BA; o el elevado d\u00e9ficit del fondo de pensiones de BA \u2013superior a los 3.000 millones de euros\u2013. Ayer, en otra vuelta de tuerca empresarial, el diario \u00abFinantial Times\u00bb apuntaba que Topco podr\u00eda crecer en Am\u00e9rica y Asia con otras incorporaciones. Sin duda, nuevos escenarios y nuevas oportunidades de negocio para una renovada Iberia.<\/p>\n<p>Aeronoticias saluda esta nueva creaci\u00f3n de la aeropol\u00edtica internacional llamada TOPCO que plantea a la sociedad internacional un nuevo concepto de integraci\u00f3n del transporte a\u00e9reo de dos l\u00edneas a\u00e9reas de las econom\u00edas m\u00e1s importantes del mundo y que deben recibir todo el apoyo de los organismos internacionales y de las direcciones de aeron\u00e1utica civil de los pa\u00edses miembros de la OACI a fin de poder extender y desarrollar una red de rutas a\u00fan mayor a la que ven\u00edan sirviendo British e Iberia en todo el orbe.<br \/>\u00a0<\/div>\n","protected":false},"excerpt":{"rendered":"<p>La sociedad internacional asiste a uno de los hechos aeropol\u00edticos m\u00e1s importantes de la \u00faltima d\u00e9cada con la fusi\u00f3n de Iberia y British que permitir\u00e1n nuevos horizontes para los servicios de transporte a\u00e9reo internacional con una de las cinco megaempresas m\u00e1s grandes del mundo. El futuro de la pol\u00edtica de transporte a\u00e9reo internacional pasa por [&hellip;]<\/p>\n","protected":false},"author":1,"featured_media":0,"comment_status":"open","ping_status":"open","sticky":false,"template":"","format":"standard","meta":{"tdm_status":"","tdm_grid_status":"","footnotes":""},"categories":[32],"tags":[],"class_list":{"0":"post-6803","1":"post","2":"type-post","3":"status-publish","4":"format-standard","6":"category-internacional"},"yoast_head":"<!-- This site is optimized with the Yoast SEO plugin v25.1 - https:\/\/yoast.com\/wordpress\/plugins\/seo\/ -->\n<title>NACE UNA AEROLINEA GLOBAL, IBERIA Y BRITISH PARA INTEGRAR EL MUNDO<\/title>\n<meta name=\"description\" content=\"Portal de noticias del Per\u00fa sobre el transporte a\u00e9reo, aviaci\u00f3n, turismo, hoteleria, actualidad.\" \/>\n<meta name=\"robots\" content=\"index, follow, max-snippet:-1, max-image-preview:large, max-video-preview:-1\" \/>\n<link rel=\"canonical\" href=\"https:\/\/aeronoticias.com.pe\/noticiero\/transporte-aereo\/internacional\/nace-una-aerolinea-global-iberia-y-british-para-integrar-el-mundo\/\" \/>\n<meta property=\"og:locale\" content=\"es_ES\" \/>\n<meta property=\"og:type\" content=\"article\" \/>\n<meta property=\"og:title\" content=\"NACE UNA AEROLINEA GLOBAL, IBERIA Y BRITISH PARA INTEGRAR EL MUNDO\" \/>\n<meta property=\"og:description\" content=\"Portal de noticias del Per\u00fa sobre el transporte a\u00e9reo, aviaci\u00f3n, turismo, hoteleria, actualidad.\" \/>\n<meta property=\"og:url\" content=\"https:\/\/aeronoticias.com.pe\/noticiero\/transporte-aereo\/internacional\/nace-una-aerolinea-global-iberia-y-british-para-integrar-el-mundo\/\" \/>\n<meta property=\"og:site_name\" content=\"Aeronoticias.com.pe\" \/>\n<meta property=\"article:publisher\" content=\"https:\/\/www.facebook.com\/Aeronoticias.com.pe\/\" \/>\n<meta property=\"article:published_time\" content=\"2009-11-16T14:26:08+00:00\" \/>\n<meta name=\"author\" content=\"Redacci\u00f3n Aeronoticias\" \/>\n<meta name=\"twitter:card\" content=\"summary_large_image\" \/>\n<meta name=\"twitter:creator\" content=\"@aeronoticias\" \/>\n<meta name=\"twitter:site\" content=\"@aeronoticias\" \/>\n<meta name=\"twitter:label1\" content=\"Escrito por\" \/>\n\t<meta name=\"twitter:data1\" content=\"Redacci\u00f3n Aeronoticias\" \/>\n\t<meta name=\"twitter:label2\" content=\"Tiempo de lectura\" \/>\n\t<meta name=\"twitter:data2\" content=\"2 minutos\" \/>\n<script type=\"application\/ld+json\" class=\"yoast-schema-graph\">{\"@context\":\"https:\/\/schema.org\",\"@graph\":[{\"@type\":\"WebPage\",\"@id\":\"https:\/\/aeronoticias.com.pe\/noticiero\/transporte-aereo\/internacional\/nace-una-aerolinea-global-iberia-y-british-para-integrar-el-mundo\/\",\"url\":\"https:\/\/aeronoticias.com.pe\/noticiero\/transporte-aereo\/internacional\/nace-una-aerolinea-global-iberia-y-british-para-integrar-el-mundo\/\",\"name\":\"NACE UNA AEROLINEA GLOBAL, IBERIA Y BRITISH PARA INTEGRAR EL MUNDO\",\"isPartOf\":{\"@id\":\"https:\/\/aeronoticias.com.pe\/noticiero\/#website\"},\"datePublished\":\"2009-11-16T14:26:08+00:00\",\"author\":{\"@id\":\"https:\/\/aeronoticias.com.pe\/noticiero\/#\/schema\/person\/fc1e5d578f4b62ba1cf7ac2bba1170a0\"},\"description\":\"Portal de noticias del Per\u00fa sobre el transporte a\u00e9reo, aviaci\u00f3n, turismo, hoteleria, actualidad.\",\"breadcrumb\":{\"@id\":\"https:\/\/aeronoticias.com.pe\/noticiero\/transporte-aereo\/internacional\/nace-una-aerolinea-global-iberia-y-british-para-integrar-el-mundo\/#breadcrumb\"},\"inLanguage\":\"es\",\"potentialAction\":[{\"@type\":\"ReadAction\",\"target\":[\"https:\/\/aeronoticias.com.pe\/noticiero\/transporte-aereo\/internacional\/nace-una-aerolinea-global-iberia-y-british-para-integrar-el-mundo\/\"]}]},{\"@type\":\"BreadcrumbList\",\"@id\":\"https:\/\/aeronoticias.com.pe\/noticiero\/transporte-aereo\/internacional\/nace-una-aerolinea-global-iberia-y-british-para-integrar-el-mundo\/#breadcrumb\",\"itemListElement\":[{\"@type\":\"ListItem\",\"position\":1,\"name\":\"Portada\",\"item\":\"https:\/\/aeronoticias.com.pe\/noticiero\/\"},{\"@type\":\"ListItem\",\"position\":2,\"name\":\"NACE UNA AEROLINEA GLOBAL, IBERIA Y BRITISH PARA INTEGRAR EL MUNDO\"}]},{\"@type\":\"WebSite\",\"@id\":\"https:\/\/aeronoticias.com.pe\/noticiero\/#website\",\"url\":\"https:\/\/aeronoticias.com.pe\/noticiero\/\",\"name\":\"Aeronoticias.com.pe\",\"description\":\"Noticias de tranporte aereo, turismo, hoteles, gastronomia, actualidad, internacional\",\"potentialAction\":[{\"@type\":\"SearchAction\",\"target\":{\"@type\":\"EntryPoint\",\"urlTemplate\":\"https:\/\/aeronoticias.com.pe\/noticiero\/?s={search_term_string}\"},\"query-input\":{\"@type\":\"PropertyValueSpecification\",\"valueRequired\":true,\"valueName\":\"search_term_string\"}}],\"inLanguage\":\"es\"},{\"@type\":\"Person\",\"@id\":\"https:\/\/aeronoticias.com.pe\/noticiero\/#\/schema\/person\/fc1e5d578f4b62ba1cf7ac2bba1170a0\",\"name\":\"Redacci\u00f3n Aeronoticias\",\"url\":\"https:\/\/aeronoticias.com.pe\/noticiero\/author\/piloto\/\"}]}<\/script>\n<!-- \/ Yoast SEO plugin. -->","yoast_head_json":{"title":"NACE UNA AEROLINEA GLOBAL, IBERIA Y BRITISH PARA INTEGRAR EL MUNDO","description":"Portal de noticias del Per\u00fa sobre el transporte a\u00e9reo, aviaci\u00f3n, turismo, hoteleria, actualidad.","robots":{"index":"index","follow":"follow","max-snippet":"max-snippet:-1","max-image-preview":"max-image-preview:large","max-video-preview":"max-video-preview:-1"},"canonical":"https:\/\/aeronoticias.com.pe\/noticiero\/transporte-aereo\/internacional\/nace-una-aerolinea-global-iberia-y-british-para-integrar-el-mundo\/","og_locale":"es_ES","og_type":"article","og_title":"NACE UNA AEROLINEA GLOBAL, IBERIA Y BRITISH PARA INTEGRAR EL MUNDO","og_description":"Portal de noticias del Per\u00fa sobre el transporte a\u00e9reo, aviaci\u00f3n, turismo, hoteleria, actualidad.","og_url":"https:\/\/aeronoticias.com.pe\/noticiero\/transporte-aereo\/internacional\/nace-una-aerolinea-global-iberia-y-british-para-integrar-el-mundo\/","og_site_name":"Aeronoticias.com.pe","article_publisher":"https:\/\/www.facebook.com\/Aeronoticias.com.pe\/","article_published_time":"2009-11-16T14:26:08+00:00","author":"Redacci\u00f3n Aeronoticias","twitter_card":"summary_large_image","twitter_creator":"@aeronoticias","twitter_site":"@aeronoticias","twitter_misc":{"Escrito por":"Redacci\u00f3n Aeronoticias","Tiempo de lectura":"2 minutos"},"schema":{"@context":"https:\/\/schema.org","@graph":[{"@type":"WebPage","@id":"https:\/\/aeronoticias.com.pe\/noticiero\/transporte-aereo\/internacional\/nace-una-aerolinea-global-iberia-y-british-para-integrar-el-mundo\/","url":"https:\/\/aeronoticias.com.pe\/noticiero\/transporte-aereo\/internacional\/nace-una-aerolinea-global-iberia-y-british-para-integrar-el-mundo\/","name":"NACE UNA AEROLINEA GLOBAL, IBERIA Y BRITISH PARA INTEGRAR EL MUNDO","isPartOf":{"@id":"https:\/\/aeronoticias.com.pe\/noticiero\/#website"},"datePublished":"2009-11-16T14:26:08+00:00","author":{"@id":"https:\/\/aeronoticias.com.pe\/noticiero\/#\/schema\/person\/fc1e5d578f4b62ba1cf7ac2bba1170a0"},"description":"Portal de noticias del Per\u00fa sobre el transporte a\u00e9reo, aviaci\u00f3n, turismo, hoteleria, actualidad.","breadcrumb":{"@id":"https:\/\/aeronoticias.com.pe\/noticiero\/transporte-aereo\/internacional\/nace-una-aerolinea-global-iberia-y-british-para-integrar-el-mundo\/#breadcrumb"},"inLanguage":"es","potentialAction":[{"@type":"ReadAction","target":["https:\/\/aeronoticias.com.pe\/noticiero\/transporte-aereo\/internacional\/nace-una-aerolinea-global-iberia-y-british-para-integrar-el-mundo\/"]}]},{"@type":"BreadcrumbList","@id":"https:\/\/aeronoticias.com.pe\/noticiero\/transporte-aereo\/internacional\/nace-una-aerolinea-global-iberia-y-british-para-integrar-el-mundo\/#breadcrumb","itemListElement":[{"@type":"ListItem","position":1,"name":"Portada","item":"https:\/\/aeronoticias.com.pe\/noticiero\/"},{"@type":"ListItem","position":2,"name":"NACE UNA AEROLINEA GLOBAL, IBERIA Y BRITISH PARA INTEGRAR EL MUNDO"}]},{"@type":"WebSite","@id":"https:\/\/aeronoticias.com.pe\/noticiero\/#website","url":"https:\/\/aeronoticias.com.pe\/noticiero\/","name":"Aeronoticias.com.pe","description":"Noticias de tranporte aereo, turismo, hoteles, gastronomia, actualidad, internacional","potentialAction":[{"@type":"SearchAction","target":{"@type":"EntryPoint","urlTemplate":"https:\/\/aeronoticias.com.pe\/noticiero\/?s={search_term_string}"},"query-input":{"@type":"PropertyValueSpecification","valueRequired":true,"valueName":"search_term_string"}}],"inLanguage":"es"},{"@type":"Person","@id":"https:\/\/aeronoticias.com.pe\/noticiero\/#\/schema\/person\/fc1e5d578f4b62ba1cf7ac2bba1170a0","name":"Redacci\u00f3n Aeronoticias","url":"https:\/\/aeronoticias.com.pe\/noticiero\/author\/piloto\/"}]}},"_links":{"self":[{"href":"https:\/\/aeronoticias.com.pe\/noticiero\/wp-json\/wp\/v2\/posts\/6803","targetHints":{"allow":["GET"]}}],"collection":[{"href":"https:\/\/aeronoticias.com.pe\/noticiero\/wp-json\/wp\/v2\/posts"}],"about":[{"href":"https:\/\/aeronoticias.com.pe\/noticiero\/wp-json\/wp\/v2\/types\/post"}],"author":[{"embeddable":true,"href":"https:\/\/aeronoticias.com.pe\/noticiero\/wp-json\/wp\/v2\/users\/1"}],"replies":[{"embeddable":true,"href":"https:\/\/aeronoticias.com.pe\/noticiero\/wp-json\/wp\/v2\/comments?post=6803"}],"version-history":[{"count":0,"href":"https:\/\/aeronoticias.com.pe\/noticiero\/wp-json\/wp\/v2\/posts\/6803\/revisions"}],"wp:attachment":[{"href":"https:\/\/aeronoticias.com.pe\/noticiero\/wp-json\/wp\/v2\/media?parent=6803"}],"wp:term":[{"taxonomy":"category","embeddable":true,"href":"https:\/\/aeronoticias.com.pe\/noticiero\/wp-json\/wp\/v2\/categories?post=6803"},{"taxonomy":"post_tag","embeddable":true,"href":"https:\/\/aeronoticias.com.pe\/noticiero\/wp-json\/wp\/v2\/tags?post=6803"}],"curies":[{"name":"wp","href":"https:\/\/api.w.org\/{rel}","templated":true}]}}