{"id":68032,"date":"2020-12-21T06:28:00","date_gmt":"2020-12-21T11:28:00","guid":{"rendered":"https:\/\/aeronoticias.com.pe\/noticiero\/?p=68032"},"modified":"2020-12-21T10:32:09","modified_gmt":"2020-12-21T15:32:09","slug":"europa-cierra-entrada-a-reino-unido","status":"publish","type":"post","link":"https:\/\/aeronoticias.com.pe\/noticiero\/transporte-aereo\/europa-cierra-entrada-a-reino-unido\/","title":{"rendered":"Europa cierra entrada a Reino Unido"},"content":{"rendered":"\n<p><strong>(Aeronoticias)<\/strong>.- Hasta ahora, los gobiernos de\u00a0Irlanda, Alemania, Francia, Italia, Pa\u00edses Bajos y B\u00e9lgica, entre otros\u00a0decidieron cerrar sus espacios a\u00e9reos a los vuelos provenientes de Reino Unido, con el objetivo de detener la propagaci\u00f3n de una\u00a0<strong>cepa m\u00e1s contagiosa de covid-19,<\/strong>\u00a0lo que ha provocado caos a\u00e9reo en Europa a pocos d\u00edas de Navidad y A\u00f1o Nuevo.<\/p>\n\n\n\n<p>El primer pa\u00eds en cerrar su espacio a\u00e9reo fue&nbsp;<strong>Pa\u00edses Bajos<\/strong>, se\u00f1alando que todos los vuelos de pasajeros provenientes de Reino Unido estaban suspendidos hasta el 1 de enero de 2021.<strong>&nbsp;Asimismo, suspendi\u00f3 los trayectos en ferry entre ambos pa\u00edses.<\/strong><\/p>\n\n\n\n<p>Por su parte,&nbsp;<strong>Francia&nbsp;<\/strong>suspendi\u00f3 todos los vuelos por 48 horas, a partir de la medianoche del domingo, mientras que Irlanda tambi\u00e9n impuso un bloqueo de 48 horas.<\/p>\n\n\n\n<p><strong>Alemania&nbsp;<\/strong>suspendi\u00f3 los vuelos de pasajeros desde Reino Unido desde el domingo, pero no ha se\u00f1alado una fecha de reapertura;&nbsp;<strong>B\u00e9lgica&nbsp;<\/strong>los suspendi\u00f3 al menos por 24 horas, mientras que Italia los bloque\u00f3 hasta el 6 de enero, luego de que en este pa\u00eds s\u00ed se detecara un caso de covid-19 con la nueva cepa.<\/p>\n\n\n\n<p><strong>Austria&nbsp;<\/strong>todav\u00eda no suspende los vuelos desde Reino Unido, report\u00f3 la BBC, pero en cambio,&nbsp;<strong>Bulgaria&nbsp;<\/strong>s\u00ed iniciar\u00e1 su suspensi\u00f3n a partir de la medianoche del lunes y durar\u00e1 hasta el 31 de enero de 2021.<\/p>\n\n\n\n<p>En\u00a0<strong>M\u00e9xico<\/strong>, Grupo Aerom\u00e9xico actualmente tiene suspendidos sus vuelos a Londres hasta el 28 de febrero. Por su parte, British Airways s\u00ed est\u00e1 operando sus vuelos a Ciudad de M\u00e9xico y Canc\u00fan.<\/p>\n\n\n\n<p>Fuente: <strong><em>A21<\/em><\/strong>.<\/p>\n","protected":false},"excerpt":{"rendered":"<p>(Aeronoticias).- Hasta ahora, los gobiernos de\u00a0Irlanda, Alemania, Francia, Italia, Pa\u00edses Bajos y B\u00e9lgica, entre otros\u00a0decidieron cerrar sus espacios a\u00e9reos a los vuelos provenientes de Reino Unido, con el objetivo de detener la propagaci\u00f3n de una\u00a0cepa m\u00e1s contagiosa de covid-19,\u00a0lo que ha provocado caos a\u00e9reo en Europa a pocos d\u00edas de Navidad y A\u00f1o Nuevo. El [&hellip;]<\/p>\n","protected":false},"author":4,"featured_media":65505,"comment_status":"open","ping_status":"open","sticky":false,"template":"","format":"standard","meta":{"tdm_status":"","tdm_grid_status":"","footnotes":""},"categories":[32,11],"tags":[215,107],"class_list":{"0":"post-68032","1":"post","2":"type-post","3":"status-publish","4":"format-standard","5":"has-post-thumbnail","7":"category-internacional","8":"category-transporte-aereo","9":"tag-british-airways","10":"tag-covid19"},"yoast_head":"<!-- This site is optimized with the Yoast SEO plugin v25.1 - https:\/\/yoast.com\/wordpress\/plugins\/seo\/ -->\n<title>Europa cierra entrada a Reino Unido<\/title>\n<meta name=\"description\" content=\"Portal de noticias del Per\u00fa sobre el transporte a\u00e9reo, aviaci\u00f3n, turismo, hoteleria, actualidad.\" \/>\n<meta name=\"robots\" content=\"index, follow, max-snippet:-1, max-image-preview:large, max-video-preview:-1\" \/>\n<link rel=\"canonical\" href=\"https:\/\/aeronoticias.com.pe\/noticiero\/transporte-aereo\/europa-cierra-entrada-a-reino-unido\/\" \/>\n<meta property=\"og:locale\" content=\"es_ES\" \/>\n<meta property=\"og:type\" content=\"article\" \/>\n<meta property=\"og:title\" content=\"Europa cierra entrada a Reino Unido\" \/>\n<meta property=\"og:description\" content=\"Portal de noticias del Per\u00fa sobre el transporte a\u00e9reo, aviaci\u00f3n, turismo, hoteleria, actualidad.\" \/>\n<meta property=\"og:url\" content=\"https:\/\/aeronoticias.com.pe\/noticiero\/transporte-aereo\/europa-cierra-entrada-a-reino-unido\/\" \/>\n<meta property=\"og:site_name\" content=\"Aeronoticias.com.pe\" \/>\n<meta property=\"article:publisher\" content=\"https:\/\/www.facebook.com\/Aeronoticias.com.pe\/\" \/>\n<meta property=\"article:published_time\" content=\"2020-12-21T11:28:00+00:00\" \/>\n<meta property=\"article:modified_time\" content=\"2020-12-21T15:32:09+00:00\" \/>\n<meta property=\"og:image\" content=\"https:\/\/aeronoticias.com.pe\/noticiero\/wp-content\/uploads\/2019\/11\/British-Airways.jpg\" \/>\n\t<meta property=\"og:image:width\" content=\"992\" \/>\n\t<meta property=\"og:image:height\" content=\"558\" \/>\n\t<meta property=\"og:image:type\" content=\"image\/jpeg\" \/>\n<meta name=\"author\" content=\"Jefrey Cuya\" \/>\n<meta name=\"twitter:card\" content=\"summary_large_image\" \/>\n<meta name=\"twitter:creator\" content=\"@aeronoticias\" \/>\n<meta name=\"twitter:site\" content=\"@aeronoticias\" \/>\n<meta name=\"twitter:label1\" content=\"Escrito por\" \/>\n\t<meta name=\"twitter:data1\" content=\"Jefrey Cuya\" \/>\n\t<meta name=\"twitter:label2\" content=\"Tiempo de lectura\" \/>\n\t<meta name=\"twitter:data2\" content=\"1 minuto\" \/>\n<script type=\"application\/ld+json\" class=\"yoast-schema-graph\">{\"@context\":\"https:\/\/schema.org\",\"@graph\":[{\"@type\":\"WebPage\",\"@id\":\"https:\/\/aeronoticias.com.pe\/noticiero\/transporte-aereo\/europa-cierra-entrada-a-reino-unido\/\",\"url\":\"https:\/\/aeronoticias.com.pe\/noticiero\/transporte-aereo\/europa-cierra-entrada-a-reino-unido\/\",\"name\":\"Europa cierra entrada a Reino Unido\",\"isPartOf\":{\"@id\":\"https:\/\/aeronoticias.com.pe\/noticiero\/#website\"},\"primaryImageOfPage\":{\"@id\":\"https:\/\/aeronoticias.com.pe\/noticiero\/transporte-aereo\/europa-cierra-entrada-a-reino-unido\/#primaryimage\"},\"image\":{\"@id\":\"https:\/\/aeronoticias.com.pe\/noticiero\/transporte-aereo\/europa-cierra-entrada-a-reino-unido\/#primaryimage\"},\"thumbnailUrl\":\"https:\/\/aeronoticias.com.pe\/noticiero\/wp-content\/uploads\/2019\/11\/British-Airways.jpg\",\"datePublished\":\"2020-12-21T11:28:00+00:00\",\"dateModified\":\"2020-12-21T15:32:09+00:00\",\"author\":{\"@id\":\"https:\/\/aeronoticias.com.pe\/noticiero\/#\/schema\/person\/9ef7422a13b22ab480ffc29639f442b0\"},\"description\":\"Portal de noticias del Per\u00fa sobre el transporte a\u00e9reo, aviaci\u00f3n, turismo, hoteleria, actualidad.\",\"breadcrumb\":{\"@id\":\"https:\/\/aeronoticias.com.pe\/noticiero\/transporte-aereo\/europa-cierra-entrada-a-reino-unido\/#breadcrumb\"},\"inLanguage\":\"es\",\"potentialAction\":[{\"@type\":\"ReadAction\",\"target\":[\"https:\/\/aeronoticias.com.pe\/noticiero\/transporte-aereo\/europa-cierra-entrada-a-reino-unido\/\"]}]},{\"@type\":\"ImageObject\",\"inLanguage\":\"es\",\"@id\":\"https:\/\/aeronoticias.com.pe\/noticiero\/transporte-aereo\/europa-cierra-entrada-a-reino-unido\/#primaryimage\",\"url\":\"https:\/\/aeronoticias.com.pe\/noticiero\/wp-content\/uploads\/2019\/11\/British-Airways.jpg\",\"contentUrl\":\"https:\/\/aeronoticias.com.pe\/noticiero\/wp-content\/uploads\/2019\/11\/British-Airways.jpg\",\"width\":992,\"height\":558},{\"@type\":\"BreadcrumbList\",\"@id\":\"https:\/\/aeronoticias.com.pe\/noticiero\/transporte-aereo\/europa-cierra-entrada-a-reino-unido\/#breadcrumb\",\"itemListElement\":[{\"@type\":\"ListItem\",\"position\":1,\"name\":\"Portada\",\"item\":\"https:\/\/aeronoticias.com.pe\/noticiero\/\"},{\"@type\":\"ListItem\",\"position\":2,\"name\":\"Europa cierra entrada a Reino Unido\"}]},{\"@type\":\"WebSite\",\"@id\":\"https:\/\/aeronoticias.com.pe\/noticiero\/#website\",\"url\":\"https:\/\/aeronoticias.com.pe\/noticiero\/\",\"name\":\"Aeronoticias.com.pe\",\"description\":\"Noticias de tranporte aereo, turismo, hoteles, gastronomia, actualidad, internacional\",\"potentialAction\":[{\"@type\":\"SearchAction\",\"target\":{\"@type\":\"EntryPoint\",\"urlTemplate\":\"https:\/\/aeronoticias.com.pe\/noticiero\/?s={search_term_string}\"},\"query-input\":{\"@type\":\"PropertyValueSpecification\",\"valueRequired\":true,\"valueName\":\"search_term_string\"}}],\"inLanguage\":\"es\"},{\"@type\":\"Person\",\"@id\":\"https:\/\/aeronoticias.com.pe\/noticiero\/#\/schema\/person\/9ef7422a13b22ab480ffc29639f442b0\",\"name\":\"Jefrey Cuya\",\"url\":\"https:\/\/aeronoticias.com.pe\/noticiero\/author\/jefreycuya\/\"}]}<\/script>\n<!-- \/ Yoast SEO plugin. -->","yoast_head_json":{"title":"Europa cierra entrada a Reino Unido","description":"Portal de noticias del Per\u00fa sobre el transporte a\u00e9reo, aviaci\u00f3n, turismo, hoteleria, actualidad.","robots":{"index":"index","follow":"follow","max-snippet":"max-snippet:-1","max-image-preview":"max-image-preview:large","max-video-preview":"max-video-preview:-1"},"canonical":"https:\/\/aeronoticias.com.pe\/noticiero\/transporte-aereo\/europa-cierra-entrada-a-reino-unido\/","og_locale":"es_ES","og_type":"article","og_title":"Europa cierra entrada a Reino Unido","og_description":"Portal de noticias del Per\u00fa sobre el transporte a\u00e9reo, aviaci\u00f3n, turismo, hoteleria, actualidad.","og_url":"https:\/\/aeronoticias.com.pe\/noticiero\/transporte-aereo\/europa-cierra-entrada-a-reino-unido\/","og_site_name":"Aeronoticias.com.pe","article_publisher":"https:\/\/www.facebook.com\/Aeronoticias.com.pe\/","article_published_time":"2020-12-21T11:28:00+00:00","article_modified_time":"2020-12-21T15:32:09+00:00","og_image":[{"width":992,"height":558,"url":"https:\/\/aeronoticias.com.pe\/noticiero\/wp-content\/uploads\/2019\/11\/British-Airways.jpg","type":"image\/jpeg"}],"author":"Jefrey Cuya","twitter_card":"summary_large_image","twitter_creator":"@aeronoticias","twitter_site":"@aeronoticias","twitter_misc":{"Escrito por":"Jefrey Cuya","Tiempo de lectura":"1 minuto"},"schema":{"@context":"https:\/\/schema.org","@graph":[{"@type":"WebPage","@id":"https:\/\/aeronoticias.com.pe\/noticiero\/transporte-aereo\/europa-cierra-entrada-a-reino-unido\/","url":"https:\/\/aeronoticias.com.pe\/noticiero\/transporte-aereo\/europa-cierra-entrada-a-reino-unido\/","name":"Europa cierra entrada a Reino Unido","isPartOf":{"@id":"https:\/\/aeronoticias.com.pe\/noticiero\/#website"},"primaryImageOfPage":{"@id":"https:\/\/aeronoticias.com.pe\/noticiero\/transporte-aereo\/europa-cierra-entrada-a-reino-unido\/#primaryimage"},"image":{"@id":"https:\/\/aeronoticias.com.pe\/noticiero\/transporte-aereo\/europa-cierra-entrada-a-reino-unido\/#primaryimage"},"thumbnailUrl":"https:\/\/aeronoticias.com.pe\/noticiero\/wp-content\/uploads\/2019\/11\/British-Airways.jpg","datePublished":"2020-12-21T11:28:00+00:00","dateModified":"2020-12-21T15:32:09+00:00","author":{"@id":"https:\/\/aeronoticias.com.pe\/noticiero\/#\/schema\/person\/9ef7422a13b22ab480ffc29639f442b0"},"description":"Portal de noticias del Per\u00fa sobre el transporte a\u00e9reo, aviaci\u00f3n, turismo, hoteleria, actualidad.","breadcrumb":{"@id":"https:\/\/aeronoticias.com.pe\/noticiero\/transporte-aereo\/europa-cierra-entrada-a-reino-unido\/#breadcrumb"},"inLanguage":"es","potentialAction":[{"@type":"ReadAction","target":["https:\/\/aeronoticias.com.pe\/noticiero\/transporte-aereo\/europa-cierra-entrada-a-reino-unido\/"]}]},{"@type":"ImageObject","inLanguage":"es","@id":"https:\/\/aeronoticias.com.pe\/noticiero\/transporte-aereo\/europa-cierra-entrada-a-reino-unido\/#primaryimage","url":"https:\/\/aeronoticias.com.pe\/noticiero\/wp-content\/uploads\/2019\/11\/British-Airways.jpg","contentUrl":"https:\/\/aeronoticias.com.pe\/noticiero\/wp-content\/uploads\/2019\/11\/British-Airways.jpg","width":992,"height":558},{"@type":"BreadcrumbList","@id":"https:\/\/aeronoticias.com.pe\/noticiero\/transporte-aereo\/europa-cierra-entrada-a-reino-unido\/#breadcrumb","itemListElement":[{"@type":"ListItem","position":1,"name":"Portada","item":"https:\/\/aeronoticias.com.pe\/noticiero\/"},{"@type":"ListItem","position":2,"name":"Europa cierra entrada a Reino Unido"}]},{"@type":"WebSite","@id":"https:\/\/aeronoticias.com.pe\/noticiero\/#website","url":"https:\/\/aeronoticias.com.pe\/noticiero\/","name":"Aeronoticias.com.pe","description":"Noticias de tranporte aereo, turismo, hoteles, gastronomia, actualidad, internacional","potentialAction":[{"@type":"SearchAction","target":{"@type":"EntryPoint","urlTemplate":"https:\/\/aeronoticias.com.pe\/noticiero\/?s={search_term_string}"},"query-input":{"@type":"PropertyValueSpecification","valueRequired":true,"valueName":"search_term_string"}}],"inLanguage":"es"},{"@type":"Person","@id":"https:\/\/aeronoticias.com.pe\/noticiero\/#\/schema\/person\/9ef7422a13b22ab480ffc29639f442b0","name":"Jefrey Cuya","url":"https:\/\/aeronoticias.com.pe\/noticiero\/author\/jefreycuya\/"}]}},"_links":{"self":[{"href":"https:\/\/aeronoticias.com.pe\/noticiero\/wp-json\/wp\/v2\/posts\/68032","targetHints":{"allow":["GET"]}}],"collection":[{"href":"https:\/\/aeronoticias.com.pe\/noticiero\/wp-json\/wp\/v2\/posts"}],"about":[{"href":"https:\/\/aeronoticias.com.pe\/noticiero\/wp-json\/wp\/v2\/types\/post"}],"author":[{"embeddable":true,"href":"https:\/\/aeronoticias.com.pe\/noticiero\/wp-json\/wp\/v2\/users\/4"}],"replies":[{"embeddable":true,"href":"https:\/\/aeronoticias.com.pe\/noticiero\/wp-json\/wp\/v2\/comments?post=68032"}],"version-history":[{"count":0,"href":"https:\/\/aeronoticias.com.pe\/noticiero\/wp-json\/wp\/v2\/posts\/68032\/revisions"}],"wp:featuredmedia":[{"embeddable":true,"href":"https:\/\/aeronoticias.com.pe\/noticiero\/wp-json\/wp\/v2\/media\/65505"}],"wp:attachment":[{"href":"https:\/\/aeronoticias.com.pe\/noticiero\/wp-json\/wp\/v2\/media?parent=68032"}],"wp:term":[{"taxonomy":"category","embeddable":true,"href":"https:\/\/aeronoticias.com.pe\/noticiero\/wp-json\/wp\/v2\/categories?post=68032"},{"taxonomy":"post_tag","embeddable":true,"href":"https:\/\/aeronoticias.com.pe\/noticiero\/wp-json\/wp\/v2\/tags?post=68032"}],"curies":[{"name":"wp","href":"https:\/\/api.w.org\/{rel}","templated":true}]}}