{"id":68037,"date":"2020-12-21T07:36:00","date_gmt":"2020-12-21T12:36:00","guid":{"rendered":"https:\/\/aeronoticias.com.pe\/noticiero\/?p=68037"},"modified":"2020-12-21T10:40:51","modified_gmt":"2020-12-21T15:40:51","slug":"gobierno-suspende-por-dos-semanas-los-viajes-provenientes-de-europa","status":"publish","type":"post","link":"https:\/\/aeronoticias.com.pe\/noticiero\/transporte-aereo\/gobierno-suspende-por-dos-semanas-los-viajes-provenientes-de-europa\/","title":{"rendered":"Gobierno suspende por dos semanas los viajes provenientes de Europa"},"content":{"rendered":"\n<p><strong>(Aeronoticias)<\/strong>.- El\u00a0Gobierno anunci\u00f3 la\u00a0suspensi\u00f3n de los viajes\u00a0provenientes de\u00a0<a href=\"https:\/\/rpp.pe\/mundo\/europa\/union-europea-tratara-de-coordinar-una-respuesta-a-la-nueva-cepa-del-coronavirus-este-lunes-noticia-1310895\">Europa<\/a>\u00a0por dos semanas\u00a0debido a la nueva variante de coronavirus\u00a0\u00a0detectada en el Reino Unido.<\/p>\n\n\n\n<p>El presidente&nbsp;<a href=\"https:\/\/rpp.pe\/politica\/gobierno\/francisco-sagasti-sobre-la-llegada-de-las-vacunas-no-se-puede-prometer-lo-que-no-se-va-a-cumplir-noticia-1310837\">Francisco Sagasti<\/a>, en su reciente Mensaje a la Naci\u00f3n, explic\u00f3 que se estar\u00e1n dando algunas&nbsp;<strong>medidas puntuales para prevenir la llegada de esta variante del coronavirus.<\/strong><\/p>\n\n\n\n<p>\u00abSe proh\u00edbe el ingreso de extranjeros no residentes que hayan estado en el Reino Unido en las \u00faltimas dos semanas. Los ciudadanos peruanos o extranjeros residentes que se encuentren en el pa\u00eds y que hayan visitado el Reino Unido en las \u00faltimas dos semanas deber\u00e1n hacer una cuarentena de 14 d\u00edas,<strong>&nbsp;suspender el ingreso de vuelos provenientes de Europa durante las pr\u00f3ximas dos semanas, y declarar al sistema de&nbsp;<a href=\"https:\/\/rpp.pe\/noticias\/vigilancia-epidemologica\">vigilancia epidemiol\u00f3gica<\/a>&nbsp;en estado de alerta m\u00e1xima<\/strong>\u00ab, anunci\u00f3 el jefe de Estado.<\/p>\n\n\n\n<p>Estas medidas complementan a la prohibici\u00f3n de vuelos provenientes de&nbsp;<a href=\"https:\/\/rpp.pe\/mundo\/actualidad\/reino-unido-aislado-del-mundo-por-mutacion-incontrolada-del-coronavirus-noticia-1310965\">Reino Unido<\/a>, que anunci\u00f3 ayer el Ministerio de Transportes.<\/p>\n\n\n\n<p>El jefe de Estado aclar\u00f3 que&nbsp;<strong>no han ingresado vuelos procedentes de Reino Unido<\/strong>&nbsp;al pa\u00eds, pese a que este pa\u00eds ya estaba entre los destinos permitidos para<a href=\"https:\/\/rpp.pe\/economia\/economia\/vuelos-internacionales-llegaran-cerca-de-30000-pasajeros-de-europa-por-fiestas-de-fin-de-ano-transporte-aereo-navidad-2020-ano-nuevo-noticia-1310009\">&nbsp;viajes internacionales.<\/a><\/p>\n\n\n\n<p>Adem\u00e1s, indic\u00f3 que los\u00a0<strong>pasajeros que llegaron de Reino Unido en vuelos con conexi\u00f3n est\u00e1n siendo monitoreados<\/strong>\u00a0el Ministerio de Salud.<\/p>\n\n\n\n<p>Fuente: <strong><em>RPP<\/em><\/strong>.<\/p>\n","protected":false},"excerpt":{"rendered":"<p>(Aeronoticias).- El\u00a0Gobierno anunci\u00f3 la\u00a0suspensi\u00f3n de los viajes\u00a0provenientes de\u00a0Europa\u00a0por dos semanas\u00a0debido a la nueva variante de coronavirus\u00a0\u00a0detectada en el Reino Unido. El presidente&nbsp;Francisco Sagasti, en su reciente Mensaje a la Naci\u00f3n, explic\u00f3 que se estar\u00e1n dando algunas&nbsp;medidas puntuales para prevenir la llegada de esta variante del coronavirus. \u00abSe proh\u00edbe el ingreso de extranjeros no residentes que [&hellip;]<\/p>\n","protected":false},"author":4,"featured_media":68038,"comment_status":"open","ping_status":"open","sticky":false,"template":"","format":"standard","meta":{"tdm_status":"","tdm_grid_status":"","footnotes":""},"categories":[51,11],"tags":[163,119,465],"class_list":{"0":"post-68037","1":"post","2":"type-post","3":"status-publish","4":"format-standard","5":"has-post-thumbnail","7":"category-nacional","8":"category-transporte-aereo","9":"tag-coronavirus","10":"tag-europa","11":"tag-reino-unido"},"yoast_head":"<!-- This site is optimized with the Yoast SEO plugin v25.1 - https:\/\/yoast.com\/wordpress\/plugins\/seo\/ -->\n<title>Gobierno suspende por dos semanas los viajes provenientes de Europa<\/title>\n<meta name=\"description\" content=\"Portal de noticias del Per\u00fa sobre el transporte a\u00e9reo, aviaci\u00f3n, turismo, hoteleria, actualidad.\" \/>\n<meta name=\"robots\" content=\"index, follow, max-snippet:-1, max-image-preview:large, max-video-preview:-1\" \/>\n<link rel=\"canonical\" href=\"https:\/\/aeronoticias.com.pe\/noticiero\/transporte-aereo\/gobierno-suspende-por-dos-semanas-los-viajes-provenientes-de-europa\/\" \/>\n<meta property=\"og:locale\" content=\"es_ES\" \/>\n<meta property=\"og:type\" content=\"article\" \/>\n<meta property=\"og:title\" content=\"Gobierno suspende por dos semanas los viajes provenientes de Europa\" \/>\n<meta property=\"og:description\" content=\"Portal de noticias del Per\u00fa sobre el transporte a\u00e9reo, aviaci\u00f3n, turismo, hoteleria, actualidad.\" \/>\n<meta property=\"og:url\" content=\"https:\/\/aeronoticias.com.pe\/noticiero\/transporte-aereo\/gobierno-suspende-por-dos-semanas-los-viajes-provenientes-de-europa\/\" \/>\n<meta property=\"og:site_name\" content=\"Aeronoticias.com.pe\" \/>\n<meta property=\"article:publisher\" content=\"https:\/\/www.facebook.com\/Aeronoticias.com.pe\/\" \/>\n<meta property=\"article:published_time\" content=\"2020-12-21T12:36:00+00:00\" \/>\n<meta property=\"article:modified_time\" content=\"2020-12-21T15:40:51+00:00\" \/>\n<meta property=\"og:image\" content=\"https:\/\/aeronoticias.com.pe\/noticiero\/wp-content\/uploads\/2020\/12\/523252_1037522.jpg\" \/>\n\t<meta property=\"og:image:width\" content=\"604\" \/>\n\t<meta property=\"og:image:height\" content=\"339\" \/>\n\t<meta property=\"og:image:type\" content=\"image\/jpeg\" \/>\n<meta name=\"author\" content=\"Jefrey Cuya\" \/>\n<meta name=\"twitter:card\" content=\"summary_large_image\" \/>\n<meta name=\"twitter:creator\" content=\"@aeronoticias\" \/>\n<meta name=\"twitter:site\" content=\"@aeronoticias\" \/>\n<meta name=\"twitter:label1\" content=\"Escrito por\" \/>\n\t<meta name=\"twitter:data1\" content=\"Jefrey Cuya\" \/>\n\t<meta name=\"twitter:label2\" content=\"Tiempo de lectura\" \/>\n\t<meta name=\"twitter:data2\" content=\"1 minuto\" \/>\n<script type=\"application\/ld+json\" class=\"yoast-schema-graph\">{\"@context\":\"https:\/\/schema.org\",\"@graph\":[{\"@type\":\"WebPage\",\"@id\":\"https:\/\/aeronoticias.com.pe\/noticiero\/transporte-aereo\/gobierno-suspende-por-dos-semanas-los-viajes-provenientes-de-europa\/\",\"url\":\"https:\/\/aeronoticias.com.pe\/noticiero\/transporte-aereo\/gobierno-suspende-por-dos-semanas-los-viajes-provenientes-de-europa\/\",\"name\":\"Gobierno suspende por dos semanas los viajes provenientes de Europa\",\"isPartOf\":{\"@id\":\"https:\/\/aeronoticias.com.pe\/noticiero\/#website\"},\"primaryImageOfPage\":{\"@id\":\"https:\/\/aeronoticias.com.pe\/noticiero\/transporte-aereo\/gobierno-suspende-por-dos-semanas-los-viajes-provenientes-de-europa\/#primaryimage\"},\"image\":{\"@id\":\"https:\/\/aeronoticias.com.pe\/noticiero\/transporte-aereo\/gobierno-suspende-por-dos-semanas-los-viajes-provenientes-de-europa\/#primaryimage\"},\"thumbnailUrl\":\"https:\/\/aeronoticias.com.pe\/noticiero\/wp-content\/uploads\/2020\/12\/523252_1037522.jpg\",\"datePublished\":\"2020-12-21T12:36:00+00:00\",\"dateModified\":\"2020-12-21T15:40:51+00:00\",\"author\":{\"@id\":\"https:\/\/aeronoticias.com.pe\/noticiero\/#\/schema\/person\/9ef7422a13b22ab480ffc29639f442b0\"},\"description\":\"Portal de noticias del Per\u00fa sobre el transporte a\u00e9reo, aviaci\u00f3n, turismo, hoteleria, actualidad.\",\"breadcrumb\":{\"@id\":\"https:\/\/aeronoticias.com.pe\/noticiero\/transporte-aereo\/gobierno-suspende-por-dos-semanas-los-viajes-provenientes-de-europa\/#breadcrumb\"},\"inLanguage\":\"es\",\"potentialAction\":[{\"@type\":\"ReadAction\",\"target\":[\"https:\/\/aeronoticias.com.pe\/noticiero\/transporte-aereo\/gobierno-suspende-por-dos-semanas-los-viajes-provenientes-de-europa\/\"]}]},{\"@type\":\"ImageObject\",\"inLanguage\":\"es\",\"@id\":\"https:\/\/aeronoticias.com.pe\/noticiero\/transporte-aereo\/gobierno-suspende-por-dos-semanas-los-viajes-provenientes-de-europa\/#primaryimage\",\"url\":\"https:\/\/aeronoticias.com.pe\/noticiero\/wp-content\/uploads\/2020\/12\/523252_1037522.jpg\",\"contentUrl\":\"https:\/\/aeronoticias.com.pe\/noticiero\/wp-content\/uploads\/2020\/12\/523252_1037522.jpg\",\"width\":604,\"height\":339},{\"@type\":\"BreadcrumbList\",\"@id\":\"https:\/\/aeronoticias.com.pe\/noticiero\/transporte-aereo\/gobierno-suspende-por-dos-semanas-los-viajes-provenientes-de-europa\/#breadcrumb\",\"itemListElement\":[{\"@type\":\"ListItem\",\"position\":1,\"name\":\"Portada\",\"item\":\"https:\/\/aeronoticias.com.pe\/noticiero\/\"},{\"@type\":\"ListItem\",\"position\":2,\"name\":\"Gobierno suspende por dos semanas los viajes provenientes de Europa\"}]},{\"@type\":\"WebSite\",\"@id\":\"https:\/\/aeronoticias.com.pe\/noticiero\/#website\",\"url\":\"https:\/\/aeronoticias.com.pe\/noticiero\/\",\"name\":\"Aeronoticias.com.pe\",\"description\":\"Noticias de tranporte aereo, turismo, hoteles, gastronomia, actualidad, internacional\",\"potentialAction\":[{\"@type\":\"SearchAction\",\"target\":{\"@type\":\"EntryPoint\",\"urlTemplate\":\"https:\/\/aeronoticias.com.pe\/noticiero\/?s={search_term_string}\"},\"query-input\":{\"@type\":\"PropertyValueSpecification\",\"valueRequired\":true,\"valueName\":\"search_term_string\"}}],\"inLanguage\":\"es\"},{\"@type\":\"Person\",\"@id\":\"https:\/\/aeronoticias.com.pe\/noticiero\/#\/schema\/person\/9ef7422a13b22ab480ffc29639f442b0\",\"name\":\"Jefrey Cuya\",\"url\":\"https:\/\/aeronoticias.com.pe\/noticiero\/author\/jefreycuya\/\"}]}<\/script>\n<!-- \/ Yoast SEO plugin. -->","yoast_head_json":{"title":"Gobierno suspende por dos semanas los viajes provenientes de Europa","description":"Portal de noticias del Per\u00fa sobre el transporte a\u00e9reo, aviaci\u00f3n, turismo, hoteleria, actualidad.","robots":{"index":"index","follow":"follow","max-snippet":"max-snippet:-1","max-image-preview":"max-image-preview:large","max-video-preview":"max-video-preview:-1"},"canonical":"https:\/\/aeronoticias.com.pe\/noticiero\/transporte-aereo\/gobierno-suspende-por-dos-semanas-los-viajes-provenientes-de-europa\/","og_locale":"es_ES","og_type":"article","og_title":"Gobierno suspende por dos semanas los viajes provenientes de Europa","og_description":"Portal de noticias del Per\u00fa sobre el transporte a\u00e9reo, aviaci\u00f3n, turismo, hoteleria, actualidad.","og_url":"https:\/\/aeronoticias.com.pe\/noticiero\/transporte-aereo\/gobierno-suspende-por-dos-semanas-los-viajes-provenientes-de-europa\/","og_site_name":"Aeronoticias.com.pe","article_publisher":"https:\/\/www.facebook.com\/Aeronoticias.com.pe\/","article_published_time":"2020-12-21T12:36:00+00:00","article_modified_time":"2020-12-21T15:40:51+00:00","og_image":[{"width":604,"height":339,"url":"https:\/\/aeronoticias.com.pe\/noticiero\/wp-content\/uploads\/2020\/12\/523252_1037522.jpg","type":"image\/jpeg"}],"author":"Jefrey Cuya","twitter_card":"summary_large_image","twitter_creator":"@aeronoticias","twitter_site":"@aeronoticias","twitter_misc":{"Escrito por":"Jefrey Cuya","Tiempo de lectura":"1 minuto"},"schema":{"@context":"https:\/\/schema.org","@graph":[{"@type":"WebPage","@id":"https:\/\/aeronoticias.com.pe\/noticiero\/transporte-aereo\/gobierno-suspende-por-dos-semanas-los-viajes-provenientes-de-europa\/","url":"https:\/\/aeronoticias.com.pe\/noticiero\/transporte-aereo\/gobierno-suspende-por-dos-semanas-los-viajes-provenientes-de-europa\/","name":"Gobierno suspende por dos semanas los viajes provenientes de Europa","isPartOf":{"@id":"https:\/\/aeronoticias.com.pe\/noticiero\/#website"},"primaryImageOfPage":{"@id":"https:\/\/aeronoticias.com.pe\/noticiero\/transporte-aereo\/gobierno-suspende-por-dos-semanas-los-viajes-provenientes-de-europa\/#primaryimage"},"image":{"@id":"https:\/\/aeronoticias.com.pe\/noticiero\/transporte-aereo\/gobierno-suspende-por-dos-semanas-los-viajes-provenientes-de-europa\/#primaryimage"},"thumbnailUrl":"https:\/\/aeronoticias.com.pe\/noticiero\/wp-content\/uploads\/2020\/12\/523252_1037522.jpg","datePublished":"2020-12-21T12:36:00+00:00","dateModified":"2020-12-21T15:40:51+00:00","author":{"@id":"https:\/\/aeronoticias.com.pe\/noticiero\/#\/schema\/person\/9ef7422a13b22ab480ffc29639f442b0"},"description":"Portal de noticias del Per\u00fa sobre el transporte a\u00e9reo, aviaci\u00f3n, turismo, hoteleria, actualidad.","breadcrumb":{"@id":"https:\/\/aeronoticias.com.pe\/noticiero\/transporte-aereo\/gobierno-suspende-por-dos-semanas-los-viajes-provenientes-de-europa\/#breadcrumb"},"inLanguage":"es","potentialAction":[{"@type":"ReadAction","target":["https:\/\/aeronoticias.com.pe\/noticiero\/transporte-aereo\/gobierno-suspende-por-dos-semanas-los-viajes-provenientes-de-europa\/"]}]},{"@type":"ImageObject","inLanguage":"es","@id":"https:\/\/aeronoticias.com.pe\/noticiero\/transporte-aereo\/gobierno-suspende-por-dos-semanas-los-viajes-provenientes-de-europa\/#primaryimage","url":"https:\/\/aeronoticias.com.pe\/noticiero\/wp-content\/uploads\/2020\/12\/523252_1037522.jpg","contentUrl":"https:\/\/aeronoticias.com.pe\/noticiero\/wp-content\/uploads\/2020\/12\/523252_1037522.jpg","width":604,"height":339},{"@type":"BreadcrumbList","@id":"https:\/\/aeronoticias.com.pe\/noticiero\/transporte-aereo\/gobierno-suspende-por-dos-semanas-los-viajes-provenientes-de-europa\/#breadcrumb","itemListElement":[{"@type":"ListItem","position":1,"name":"Portada","item":"https:\/\/aeronoticias.com.pe\/noticiero\/"},{"@type":"ListItem","position":2,"name":"Gobierno suspende por dos semanas los viajes provenientes de Europa"}]},{"@type":"WebSite","@id":"https:\/\/aeronoticias.com.pe\/noticiero\/#website","url":"https:\/\/aeronoticias.com.pe\/noticiero\/","name":"Aeronoticias.com.pe","description":"Noticias de tranporte aereo, turismo, hoteles, gastronomia, actualidad, internacional","potentialAction":[{"@type":"SearchAction","target":{"@type":"EntryPoint","urlTemplate":"https:\/\/aeronoticias.com.pe\/noticiero\/?s={search_term_string}"},"query-input":{"@type":"PropertyValueSpecification","valueRequired":true,"valueName":"search_term_string"}}],"inLanguage":"es"},{"@type":"Person","@id":"https:\/\/aeronoticias.com.pe\/noticiero\/#\/schema\/person\/9ef7422a13b22ab480ffc29639f442b0","name":"Jefrey Cuya","url":"https:\/\/aeronoticias.com.pe\/noticiero\/author\/jefreycuya\/"}]}},"_links":{"self":[{"href":"https:\/\/aeronoticias.com.pe\/noticiero\/wp-json\/wp\/v2\/posts\/68037","targetHints":{"allow":["GET"]}}],"collection":[{"href":"https:\/\/aeronoticias.com.pe\/noticiero\/wp-json\/wp\/v2\/posts"}],"about":[{"href":"https:\/\/aeronoticias.com.pe\/noticiero\/wp-json\/wp\/v2\/types\/post"}],"author":[{"embeddable":true,"href":"https:\/\/aeronoticias.com.pe\/noticiero\/wp-json\/wp\/v2\/users\/4"}],"replies":[{"embeddable":true,"href":"https:\/\/aeronoticias.com.pe\/noticiero\/wp-json\/wp\/v2\/comments?post=68037"}],"version-history":[{"count":0,"href":"https:\/\/aeronoticias.com.pe\/noticiero\/wp-json\/wp\/v2\/posts\/68037\/revisions"}],"wp:featuredmedia":[{"embeddable":true,"href":"https:\/\/aeronoticias.com.pe\/noticiero\/wp-json\/wp\/v2\/media\/68038"}],"wp:attachment":[{"href":"https:\/\/aeronoticias.com.pe\/noticiero\/wp-json\/wp\/v2\/media?parent=68037"}],"wp:term":[{"taxonomy":"category","embeddable":true,"href":"https:\/\/aeronoticias.com.pe\/noticiero\/wp-json\/wp\/v2\/categories?post=68037"},{"taxonomy":"post_tag","embeddable":true,"href":"https:\/\/aeronoticias.com.pe\/noticiero\/wp-json\/wp\/v2\/tags?post=68037"}],"curies":[{"name":"wp","href":"https:\/\/api.w.org\/{rel}","templated":true}]}}