{"id":6804,"date":"2009-11-16T14:27:45","date_gmt":"2009-11-16T14:27:45","guid":{"rendered":"http:\/\/desarrollo.mcvicious.com\/aero2020\/2009\/11\/16\/revisaran-sentencia-de-condena-a-alberto-fujimori-por-delitos-de-lesa-humanidad\/"},"modified":"2009-11-16T14:27:45","modified_gmt":"2009-11-16T14:27:45","slug":"revisaran-sentencia-de-condena-a-alberto-fujimori-por-delitos-de-lesa-humanidad","status":"publish","type":"post","link":"https:\/\/aeronoticias.com.pe\/noticiero\/nacionales\/revisaran-sentencia-de-condena-a-alberto-fujimori-por-delitos-de-lesa-humanidad\/","title":{"rendered":"REVISAR\u00c1N SENTENCIA DE CONDENA A ALBERTO FUJIMORI POR DELITOS DE LESA HUMANIDAD"},"content":{"rendered":"<div style=\"text-align: justify\">La Primera Sala Penal Transitoria de la Corte Suprema, que preside Duberl\u00ed Rodr\u00edguez Tineo, ha programado para el 23 al 25 de Noviembre se realizar\u00e1 la vista de la causa del recurso de nulidad interpuesto por la defensa de Alberto Fujimori interpuesta en contra de la sentencia que lo conden\u00f3, -en primera instancia-, a 25 a\u00f1os de prisi\u00f3n por delitos de lesa humanidad.<\/div>\n<div style=\"text-align: justify\"><\/div>\n<div style=\"text-align: justify\">Debido a la complejidad del caso y de acuerdo a lo solicitado por las partes procesales se dispuso que el lunes 23 hagan uso de la palabra los abogados de la parte civil por un tiempo total de seis horas en conjunto, adem\u00e1s se afirm\u00f3, participar\u00e1n de esta primera parte Carlos Rivera Paz, Antonio Salazar Garc\u00eda, David Velazco Rond\u00f3n, Rosa Quedena Zambrano, Gloria Cano Legua, Sandra Mendoza Jorgechagua, Gisella Astoc\u00f3ndor Salazar, Gustavo Campos Peralta y Cristian Sol\u00eds Alcedo.<\/div>\n<div style=\"text-align: justify\">\n<div style=\"text-align: center\"><img decoding=\"async\" src=\"images\/stories\/09\/11\/161109\/fujimori.jpg\" border=\"0\" alt=\"REVISAR\u00c1N SENTENCIA DE CONDENA A ALBERTO FUJIMORI POR DELITOS DE LESA HUMANIDAD  \" title=\"REVISAR\u00c1N SENTENCIA DE CONDENA A ALBERTO FUJIMORI POR DELITOS DE LESA HUMANIDAD  \" \/><\/div>\n<\/div>\n<div style=\"text-align: justify\">En tanto, el 24 de noviembre le corresponder\u00e1 el turno a C\u00e9sar Nakazaki Servig\u00f3n y Gladys Vallejo Santa Mar\u00eda, abogados del sentenciado, a quienes tambi\u00e9n \u00a0se les otorgar\u00e1 seis horas para su defensa.<\/div>\n<div style=\"text-align: justify\"><\/div>\n<div style=\"text-align: justify\">Mientras que un d\u00eda despu\u00e9s el tribunal dar\u00e1 paso a las r\u00e9plicas y d\u00faplicas que las partes hayan solicitado, por un lapso de dos horas en total, las audiencias se efectuar\u00e1n en la sede judicial de Ate \u2013 Vitarte, ubicada al interior de la Direcci\u00f3n de Operaciones Especiales de la Polic\u00eda Nacional del Per\u00fa (Diroes), en el caso de los primeros dos d\u00edas, desde las 9:00 hasta las 16:30 horas.<\/div>\n<div style=\"text-align: justify\"><\/div>\n<div style=\"text-align: justify\">Tambi\u00e9n integran la Primera Sala Penal Transitoria de la Corte Suprema Julio Biaggi G\u00f3mez, Elvia Barrios Alvarado, Roberto Barandiar\u00e1n Dempwolf y Jos\u00e9 Neyra Flores.<\/div>\n<div style=\"text-align: justify\"><\/div>\n<div style=\"text-align: justify\"><strong>Aeronoticias<\/strong> considera que este pol\u00e9mico caso, en el que se demostr\u00f3 la responsabilidad del ex presidente peruano Alberto Fujimori Fujimori en delitos de lesa humanidad, merece toda la atenci\u00f3n de la Primera Sala Penal Transitoria de la Corte Suprema, adem\u00e1s del an\u00e1lisis profundo de Duberl\u00ed Rodriguez Tineo en relaci\u00f3n a que se tiene que dilucidar con extremo cuidado la validez o invalidez de la apelaci\u00f3n presentada por la defensa Fujimori, debido a la complejidad del caso.<\/div>\n<div style=\"text-align: justify\"><\/div>\n","protected":false},"excerpt":{"rendered":"<p>La Primera Sala Penal Transitoria de la Corte Suprema, que preside Duberl\u00ed Rodr\u00edguez Tineo, ha programado para el 23 al 25 de Noviembre se realizar\u00e1 la vista de la causa del recurso de nulidad interpuesto por la defensa de Alberto Fujimori interpuesta en contra de la sentencia que lo conden\u00f3, -en primera instancia-, a 25 [&hellip;]<\/p>\n","protected":false},"author":1,"featured_media":0,"comment_status":"open","ping_status":"open","sticky":false,"template":"","format":"standard","meta":{"tdm_status":"","tdm_grid_status":"","footnotes":""},"categories":[38],"tags":[],"class_list":{"0":"post-6804","1":"post","2":"type-post","3":"status-publish","4":"format-standard","6":"category-nacionales"},"yoast_head":"<!-- This site is optimized with the Yoast SEO plugin v25.1 - https:\/\/yoast.com\/wordpress\/plugins\/seo\/ -->\n<title>REVISAR\u00c1N SENTENCIA DE CONDENA A ALBERTO FUJIMORI POR DELITOS DE LESA HUMANIDAD<\/title>\n<meta name=\"description\" content=\"Portal de noticias del Per\u00fa sobre el transporte a\u00e9reo, aviaci\u00f3n, turismo, hoteleria, actualidad.\" \/>\n<meta name=\"robots\" content=\"index, follow, max-snippet:-1, max-image-preview:large, max-video-preview:-1\" \/>\n<link rel=\"canonical\" href=\"https:\/\/aeronoticias.com.pe\/noticiero\/nacionales\/revisaran-sentencia-de-condena-a-alberto-fujimori-por-delitos-de-lesa-humanidad\/\" \/>\n<meta property=\"og:locale\" content=\"es_ES\" \/>\n<meta property=\"og:type\" content=\"article\" \/>\n<meta property=\"og:title\" content=\"REVISAR\u00c1N SENTENCIA DE CONDENA A ALBERTO FUJIMORI POR DELITOS DE LESA HUMANIDAD\" \/>\n<meta property=\"og:description\" content=\"Portal de noticias del Per\u00fa sobre el transporte a\u00e9reo, aviaci\u00f3n, turismo, hoteleria, actualidad.\" \/>\n<meta property=\"og:url\" content=\"https:\/\/aeronoticias.com.pe\/noticiero\/nacionales\/revisaran-sentencia-de-condena-a-alberto-fujimori-por-delitos-de-lesa-humanidad\/\" \/>\n<meta property=\"og:site_name\" content=\"Aeronoticias.com.pe\" \/>\n<meta property=\"article:publisher\" content=\"https:\/\/www.facebook.com\/Aeronoticias.com.pe\/\" \/>\n<meta property=\"article:published_time\" content=\"2009-11-16T14:27:45+00:00\" \/>\n<meta name=\"author\" content=\"Redacci\u00f3n Aeronoticias\" \/>\n<meta name=\"twitter:card\" content=\"summary_large_image\" \/>\n<meta name=\"twitter:creator\" content=\"@aeronoticias\" \/>\n<meta name=\"twitter:site\" content=\"@aeronoticias\" \/>\n<meta name=\"twitter:label1\" content=\"Escrito por\" \/>\n\t<meta name=\"twitter:data1\" content=\"Redacci\u00f3n Aeronoticias\" \/>\n\t<meta name=\"twitter:label2\" content=\"Tiempo de lectura\" \/>\n\t<meta name=\"twitter:data2\" content=\"2 minutos\" \/>\n<script type=\"application\/ld+json\" class=\"yoast-schema-graph\">{\"@context\":\"https:\/\/schema.org\",\"@graph\":[{\"@type\":\"WebPage\",\"@id\":\"https:\/\/aeronoticias.com.pe\/noticiero\/nacionales\/revisaran-sentencia-de-condena-a-alberto-fujimori-por-delitos-de-lesa-humanidad\/\",\"url\":\"https:\/\/aeronoticias.com.pe\/noticiero\/nacionales\/revisaran-sentencia-de-condena-a-alberto-fujimori-por-delitos-de-lesa-humanidad\/\",\"name\":\"REVISAR\u00c1N SENTENCIA DE CONDENA A ALBERTO FUJIMORI POR DELITOS DE LESA HUMANIDAD\",\"isPartOf\":{\"@id\":\"https:\/\/aeronoticias.com.pe\/noticiero\/#website\"},\"datePublished\":\"2009-11-16T14:27:45+00:00\",\"author\":{\"@id\":\"https:\/\/aeronoticias.com.pe\/noticiero\/#\/schema\/person\/fc1e5d578f4b62ba1cf7ac2bba1170a0\"},\"description\":\"Portal de noticias del Per\u00fa sobre el transporte a\u00e9reo, aviaci\u00f3n, turismo, hoteleria, actualidad.\",\"breadcrumb\":{\"@id\":\"https:\/\/aeronoticias.com.pe\/noticiero\/nacionales\/revisaran-sentencia-de-condena-a-alberto-fujimori-por-delitos-de-lesa-humanidad\/#breadcrumb\"},\"inLanguage\":\"es\",\"potentialAction\":[{\"@type\":\"ReadAction\",\"target\":[\"https:\/\/aeronoticias.com.pe\/noticiero\/nacionales\/revisaran-sentencia-de-condena-a-alberto-fujimori-por-delitos-de-lesa-humanidad\/\"]}]},{\"@type\":\"BreadcrumbList\",\"@id\":\"https:\/\/aeronoticias.com.pe\/noticiero\/nacionales\/revisaran-sentencia-de-condena-a-alberto-fujimori-por-delitos-de-lesa-humanidad\/#breadcrumb\",\"itemListElement\":[{\"@type\":\"ListItem\",\"position\":1,\"name\":\"Portada\",\"item\":\"https:\/\/aeronoticias.com.pe\/noticiero\/\"},{\"@type\":\"ListItem\",\"position\":2,\"name\":\"REVISAR\u00c1N SENTENCIA DE CONDENA A ALBERTO FUJIMORI POR DELITOS DE LESA HUMANIDAD\"}]},{\"@type\":\"WebSite\",\"@id\":\"https:\/\/aeronoticias.com.pe\/noticiero\/#website\",\"url\":\"https:\/\/aeronoticias.com.pe\/noticiero\/\",\"name\":\"Aeronoticias.com.pe\",\"description\":\"Noticias de tranporte aereo, turismo, hoteles, gastronomia, actualidad, internacional\",\"potentialAction\":[{\"@type\":\"SearchAction\",\"target\":{\"@type\":\"EntryPoint\",\"urlTemplate\":\"https:\/\/aeronoticias.com.pe\/noticiero\/?s={search_term_string}\"},\"query-input\":{\"@type\":\"PropertyValueSpecification\",\"valueRequired\":true,\"valueName\":\"search_term_string\"}}],\"inLanguage\":\"es\"},{\"@type\":\"Person\",\"@id\":\"https:\/\/aeronoticias.com.pe\/noticiero\/#\/schema\/person\/fc1e5d578f4b62ba1cf7ac2bba1170a0\",\"name\":\"Redacci\u00f3n Aeronoticias\",\"url\":\"https:\/\/aeronoticias.com.pe\/noticiero\/author\/piloto\/\"}]}<\/script>\n<!-- \/ Yoast SEO plugin. -->","yoast_head_json":{"title":"REVISAR\u00c1N SENTENCIA DE CONDENA A ALBERTO FUJIMORI POR DELITOS DE LESA HUMANIDAD","description":"Portal de noticias del Per\u00fa sobre el transporte a\u00e9reo, aviaci\u00f3n, turismo, hoteleria, actualidad.","robots":{"index":"index","follow":"follow","max-snippet":"max-snippet:-1","max-image-preview":"max-image-preview:large","max-video-preview":"max-video-preview:-1"},"canonical":"https:\/\/aeronoticias.com.pe\/noticiero\/nacionales\/revisaran-sentencia-de-condena-a-alberto-fujimori-por-delitos-de-lesa-humanidad\/","og_locale":"es_ES","og_type":"article","og_title":"REVISAR\u00c1N SENTENCIA DE CONDENA A ALBERTO FUJIMORI POR DELITOS DE LESA HUMANIDAD","og_description":"Portal de noticias del Per\u00fa sobre el transporte a\u00e9reo, aviaci\u00f3n, turismo, hoteleria, actualidad.","og_url":"https:\/\/aeronoticias.com.pe\/noticiero\/nacionales\/revisaran-sentencia-de-condena-a-alberto-fujimori-por-delitos-de-lesa-humanidad\/","og_site_name":"Aeronoticias.com.pe","article_publisher":"https:\/\/www.facebook.com\/Aeronoticias.com.pe\/","article_published_time":"2009-11-16T14:27:45+00:00","author":"Redacci\u00f3n Aeronoticias","twitter_card":"summary_large_image","twitter_creator":"@aeronoticias","twitter_site":"@aeronoticias","twitter_misc":{"Escrito por":"Redacci\u00f3n Aeronoticias","Tiempo de lectura":"2 minutos"},"schema":{"@context":"https:\/\/schema.org","@graph":[{"@type":"WebPage","@id":"https:\/\/aeronoticias.com.pe\/noticiero\/nacionales\/revisaran-sentencia-de-condena-a-alberto-fujimori-por-delitos-de-lesa-humanidad\/","url":"https:\/\/aeronoticias.com.pe\/noticiero\/nacionales\/revisaran-sentencia-de-condena-a-alberto-fujimori-por-delitos-de-lesa-humanidad\/","name":"REVISAR\u00c1N SENTENCIA DE CONDENA A ALBERTO FUJIMORI POR DELITOS DE LESA HUMANIDAD","isPartOf":{"@id":"https:\/\/aeronoticias.com.pe\/noticiero\/#website"},"datePublished":"2009-11-16T14:27:45+00:00","author":{"@id":"https:\/\/aeronoticias.com.pe\/noticiero\/#\/schema\/person\/fc1e5d578f4b62ba1cf7ac2bba1170a0"},"description":"Portal de noticias del Per\u00fa sobre el transporte a\u00e9reo, aviaci\u00f3n, turismo, hoteleria, actualidad.","breadcrumb":{"@id":"https:\/\/aeronoticias.com.pe\/noticiero\/nacionales\/revisaran-sentencia-de-condena-a-alberto-fujimori-por-delitos-de-lesa-humanidad\/#breadcrumb"},"inLanguage":"es","potentialAction":[{"@type":"ReadAction","target":["https:\/\/aeronoticias.com.pe\/noticiero\/nacionales\/revisaran-sentencia-de-condena-a-alberto-fujimori-por-delitos-de-lesa-humanidad\/"]}]},{"@type":"BreadcrumbList","@id":"https:\/\/aeronoticias.com.pe\/noticiero\/nacionales\/revisaran-sentencia-de-condena-a-alberto-fujimori-por-delitos-de-lesa-humanidad\/#breadcrumb","itemListElement":[{"@type":"ListItem","position":1,"name":"Portada","item":"https:\/\/aeronoticias.com.pe\/noticiero\/"},{"@type":"ListItem","position":2,"name":"REVISAR\u00c1N SENTENCIA DE CONDENA A ALBERTO FUJIMORI POR DELITOS DE LESA HUMANIDAD"}]},{"@type":"WebSite","@id":"https:\/\/aeronoticias.com.pe\/noticiero\/#website","url":"https:\/\/aeronoticias.com.pe\/noticiero\/","name":"Aeronoticias.com.pe","description":"Noticias de tranporte aereo, turismo, hoteles, gastronomia, actualidad, internacional","potentialAction":[{"@type":"SearchAction","target":{"@type":"EntryPoint","urlTemplate":"https:\/\/aeronoticias.com.pe\/noticiero\/?s={search_term_string}"},"query-input":{"@type":"PropertyValueSpecification","valueRequired":true,"valueName":"search_term_string"}}],"inLanguage":"es"},{"@type":"Person","@id":"https:\/\/aeronoticias.com.pe\/noticiero\/#\/schema\/person\/fc1e5d578f4b62ba1cf7ac2bba1170a0","name":"Redacci\u00f3n Aeronoticias","url":"https:\/\/aeronoticias.com.pe\/noticiero\/author\/piloto\/"}]}},"_links":{"self":[{"href":"https:\/\/aeronoticias.com.pe\/noticiero\/wp-json\/wp\/v2\/posts\/6804","targetHints":{"allow":["GET"]}}],"collection":[{"href":"https:\/\/aeronoticias.com.pe\/noticiero\/wp-json\/wp\/v2\/posts"}],"about":[{"href":"https:\/\/aeronoticias.com.pe\/noticiero\/wp-json\/wp\/v2\/types\/post"}],"author":[{"embeddable":true,"href":"https:\/\/aeronoticias.com.pe\/noticiero\/wp-json\/wp\/v2\/users\/1"}],"replies":[{"embeddable":true,"href":"https:\/\/aeronoticias.com.pe\/noticiero\/wp-json\/wp\/v2\/comments?post=6804"}],"version-history":[{"count":0,"href":"https:\/\/aeronoticias.com.pe\/noticiero\/wp-json\/wp\/v2\/posts\/6804\/revisions"}],"wp:attachment":[{"href":"https:\/\/aeronoticias.com.pe\/noticiero\/wp-json\/wp\/v2\/media?parent=6804"}],"wp:term":[{"taxonomy":"category","embeddable":true,"href":"https:\/\/aeronoticias.com.pe\/noticiero\/wp-json\/wp\/v2\/categories?post=6804"},{"taxonomy":"post_tag","embeddable":true,"href":"https:\/\/aeronoticias.com.pe\/noticiero\/wp-json\/wp\/v2\/tags?post=6804"}],"curies":[{"name":"wp","href":"https:\/\/api.w.org\/{rel}","templated":true}]}}