{"id":6806,"date":"2009-11-16T14:35:36","date_gmt":"2009-11-16T14:35:36","guid":{"rendered":"http:\/\/desarrollo.mcvicious.com\/aero2020\/2009\/11\/16\/aeronaves-de-matricula-peruana-son-reserva-para-transportar-tropas-en-caso-de-guerras\/"},"modified":"2009-11-16T14:35:36","modified_gmt":"2009-11-16T14:35:36","slug":"aeronaves-de-matricula-peruana-son-reserva-para-transportar-tropas-en-caso-de-guerras","status":"publish","type":"post","link":"https:\/\/aeronoticias.com.pe\/noticiero\/transporte-aereo\/internacional\/aeronaves-de-matricula-peruana-son-reserva-para-transportar-tropas-en-caso-de-guerras\/","title":{"rendered":"AERONAVES DE MATR\u00cdCULA PERUANA SON RESERVA PARA TRANSPORTAR TROPAS EN CASO DE GUERRAS"},"content":{"rendered":"<div align=\"justify\">Un concepto b\u00e1sico de la aeropol\u00edtica de los pa\u00edses es el objetivo que muchos estados instrumentan para apoyar su industria a\u00e9rea y la presencia de la bandera de un pa\u00eds en el mercado internacional de transporte a\u00e9reo en forma creciente, para apoyar los grandes objetivos nacionales, ejemplo de ellos es Estados Unidos, Inglaterra, en Am\u00e9rica Latina, Chile y Argentina.<\/p>\n<p>Es decir, el pa\u00eds que se ha envuelto en una guerra, requiere de sus l\u00edneas a\u00e9reas nacionales para el transporte en casos de emergencia de tropas, es por eso que deber\u00eda haber sido pol\u00edtica de Estado en el Per\u00fa, apoyar a la industria a\u00e9rea peruana para que existan un m\u00ednimo de 500 aeronaves en el mercado de transporte a\u00e9reo nacional, con matr\u00edcula OB, es decir peruana.<\/p><\/div>\n<div align=\"justify\">\u00a0<\/div>\n<div align=\"justify\">\n<div style=\"text-align: center\"><img loading=\"lazy\" decoding=\"async\" src=\"images\/stories\/09\/11\/161109\/peru-aire.jpg\" border=\"0\" width=\"400\" height=\"280\" \/><\/div>\n<\/div>\n<div align=\"justify\">\u00a0<\/div>\n<div align=\"justify\">Sin embargo la realidad nos muestra como el legislador planific\u00f3 hace 10 a\u00f1os la desaparici\u00f3n de la industria a\u00e9rea peruana a trav\u00e9s de la Ley 27261, Ley de Aeron\u00e1utica Civil del Per\u00fa y hoy las aeronaves de matr\u00edcula peruana con capacidad de transporte con m\u00e1s de 100 pasajeros en el mercado dom\u00e9stico no pasan de 30.<br \/><strong><br \/>Aeronoticias<\/strong> recomienda a las naciones que en sus pol\u00edticas a\u00e9reas de mediano y largo plazo tengan en cuenta que el transporte a\u00e9reo es reserva nacional en caso de conflicto o guerra exterior y que es recomendable apoyar el crecimiento del parque a\u00e9reo internacional con aeronaves de matr\u00edcula del pa\u00eds detentador de la soberan\u00eda, hecho que no ha ocurrido en el Per\u00fa en los \u00faltimos a\u00f1os, y es de lamentar ya que la supervivencia de la geopol\u00edtica de los pueblos dependen gran medida de la visi\u00f3n de sus pensadores, que en este caso en materia de transporte a\u00e9reo en nuestro medio nos muestra una pobreza franciscana.<\/div>\n","protected":false},"excerpt":{"rendered":"<p>Un concepto b\u00e1sico de la aeropol\u00edtica de los pa\u00edses es el objetivo que muchos estados instrumentan para apoyar su industria a\u00e9rea y la presencia de la bandera de un pa\u00eds en el mercado internacional de transporte a\u00e9reo en forma creciente, para apoyar los grandes objetivos nacionales, ejemplo de ellos es Estados Unidos, Inglaterra, en Am\u00e9rica [&hellip;]<\/p>\n","protected":false},"author":1,"featured_media":0,"comment_status":"open","ping_status":"open","sticky":false,"template":"","format":"standard","meta":{"tdm_status":"","tdm_grid_status":"","footnotes":""},"categories":[32],"tags":[],"class_list":{"0":"post-6806","1":"post","2":"type-post","3":"status-publish","4":"format-standard","6":"category-internacional"},"yoast_head":"<!-- This site is optimized with the Yoast SEO plugin v25.1 - https:\/\/yoast.com\/wordpress\/plugins\/seo\/ -->\n<title>AERONAVES DE MATR\u00cdCULA PERUANA SON RESERVA PARA TRANSPORTAR TROPAS EN CASO DE GUERRAS<\/title>\n<meta name=\"description\" content=\"Portal de noticias del Per\u00fa sobre el transporte a\u00e9reo, aviaci\u00f3n, turismo, hoteleria, actualidad.\" \/>\n<meta name=\"robots\" content=\"index, follow, max-snippet:-1, max-image-preview:large, max-video-preview:-1\" \/>\n<link rel=\"canonical\" href=\"https:\/\/aeronoticias.com.pe\/noticiero\/transporte-aereo\/internacional\/aeronaves-de-matricula-peruana-son-reserva-para-transportar-tropas-en-caso-de-guerras\/\" \/>\n<meta property=\"og:locale\" content=\"es_ES\" \/>\n<meta property=\"og:type\" content=\"article\" \/>\n<meta property=\"og:title\" content=\"AERONAVES DE MATR\u00cdCULA PERUANA SON RESERVA PARA TRANSPORTAR TROPAS EN CASO DE GUERRAS\" \/>\n<meta property=\"og:description\" content=\"Portal de noticias del Per\u00fa sobre el transporte a\u00e9reo, aviaci\u00f3n, turismo, hoteleria, actualidad.\" \/>\n<meta property=\"og:url\" content=\"https:\/\/aeronoticias.com.pe\/noticiero\/transporte-aereo\/internacional\/aeronaves-de-matricula-peruana-son-reserva-para-transportar-tropas-en-caso-de-guerras\/\" \/>\n<meta property=\"og:site_name\" content=\"Aeronoticias.com.pe\" \/>\n<meta property=\"article:publisher\" content=\"https:\/\/www.facebook.com\/Aeronoticias.com.pe\/\" \/>\n<meta property=\"article:published_time\" content=\"2009-11-16T14:35:36+00:00\" \/>\n<meta name=\"author\" content=\"Redacci\u00f3n Aeronoticias\" \/>\n<meta name=\"twitter:card\" content=\"summary_large_image\" \/>\n<meta name=\"twitter:creator\" content=\"@aeronoticias\" \/>\n<meta name=\"twitter:site\" content=\"@aeronoticias\" \/>\n<meta name=\"twitter:label1\" content=\"Escrito por\" \/>\n\t<meta name=\"twitter:data1\" content=\"Redacci\u00f3n Aeronoticias\" \/>\n\t<meta name=\"twitter:label2\" content=\"Tiempo de lectura\" \/>\n\t<meta name=\"twitter:data2\" content=\"2 minutos\" \/>\n<script type=\"application\/ld+json\" class=\"yoast-schema-graph\">{\"@context\":\"https:\/\/schema.org\",\"@graph\":[{\"@type\":\"WebPage\",\"@id\":\"https:\/\/aeronoticias.com.pe\/noticiero\/transporte-aereo\/internacional\/aeronaves-de-matricula-peruana-son-reserva-para-transportar-tropas-en-caso-de-guerras\/\",\"url\":\"https:\/\/aeronoticias.com.pe\/noticiero\/transporte-aereo\/internacional\/aeronaves-de-matricula-peruana-son-reserva-para-transportar-tropas-en-caso-de-guerras\/\",\"name\":\"AERONAVES DE MATR\u00cdCULA PERUANA SON RESERVA PARA TRANSPORTAR TROPAS EN CASO DE GUERRAS\",\"isPartOf\":{\"@id\":\"https:\/\/aeronoticias.com.pe\/noticiero\/#website\"},\"datePublished\":\"2009-11-16T14:35:36+00:00\",\"author\":{\"@id\":\"https:\/\/aeronoticias.com.pe\/noticiero\/#\/schema\/person\/fc1e5d578f4b62ba1cf7ac2bba1170a0\"},\"description\":\"Portal de noticias del Per\u00fa sobre el transporte a\u00e9reo, aviaci\u00f3n, turismo, hoteleria, actualidad.\",\"breadcrumb\":{\"@id\":\"https:\/\/aeronoticias.com.pe\/noticiero\/transporte-aereo\/internacional\/aeronaves-de-matricula-peruana-son-reserva-para-transportar-tropas-en-caso-de-guerras\/#breadcrumb\"},\"inLanguage\":\"es\",\"potentialAction\":[{\"@type\":\"ReadAction\",\"target\":[\"https:\/\/aeronoticias.com.pe\/noticiero\/transporte-aereo\/internacional\/aeronaves-de-matricula-peruana-son-reserva-para-transportar-tropas-en-caso-de-guerras\/\"]}]},{\"@type\":\"BreadcrumbList\",\"@id\":\"https:\/\/aeronoticias.com.pe\/noticiero\/transporte-aereo\/internacional\/aeronaves-de-matricula-peruana-son-reserva-para-transportar-tropas-en-caso-de-guerras\/#breadcrumb\",\"itemListElement\":[{\"@type\":\"ListItem\",\"position\":1,\"name\":\"Portada\",\"item\":\"https:\/\/aeronoticias.com.pe\/noticiero\/\"},{\"@type\":\"ListItem\",\"position\":2,\"name\":\"AERONAVES DE MATR\u00cdCULA PERUANA SON RESERVA PARA TRANSPORTAR TROPAS EN CASO DE GUERRAS\"}]},{\"@type\":\"WebSite\",\"@id\":\"https:\/\/aeronoticias.com.pe\/noticiero\/#website\",\"url\":\"https:\/\/aeronoticias.com.pe\/noticiero\/\",\"name\":\"Aeronoticias.com.pe\",\"description\":\"Noticias de tranporte aereo, turismo, hoteles, gastronomia, actualidad, internacional\",\"potentialAction\":[{\"@type\":\"SearchAction\",\"target\":{\"@type\":\"EntryPoint\",\"urlTemplate\":\"https:\/\/aeronoticias.com.pe\/noticiero\/?s={search_term_string}\"},\"query-input\":{\"@type\":\"PropertyValueSpecification\",\"valueRequired\":true,\"valueName\":\"search_term_string\"}}],\"inLanguage\":\"es\"},{\"@type\":\"Person\",\"@id\":\"https:\/\/aeronoticias.com.pe\/noticiero\/#\/schema\/person\/fc1e5d578f4b62ba1cf7ac2bba1170a0\",\"name\":\"Redacci\u00f3n Aeronoticias\",\"url\":\"https:\/\/aeronoticias.com.pe\/noticiero\/author\/piloto\/\"}]}<\/script>\n<!-- \/ Yoast SEO plugin. -->","yoast_head_json":{"title":"AERONAVES DE MATR\u00cdCULA PERUANA SON RESERVA PARA TRANSPORTAR TROPAS EN CASO DE GUERRAS","description":"Portal de noticias del Per\u00fa sobre el transporte a\u00e9reo, aviaci\u00f3n, turismo, hoteleria, actualidad.","robots":{"index":"index","follow":"follow","max-snippet":"max-snippet:-1","max-image-preview":"max-image-preview:large","max-video-preview":"max-video-preview:-1"},"canonical":"https:\/\/aeronoticias.com.pe\/noticiero\/transporte-aereo\/internacional\/aeronaves-de-matricula-peruana-son-reserva-para-transportar-tropas-en-caso-de-guerras\/","og_locale":"es_ES","og_type":"article","og_title":"AERONAVES DE MATR\u00cdCULA PERUANA SON RESERVA PARA TRANSPORTAR TROPAS EN CASO DE GUERRAS","og_description":"Portal de noticias del Per\u00fa sobre el transporte a\u00e9reo, aviaci\u00f3n, turismo, hoteleria, actualidad.","og_url":"https:\/\/aeronoticias.com.pe\/noticiero\/transporte-aereo\/internacional\/aeronaves-de-matricula-peruana-son-reserva-para-transportar-tropas-en-caso-de-guerras\/","og_site_name":"Aeronoticias.com.pe","article_publisher":"https:\/\/www.facebook.com\/Aeronoticias.com.pe\/","article_published_time":"2009-11-16T14:35:36+00:00","author":"Redacci\u00f3n Aeronoticias","twitter_card":"summary_large_image","twitter_creator":"@aeronoticias","twitter_site":"@aeronoticias","twitter_misc":{"Escrito por":"Redacci\u00f3n Aeronoticias","Tiempo de lectura":"2 minutos"},"schema":{"@context":"https:\/\/schema.org","@graph":[{"@type":"WebPage","@id":"https:\/\/aeronoticias.com.pe\/noticiero\/transporte-aereo\/internacional\/aeronaves-de-matricula-peruana-son-reserva-para-transportar-tropas-en-caso-de-guerras\/","url":"https:\/\/aeronoticias.com.pe\/noticiero\/transporte-aereo\/internacional\/aeronaves-de-matricula-peruana-son-reserva-para-transportar-tropas-en-caso-de-guerras\/","name":"AERONAVES DE MATR\u00cdCULA PERUANA SON RESERVA PARA TRANSPORTAR TROPAS EN CASO DE GUERRAS","isPartOf":{"@id":"https:\/\/aeronoticias.com.pe\/noticiero\/#website"},"datePublished":"2009-11-16T14:35:36+00:00","author":{"@id":"https:\/\/aeronoticias.com.pe\/noticiero\/#\/schema\/person\/fc1e5d578f4b62ba1cf7ac2bba1170a0"},"description":"Portal de noticias del Per\u00fa sobre el transporte a\u00e9reo, aviaci\u00f3n, turismo, hoteleria, actualidad.","breadcrumb":{"@id":"https:\/\/aeronoticias.com.pe\/noticiero\/transporte-aereo\/internacional\/aeronaves-de-matricula-peruana-son-reserva-para-transportar-tropas-en-caso-de-guerras\/#breadcrumb"},"inLanguage":"es","potentialAction":[{"@type":"ReadAction","target":["https:\/\/aeronoticias.com.pe\/noticiero\/transporte-aereo\/internacional\/aeronaves-de-matricula-peruana-son-reserva-para-transportar-tropas-en-caso-de-guerras\/"]}]},{"@type":"BreadcrumbList","@id":"https:\/\/aeronoticias.com.pe\/noticiero\/transporte-aereo\/internacional\/aeronaves-de-matricula-peruana-son-reserva-para-transportar-tropas-en-caso-de-guerras\/#breadcrumb","itemListElement":[{"@type":"ListItem","position":1,"name":"Portada","item":"https:\/\/aeronoticias.com.pe\/noticiero\/"},{"@type":"ListItem","position":2,"name":"AERONAVES DE MATR\u00cdCULA PERUANA SON RESERVA PARA TRANSPORTAR TROPAS EN CASO DE GUERRAS"}]},{"@type":"WebSite","@id":"https:\/\/aeronoticias.com.pe\/noticiero\/#website","url":"https:\/\/aeronoticias.com.pe\/noticiero\/","name":"Aeronoticias.com.pe","description":"Noticias de tranporte aereo, turismo, hoteles, gastronomia, actualidad, internacional","potentialAction":[{"@type":"SearchAction","target":{"@type":"EntryPoint","urlTemplate":"https:\/\/aeronoticias.com.pe\/noticiero\/?s={search_term_string}"},"query-input":{"@type":"PropertyValueSpecification","valueRequired":true,"valueName":"search_term_string"}}],"inLanguage":"es"},{"@type":"Person","@id":"https:\/\/aeronoticias.com.pe\/noticiero\/#\/schema\/person\/fc1e5d578f4b62ba1cf7ac2bba1170a0","name":"Redacci\u00f3n Aeronoticias","url":"https:\/\/aeronoticias.com.pe\/noticiero\/author\/piloto\/"}]}},"_links":{"self":[{"href":"https:\/\/aeronoticias.com.pe\/noticiero\/wp-json\/wp\/v2\/posts\/6806","targetHints":{"allow":["GET"]}}],"collection":[{"href":"https:\/\/aeronoticias.com.pe\/noticiero\/wp-json\/wp\/v2\/posts"}],"about":[{"href":"https:\/\/aeronoticias.com.pe\/noticiero\/wp-json\/wp\/v2\/types\/post"}],"author":[{"embeddable":true,"href":"https:\/\/aeronoticias.com.pe\/noticiero\/wp-json\/wp\/v2\/users\/1"}],"replies":[{"embeddable":true,"href":"https:\/\/aeronoticias.com.pe\/noticiero\/wp-json\/wp\/v2\/comments?post=6806"}],"version-history":[{"count":0,"href":"https:\/\/aeronoticias.com.pe\/noticiero\/wp-json\/wp\/v2\/posts\/6806\/revisions"}],"wp:attachment":[{"href":"https:\/\/aeronoticias.com.pe\/noticiero\/wp-json\/wp\/v2\/media?parent=6806"}],"wp:term":[{"taxonomy":"category","embeddable":true,"href":"https:\/\/aeronoticias.com.pe\/noticiero\/wp-json\/wp\/v2\/categories?post=6806"},{"taxonomy":"post_tag","embeddable":true,"href":"https:\/\/aeronoticias.com.pe\/noticiero\/wp-json\/wp\/v2\/tags?post=6806"}],"curies":[{"name":"wp","href":"https:\/\/api.w.org\/{rel}","templated":true}]}}