{"id":6807,"date":"2009-11-16T14:51:48","date_gmt":"2009-11-16T14:51:48","guid":{"rendered":"http:\/\/desarrollo.mcvicious.com\/aero2020\/2009\/11\/16\/ministra-araoz-peru-continuara-con-gira-para-difundir-propuesta-contra-armamentismo\/"},"modified":"2009-11-16T14:51:48","modified_gmt":"2009-11-16T14:51:48","slug":"ministra-araoz-peru-continuara-con-gira-para-difundir-propuesta-contra-armamentismo","status":"publish","type":"post","link":"https:\/\/aeronoticias.com.pe\/noticiero\/politica\/ministra-araoz-peru-continuara-con-gira-para-difundir-propuesta-contra-armamentismo\/","title":{"rendered":"MINISTRA AR\u00c1OZ: PER\u00da CONTINUAR\u00c1 CON GIRA PARA DIFUNDIR PROPUESTA CONTRA ARMAMENTISMO"},"content":{"rendered":"<div style=\"text-align: justify\">Pese a la suspensi\u00f3n de la visita a Chile por el reciente caso de espionaje en agravio de nuestro pa\u00eds, -pol\u00e9mico hecho calificado como precipitado por las autoridades chilenas- la ministra de la Producci\u00f3n, Mercedes Ar\u00e1oz sostuvo que el pr\u00f3ximo lunes 23 de noviembre se har\u00e1 presente en Uruguay para exponer la propuesta peruana para frenar el armamentismo en la regi\u00f3n ante la presidente de ese pa\u00eds, Tabar\u00e9 V\u00e1squez, reafirmando \u00a0la convicci\u00f3n del Per\u00fa de continuar avanzando con la presentaci\u00f3n de la propuesta en contra del armamentismo contemplada en el Protocolo de Paz, Seguridad y Cooperaci\u00f3n.<\/div>\n<div style=\"text-align: justify\"><\/div>\n<div style=\"text-align: justify\">En ese sentido, afirm\u00f3 que si bien la cita aun est\u00e1 por confirmarse, existe la posibilidad de reunirse con las autoridades del Parlamento uruguayo, en un marco en el que se est\u00e1 promoviendo la gira a pa\u00edses sudamericanos con motivo de exponer los alcances del protocolo de paz, seguridad y cooperaci\u00f3n.<\/div>\n<div style=\"text-align: justify\">\u00a0<\/div>\n<div style=\"text-align: justify\">\n<div style=\"text-align: center\"><img loading=\"lazy\" decoding=\"async\" src=\"images\/stories\/09\/11\/161109\/maraoz.jpg\" border=\"0\" width=\"400\" height=\"290\" \/><\/div>\n<\/p><\/div>\n<div style=\"text-align: justify\"><\/div>\n<div style=\"text-align: justify\">Comisionada por el Gobierno, para exponer ante Argentina, Chile y Uruguay la propuesta peruana para limitar el gasto militar en la regi\u00f3n, Ar\u00e1oz consider\u00f3 necesario que Uruguay conozca el planteamiento que hace nuestro pa\u00eds para reducir la compra de armas y encontrar mecanismos que contribuyan generar confianza y seguridad entre los pa\u00edses.<\/div>\n<div style=\"text-align: justify\"><\/div>\n<div style=\"text-align: justify\">Sostuvo que el protocolo de paz no solo pretende busca un compromiso de no agresi\u00f3n, sino tambi\u00e9n adoptar acciones conjuntas frente a problemas que ponen en riesgo a la regi\u00f3n, como son el terrorismo y el narcotr\u00e1fico.<\/div>\n<div style=\"text-align: justify\"><strong><br \/><\/strong><\/div>\n<div style=\"text-align: justify\"><strong>Aeronoticias<\/strong> se a\u00fana al sentimiento optimista con el que la titular de la Producci\u00f3n reafirma las bondades del dialogo con las autoridades uruguayas para la contribuci\u00f3n a la causa que el Per\u00fa presenta, ya que hemos de considerar que habiendo sido acogido con mucho inter\u00e9s y \u00e9nfasis por parte de la ONU, y gobiernos como los de Ecuador, Argentina, Paraguay y Colombia, solo queda seguir avanzando en pro de esta cruzada contra el armamentismo en la regi\u00f3n y la instauraci\u00f3n de pol\u00edticas pacifistas para asegurar la estabilidad de la regi\u00f3n.<\/div>\n<div style=\"text-align: justify\"><\/div>\n<div style=\"text-align: justify\"><\/div>\n","protected":false},"excerpt":{"rendered":"<p>Pese a la suspensi\u00f3n de la visita a Chile por el reciente caso de espionaje en agravio de nuestro pa\u00eds, -pol\u00e9mico hecho calificado como precipitado por las autoridades chilenas- la ministra de la Producci\u00f3n, Mercedes Ar\u00e1oz sostuvo que el pr\u00f3ximo lunes 23 de noviembre se har\u00e1 presente en Uruguay para exponer la propuesta peruana para [&hellip;]<\/p>\n","protected":false},"author":1,"featured_media":0,"comment_status":"open","ping_status":"open","sticky":false,"template":"","format":"standard","meta":{"tdm_status":"","tdm_grid_status":"","footnotes":""},"categories":[36],"tags":[],"class_list":{"0":"post-6807","1":"post","2":"type-post","3":"status-publish","4":"format-standard","6":"category-politica"},"yoast_head":"<!-- This site is optimized with the Yoast SEO plugin v25.1 - https:\/\/yoast.com\/wordpress\/plugins\/seo\/ -->\n<title>MINISTRA AR\u00c1OZ: PER\u00da CONTINUAR\u00c1 CON GIRA PARA DIFUNDIR PROPUESTA CONTRA ARMAMENTISMO<\/title>\n<meta name=\"description\" content=\"Portal de noticias del Per\u00fa sobre el transporte a\u00e9reo, aviaci\u00f3n, turismo, hoteleria, actualidad.\" \/>\n<meta name=\"robots\" content=\"index, follow, max-snippet:-1, max-image-preview:large, max-video-preview:-1\" \/>\n<link rel=\"canonical\" href=\"https:\/\/aeronoticias.com.pe\/noticiero\/politica\/ministra-araoz-peru-continuara-con-gira-para-difundir-propuesta-contra-armamentismo\/\" \/>\n<meta property=\"og:locale\" content=\"es_ES\" \/>\n<meta property=\"og:type\" content=\"article\" \/>\n<meta property=\"og:title\" content=\"MINISTRA AR\u00c1OZ: PER\u00da CONTINUAR\u00c1 CON GIRA PARA DIFUNDIR PROPUESTA CONTRA ARMAMENTISMO\" \/>\n<meta property=\"og:description\" content=\"Portal de noticias del Per\u00fa sobre el transporte a\u00e9reo, aviaci\u00f3n, turismo, hoteleria, actualidad.\" \/>\n<meta property=\"og:url\" content=\"https:\/\/aeronoticias.com.pe\/noticiero\/politica\/ministra-araoz-peru-continuara-con-gira-para-difundir-propuesta-contra-armamentismo\/\" \/>\n<meta property=\"og:site_name\" content=\"Aeronoticias.com.pe\" \/>\n<meta property=\"article:publisher\" content=\"https:\/\/www.facebook.com\/Aeronoticias.com.pe\/\" \/>\n<meta property=\"article:published_time\" content=\"2009-11-16T14:51:48+00:00\" \/>\n<meta name=\"author\" content=\"Redacci\u00f3n Aeronoticias\" \/>\n<meta name=\"twitter:card\" content=\"summary_large_image\" \/>\n<meta name=\"twitter:creator\" content=\"@aeronoticias\" \/>\n<meta name=\"twitter:site\" content=\"@aeronoticias\" \/>\n<meta name=\"twitter:label1\" content=\"Escrito por\" \/>\n\t<meta name=\"twitter:data1\" content=\"Redacci\u00f3n Aeronoticias\" \/>\n\t<meta name=\"twitter:label2\" content=\"Tiempo de lectura\" \/>\n\t<meta name=\"twitter:data2\" content=\"2 minutos\" \/>\n<script type=\"application\/ld+json\" class=\"yoast-schema-graph\">{\"@context\":\"https:\/\/schema.org\",\"@graph\":[{\"@type\":\"WebPage\",\"@id\":\"https:\/\/aeronoticias.com.pe\/noticiero\/politica\/ministra-araoz-peru-continuara-con-gira-para-difundir-propuesta-contra-armamentismo\/\",\"url\":\"https:\/\/aeronoticias.com.pe\/noticiero\/politica\/ministra-araoz-peru-continuara-con-gira-para-difundir-propuesta-contra-armamentismo\/\",\"name\":\"MINISTRA AR\u00c1OZ: PER\u00da CONTINUAR\u00c1 CON GIRA PARA DIFUNDIR PROPUESTA CONTRA ARMAMENTISMO\",\"isPartOf\":{\"@id\":\"https:\/\/aeronoticias.com.pe\/noticiero\/#website\"},\"datePublished\":\"2009-11-16T14:51:48+00:00\",\"author\":{\"@id\":\"https:\/\/aeronoticias.com.pe\/noticiero\/#\/schema\/person\/fc1e5d578f4b62ba1cf7ac2bba1170a0\"},\"description\":\"Portal de noticias del Per\u00fa sobre el transporte a\u00e9reo, aviaci\u00f3n, turismo, hoteleria, actualidad.\",\"breadcrumb\":{\"@id\":\"https:\/\/aeronoticias.com.pe\/noticiero\/politica\/ministra-araoz-peru-continuara-con-gira-para-difundir-propuesta-contra-armamentismo\/#breadcrumb\"},\"inLanguage\":\"es\",\"potentialAction\":[{\"@type\":\"ReadAction\",\"target\":[\"https:\/\/aeronoticias.com.pe\/noticiero\/politica\/ministra-araoz-peru-continuara-con-gira-para-difundir-propuesta-contra-armamentismo\/\"]}]},{\"@type\":\"BreadcrumbList\",\"@id\":\"https:\/\/aeronoticias.com.pe\/noticiero\/politica\/ministra-araoz-peru-continuara-con-gira-para-difundir-propuesta-contra-armamentismo\/#breadcrumb\",\"itemListElement\":[{\"@type\":\"ListItem\",\"position\":1,\"name\":\"Portada\",\"item\":\"https:\/\/aeronoticias.com.pe\/noticiero\/\"},{\"@type\":\"ListItem\",\"position\":2,\"name\":\"MINISTRA AR\u00c1OZ: PER\u00da CONTINUAR\u00c1 CON GIRA PARA DIFUNDIR PROPUESTA CONTRA ARMAMENTISMO\"}]},{\"@type\":\"WebSite\",\"@id\":\"https:\/\/aeronoticias.com.pe\/noticiero\/#website\",\"url\":\"https:\/\/aeronoticias.com.pe\/noticiero\/\",\"name\":\"Aeronoticias.com.pe\",\"description\":\"Noticias de tranporte aereo, turismo, hoteles, gastronomia, actualidad, internacional\",\"potentialAction\":[{\"@type\":\"SearchAction\",\"target\":{\"@type\":\"EntryPoint\",\"urlTemplate\":\"https:\/\/aeronoticias.com.pe\/noticiero\/?s={search_term_string}\"},\"query-input\":{\"@type\":\"PropertyValueSpecification\",\"valueRequired\":true,\"valueName\":\"search_term_string\"}}],\"inLanguage\":\"es\"},{\"@type\":\"Person\",\"@id\":\"https:\/\/aeronoticias.com.pe\/noticiero\/#\/schema\/person\/fc1e5d578f4b62ba1cf7ac2bba1170a0\",\"name\":\"Redacci\u00f3n Aeronoticias\",\"url\":\"https:\/\/aeronoticias.com.pe\/noticiero\/author\/piloto\/\"}]}<\/script>\n<!-- \/ Yoast SEO plugin. -->","yoast_head_json":{"title":"MINISTRA AR\u00c1OZ: PER\u00da CONTINUAR\u00c1 CON GIRA PARA DIFUNDIR PROPUESTA CONTRA ARMAMENTISMO","description":"Portal de noticias del Per\u00fa sobre el transporte a\u00e9reo, aviaci\u00f3n, turismo, hoteleria, actualidad.","robots":{"index":"index","follow":"follow","max-snippet":"max-snippet:-1","max-image-preview":"max-image-preview:large","max-video-preview":"max-video-preview:-1"},"canonical":"https:\/\/aeronoticias.com.pe\/noticiero\/politica\/ministra-araoz-peru-continuara-con-gira-para-difundir-propuesta-contra-armamentismo\/","og_locale":"es_ES","og_type":"article","og_title":"MINISTRA AR\u00c1OZ: PER\u00da CONTINUAR\u00c1 CON GIRA PARA DIFUNDIR PROPUESTA CONTRA ARMAMENTISMO","og_description":"Portal de noticias del Per\u00fa sobre el transporte a\u00e9reo, aviaci\u00f3n, turismo, hoteleria, actualidad.","og_url":"https:\/\/aeronoticias.com.pe\/noticiero\/politica\/ministra-araoz-peru-continuara-con-gira-para-difundir-propuesta-contra-armamentismo\/","og_site_name":"Aeronoticias.com.pe","article_publisher":"https:\/\/www.facebook.com\/Aeronoticias.com.pe\/","article_published_time":"2009-11-16T14:51:48+00:00","author":"Redacci\u00f3n Aeronoticias","twitter_card":"summary_large_image","twitter_creator":"@aeronoticias","twitter_site":"@aeronoticias","twitter_misc":{"Escrito por":"Redacci\u00f3n Aeronoticias","Tiempo de lectura":"2 minutos"},"schema":{"@context":"https:\/\/schema.org","@graph":[{"@type":"WebPage","@id":"https:\/\/aeronoticias.com.pe\/noticiero\/politica\/ministra-araoz-peru-continuara-con-gira-para-difundir-propuesta-contra-armamentismo\/","url":"https:\/\/aeronoticias.com.pe\/noticiero\/politica\/ministra-araoz-peru-continuara-con-gira-para-difundir-propuesta-contra-armamentismo\/","name":"MINISTRA AR\u00c1OZ: PER\u00da CONTINUAR\u00c1 CON GIRA PARA DIFUNDIR PROPUESTA CONTRA ARMAMENTISMO","isPartOf":{"@id":"https:\/\/aeronoticias.com.pe\/noticiero\/#website"},"datePublished":"2009-11-16T14:51:48+00:00","author":{"@id":"https:\/\/aeronoticias.com.pe\/noticiero\/#\/schema\/person\/fc1e5d578f4b62ba1cf7ac2bba1170a0"},"description":"Portal de noticias del Per\u00fa sobre el transporte a\u00e9reo, aviaci\u00f3n, turismo, hoteleria, actualidad.","breadcrumb":{"@id":"https:\/\/aeronoticias.com.pe\/noticiero\/politica\/ministra-araoz-peru-continuara-con-gira-para-difundir-propuesta-contra-armamentismo\/#breadcrumb"},"inLanguage":"es","potentialAction":[{"@type":"ReadAction","target":["https:\/\/aeronoticias.com.pe\/noticiero\/politica\/ministra-araoz-peru-continuara-con-gira-para-difundir-propuesta-contra-armamentismo\/"]}]},{"@type":"BreadcrumbList","@id":"https:\/\/aeronoticias.com.pe\/noticiero\/politica\/ministra-araoz-peru-continuara-con-gira-para-difundir-propuesta-contra-armamentismo\/#breadcrumb","itemListElement":[{"@type":"ListItem","position":1,"name":"Portada","item":"https:\/\/aeronoticias.com.pe\/noticiero\/"},{"@type":"ListItem","position":2,"name":"MINISTRA AR\u00c1OZ: PER\u00da CONTINUAR\u00c1 CON GIRA PARA DIFUNDIR PROPUESTA CONTRA ARMAMENTISMO"}]},{"@type":"WebSite","@id":"https:\/\/aeronoticias.com.pe\/noticiero\/#website","url":"https:\/\/aeronoticias.com.pe\/noticiero\/","name":"Aeronoticias.com.pe","description":"Noticias de tranporte aereo, turismo, hoteles, gastronomia, actualidad, internacional","potentialAction":[{"@type":"SearchAction","target":{"@type":"EntryPoint","urlTemplate":"https:\/\/aeronoticias.com.pe\/noticiero\/?s={search_term_string}"},"query-input":{"@type":"PropertyValueSpecification","valueRequired":true,"valueName":"search_term_string"}}],"inLanguage":"es"},{"@type":"Person","@id":"https:\/\/aeronoticias.com.pe\/noticiero\/#\/schema\/person\/fc1e5d578f4b62ba1cf7ac2bba1170a0","name":"Redacci\u00f3n Aeronoticias","url":"https:\/\/aeronoticias.com.pe\/noticiero\/author\/piloto\/"}]}},"_links":{"self":[{"href":"https:\/\/aeronoticias.com.pe\/noticiero\/wp-json\/wp\/v2\/posts\/6807","targetHints":{"allow":["GET"]}}],"collection":[{"href":"https:\/\/aeronoticias.com.pe\/noticiero\/wp-json\/wp\/v2\/posts"}],"about":[{"href":"https:\/\/aeronoticias.com.pe\/noticiero\/wp-json\/wp\/v2\/types\/post"}],"author":[{"embeddable":true,"href":"https:\/\/aeronoticias.com.pe\/noticiero\/wp-json\/wp\/v2\/users\/1"}],"replies":[{"embeddable":true,"href":"https:\/\/aeronoticias.com.pe\/noticiero\/wp-json\/wp\/v2\/comments?post=6807"}],"version-history":[{"count":0,"href":"https:\/\/aeronoticias.com.pe\/noticiero\/wp-json\/wp\/v2\/posts\/6807\/revisions"}],"wp:attachment":[{"href":"https:\/\/aeronoticias.com.pe\/noticiero\/wp-json\/wp\/v2\/media?parent=6807"}],"wp:term":[{"taxonomy":"category","embeddable":true,"href":"https:\/\/aeronoticias.com.pe\/noticiero\/wp-json\/wp\/v2\/categories?post=6807"},{"taxonomy":"post_tag","embeddable":true,"href":"https:\/\/aeronoticias.com.pe\/noticiero\/wp-json\/wp\/v2\/tags?post=6807"}],"curies":[{"name":"wp","href":"https:\/\/api.w.org\/{rel}","templated":true}]}}