{"id":68074,"date":"2020-12-22T22:25:00","date_gmt":"2020-12-23T03:25:00","guid":{"rendered":"https:\/\/aeronoticias.com.pe\/noticiero\/?p=68074"},"modified":"2020-12-23T07:30:20","modified_gmt":"2020-12-23T12:30:20","slug":"airbus-se-consolida-como-la-empresa-aeronautica-mas-importante","status":"publish","type":"post","link":"https:\/\/aeronoticias.com.pe\/noticiero\/transporte-aereo\/airbus-se-consolida-como-la-empresa-aeronautica-mas-importante\/","title":{"rendered":"Airbus se consolida como la empresa aeron\u00e1utica m\u00e1s importante"},"content":{"rendered":"\n<p><strong>(Aeronoticias)<\/strong>.- Pese a que la pandemia del covid-19 ocasion\u00f3 una\u00a0reducci\u00f3n del 35% en el n\u00famero de entregas de aviones comerciales por parte de Airbus, la empresa europea se consolid\u00f3 como la compa\u00f1\u00eda aeron\u00e1utica m\u00e1s importante del mundo por segundo a\u00f1o consecutivo,\u00a0<strong>superando a Boeing que se ha visto afectada no solo por la crisis de la pandemia<\/strong>, sino tambi\u00e9n por la puesta en tierra de su programa Boeing 737 MAX.\u00a0<\/p>\n\n\n\n<p>De acuerdo con especialistas,&nbsp;<strong>Airbus entregar\u00eda entre 550 y 560 aviones en 2020<\/strong>. Hasta inicios de esta semana, la empresa europea hab\u00eda superado la marca de 520 entregas a nivel mundial, incluyendo algunos de los \u00faltimos A380 que construir\u00e1, a la aerol\u00ednea Emirates.&nbsp;<\/p>\n\n\n\n<p>Asimismo, este lunes Airbus entreg\u00f3 un nuevo A330neo a Uganda Airlines.&nbsp;<\/p>\n\n\n\n<p>Cabe se\u00f1alar que, entre enero y noviembre,&nbsp;<strong>Airbus entreg\u00f3 un total de 477 aviones, mientras que Boeing \u00fanicamente entreg\u00f3 118 aeronaves<\/strong>, paralizado sin duda por la crisis del MAX que reci\u00e9n fue certificado en Estados Unidos el 18 de noviembre, por lo que apenas reinici\u00f3 la entrega de las unidades almacenadas, iniciando con United Airlines.&nbsp;<\/p>\n\n\n\n<p>Un portavoz de Airbus se\u00f1al\u00f3 que<strong>\u00a0la compa\u00f1\u00eda continuar\u00e1 realizando entregas durante la temporada vacacional.<\/strong><\/p>\n\n\n\n<p>Fuente: <strong><em>A21.<\/em><\/strong><\/p>\n","protected":false},"excerpt":{"rendered":"<p>(Aeronoticias).- Pese a que la pandemia del covid-19 ocasion\u00f3 una\u00a0reducci\u00f3n del 35% en el n\u00famero de entregas de aviones comerciales por parte de Airbus, la empresa europea se consolid\u00f3 como la compa\u00f1\u00eda aeron\u00e1utica m\u00e1s importante del mundo por segundo a\u00f1o consecutivo,\u00a0superando a Boeing que se ha visto afectada no solo por la crisis de la [&hellip;]<\/p>\n","protected":false},"author":4,"featured_media":68075,"comment_status":"open","ping_status":"open","sticky":false,"template":"","format":"standard","meta":{"tdm_status":"","tdm_grid_status":"","footnotes":""},"categories":[32,11],"tags":[163],"class_list":{"0":"post-68074","1":"post","2":"type-post","3":"status-publish","4":"format-standard","5":"has-post-thumbnail","7":"category-internacional","8":"category-transporte-aereo","9":"tag-coronavirus"},"yoast_head":"<!-- This site is optimized with the Yoast SEO plugin v25.1 - https:\/\/yoast.com\/wordpress\/plugins\/seo\/ -->\n<title>Airbus se consolida como la empresa aeron\u00e1utica m\u00e1s importante<\/title>\n<meta name=\"description\" content=\"Portal de noticias del Per\u00fa sobre el transporte a\u00e9reo, aviaci\u00f3n, turismo, hoteleria, actualidad.\" \/>\n<meta name=\"robots\" content=\"index, follow, max-snippet:-1, max-image-preview:large, max-video-preview:-1\" \/>\n<link rel=\"canonical\" href=\"https:\/\/aeronoticias.com.pe\/noticiero\/transporte-aereo\/airbus-se-consolida-como-la-empresa-aeronautica-mas-importante\/\" \/>\n<meta property=\"og:locale\" content=\"es_ES\" \/>\n<meta property=\"og:type\" content=\"article\" \/>\n<meta property=\"og:title\" content=\"Airbus se consolida como la empresa aeron\u00e1utica m\u00e1s importante\" \/>\n<meta property=\"og:description\" content=\"Portal de noticias del Per\u00fa sobre el transporte a\u00e9reo, aviaci\u00f3n, turismo, hoteleria, actualidad.\" \/>\n<meta property=\"og:url\" content=\"https:\/\/aeronoticias.com.pe\/noticiero\/transporte-aereo\/airbus-se-consolida-como-la-empresa-aeronautica-mas-importante\/\" \/>\n<meta property=\"og:site_name\" content=\"Aeronoticias.com.pe\" \/>\n<meta property=\"article:publisher\" content=\"https:\/\/www.facebook.com\/Aeronoticias.com.pe\/\" \/>\n<meta property=\"article:published_time\" content=\"2020-12-23T03:25:00+00:00\" \/>\n<meta property=\"article:modified_time\" content=\"2020-12-23T12:30:20+00:00\" \/>\n<meta property=\"og:image\" content=\"https:\/\/aeronoticias.com.pe\/noticiero\/wp-content\/uploads\/2020\/12\/Airbus-flag-1_7.jpg\" \/>\n\t<meta property=\"og:image:width\" content=\"941\" \/>\n\t<meta property=\"og:image:height\" content=\"581\" \/>\n\t<meta property=\"og:image:type\" content=\"image\/jpeg\" \/>\n<meta name=\"author\" content=\"Jefrey Cuya\" \/>\n<meta name=\"twitter:card\" content=\"summary_large_image\" \/>\n<meta name=\"twitter:creator\" content=\"@aeronoticias\" \/>\n<meta name=\"twitter:site\" content=\"@aeronoticias\" \/>\n<meta name=\"twitter:label1\" content=\"Escrito por\" \/>\n\t<meta name=\"twitter:data1\" content=\"Jefrey Cuya\" \/>\n\t<meta name=\"twitter:label2\" content=\"Tiempo de lectura\" \/>\n\t<meta name=\"twitter:data2\" content=\"1 minuto\" \/>\n<script type=\"application\/ld+json\" class=\"yoast-schema-graph\">{\"@context\":\"https:\/\/schema.org\",\"@graph\":[{\"@type\":\"WebPage\",\"@id\":\"https:\/\/aeronoticias.com.pe\/noticiero\/transporte-aereo\/airbus-se-consolida-como-la-empresa-aeronautica-mas-importante\/\",\"url\":\"https:\/\/aeronoticias.com.pe\/noticiero\/transporte-aereo\/airbus-se-consolida-como-la-empresa-aeronautica-mas-importante\/\",\"name\":\"Airbus se consolida como la empresa aeron\u00e1utica m\u00e1s importante\",\"isPartOf\":{\"@id\":\"https:\/\/aeronoticias.com.pe\/noticiero\/#website\"},\"primaryImageOfPage\":{\"@id\":\"https:\/\/aeronoticias.com.pe\/noticiero\/transporte-aereo\/airbus-se-consolida-como-la-empresa-aeronautica-mas-importante\/#primaryimage\"},\"image\":{\"@id\":\"https:\/\/aeronoticias.com.pe\/noticiero\/transporte-aereo\/airbus-se-consolida-como-la-empresa-aeronautica-mas-importante\/#primaryimage\"},\"thumbnailUrl\":\"https:\/\/aeronoticias.com.pe\/noticiero\/wp-content\/uploads\/2020\/12\/Airbus-flag-1_7.jpg\",\"datePublished\":\"2020-12-23T03:25:00+00:00\",\"dateModified\":\"2020-12-23T12:30:20+00:00\",\"author\":{\"@id\":\"https:\/\/aeronoticias.com.pe\/noticiero\/#\/schema\/person\/9ef7422a13b22ab480ffc29639f442b0\"},\"description\":\"Portal de noticias del Per\u00fa sobre el transporte a\u00e9reo, aviaci\u00f3n, turismo, hoteleria, actualidad.\",\"breadcrumb\":{\"@id\":\"https:\/\/aeronoticias.com.pe\/noticiero\/transporte-aereo\/airbus-se-consolida-como-la-empresa-aeronautica-mas-importante\/#breadcrumb\"},\"inLanguage\":\"es\",\"potentialAction\":[{\"@type\":\"ReadAction\",\"target\":[\"https:\/\/aeronoticias.com.pe\/noticiero\/transporte-aereo\/airbus-se-consolida-como-la-empresa-aeronautica-mas-importante\/\"]}]},{\"@type\":\"ImageObject\",\"inLanguage\":\"es\",\"@id\":\"https:\/\/aeronoticias.com.pe\/noticiero\/transporte-aereo\/airbus-se-consolida-como-la-empresa-aeronautica-mas-importante\/#primaryimage\",\"url\":\"https:\/\/aeronoticias.com.pe\/noticiero\/wp-content\/uploads\/2020\/12\/Airbus-flag-1_7.jpg\",\"contentUrl\":\"https:\/\/aeronoticias.com.pe\/noticiero\/wp-content\/uploads\/2020\/12\/Airbus-flag-1_7.jpg\",\"width\":941,\"height\":581},{\"@type\":\"BreadcrumbList\",\"@id\":\"https:\/\/aeronoticias.com.pe\/noticiero\/transporte-aereo\/airbus-se-consolida-como-la-empresa-aeronautica-mas-importante\/#breadcrumb\",\"itemListElement\":[{\"@type\":\"ListItem\",\"position\":1,\"name\":\"Portada\",\"item\":\"https:\/\/aeronoticias.com.pe\/noticiero\/\"},{\"@type\":\"ListItem\",\"position\":2,\"name\":\"Airbus se consolida como la empresa aeron\u00e1utica m\u00e1s importante\"}]},{\"@type\":\"WebSite\",\"@id\":\"https:\/\/aeronoticias.com.pe\/noticiero\/#website\",\"url\":\"https:\/\/aeronoticias.com.pe\/noticiero\/\",\"name\":\"Aeronoticias.com.pe\",\"description\":\"Noticias de tranporte aereo, turismo, hoteles, gastronomia, actualidad, internacional\",\"potentialAction\":[{\"@type\":\"SearchAction\",\"target\":{\"@type\":\"EntryPoint\",\"urlTemplate\":\"https:\/\/aeronoticias.com.pe\/noticiero\/?s={search_term_string}\"},\"query-input\":{\"@type\":\"PropertyValueSpecification\",\"valueRequired\":true,\"valueName\":\"search_term_string\"}}],\"inLanguage\":\"es\"},{\"@type\":\"Person\",\"@id\":\"https:\/\/aeronoticias.com.pe\/noticiero\/#\/schema\/person\/9ef7422a13b22ab480ffc29639f442b0\",\"name\":\"Jefrey Cuya\",\"url\":\"https:\/\/aeronoticias.com.pe\/noticiero\/author\/jefreycuya\/\"}]}<\/script>\n<!-- \/ Yoast SEO plugin. -->","yoast_head_json":{"title":"Airbus se consolida como la empresa aeron\u00e1utica m\u00e1s importante","description":"Portal de noticias del Per\u00fa sobre el transporte a\u00e9reo, aviaci\u00f3n, turismo, hoteleria, actualidad.","robots":{"index":"index","follow":"follow","max-snippet":"max-snippet:-1","max-image-preview":"max-image-preview:large","max-video-preview":"max-video-preview:-1"},"canonical":"https:\/\/aeronoticias.com.pe\/noticiero\/transporte-aereo\/airbus-se-consolida-como-la-empresa-aeronautica-mas-importante\/","og_locale":"es_ES","og_type":"article","og_title":"Airbus se consolida como la empresa aeron\u00e1utica m\u00e1s importante","og_description":"Portal de noticias del Per\u00fa sobre el transporte a\u00e9reo, aviaci\u00f3n, turismo, hoteleria, actualidad.","og_url":"https:\/\/aeronoticias.com.pe\/noticiero\/transporte-aereo\/airbus-se-consolida-como-la-empresa-aeronautica-mas-importante\/","og_site_name":"Aeronoticias.com.pe","article_publisher":"https:\/\/www.facebook.com\/Aeronoticias.com.pe\/","article_published_time":"2020-12-23T03:25:00+00:00","article_modified_time":"2020-12-23T12:30:20+00:00","og_image":[{"width":941,"height":581,"url":"https:\/\/aeronoticias.com.pe\/noticiero\/wp-content\/uploads\/2020\/12\/Airbus-flag-1_7.jpg","type":"image\/jpeg"}],"author":"Jefrey Cuya","twitter_card":"summary_large_image","twitter_creator":"@aeronoticias","twitter_site":"@aeronoticias","twitter_misc":{"Escrito por":"Jefrey Cuya","Tiempo de lectura":"1 minuto"},"schema":{"@context":"https:\/\/schema.org","@graph":[{"@type":"WebPage","@id":"https:\/\/aeronoticias.com.pe\/noticiero\/transporte-aereo\/airbus-se-consolida-como-la-empresa-aeronautica-mas-importante\/","url":"https:\/\/aeronoticias.com.pe\/noticiero\/transporte-aereo\/airbus-se-consolida-como-la-empresa-aeronautica-mas-importante\/","name":"Airbus se consolida como la empresa aeron\u00e1utica m\u00e1s importante","isPartOf":{"@id":"https:\/\/aeronoticias.com.pe\/noticiero\/#website"},"primaryImageOfPage":{"@id":"https:\/\/aeronoticias.com.pe\/noticiero\/transporte-aereo\/airbus-se-consolida-como-la-empresa-aeronautica-mas-importante\/#primaryimage"},"image":{"@id":"https:\/\/aeronoticias.com.pe\/noticiero\/transporte-aereo\/airbus-se-consolida-como-la-empresa-aeronautica-mas-importante\/#primaryimage"},"thumbnailUrl":"https:\/\/aeronoticias.com.pe\/noticiero\/wp-content\/uploads\/2020\/12\/Airbus-flag-1_7.jpg","datePublished":"2020-12-23T03:25:00+00:00","dateModified":"2020-12-23T12:30:20+00:00","author":{"@id":"https:\/\/aeronoticias.com.pe\/noticiero\/#\/schema\/person\/9ef7422a13b22ab480ffc29639f442b0"},"description":"Portal de noticias del Per\u00fa sobre el transporte a\u00e9reo, aviaci\u00f3n, turismo, hoteleria, actualidad.","breadcrumb":{"@id":"https:\/\/aeronoticias.com.pe\/noticiero\/transporte-aereo\/airbus-se-consolida-como-la-empresa-aeronautica-mas-importante\/#breadcrumb"},"inLanguage":"es","potentialAction":[{"@type":"ReadAction","target":["https:\/\/aeronoticias.com.pe\/noticiero\/transporte-aereo\/airbus-se-consolida-como-la-empresa-aeronautica-mas-importante\/"]}]},{"@type":"ImageObject","inLanguage":"es","@id":"https:\/\/aeronoticias.com.pe\/noticiero\/transporte-aereo\/airbus-se-consolida-como-la-empresa-aeronautica-mas-importante\/#primaryimage","url":"https:\/\/aeronoticias.com.pe\/noticiero\/wp-content\/uploads\/2020\/12\/Airbus-flag-1_7.jpg","contentUrl":"https:\/\/aeronoticias.com.pe\/noticiero\/wp-content\/uploads\/2020\/12\/Airbus-flag-1_7.jpg","width":941,"height":581},{"@type":"BreadcrumbList","@id":"https:\/\/aeronoticias.com.pe\/noticiero\/transporte-aereo\/airbus-se-consolida-como-la-empresa-aeronautica-mas-importante\/#breadcrumb","itemListElement":[{"@type":"ListItem","position":1,"name":"Portada","item":"https:\/\/aeronoticias.com.pe\/noticiero\/"},{"@type":"ListItem","position":2,"name":"Airbus se consolida como la empresa aeron\u00e1utica m\u00e1s importante"}]},{"@type":"WebSite","@id":"https:\/\/aeronoticias.com.pe\/noticiero\/#website","url":"https:\/\/aeronoticias.com.pe\/noticiero\/","name":"Aeronoticias.com.pe","description":"Noticias de tranporte aereo, turismo, hoteles, gastronomia, actualidad, internacional","potentialAction":[{"@type":"SearchAction","target":{"@type":"EntryPoint","urlTemplate":"https:\/\/aeronoticias.com.pe\/noticiero\/?s={search_term_string}"},"query-input":{"@type":"PropertyValueSpecification","valueRequired":true,"valueName":"search_term_string"}}],"inLanguage":"es"},{"@type":"Person","@id":"https:\/\/aeronoticias.com.pe\/noticiero\/#\/schema\/person\/9ef7422a13b22ab480ffc29639f442b0","name":"Jefrey Cuya","url":"https:\/\/aeronoticias.com.pe\/noticiero\/author\/jefreycuya\/"}]}},"_links":{"self":[{"href":"https:\/\/aeronoticias.com.pe\/noticiero\/wp-json\/wp\/v2\/posts\/68074","targetHints":{"allow":["GET"]}}],"collection":[{"href":"https:\/\/aeronoticias.com.pe\/noticiero\/wp-json\/wp\/v2\/posts"}],"about":[{"href":"https:\/\/aeronoticias.com.pe\/noticiero\/wp-json\/wp\/v2\/types\/post"}],"author":[{"embeddable":true,"href":"https:\/\/aeronoticias.com.pe\/noticiero\/wp-json\/wp\/v2\/users\/4"}],"replies":[{"embeddable":true,"href":"https:\/\/aeronoticias.com.pe\/noticiero\/wp-json\/wp\/v2\/comments?post=68074"}],"version-history":[{"count":0,"href":"https:\/\/aeronoticias.com.pe\/noticiero\/wp-json\/wp\/v2\/posts\/68074\/revisions"}],"wp:featuredmedia":[{"embeddable":true,"href":"https:\/\/aeronoticias.com.pe\/noticiero\/wp-json\/wp\/v2\/media\/68075"}],"wp:attachment":[{"href":"https:\/\/aeronoticias.com.pe\/noticiero\/wp-json\/wp\/v2\/media?parent=68074"}],"wp:term":[{"taxonomy":"category","embeddable":true,"href":"https:\/\/aeronoticias.com.pe\/noticiero\/wp-json\/wp\/v2\/categories?post=68074"},{"taxonomy":"post_tag","embeddable":true,"href":"https:\/\/aeronoticias.com.pe\/noticiero\/wp-json\/wp\/v2\/tags?post=68074"}],"curies":[{"name":"wp","href":"https:\/\/api.w.org\/{rel}","templated":true}]}}