{"id":68078,"date":"2020-12-23T09:50:35","date_gmt":"2020-12-23T14:50:35","guid":{"rendered":"https:\/\/aeronoticias.com.pe\/noticiero\/?p=68078"},"modified":"2020-12-23T16:56:42","modified_gmt":"2020-12-23T21:56:42","slug":"linea-de-bandera-de-la-republica-argentina-aa-fue-a-buscar-vacunas-a-rusia-ahorrandole-mas-de-2-millones-de-dolares-al-gobierno","status":"publish","type":"post","link":"https:\/\/aeronoticias.com.pe\/noticiero\/mundo\/linea-de-bandera-de-la-republica-argentina-aa-fue-a-buscar-vacunas-a-rusia-ahorrandole-mas-de-2-millones-de-dolares-al-gobierno\/","title":{"rendered":"L\u00ednea de Bandera de la Rep\u00fablica Argentina \u00abAA\u00bb, fue a buscar vacunas a Rusia, ahorr\u00e1ndole m\u00e1s de un millon de d\u00f3lares al gobierno"},"content":{"rendered":"\n<p><strong>(Aeronoticias)<\/strong> El presidente de la L\u00ednea A\u00e9rea de Bandera de la Rep\u00fablica Argentina Aerol\u00edneas Argentinas (AA), Pablo Ceriani, confirm\u00f3 que el d\u00eda de ayer martes 22 de diciembre a las 19.30, despeg\u00f3 el vuelo de la compa\u00f1\u00eda que ir\u00e1 a Rusia a buscar las 300 mil dosis de la vacuna Sputnik V con las que el Gobierno nacional prev\u00e9 inmunizar a 150 mil personas contra el coronavirus.<\/p>\n\n\n\n<p><strong>EL VUELO LLEGA EN LAS PROXIMAS HORAS A RUSIA<\/strong><\/p>\n\n\n\n<p>\u00abLuego de un fuerte trabajo de los equipos de @Aerolineas_AR y de la delegaci\u00f3n que se encuentra en Rusia, estamos en condiciones de confirmar que ayer a las 19.30 horas despeg\u00f3 desde Ezeiza un vuelo especial a Mosc\u00fa para traer al pa\u00eds las primeras vacunas Sputnik V contra el Covid-19\u00bb, afirm\u00f3 Ceriani en su cuenta de Twitter.<\/p>\n\n\n\n<figure class=\"wp-block-image size-large\"><img loading=\"lazy\" decoding=\"async\" width=\"563\" height=\"570\" src=\"https:\/\/aeronoticias.com.pe\/noticiero\/wp-content\/uploads\/2020\/12\/twitterceriani.jpg\" alt=\"\" class=\"wp-image-68104\" srcset=\"https:\/\/aeronoticias.com.pe\/noticiero\/wp-content\/uploads\/2020\/12\/twitterceriani.jpg 563w, https:\/\/aeronoticias.com.pe\/noticiero\/wp-content\/uploads\/2020\/12\/twitterceriani-296x300.jpg 296w, https:\/\/aeronoticias.com.pe\/noticiero\/wp-content\/uploads\/2020\/12\/twitterceriani-150x152.jpg 150w, https:\/\/aeronoticias.com.pe\/noticiero\/wp-content\/uploads\/2020\/12\/twitterceriani-300x304.jpg 300w\" sizes=\"auto, (max-width: 563px) 100vw, 563px\" \/><figcaption>Fuente: Twitter &#8211; Pablo Ceriani<\/figcaption><\/figure>\n\n\n\n<p><strong>EL ROL DE LA LINEA AEREA DE BANDERA ES APOYAR A SU GOBIERNO EN PANDEMIAS Y EMERGENCIAS NACIONALES<\/strong><\/p>\n\n\n\n<p>Agreg\u00f3 Ceriani que, \u00abes un esfuerzo log\u00edstico sin precedentes que requiere una operaci\u00f3n mixta\u00bb y que \u00ablas vacunas est\u00e1n siendo embaladas en cajas thermobox de la empresa DHL, que mantienen la temperatura a 18 grados bajo cero, para luego ser trasladadas al pa\u00eds en uno de nuestros A330\u00bb.<\/p>\n\n\n\n<p>Explic\u00f3 que \u00abel vuelo AR1060 fue directo a Mosc\u00fa y cont\u00f3 con una tripulaci\u00f3n de 20 personas para poder realizar la operaci\u00f3n de 40 horas totales sin realizar descanso en el destino\u00bb.<\/p>\n\n\n\n<p>Complet\u00f3 que la tripulaci\u00f3n \u00abestar\u00e1 integrada por pilotos, tripulantes de cabina, despachantes y personal de carga\u00bb.<\/p>\n\n\n\n<p>\u00abEs un orgullo para todos y todas los que conformamos @Aerolineas_AR, la L\u00ednea A\u00e9rea de Bandera de la Rep\u00fablica Argentina, poder hacer esta operaci\u00f3n y seguir realizando nuestro aporte para hacerle frente al Covid-19\u00bb, concluy\u00f3 el hilo Ceriani.<\/p>\n\n\n\n<p>El d\u00eda de ayer martes por la&nbsp;tarde, Ceriani junto al Ministro de Transporte, Mario Meoni, ofrecieron en el sal\u00f3n Malvinas Argentinas de la Terminal C del aeropuerto de Ezeiza, una conferencia de prensa en la cual se dieron detalles acerca del vuelo y la log\u00edstica del mismo.<\/p>\n\n\n\n<figure class=\"wp-block-image size-large\"><img loading=\"lazy\" decoding=\"async\" width=\"768\" height=\"432\" src=\"https:\/\/aeronoticias.com.pe\/noticiero\/wp-content\/uploads\/2020\/12\/operacionmuscu2.jpg\" alt=\"\" class=\"wp-image-68106\" srcset=\"https:\/\/aeronoticias.com.pe\/noticiero\/wp-content\/uploads\/2020\/12\/operacionmuscu2.jpg 768w, https:\/\/aeronoticias.com.pe\/noticiero\/wp-content\/uploads\/2020\/12\/operacionmuscu2-300x169.jpg 300w, https:\/\/aeronoticias.com.pe\/noticiero\/wp-content\/uploads\/2020\/12\/operacionmuscu2-150x84.jpg 150w, https:\/\/aeronoticias.com.pe\/noticiero\/wp-content\/uploads\/2020\/12\/operacionmuscu2-696x392.jpg 696w\" sizes=\"auto, (max-width: 768px) 100vw, 768px\" \/><\/figure>\n\n\n\n<p><strong>ECONOMICIDAD A FAVOR DE LA REPUBLICA ARGENTINA POR UTILIZAR SU LINEA AEREA DE BANDERA <\/strong><\/p>\n\n\n\n<p>Cabe precisar que este vuelo ha tenido una economicidad de m\u00e1s del 90% a favor del gobierno argentino, ya que si lo hubiera hecho una empresa de aviaci\u00f3n privada o l\u00ednea a\u00e9rea de bandera privada de otro pa\u00eds, 40 horas de ida y 40 horas de vuelta, en un total 80 horas a 15 mil d\u00f3lares la hora, hubiera costado un mill\u00f3n 200 mil d\u00f3lares, sin embargo, el costo no sobrepas\u00f3 los 300 mil d\u00f3lares.<\/p>\n\n\n\n<p>Cabe agregar, que el Per\u00fa en plena pandemia del COVID-19 tuvo que pagar costos exorbitantes en l\u00edneas a\u00e9reas de bandera de otros pa\u00edses, cuando hab\u00eda disponibilidad de vuelos o capacidad de bodega y en muchos casos, casi en el 90% no hab\u00eda aeronaves para trasladar los enfermos de Iquitos a Lima.<\/p>\n\n\n\n<p>Diversas partes del Per\u00fa aisladas aercomercialmente, no tuvieron la posibilidad de trasladar a sus enfermos COVID-19 a Lima, lo que nos da una lecci\u00f3n hist\u00f3rica de otra de las razones por las cuales el Per\u00fa debe tener una L\u00ednea A\u00e9rea de Bandera, sea con el esquema del Predictamen del Proyecto de Ley 6153-2020-CR del Congresista de Acci\u00f3n Popular, Luis Carlos Sime\u00f3n Hurtado, que lo plantea sin inversi\u00f3n o gasto p\u00fablico alguno, o con otro esquema que no nos obligue a seguir siendo Colonia aerocomercial de Chile y Colombia y que sus l\u00edneas a\u00e9reas de bandera sigan de esta forma sirviendo y utilizando las rutas internacionales del Per\u00fa sin invertir en el Per\u00fa.<\/p>\n\n\n\n<figure class=\"wp-block-image size-large\"><img loading=\"lazy\" decoding=\"async\" width=\"1024\" height=\"768\" src=\"https:\/\/aeronoticias.com.pe\/noticiero\/wp-content\/uploads\/2020\/12\/ipda-1024x768.jpg\" alt=\"\" class=\"wp-image-67976\" srcset=\"https:\/\/aeronoticias.com.pe\/noticiero\/wp-content\/uploads\/2020\/12\/ipda-1024x768.jpg 1024w, https:\/\/aeronoticias.com.pe\/noticiero\/wp-content\/uploads\/2020\/12\/ipda-300x225.jpg 300w, https:\/\/aeronoticias.com.pe\/noticiero\/wp-content\/uploads\/2020\/12\/ipda-768x576.jpg 768w, https:\/\/aeronoticias.com.pe\/noticiero\/wp-content\/uploads\/2020\/12\/ipda-1536x1152.jpg 1536w, https:\/\/aeronoticias.com.pe\/noticiero\/wp-content\/uploads\/2020\/12\/ipda-150x113.jpg 150w, https:\/\/aeronoticias.com.pe\/noticiero\/wp-content\/uploads\/2020\/12\/ipda-696x522.jpg 696w, https:\/\/aeronoticias.com.pe\/noticiero\/wp-content\/uploads\/2020\/12\/ipda-1068x801.jpg 1068w, https:\/\/aeronoticias.com.pe\/noticiero\/wp-content\/uploads\/2020\/12\/ipda-1920x1440.jpg 1920w, https:\/\/aeronoticias.com.pe\/noticiero\/wp-content\/uploads\/2020\/12\/ipda-265x198.jpg 265w, https:\/\/aeronoticias.com.pe\/noticiero\/wp-content\/uploads\/2020\/12\/ipda.jpg 2048w\" sizes=\"auto, (max-width: 1024px) 100vw, 1024px\" \/><figcaption>Instituto Peruano de Derecho A\u00e9reo (IPDA) desarroll\u00f3 la Doctrina de que el Per\u00fa geopol\u00edticamente tiene derecho a tener una L\u00ednea A\u00e9rea de Bandera con capitales privados y con presencia del Estado en un 20% sin inversi\u00f3n o gasto p\u00fablico alguno, seg\u00fan se desprende del Predictamen del Proyecto de Ley 6153-2020-CR de la Comisi\u00f3n de Transportes de la Comisi\u00f3n de Transportes del Congreso de la Rep\u00fablica del Per\u00fa<\/figcaption><\/figure>\n\n\n\n<p>Aerol\u00edneas Argentinas est\u00e1 cumpliendo su rol como l\u00ednea a\u00e9rea de bandera de la Rep\u00fablica Argentina, en esta emergencia sanitaria que tambi\u00e9n vive ese pa\u00eds, mientras nosotros ac\u00e1 en el Per\u00fa no tenemos si quiera la posibilidad de poner en debate en los medios de comunicaci\u00f3n nuestros puntos de vista para tener una L\u00ednea A\u00e9rea de Bandera de bajo costo, porque los due\u00f1os del mercado y del poder econ\u00f3mico tienen todas las l\u00edneas editoriales a su favor&#8230; \u00bfpor que ser\u00e1?, saquen ustedes sus propias conclusiones.<\/p>\n\n\n\n<p>Cabe agregar, que el Per\u00fa solo con la deuda tributaria de LATAM podr\u00eda comprar 40 aeronaves Airbus A-331 para tener su L\u00ednea A\u00e9rea de Bandera, que seg\u00fan el Predictamen 6153-2020-CR de la Comisi\u00f3n de Transportes del Congreso de la Rep\u00fablica, tendr\u00eda un 80% de capital privado y el 20% lo tendr\u00eda el Estado como contraprestaci\u00f3n de los derechos que otorga.<\/p>\n\n\n\n<p>Por nuestra parte, nuestra l\u00ednea editorial independiente considera que geopol\u00edtica y estrat\u00e9gicamente, los pa\u00edses como es el caso de Argentina, Bolivia, Chile, Brasil, Colombia, entienden la necesidad de tener l\u00edneas a\u00e9reas de bandera que prestan un servicio p\u00fablico de transporte a\u00e9reo y est\u00e1n comprometidas con los objetivos del bien com\u00fan de los Estados, como lo ha venido sosteniendo durante los \u00faltimos 40 a\u00f1os en el Per\u00fa la Doctrina del Instituto Peruano de Derecho A\u00e9reo (IPDA), integrada por los m\u00e1s reconocidos Juristas peruanos que defienden la Soberan\u00eda a\u00e9rea del Per\u00fa.<\/p>\n\n\n\n<p><strong><em>Fuente:<a href=\"https:\/\/www.ellitoral.com\/index.php\/id_um\/274346-confirman-la-partida-del-vuelo-que-traera-las-vacunas-desde-moscu-300-mil-dosis-de-la-sputnik-v-nacionales-este-martes-a-las-1930.html?fbclid=IwAR0Hfigc5hrkJA6i58XK5pDP-hJ41Sri5-MNTY5bNkOdM76qOnhv3vJQgN0\" target=\"_blank\" rel=\"noreferrer noopener\"> El Litoral<\/a><\/em><\/strong><\/p>\n\n\n\n<p><a href=\"https:\/\/aeronoticias.com.pe\/noticiero\/cierre-de-carreteras-perjudica-a-40-mil-pasajeros-y-el-peru-sin-linea-aerea-de-bandera-para-un-puente-aereo-con-lima\/\" target=\"_blank\" rel=\"noreferrer noopener\">Cierre de carreteras perjudica a 40 mil pasajeros y el Per\u00fa sin L\u00ednea A\u00e9rea de Bandera para un puente a\u00e9reo con Lima<\/a><\/p>\n\n\n\n<p><a href=\"https:\/\/aeronoticias.com.pe\/noticiero\/presidente-belaunde-en-1983-le-quito-3-quintas-libertades-a-lan-chile\/\" target=\"_blank\" rel=\"noreferrer noopener\">Presidente Belaunde en 1983 le quit\u00f3 3 Quintas Libertades a LAN Chile<\/a><\/p>\n\n\n\n<p><a href=\"https:\/\/aeronoticias.com.pe\/noticiero\/la-explotacion-del-espacio-aereo-es-patrimonio-economico-de-la-nacion\/\" target=\"_blank\" rel=\"noreferrer noopener\">La utilizaci\u00f3n y uso del Espacio a\u00e9reo integran el patrimonio econ\u00f3mico de la Naci\u00f3n<\/a><\/p>\n\n\n\n<p><a href=\"https:\/\/aeronoticias.com.pe\/noticiero\/hace-26-anos-el-presidente-de-la-oaci-presento-en-lima-libro-de-jurista-peruano-julian-palacin\/\" target=\"_blank\" rel=\"noreferrer noopener\">Hace 26 a\u00f1os el Presidente de la OACI present\u00f3 en Lima, Libro de Jurista peruano Juli\u00e1n Palacin<\/a><\/p>\n\n\n\n<p><a href=\"https:\/\/aeronoticias.com.pe\/noticiero\/documento-historico-del-presidente-belaunde-sobre-nombramiento-de-juristas-que-elaboraron-el-primer-documento-de-politica-aerea-internacional\/\" target=\"_blank\" rel=\"noreferrer noopener\">Documento hist\u00f3rico del Presidente Bela\u00fande sobre nombramiento de Juristas que elaboraron el primer documento de Pol\u00edtica A\u00e9rea Internacional<\/a><\/p>\n\n\n\n<p><a href=\"https:\/\/aeronoticias.com.pe\/noticiero\/linea-aerea-de-bandera-alperu-interconectara-el-aeropuerto-de-pisco-con-el-sur-del-peru\/\" target=\"_blank\" rel=\"noreferrer noopener\">L\u00ednea A\u00e9rea de Bandera \u00abALPERU\u00bb interconectar\u00e1 el Aeropuerto de Pisco con el Sur del Per\u00fa<\/a><\/p>\n\n\n\n<p><a href=\"https:\/\/aeronoticias.com.pe\/noticiero\/sin-inversion-publica-crean-linea-aerea-de-bandera-de-bajo-costo-del-peru\/\" target=\"_blank\" rel=\"noreferrer noopener\">Sin inversi\u00f3n p\u00fablica, crean \u201cL\u00ednea A\u00e9rea de Bandera de Bajo Costo del Per\u00fa\u201d<\/a><\/p>\n\n\n\n<p><a href=\"https:\/\/aeronoticias.com.pe\/noticiero\/camara-de-turismo-y-comercio-exterior-de-paracas-capatur-apoya-al-congreso-en-el-proyecto-de-ley-de-la-linea-aerea-de-bandera-de-bajo-costo-del-peru-2\/\" target=\"_blank\" rel=\"noreferrer noopener\">C\u00e1mara de Turismo y Comercio Exterior de Paracas (CAPATUR), apoya al Congreso en el Proyecto de Ley de la L\u00ednea A\u00e9rea de Bandera de Bajo Costo del Per\u00fa<\/a><\/p>\n\n\n\n<p><a href=\"https:\/\/aeronoticias.com.pe\/noticiero\/diario-el-comercio-defendiendo-a-latam-y-sin-fundamento-juridico-continua-campana-contra-la-linea-aerea-de-bandera\/\" target=\"_blank\" rel=\"noreferrer noopener\">Diario El Comercio, defendiendo a LATAM y sin fundamento jur\u00eddico, contin\u00faa campa\u00f1a contra la L\u00ednea A\u00e9rea de Bandera<\/a><\/p>\n\n\n\n<p><a href=\"https:\/\/aeronoticias.com.pe\/noticiero\/julian-palacin-existen-razones-de-seguridad-defensa-nacional-y-de-desarrollo-economico-que-exigen-terminar-con-los-privilegios-que-le-hemos-otorgado-a-chile-en-nuestro-espacio-aereo\/\" target=\"_blank\" rel=\"noreferrer noopener\">Julian Palacin: Existen razones de Seguridad, Defensa Nacional y de Desarrollo Econ\u00f3mico que exigen terminar con los privilegios que le hemos otorgado a Chile en nuestro Espacio a\u00e9reo<\/a><\/p>\n\n\n\n<p><a href=\"https:\/\/aeronoticias.com.pe\/noticiero\/en-gaceta-juridica-la-ley-enriquecen-la-doctrina-del-dictamen-6153-2020-cr-que-crea-la-linea-aerea-de-bandera-de-bajo-costo-del-peru\/\" target=\"_blank\" rel=\"noreferrer noopener\">En Gaceta Jur\u00eddica La Ley, enriquecen la Doctrina del Dictamen 6153-2020-CR que crea la L\u00ednea A\u00e9rea de Bandera de Bajo Costo del Per\u00fa<\/a><\/p>\n\n\n\n<p><a href=\"https:\/\/aeronoticias.com.pe\/noticiero\/defendiendo-su-interes-privado-en-latam-diario-el-comercio-continua-campana-contra-la-linea-aerea-de-bandera-del-peru\/\" target=\"_blank\" rel=\"noreferrer noopener\">Defendiendo su inter\u00e9s privado en LATAM, Diario El Comercio contin\u00faa campa\u00f1a contra la L\u00ednea A\u00e9rea de Bandera del Per\u00fa<\/a><\/p>\n\n\n\n<p><a href=\"https:\/\/aeronoticias.com.pe\/noticiero\/julian-palacin-intereses-privados-se-oponen-al-dictamen-6153-2020-cr-de-la-comision-de-transportes-del-congreso-para-no-perder-privilegios-de-latam-en-el-espacio-aereo-peruano\/\" target=\"_blank\" rel=\"noreferrer noopener\">Julian Palacin: Intereses privados se oponen al Dictamen 6153-2020-CR de la Comisi\u00f3n de Transportes del Congreso para no perder privilegios de LATAM en el espacio a\u00e9reo peruano<\/a><\/p>\n\n\n\n<p><a href=\"https:\/\/aeronoticias.com.pe\/noticiero\/congresistas-de-sp-y-fp-defendieron-la-tesis-del-cuasi-monopolio-aereo-de-latam-oponiendose-al-proyecto-de-ley-de-la-linea-aerea-de-bandera\/\" target=\"_blank\" rel=\"noreferrer noopener\">Congresistas de SP y FP defendieron la tesis del cuasi monopolio a\u00e9reo de LATAM oponi\u00e9ndose al Proyecto de Ley de la L\u00ednea A\u00e9rea de Bandera<\/a><\/p>\n\n\n\n<p><a href=\"https:\/\/aeronoticias.com.pe\/noticiero\/camara-de-turismo-y-comercio-exterior-de-paracas-capatur-apoya-al-congreso-en-el-proyecto-de-ley-de-la-linea-aerea-de-bandera-de-bajo-costo-del-peru\/\" target=\"_blank\" rel=\"noreferrer noopener\">C\u00e1mara de Turismo y Comercio Exterior de Paracas (CAPATUR), apoya al Congreso en el Proyecto de Ley de la L\u00ednea A\u00e9rea de Bandera de Bajo Costo del Per\u00fa<\/a><\/p>\n\n\n\n<p><a href=\"https:\/\/aeronoticias.com.pe\/noticiero\/el-comercio-contra-el-peru-o-contra-alperu\/\" target=\"_blank\" rel=\"noreferrer noopener\">\u00bfEl Comercio contra el Per\u00fa o contra ALPERU?<\/a><\/p>\n\n\n\n<p><a href=\"https:\/\/aeronoticias.com.pe\/noticiero\/julian-palacin-canatur-defiende-los-intereses-privados-de-latam-al-oponerse-a-la-linea-aerea-de-bandera-de-bajo-costo-del-peru\/\" target=\"_blank\" rel=\"noreferrer noopener\">Julian Palacin: CANATUR defiende los intereses privados de LATAM al oponerse a la L\u00ednea A\u00e9rea de Bandera de Bajo Costo del Per\u00fa<\/a><\/p>\n\n\n\n<p><a href=\"https:\/\/aeronoticias.com.pe\/noticiero\/aetai-latam-a-traves-del-diario-peru-21-se-oponen-al-proyecto-de-ley-6153-2020-cr-que-crea-la-linea-aerea-de-bandera-de-bajo-costo-del-peru\/\" target=\"_blank\" rel=\"noreferrer noopener\">AETAI-LATAM a trav\u00e9s del Diario Per\u00fa 21 se oponen al Proyecto de Ley 6153-2020-CR que crea la L\u00ednea A\u00e9rea de Bandera de Bajo Costo del Per\u00fa<\/a><\/p>\n\n\n\n<p><a href=\"https:\/\/aeronoticias.com.pe\/noticiero\/obra-de-teleferico-de-lima-utiliza-modelo-del-pl-de-linea-de-bandera-bajo-la-modalidad-de-app\/\" target=\"_blank\" rel=\"noreferrer noopener\">Obra de telef\u00e9rico de Lima utiliza modelo del PL de L\u00ednea A\u00e9rea de Bandera bajo la modalidad de APP<\/a><\/p>\n\n\n\n<p><a href=\"http:\/\/diario%20el%20comercio%20defendiendo%20a%20la%20chilena%20latam%2C%20se%20opone%20a%20proyecto%20de%20ley%20que%20crea%20la%20l%C3%ADnea%20a%C3%A9rea%20de%20bandera%20de%20bajo%20costo%20del%20per%C3%BA\/\" target=\"_blank\" rel=\"noreferrer noopener\">Diario El Comercio defendiendo a la chilena LATAM, se opone a Proyecto de Ley que crea la L\u00ednea A\u00e9rea de Bandera de bajo costo del Per\u00fa<\/a><\/p>\n\n\n\n<p><a href=\"https:\/\/aeronoticias.com.pe\/noticiero\/wp-content\/uploads\/2020\/11\/CARTA-NOTARIAL-AETAI-23NOV20.pdf\" target=\"_blank\" rel=\"noreferrer noopener\">VER CARTA NOTARIAL DE LA APEA A LA AETAI<\/a><\/p>\n\n\n\n<p><a href=\"https:\/\/aeronoticias.com.pe\/noticiero\/diario-chileno-se-suma-a-desesperados-defensores-de-latam-ante-avance-de-proyecto-de-linea-de-bandera-del-peru\/\" target=\"_blank\" rel=\"noreferrer noopener\">Diario chileno se suma a desesperados defensores de LATAM ante avance de proyecto de L\u00ednea de Bandera del Per\u00fa<\/a><\/p>\n\n\n\n<p><a href=\"https:\/\/aeronoticias.com.pe\/noticiero\/diario-gestion-en-defensa-de-latam-distorsiona-la-verdad-oponiendose-a-la-linea-aerea-de-bandera-de-bajo-costo-del-peru\/\" target=\"_blank\" rel=\"noreferrer noopener\">Diario Gesti\u00f3n en defensa de LATAM distorsiona la verdad oponi\u00e9ndose a la L\u00ednea A\u00e9rea de Bandera de bajo costo del Per\u00fa<\/a><\/p>\n\n\n\n<p><a href=\"https:\/\/aeronoticias.com.pe\/noticiero\/comex-defendiendo-a-latam-se-opone-al-proyecto-de-ley-de-la-linea-aerea-de-bandera-de-bajo-costo-del-peru\/\" target=\"_blank\" rel=\"noreferrer noopener\">Comex, defendiendo a LATAM, se opone al Proyecto de Ley de la L\u00ednea A\u00e9rea de Bandera de bajo costo del Per\u00fa<\/a><\/p>\n\n\n\n<p><a href=\"https:\/\/aeronoticias.com.pe\/noticiero\/apea-emplaza-a-aetai-latam-por-pretender-intervenir-en-asuntos-internos-del-peru-oponiendose-a-la-linea-aerea-de-bandera\/\" target=\"_blank\" rel=\"noreferrer noopener\">APEA emplaza a AETAI-LATAM por pretender intervenir en asuntos internos del Per\u00fa oponi\u00e9ndose a la L\u00ednea A\u00e9rea de Bandera<\/a><\/p>\n\n\n\n<p><a href=\"https:\/\/aeronoticias.com.pe\/noticiero\/latam-aetai-se-oponen-a-que-el-peru-apruebe-el-proyecto-de-ley-6153-2020-que-crea-la-linea-aerea-de-bandera-de-bajo-costo-del-peru\/\" target=\"_blank\" rel=\"noreferrer noopener\">LATAM-AETAI se oponen a que el Per\u00fa apruebe el Proyecto de Ley 6153-2020 que crea la L\u00ednea A\u00e9rea de Bandera de bajo costo del Per\u00fa<\/a><\/p>\n\n\n\n<p><a href=\"https:\/\/www.connuestroperu.com\/economia\/aviacion\/67624-la-apea-pide-al-congreso-investigar-si-latam-cumplio-con-entregar-carta-fianza-por-112-aviones-y-envia-carta-notarial-a-la-aetai-por-usar-su-nombre-para-sorprender-al-legislativo\" target=\"_blank\" rel=\"noreferrer noopener\">La APEA pide al Congreso investigar si LATAM cumpli\u00f3 con entregar carta fianza por 112 aviones y env\u00eda carta notarial a la AETAI por usar su nombre para sorprender al Legislativo<\/a><\/p>\n\n\n\n<p><a href=\"https:\/\/www.facebook.com\/CongresoPeru\/videos\/414341229739808\" target=\"_blank\" rel=\"noreferrer noopener\">VER SETIMA SESION EXTRAORDINARIA VIRTUAL DE LA COMISION DE TRANSPORTES DEL CONGRESO DE LA REPUBLICA.<\/a><\/p>\n\n\n\n<p><a href=\"https:\/\/aeronoticias.com.pe\/noticiero\/wp-content\/uploads\/2020\/11\/1.1.-2772-553340-20201117143020-4091-1.pdf\" target=\"_blank\" rel=\"noreferrer noopener\">VER INFORME LEGAL DEL JURISTA CESAR LANDA ARROYO A LA APEA, CON DIRECCION AV. JOSE PARDO 513, MIRAFLORES (DIRECCION DE LATAM), QUE LA APEA NUNCA LA RECIBIO NI PAGO HONORARIO ALGUNO Y AHORA ESTA CARTA LA PRESENTA AL CONGRESO<\/a><\/p>\n\n\n\n<p><a href=\"https:\/\/aeronoticias.com.pe\/noticiero\/wp-content\/uploads\/2020\/11\/1.-CARTA-0116-AETAI-PL-6153-2772-RU-553340-20201117142949-4110.pdf\" target=\"_blank\" rel=\"noreferrer noopener\">VER CARTA AETAI DEL 16\/11\/20 AL CONGRESISTA LUIS CARLOS SIMEON HURTADO, PRESIDENTE DE LA COMISION DE TRANSPORTES DEL CONGRESO DE LA REPUBLICA<\/a><\/p>\n\n\n\n<p><a href=\"https:\/\/aeronoticias.com.pe\/noticiero\/wp-content\/uploads\/2020\/11\/Carta-PRE-154-Pdte-Comisi%C3%B3n-de-Transportes-Opini%C3%B3n-PL-6153-LAPERU-16.11.2026616-1.pdf\" target=\"_blank\" rel=\"noreferrer noopener\">VER CARTA DE CONFIEP PRE-154\/2020 DE OPOSICION AL PROYECTO DE LEY QUE CREA LA LINEA AEREA DE BANDERA DEL PERU<\/a><\/p>\n\n\n\n<p><a href=\"https:\/\/www.youtube.com\/watch?v=RDpvgLBmnGo&amp;feature=emb_title\" target=\"_blank\" rel=\"noreferrer noopener\">RBC entrevista a Juli\u00e1n Palac\u00edn sobre la linea a\u00e9rea de bandera para el Per\u00fa<\/a><\/p>\n\n\n\n<p><a href=\"https:\/\/www.youtube.com\/watch?v=Ug1n1AzuC9I&amp;feature=emb_title\" target=\"_blank\" rel=\"noreferrer noopener\">Exposici\u00f3n de Julian Palacin en la Comisi\u00f3n de Convenios A\u00e9reos del Congreso 2015<\/a><\/p>\n\n\n\n<p><a href=\"https:\/\/www.youtube.com\/watch?v=MMhxE1BHcSE&amp;feature=emb_title\" target=\"_blank\" rel=\"noreferrer noopener\">Conferencia en la Academia Diplom\u00e1tica del Per\u00fa sobre la aerol\u00ednea de bandera (12\/12\/12)<\/a><\/p>\n\n\n\n<p><a href=\"https:\/\/www.youtube.com\/watch?v=sfcJq2xKPe8&amp;feature=emb_title\" target=\"_blank\" rel=\"noreferrer noopener\">Conferencia de Julian Palacin sobre Soberan\u00eda y Geopol\u00edtica en el grupo Basadre<\/a><br><br><a href=\"https:\/\/es.scribd.com\/doc\/192155127\/Linea-Aerea-de-Bandera\" target=\"_blank\" rel=\"noreferrer noopener\">LIBRO LINEA AEREA DE BANDERA DE BAJO COSTO<\/a><\/p>\n\n\n\n<p><a href=\"https:\/\/aeronoticias.com.pe\/noticiero\/renace-el-proyecto-de-la-linea-aerea-de-bandera-del-peru\/\" target=\"_blank\" rel=\"noreferrer noopener\">\u00bfRenace el Proyecto de la L\u00ednea A\u00e9rea de Bandera del Per\u00fa?<\/a><\/p>\n\n\n\n<p><a href=\"https:\/\/aeronoticias.com.pe\/noticiero\/comision-de-transportes-del-congreso-debate-proyecto-de-la-linea-aerea-de-bandera-del-peru-2\/\" target=\"_blank\" rel=\"noreferrer noopener\">Comisi\u00f3n de Transportes del Congreso debate Proyecto de la L\u00ednea A\u00e9rea de Bandera del Per\u00fa<\/a><\/p>\n\n\n\n<p><a href=\"https:\/\/aeronoticias.com.pe\/noticiero\/comision-de-transportes-del-congreso-postergo-debate-del-proyecto-de-ley-de-la-linea-aerea-de-bandera-del-peru\/\" target=\"_blank\" rel=\"noreferrer noopener\">Comisi\u00f3n de Transportes del Congreso posterg\u00f3 debate del Proyecto de Ley de la L\u00ednea A\u00e9rea de Bandera del Per\u00fa<\/a><\/p>\n\n\n\n<p><a href=\"https:\/\/aeronoticias.com.pe\/noticiero\/comision-de-transportes-del-congreso-debate-proyecto-de-la-linea-aerea-de-bandera-del-peru-2\/\" target=\"_blank\" rel=\"noreferrer noopener\">Comisi\u00f3n de Transportes del Congreso debate hoy Proyecto de la L\u00ednea A\u00e9rea de Bandera del Per\u00fa<\/a><\/p>\n\n\n\n<p><a href=\"https:\/\/aeronoticias.com.pe\/noticiero\/por-debate-presidencial-comision-de-transportes-suspende-tratamiento-de-proyecto-de-ley-de-linea-aerea-de-bandera\/\" target=\"_blank\" rel=\"noreferrer noopener\">Por debate Presidencial, Comisi\u00f3n de Transportes suspende tratamiento de Proyecto de Ley de L\u00ednea A\u00e9rea de Bandera<\/a><\/p>\n\n\n\n<p><a href=\"https:\/\/aeronoticias.com.pe\/noticiero\/julian-palacin-emplaza-a-latam-legal-ltd-que-se-opone-a-la-linea-aerea-de-bandera-del-peru\/\" target=\"_blank\" rel=\"noreferrer noopener\">Juli\u00e1n Palacin emplaza a LATAM LEGAL LTD, que se opone a la L\u00ednea A\u00e9rea de Bandera del Per\u00fa<\/a><\/p>\n\n\n\n<p><a href=\"https:\/\/aeronoticias.com.pe\/noticiero\/desacreditan-al-peru-por-proyecto-de-ley-de-linea-aerea-de-bandera\/?fbclid=IwAR13zEnnP1LIk6wLhFpqxwhqVO8KqhlhMZVQswmxkHutElrQyu-7SJcphU8\" target=\"_blank\" rel=\"noreferrer noopener\">Desacreditan al Per\u00fa por Proyecto de Ley de L\u00ednea A\u00e9rea de Bandera<\/a><\/p>\n\n\n\n<p><a href=\"https:\/\/aeronoticias.com.pe\/noticiero\/lexlatin-propiedad-de-latam-legal-ltd-no-le-informa-a-sus-lectores-que-sus-entrevistados-serian-abogados-de-latam\/\" target=\"_blank\" rel=\"noreferrer noopener\">Lexlatin, propiedad de LATAM LEGAL LTD., no le informa a sus lectores que sus entrevistados ser\u00edan abogados de LATAM<\/a><\/p>\n\n\n\n<p><a href=\"https:\/\/aeronoticias.com.pe\/noticiero\/comision-de-transportes-del-congreso-debate-este-martes-29-el-proyecto-de-la-linea-aerea-de-bandera-del-peru\/\" target=\"_blank\" rel=\"noreferrer noopener\">Comisi\u00f3n de Transportes del Congreso debate hoy el Proyecto de la L\u00ednea A\u00e9rea de Bandera del Per\u00fa<\/a><\/p>\n\n\n\n<p><a href=\"https:\/\/aeronoticias.com.pe\/noticiero\/comision-de-transportes-del-congreso-del-peru-vio-proyecto-de-ley-de-la-linea-aerea-de-bandera\/\" target=\"_blank\" rel=\"noreferrer noopener\">Comisi\u00f3n de Transportes del Congreso del Per\u00fa vio Proyecto de Ley de la L\u00ednea A\u00e9rea de Bandera<\/a><\/p>\n\n\n\n<p><a href=\"https:\/\/aeronoticias.com.pe\/noticiero\/continua-el-debate-sobre-la-linea-aerea-de-bandera-del-peru-en-el-congreso-de-la-republica\/\" target=\"_blank\" rel=\"noreferrer noopener\">Contin\u00faa el debate sobre la L\u00ednea A\u00e9rea de Bandera del Per\u00fa en el Congreso de la Rep\u00fablica<\/a><\/p>\n\n\n\n<p><a href=\"https:\/\/aeronoticias.com.pe\/noticiero\/gilmer-aliaga-zegarra-los-peruanos-tenemos-que-entender-los-beneficios-de-contar-con-una-linea-aerea-de-bandera-de-capital-publico-privada\/\" target=\"_blank\" rel=\"noreferrer noopener\">Gilmer Aliaga Zegarra: \u00abLos peruanos tenemos que entender los beneficios de contar con una L\u00ednea A\u00e9rea de Bandera de capital p\u00fablico-privada\u00bb<\/a><\/p>\n\n\n\n<p><a href=\"https:\/\/aeronoticias.com.pe\/noticiero\/alfredo-gallegos-estoy-de-acuerdo-que-existe-conveniencia-publica-para-que-el-peru-tenga-una-linea-aerea-de-bandera\/\" target=\"_blank\" rel=\"noreferrer noopener\">Alfredo Gallegos: \u201cEstoy de acuerdo que existe conveniencia p\u00fablica para que el Per\u00fa tenga una L\u00ednea A\u00e9rea de Bandera\u201d<\/a><\/p>\n\n\n\n<p><a href=\"https:\/\/aeronoticias.com.pe\/noticiero\/julian-palacin-la-constitucion-politica-respalda-el-derecho-del-peru-a-tener-una-linea-aerea-de-bandera-con-capital-publico-privado\/\" target=\"_blank\" rel=\"noreferrer noopener\">Juli\u00e1n Palacin: \u00abLa Constituci\u00f3n Pol\u00edtica respalda el derecho del Per\u00fa a tener una L\u00ednea A\u00e9rea de Bandera con capital p\u00fablico-privado<\/a><\/p>\n\n\n\n<p><a href=\"https:\/\/aeronoticias.com.pe\/noticiero\/crece-el-interes-de-inversionistas-privados-por-invertir-en-la-linea-de-bandera-low-cost-del-peru\/\" target=\"_blank\" rel=\"noreferrer noopener\">Crece el inter\u00e9s de capitales privados por invertir en la L\u00ednea A\u00e9rea de Bandera Low-Cost<\/a><\/p>\n\n\n\n<p><a href=\"https:\/\/aeronoticias.com.pe\/noticiero\/low-cost-del-peru-abriria-mercado-aereo-a-15-millones-de-pasajeros-de-transporte-terreste\/\" target=\"_blank\" rel=\"noreferrer noopener\">Low-Cost del Per\u00fa abrir\u00eda mercado a\u00e9reo a 15 millones de pasajeros de transporte terrestre<\/a><\/p>\n\n\n\n<p><a href=\"https:\/\/aeronoticias.com.pe\/noticiero\/julian-palacin-proyecto-de-ley-de-linea-aerea-de-bandera-cumple-con-el-principio-de-subsidiariedad-constitucional\/\" target=\"_blank\" rel=\"noreferrer noopener\">Juli\u00e1n Palacin: \u201cProyecto de Ley de L\u00ednea A\u00e9rea de Bandera cumple con el principio de subsidiariedad constitucional<\/a><\/p>\n\n\n\n<p><a href=\"https:\/\/aeronoticias.com.pe\/noticiero\/linea-aerea-de-bandera-del-peru-sera-manejada-por-capitales-privadas\/\" target=\"_blank\" rel=\"noreferrer noopener\">L\u00ednea A\u00e9rea de Bandera del Per\u00fa ser\u00e1 manejada por capitales privados<\/a><\/p>\n\n\n\n<p><a href=\"https:\/\/aeronoticias.com.pe\/noticiero\/defensores-del-dominio-aereo-chileno-en-el-espacio-aereo-peruano-fijan-su-posicion-en-el-diario-peru-21\/\" target=\"_blank\" rel=\"noreferrer noopener\">Defensores del dominio a\u00e9reo chileno en el espacio a\u00e9reo peruano fijan su posici\u00f3n en el Diario Per\u00fa 21<\/a><\/p>\n\n\n\n<p><a href=\"https:\/\/aeronoticias.com.pe\/noticiero\/en-homenaje-al-congresista-luis-carlos-simeon-hurtado-la-linea-aerea-de-bandera-alperu-haria-su-primer-vuelo-al-aerodromo-de-vicco-en-pasco\/\" target=\"_blank\" rel=\"noreferrer noopener\">En homenaje al Congresista Luis Carlos Sime\u00f3n Hurtado, la L\u00ednea A\u00e9rea de Bandera \u201cALPERU\u201d har\u00eda su primer vuelo al aer\u00f3dromo de Vicco, en Pasco<\/a><\/p>\n\n\n\n<p><a href=\"https:\/\/aeronoticias.com.pe\/noticiero\/linea-aerea-de-bandera-del-peru-operaria-desde-el-aerodromo-low-cost-de-las-palmas-en-surco\/\" target=\"_blank\" rel=\"noreferrer noopener\">L\u00ednea A\u00e9rea de Bandera del Per\u00fa operar\u00eda desde el Aer\u00f3dromo low-cost de Las Palmas, en Surco<\/a><\/p>\n\n\n\n<p><a href=\"https:\/\/aeronoticias.com.pe\/noticiero\/julian-palacin-debemos-pensar-en-el-aeropuerto-internacional-low-cost-de-la-isla-san-lorenzo-para-beneficiar-al-callao\/\" target=\"_blank\" rel=\"noreferrer noopener\">Juli\u00e1n Palacin: \u201cDebemos pensar en el Aeropuerto Internacional Low Cost de la Isla San Lorenzo para beneficiar al Callao\u201d<\/a><\/p>\n\n\n\n<p><a href=\"https:\/\/aeronoticias.com.pe\/noticiero\/linea-aerea-de-bandera-del-peru-no-tendra-inversion-publica-ni-irrogara-gasto-al-estado\/\" target=\"_blank\" rel=\"noreferrer noopener\">L\u00ednea A\u00e9rea de Bandera del Per\u00fa no tendr\u00e1 inversi\u00f3n p\u00fablica ni irrogar\u00e1 gasto al Estado<\/a><\/p>\n\n\n\n<p><a href=\"https:\/\/aeronoticias.com.pe\/noticiero\/mtc-no-da-pronunciamiento-a-la-carta-de-lap\/\" target=\"_blank\" rel=\"noreferrer noopener\">MTC no da pronunciamiento a la carta de LAP<\/a><\/p>\n\n\n\n<p><a href=\"https:\/\/aeronoticias.com.pe\/noticiero\/comision-de-transportes-del-congreso-ve-el-dictamen-final-de-la-linea-aerea-de-bandera-del-peru\/\" target=\"_blank\" rel=\"noreferrer noopener\">Comisi\u00f3n de Transportes del Congreso ve el Dictamen final de la L\u00ednea A\u00e9rea de Bandera del Per\u00fa<\/a><\/p>\n\n\n\n<p><a href=\"https:\/\/aeronoticias.com.pe\/noticiero\/linea-aerea-de-bandera-del-peru-sin-inversion-publica-tiene-interes-geopolitico-y-de-defensa-nacional-del-peru\/\" target=\"_blank\" rel=\"noreferrer noopener\">L\u00ednea A\u00e9rea de Bandera del Per\u00fa sin inversi\u00f3n p\u00fablica tiene inter\u00e9s geopol\u00edtico y de defensa nacional del Per\u00fa<\/a><\/p>\n\n\n\n<p><a href=\"https:\/\/aeronoticias.com.pe\/noticiero\/instituto-peruano-de-derecho-aereo-ipda-desarrollo-doctrina-geopolitica-del-peru-en-la-utilizacion-del-espacio-aereo\/\" target=\"_blank\" rel=\"noreferrer noopener\">Instituto Peruano de Derecho A\u00e9reo (IPDA) desarroll\u00f3 Doctrina Geopol\u00edtica del Per\u00fa en la utilizaci\u00f3n del espacio a\u00e9reo<\/a><\/p>\n\n\n\n<p><a href=\"https:\/\/aeronoticias.com.pe\/noticiero\/confiep-en-defensa-del-cuasimonopolio-aereo-chileno-se-opone-a-la-linea-aerea-de-bandera-del-peru\/?fbclid=IwAR3Ewe9Bg0BKfH-f92mqAuEKFGDmsdd4CdiaYWdo4lc_6GoEIwcZDqgCbO4\" target=\"_blank\" rel=\"noreferrer noopener\">CONFIEP en defensa del cuasimonopolio a\u00e9reo chileno, se opone a la L\u00ednea A\u00e9rea de Bandera del Per\u00fa<\/a><\/p>\n\n\n\n<p><a href=\"https:\/\/aeronoticias.com.pe\/noticiero\/aetai-presento-informe-contra-la-linea-aerea-de-bandera-que-el-presidente-de-apea-nunca-gestiono-que-tiene-que-ver-latam-en-todo-esto\/\" target=\"_blank\" rel=\"noreferrer noopener\">AETAI present\u00f3 Informe contra la L\u00ednea A\u00e9rea de Bandera, que el Presidente de APEA nunca gestion\u00f3 \u2026. \u00bfqu\u00e9 tiene que ver LATAM en todo esto?<\/a><\/p>\n\n\n\n<p><a href=\"https:\/\/aeronoticias.com.pe\/noticiero\/peruvian-airilines-desaparecio-porque-el-peru-nunca-le-otorgo-rutas-aereas-a-estados-unidos-y-a-otros-mercado-rentables-del-mundo\/\" target=\"_blank\" rel=\"noreferrer noopener\">Peruvian Airilines desapareci\u00f3 porque el Per\u00fa nunca le otorg\u00f3 rutas a\u00e9reas a Estados Unidos y a otros mercados rentables del mundo<\/a><\/p>\n\n\n\n<p><a href=\"https:\/\/aeronoticias.com.pe\/noticiero\/comision-de-transportes-del-congreso-de-la-republica-ve-hoy-predictamen-final-de-la-linea-aerea-de-bandera-de-bajo-costo\/\" target=\"_blank\" rel=\"noreferrer noopener\">Comisi\u00f3n de Transportes del Congreso de la Rep\u00fablica ve hoy Predictamen final de la L\u00ednea A\u00e9rea de Bandera de bajo costo<\/a><\/p>\n\n\n\n<p><a href=\"https:\/\/aeronoticias.com.pe\/noticiero\/comision-de-transportes-del-congreso-de-la-republica-realizo-el-primer-debate-del-predictamen-final-de-la-linea-aerea-de-bandera-de-bajo-costo\/\" target=\"_blank\" rel=\"noreferrer noopener\">Comisi\u00f3n de Transportes del Congreso de la Rep\u00fablica realiz\u00f3 el primer Debate del Predictamen final de la L\u00ednea A\u00e9rea de Bandera de bajo costo<\/a><\/p>\n\n\n\n<p><a href=\"https:\/\/aeronoticias.com.pe\/noticiero\/congresista-de-fuerza-popular-fp-martires-lizana-santos-impidio-que-se-vote-el-proyecto-6153-2020-cr-que-crea-la-linea-aerea-de-bandera-de-bajo-costo-del-peru\/\" target=\"_blank\" rel=\"noreferrer noopener\">Congresista de Fuerza Popular (FP) M\u00e1rtires Lizana Santos, impidi\u00f3 que se vote el Proyecto 6153-2020-CR que crea la L\u00ednea A\u00e9rea de Bandera de bajo costo del Per\u00fa<\/a><\/p>\n","protected":false},"excerpt":{"rendered":"<p>(Aeronoticias) El presidente de la L\u00ednea A\u00e9rea de Bandera de la Rep\u00fablica Argentina Aerol\u00edneas Argentinas (AA), Pablo Ceriani, confirm\u00f3 que el d\u00eda de ayer martes 22 de diciembre a las 19.30, despeg\u00f3 el vuelo de la compa\u00f1\u00eda que ir\u00e1 a Rusia a buscar las 300 mil dosis de la vacuna Sputnik V con las que [&hellip;]<\/p>\n","protected":false},"author":3,"featured_media":68103,"comment_status":"open","ping_status":"open","sticky":false,"template":"","format":"standard","meta":{"tdm_status":"","tdm_grid_status":"","footnotes":""},"categories":[28,64],"tags":[1172,90,418,109],"class_list":{"0":"post-68078","1":"post","2":"type-post","3":"status-publish","4":"format-standard","5":"has-post-thumbnail","7":"category-mundo","8":"category-mundo-mundo","9":"tag-aerolineasargentinas","10":"tag-argentina","11":"tag-ipda","12":"tag-linea-aerea-de-bandera"},"yoast_head":"<!-- This site is optimized with the Yoast SEO plugin v25.1 - https:\/\/yoast.com\/wordpress\/plugins\/seo\/ -->\n<title>L\u00ednea de Bandera de la Rep\u00fablica Argentina &quot;AA&quot;, fue a buscar vacunas a Rusia, ahorr\u00e1ndole m\u00e1s de un millon de d\u00f3lares al gobierno<\/title>\n<meta name=\"description\" content=\"La L\u00ednea A\u00e9rea de Bandera Aerol\u00edneas Argentinas vuela a Rusia en defensa de la salud de su poblaci\u00f3n.\" \/>\n<meta name=\"robots\" content=\"index, follow, max-snippet:-1, max-image-preview:large, max-video-preview:-1\" \/>\n<link rel=\"canonical\" href=\"https:\/\/aeronoticias.com.pe\/noticiero\/mundo\/linea-de-bandera-de-la-republica-argentina-aa-fue-a-buscar-vacunas-a-rusia-ahorrandole-mas-de-2-millones-de-dolares-al-gobierno\/\" \/>\n<meta property=\"og:locale\" content=\"es_ES\" \/>\n<meta property=\"og:type\" content=\"article\" \/>\n<meta property=\"og:title\" content=\"L\u00ednea de Bandera de la Rep\u00fablica Argentina &quot;AA&quot;, fue a buscar vacunas a Rusia, ahorr\u00e1ndole m\u00e1s de un millon de d\u00f3lares al gobierno\" \/>\n<meta property=\"og:description\" content=\"La L\u00ednea A\u00e9rea de Bandera Aerol\u00edneas Argentinas vuela a Rusia en defensa de la salud de su poblaci\u00f3n.\" \/>\n<meta property=\"og:url\" content=\"https:\/\/aeronoticias.com.pe\/noticiero\/mundo\/linea-de-bandera-de-la-republica-argentina-aa-fue-a-buscar-vacunas-a-rusia-ahorrandole-mas-de-2-millones-de-dolares-al-gobierno\/\" \/>\n<meta property=\"og:site_name\" content=\"Aeronoticias.com.pe\" \/>\n<meta property=\"article:publisher\" content=\"https:\/\/www.facebook.com\/Aeronoticias.com.pe\/\" \/>\n<meta property=\"article:published_time\" content=\"2020-12-23T14:50:35+00:00\" \/>\n<meta property=\"article:modified_time\" content=\"2020-12-23T21:56:42+00:00\" \/>\n<meta property=\"og:image\" content=\"https:\/\/aeronoticias.com.pe\/noticiero\/wp-content\/uploads\/2020\/12\/operacionmoscu.jpg\" \/>\n\t<meta property=\"og:image:width\" content=\"768\" \/>\n\t<meta property=\"og:image:height\" content=\"432\" \/>\n\t<meta property=\"og:image:type\" content=\"image\/jpeg\" \/>\n<meta name=\"author\" content=\"Redacci\u00f3n\" \/>\n<meta name=\"twitter:card\" content=\"summary_large_image\" \/>\n<meta name=\"twitter:creator\" content=\"@aeronoticias\" \/>\n<meta name=\"twitter:site\" content=\"@aeronoticias\" \/>\n<meta name=\"twitter:label1\" content=\"Escrito por\" \/>\n\t<meta name=\"twitter:data1\" content=\"Redacci\u00f3n\" \/>\n\t<meta name=\"twitter:label2\" content=\"Tiempo de lectura\" \/>\n\t<meta name=\"twitter:data2\" content=\"12 minutos\" \/>\n<script type=\"application\/ld+json\" class=\"yoast-schema-graph\">{\"@context\":\"https:\/\/schema.org\",\"@graph\":[{\"@type\":\"WebPage\",\"@id\":\"https:\/\/aeronoticias.com.pe\/noticiero\/mundo\/linea-de-bandera-de-la-republica-argentina-aa-fue-a-buscar-vacunas-a-rusia-ahorrandole-mas-de-2-millones-de-dolares-al-gobierno\/\",\"url\":\"https:\/\/aeronoticias.com.pe\/noticiero\/mundo\/linea-de-bandera-de-la-republica-argentina-aa-fue-a-buscar-vacunas-a-rusia-ahorrandole-mas-de-2-millones-de-dolares-al-gobierno\/\",\"name\":\"L\u00ednea de Bandera de la Rep\u00fablica Argentina \\\"AA\\\", fue a buscar vacunas a Rusia, ahorr\u00e1ndole m\u00e1s de un millon de d\u00f3lares al gobierno\",\"isPartOf\":{\"@id\":\"https:\/\/aeronoticias.com.pe\/noticiero\/#website\"},\"primaryImageOfPage\":{\"@id\":\"https:\/\/aeronoticias.com.pe\/noticiero\/mundo\/linea-de-bandera-de-la-republica-argentina-aa-fue-a-buscar-vacunas-a-rusia-ahorrandole-mas-de-2-millones-de-dolares-al-gobierno\/#primaryimage\"},\"image\":{\"@id\":\"https:\/\/aeronoticias.com.pe\/noticiero\/mundo\/linea-de-bandera-de-la-republica-argentina-aa-fue-a-buscar-vacunas-a-rusia-ahorrandole-mas-de-2-millones-de-dolares-al-gobierno\/#primaryimage\"},\"thumbnailUrl\":\"https:\/\/aeronoticias.com.pe\/noticiero\/wp-content\/uploads\/2020\/12\/operacionmoscu.jpg\",\"datePublished\":\"2020-12-23T14:50:35+00:00\",\"dateModified\":\"2020-12-23T21:56:42+00:00\",\"author\":{\"@id\":\"https:\/\/aeronoticias.com.pe\/noticiero\/#\/schema\/person\/16212a617c73f78916b13194154243bd\"},\"description\":\"La L\u00ednea A\u00e9rea de Bandera Aerol\u00edneas Argentinas vuela a Rusia en defensa de la salud de su poblaci\u00f3n.\",\"breadcrumb\":{\"@id\":\"https:\/\/aeronoticias.com.pe\/noticiero\/mundo\/linea-de-bandera-de-la-republica-argentina-aa-fue-a-buscar-vacunas-a-rusia-ahorrandole-mas-de-2-millones-de-dolares-al-gobierno\/#breadcrumb\"},\"inLanguage\":\"es\",\"potentialAction\":[{\"@type\":\"ReadAction\",\"target\":[\"https:\/\/aeronoticias.com.pe\/noticiero\/mundo\/linea-de-bandera-de-la-republica-argentina-aa-fue-a-buscar-vacunas-a-rusia-ahorrandole-mas-de-2-millones-de-dolares-al-gobierno\/\"]}]},{\"@type\":\"ImageObject\",\"inLanguage\":\"es\",\"@id\":\"https:\/\/aeronoticias.com.pe\/noticiero\/mundo\/linea-de-bandera-de-la-republica-argentina-aa-fue-a-buscar-vacunas-a-rusia-ahorrandole-mas-de-2-millones-de-dolares-al-gobierno\/#primaryimage\",\"url\":\"https:\/\/aeronoticias.com.pe\/noticiero\/wp-content\/uploads\/2020\/12\/operacionmoscu.jpg\",\"contentUrl\":\"https:\/\/aeronoticias.com.pe\/noticiero\/wp-content\/uploads\/2020\/12\/operacionmoscu.jpg\",\"width\":768,\"height\":432},{\"@type\":\"BreadcrumbList\",\"@id\":\"https:\/\/aeronoticias.com.pe\/noticiero\/mundo\/linea-de-bandera-de-la-republica-argentina-aa-fue-a-buscar-vacunas-a-rusia-ahorrandole-mas-de-2-millones-de-dolares-al-gobierno\/#breadcrumb\",\"itemListElement\":[{\"@type\":\"ListItem\",\"position\":1,\"name\":\"Portada\",\"item\":\"https:\/\/aeronoticias.com.pe\/noticiero\/\"},{\"@type\":\"ListItem\",\"position\":2,\"name\":\"L\u00ednea de Bandera de la Rep\u00fablica Argentina \u00abAA\u00bb, fue a buscar vacunas a Rusia, ahorr\u00e1ndole m\u00e1s de un millon de d\u00f3lares al gobierno\"}]},{\"@type\":\"WebSite\",\"@id\":\"https:\/\/aeronoticias.com.pe\/noticiero\/#website\",\"url\":\"https:\/\/aeronoticias.com.pe\/noticiero\/\",\"name\":\"Aeronoticias.com.pe\",\"description\":\"Noticias de tranporte aereo, turismo, hoteles, gastronomia, actualidad, internacional\",\"potentialAction\":[{\"@type\":\"SearchAction\",\"target\":{\"@type\":\"EntryPoint\",\"urlTemplate\":\"https:\/\/aeronoticias.com.pe\/noticiero\/?s={search_term_string}\"},\"query-input\":{\"@type\":\"PropertyValueSpecification\",\"valueRequired\":true,\"valueName\":\"search_term_string\"}}],\"inLanguage\":\"es\"},{\"@type\":\"Person\",\"@id\":\"https:\/\/aeronoticias.com.pe\/noticiero\/#\/schema\/person\/16212a617c73f78916b13194154243bd\",\"name\":\"Redacci\u00f3n\",\"sameAs\":[\"http:\/\/Redacci\u00f3n\"],\"url\":\"https:\/\/aeronoticias.com.pe\/noticiero\/author\/celeste\/\"}]}<\/script>\n<!-- \/ Yoast SEO plugin. -->","yoast_head_json":{"title":"L\u00ednea de Bandera de la Rep\u00fablica Argentina \"AA\", fue a buscar vacunas a Rusia, ahorr\u00e1ndole m\u00e1s de un millon de d\u00f3lares al gobierno","description":"La L\u00ednea A\u00e9rea de Bandera Aerol\u00edneas Argentinas vuela a Rusia en defensa de la salud de su poblaci\u00f3n.","robots":{"index":"index","follow":"follow","max-snippet":"max-snippet:-1","max-image-preview":"max-image-preview:large","max-video-preview":"max-video-preview:-1"},"canonical":"https:\/\/aeronoticias.com.pe\/noticiero\/mundo\/linea-de-bandera-de-la-republica-argentina-aa-fue-a-buscar-vacunas-a-rusia-ahorrandole-mas-de-2-millones-de-dolares-al-gobierno\/","og_locale":"es_ES","og_type":"article","og_title":"L\u00ednea de Bandera de la Rep\u00fablica Argentina \"AA\", fue a buscar vacunas a Rusia, ahorr\u00e1ndole m\u00e1s de un millon de d\u00f3lares al gobierno","og_description":"La L\u00ednea A\u00e9rea de Bandera Aerol\u00edneas Argentinas vuela a Rusia en defensa de la salud de su poblaci\u00f3n.","og_url":"https:\/\/aeronoticias.com.pe\/noticiero\/mundo\/linea-de-bandera-de-la-republica-argentina-aa-fue-a-buscar-vacunas-a-rusia-ahorrandole-mas-de-2-millones-de-dolares-al-gobierno\/","og_site_name":"Aeronoticias.com.pe","article_publisher":"https:\/\/www.facebook.com\/Aeronoticias.com.pe\/","article_published_time":"2020-12-23T14:50:35+00:00","article_modified_time":"2020-12-23T21:56:42+00:00","og_image":[{"width":768,"height":432,"url":"https:\/\/aeronoticias.com.pe\/noticiero\/wp-content\/uploads\/2020\/12\/operacionmoscu.jpg","type":"image\/jpeg"}],"author":"Redacci\u00f3n","twitter_card":"summary_large_image","twitter_creator":"@aeronoticias","twitter_site":"@aeronoticias","twitter_misc":{"Escrito por":"Redacci\u00f3n","Tiempo de lectura":"12 minutos"},"schema":{"@context":"https:\/\/schema.org","@graph":[{"@type":"WebPage","@id":"https:\/\/aeronoticias.com.pe\/noticiero\/mundo\/linea-de-bandera-de-la-republica-argentina-aa-fue-a-buscar-vacunas-a-rusia-ahorrandole-mas-de-2-millones-de-dolares-al-gobierno\/","url":"https:\/\/aeronoticias.com.pe\/noticiero\/mundo\/linea-de-bandera-de-la-republica-argentina-aa-fue-a-buscar-vacunas-a-rusia-ahorrandole-mas-de-2-millones-de-dolares-al-gobierno\/","name":"L\u00ednea de Bandera de la Rep\u00fablica Argentina \"AA\", fue a buscar vacunas a Rusia, ahorr\u00e1ndole m\u00e1s de un millon de d\u00f3lares al gobierno","isPartOf":{"@id":"https:\/\/aeronoticias.com.pe\/noticiero\/#website"},"primaryImageOfPage":{"@id":"https:\/\/aeronoticias.com.pe\/noticiero\/mundo\/linea-de-bandera-de-la-republica-argentina-aa-fue-a-buscar-vacunas-a-rusia-ahorrandole-mas-de-2-millones-de-dolares-al-gobierno\/#primaryimage"},"image":{"@id":"https:\/\/aeronoticias.com.pe\/noticiero\/mundo\/linea-de-bandera-de-la-republica-argentina-aa-fue-a-buscar-vacunas-a-rusia-ahorrandole-mas-de-2-millones-de-dolares-al-gobierno\/#primaryimage"},"thumbnailUrl":"https:\/\/aeronoticias.com.pe\/noticiero\/wp-content\/uploads\/2020\/12\/operacionmoscu.jpg","datePublished":"2020-12-23T14:50:35+00:00","dateModified":"2020-12-23T21:56:42+00:00","author":{"@id":"https:\/\/aeronoticias.com.pe\/noticiero\/#\/schema\/person\/16212a617c73f78916b13194154243bd"},"description":"La L\u00ednea A\u00e9rea de Bandera Aerol\u00edneas Argentinas vuela a Rusia en defensa de la salud de su poblaci\u00f3n.","breadcrumb":{"@id":"https:\/\/aeronoticias.com.pe\/noticiero\/mundo\/linea-de-bandera-de-la-republica-argentina-aa-fue-a-buscar-vacunas-a-rusia-ahorrandole-mas-de-2-millones-de-dolares-al-gobierno\/#breadcrumb"},"inLanguage":"es","potentialAction":[{"@type":"ReadAction","target":["https:\/\/aeronoticias.com.pe\/noticiero\/mundo\/linea-de-bandera-de-la-republica-argentina-aa-fue-a-buscar-vacunas-a-rusia-ahorrandole-mas-de-2-millones-de-dolares-al-gobierno\/"]}]},{"@type":"ImageObject","inLanguage":"es","@id":"https:\/\/aeronoticias.com.pe\/noticiero\/mundo\/linea-de-bandera-de-la-republica-argentina-aa-fue-a-buscar-vacunas-a-rusia-ahorrandole-mas-de-2-millones-de-dolares-al-gobierno\/#primaryimage","url":"https:\/\/aeronoticias.com.pe\/noticiero\/wp-content\/uploads\/2020\/12\/operacionmoscu.jpg","contentUrl":"https:\/\/aeronoticias.com.pe\/noticiero\/wp-content\/uploads\/2020\/12\/operacionmoscu.jpg","width":768,"height":432},{"@type":"BreadcrumbList","@id":"https:\/\/aeronoticias.com.pe\/noticiero\/mundo\/linea-de-bandera-de-la-republica-argentina-aa-fue-a-buscar-vacunas-a-rusia-ahorrandole-mas-de-2-millones-de-dolares-al-gobierno\/#breadcrumb","itemListElement":[{"@type":"ListItem","position":1,"name":"Portada","item":"https:\/\/aeronoticias.com.pe\/noticiero\/"},{"@type":"ListItem","position":2,"name":"L\u00ednea de Bandera de la Rep\u00fablica Argentina \u00abAA\u00bb, fue a buscar vacunas a Rusia, ahorr\u00e1ndole m\u00e1s de un millon de d\u00f3lares al gobierno"}]},{"@type":"WebSite","@id":"https:\/\/aeronoticias.com.pe\/noticiero\/#website","url":"https:\/\/aeronoticias.com.pe\/noticiero\/","name":"Aeronoticias.com.pe","description":"Noticias de tranporte aereo, turismo, hoteles, gastronomia, actualidad, internacional","potentialAction":[{"@type":"SearchAction","target":{"@type":"EntryPoint","urlTemplate":"https:\/\/aeronoticias.com.pe\/noticiero\/?s={search_term_string}"},"query-input":{"@type":"PropertyValueSpecification","valueRequired":true,"valueName":"search_term_string"}}],"inLanguage":"es"},{"@type":"Person","@id":"https:\/\/aeronoticias.com.pe\/noticiero\/#\/schema\/person\/16212a617c73f78916b13194154243bd","name":"Redacci\u00f3n","sameAs":["http:\/\/Redacci\u00f3n"],"url":"https:\/\/aeronoticias.com.pe\/noticiero\/author\/celeste\/"}]}},"_links":{"self":[{"href":"https:\/\/aeronoticias.com.pe\/noticiero\/wp-json\/wp\/v2\/posts\/68078","targetHints":{"allow":["GET"]}}],"collection":[{"href":"https:\/\/aeronoticias.com.pe\/noticiero\/wp-json\/wp\/v2\/posts"}],"about":[{"href":"https:\/\/aeronoticias.com.pe\/noticiero\/wp-json\/wp\/v2\/types\/post"}],"author":[{"embeddable":true,"href":"https:\/\/aeronoticias.com.pe\/noticiero\/wp-json\/wp\/v2\/users\/3"}],"replies":[{"embeddable":true,"href":"https:\/\/aeronoticias.com.pe\/noticiero\/wp-json\/wp\/v2\/comments?post=68078"}],"version-history":[{"count":0,"href":"https:\/\/aeronoticias.com.pe\/noticiero\/wp-json\/wp\/v2\/posts\/68078\/revisions"}],"wp:featuredmedia":[{"embeddable":true,"href":"https:\/\/aeronoticias.com.pe\/noticiero\/wp-json\/wp\/v2\/media\/68103"}],"wp:attachment":[{"href":"https:\/\/aeronoticias.com.pe\/noticiero\/wp-json\/wp\/v2\/media?parent=68078"}],"wp:term":[{"taxonomy":"category","embeddable":true,"href":"https:\/\/aeronoticias.com.pe\/noticiero\/wp-json\/wp\/v2\/categories?post=68078"},{"taxonomy":"post_tag","embeddable":true,"href":"https:\/\/aeronoticias.com.pe\/noticiero\/wp-json\/wp\/v2\/tags?post=68078"}],"curies":[{"name":"wp","href":"https:\/\/api.w.org\/{rel}","templated":true}]}}