{"id":6808,"date":"2009-11-16T14:54:08","date_gmt":"2009-11-16T14:54:08","guid":{"rendered":"http:\/\/desarrollo.mcvicious.com\/aero2020\/2009\/11\/16\/espana-comienza-a-vacunar-contra-la-gripe-a\/"},"modified":"2009-11-16T14:54:08","modified_gmt":"2009-11-16T14:54:08","slug":"espana-comienza-a-vacunar-contra-la-gripe-a","status":"publish","type":"post","link":"https:\/\/aeronoticias.com.pe\/noticiero\/salud\/espana-comienza-a-vacunar-contra-la-gripe-a\/","title":{"rendered":"ESPA\u00d1A COMIENZA A VACUNAR CONTRA LA GRIPE A\/H1N1"},"content":{"rendered":"<div style=\"text-align: justify\">Se trata de tres tipos de vacunas que comenzar\u00e1n a aplicarse a partir de hoy a los grupos considerados de riesgo. Se prev\u00e9 inmunizar a entre un 15 y un 20 por ciento de la poblaci\u00f3n. Sin embargo, la terapia sin adyuvantes para las embarazadas podr\u00eda demorase ya que a\u00fan no est\u00e1 autorizada. El gobierno compr\u00f3 37 millones de dosis.<\/div>\n<div style=\"text-align: justify\"><\/div>\n<div style=\"text-align: justify\">En concreto, a todos aquellos considerados como grupos de riesgo por el Ministerio de Sanidad y Pol\u00edtica Social y las comunidades aut\u00f3nomas: mujeres embarazadas, enfermos cr\u00f3nicos mayores de seis meses de edad, trabajadores sociosanitarios y personal de los servicios p\u00fablicos esenciales (Fuerzas y cuerpos de Seguridad del Estado, bomberos y personal de Protecci\u00f3n Civil e instituciones penitenciarias).<\/div>\n<div style=\"text-align: justify\">\n<div style=\"text-align: center\"><img decoding=\"async\" src=\"images\/stories\/09\/11\/161109\/vacuna.jpg\" border=\"0\" alt=\"vacuna\" title=\"vacuna\" \/><\/div>\n<\/div>\n<div style=\"text-align: justify\">Actualmente, m\u00e1s del 97% de los cuadros gripales detectados en Espa\u00f1a est\u00e1n provocados por este nuevo virus, que desde que se detectaran los primeros casos en el mes de abril ya ha provocado 88 fallecimientos en Espa\u00f1a.\u00a0<\/div>\n<div style=\"text-align: justify\"><\/div>\n<div style=\"text-align: justify\">Adem\u00e1s, la tasa de nuevos contagios sigue aumentando y en la \u00faltima semana fue de 327,92 casos por cada 100.000 habitantes, despu\u00e9s de haber detectado 145.113 nuevas infecciones.<\/div>\n<div style=\"text-align: justify\"><\/div>\n<div style=\"text-align: justify\">En principio est\u00e1 previsto que la campa\u00f1a de vacunaci\u00f3n dure un mes o mes y medio aunque se prorrogar\u00e1 \u00abseg\u00fan las necesidades\u00bb, y se realizar\u00e1 \u00abde forma simult\u00e1nea\u00bb para todos los grupos de riesgo de todas las comunidades.\u00a0<\/div>\n<div style=\"text-align: justify\"><\/div>\n<div style=\"text-align: justify\">La organizaci\u00f3n de estas campa\u00f1as ha quedado en manos de cada una de las autonom\u00edas y ser\u00e1n los m\u00e9dicos y enfermeras de los centros de salud los encargados de resolver las dudas de la poblaci\u00f3n y de decidir, analizando cada caso, si un paciente fuera de los grupos de riesgo necesita recibir la vacuna, indica el diario El Mundo en su edici\u00f3n on line.<\/div>\n<div style=\"text-align: justify\"><\/div>\n<div style=\"text-align: justify\">Entre los primeros grupos en ser vacunados se encuentran los ciudadanos con patolog\u00edas cr\u00f3nicas de tipo cardiovascular (excluyendo la hipertensi\u00f3n); respiratorio (incluyendo displasia bronco-pulmonar, fibrosis qu\u00edstica y asma moderada-grave persistente); diabetes mellitus tipo I y tipo II con tratamiento farmacol\u00f3gico; insuficiencia renal moderada-grave; hemoglobinopat\u00edas y anemias moderadas-graves, y asplenia.<\/div>\n<div style=\"text-align: justify\"><\/div>\n<div style=\"text-align: justify\">Del mismo modo, tambi\u00e9n deber\u00e1n vacunarse aquellos ciudadanos que presenten obesidad m\u00f3rbida (con un \u00edndice de masa corporal igual o superior a 40); enfermos hep\u00e1ticos cr\u00f3nicos en estado avanzado; enfermos neuromusculares graves; pacientes con inmunosupresi\u00f3n (incluida la originada por la infecci\u00f3n por VIH o por f\u00e1rmacos o en los receptores de trasplantes); y ni\u00f1os y adolescentes, menores de 18 a\u00f1os, que reciben tratamiento prolongado con \u00e1cido acetilsalic\u00edlico, por la posibilidad de desarrollar un s\u00edndrome de Reye.<\/div>\n<div style=\"text-align: justify\"><\/div>\n<div style=\"text-align: justify\">Dentro del personal sociosanitario se incluye tanto a los trabajadores de los centros sanitarios, de Atenci\u00f3n Primaria y hospitalaria, p\u00fablica y privada; como al personal empleado en residencias de la tercera edad y en centros de atenci\u00f3n a enfermos cr\u00f3nicos que tengan contacto contin\u00fao con personas vulnerables.<\/div>\n<div style=\"text-align: justify\"><\/div>\n<div style=\"text-align: justify\">Para las tres vacunas diferentes que se aplicar\u00e1n, el gobierno compr\u00f3 m\u00e1s de 37 millones de vacunas pertenecientes a tres laboratorios farmac\u00e9uticos (22 millones de dosis de \u2019Focetria\u2019, de Novartis; 14,7 millones de \u2019Pandemrix\u2019, de GlaxoSmithKline y 400.000 de \u2019Panenza\u2019, de Sanofi Pasteur) con las que se podr\u00eda vacunar hasta un 60% de la poblaci\u00f3n, aunque para proteger a los citados grupos de riesgo s\u00f3lo se necesitar\u00e1n 10 millones de dosis.<\/div>\n<div style=\"text-align: justify\"><\/div>\n<div style=\"text-align: justify\">En el caso de las embarazadas, la vacunaci\u00f3n podr\u00eda retrasarse unos d\u00edas, seg\u00fan ha reconocido la titular del ramo, Trinidad Jim\u00e9nez, ya que la vacuna que se les debe administrar a este grupo de riesgo, \u2019Panenza\u2019, todav\u00eda no est\u00e1 aprobada por las autoridades europeas y espa\u00f1olas del medicamento.\u00a0<\/div>\n<div style=\"text-align: justify\"><\/div>\n<div style=\"text-align: justify\">Seg\u00fan explic\u00f3 la ministra, esta terapia \u00abaporta un plus de seguridad\u00bb ya que no tiene adyuvante (una sustancia que potencia la respuesta inmune) pero, para aquellas que no quieran esperar \u00abpueden usar las otras dos vacunas\u00bb, que son tambi\u00e9n \u00abseguras y eficaces\u00bb para las gestantes.<\/div>\n<div style=\"text-align: justify\"><\/div>\n<div style=\"text-align: justify\">La vacuna de Novartis, \u2019Focetria\u2019, est\u00e1 preferentemente indicada en personas menores de 17 a\u00f1os y mayores de 60 a\u00f1os, mientras que para el resto de poblaci\u00f3n se recomienda el uso de \u2019Pandemrix\u2019. En cuanto al n\u00famero de dosis, ser\u00e1 suficiente con un \u00fanico pinchazo por persona salvo en los ni\u00f1os de entre seis meses y dos a\u00f1os, quienes \u00abprobablemente necesitar\u00e1n dos dosis\u00bb, seg\u00fan la ministra.<\/div>\n<div style=\"text-align: justify\"><\/div>\n<div style=\"text-align: justify\"><strong>Aeronoticias <\/strong>considera que los cerca de 37 millones de dosis de vacuna compradas por el gobierno y que no sea necesario utilizar ir\u00e1n, bien destinadas al canal privado para ser adquiridas con receta m\u00e9dica en las oficinas de farmacia -algo que podr\u00eda ocurrir \u00aba finales de diciembre principios de enero, aunque no es definitivo\u00bb-, bien se guardar\u00e1n para la vacunaci\u00f3n del pr\u00f3ximo a\u00f1o o se enviar\u00e1n a pa\u00edses pobres en el marco de la Iniciativa Obama, que apuesta por donar a estas zonas las vacunas sobrantes del primer mundo.<\/div>\n<div style=\"text-align: justify\"><\/div>\n","protected":false},"excerpt":{"rendered":"<p>Se trata de tres tipos de vacunas que comenzar\u00e1n a aplicarse a partir de hoy a los grupos considerados de riesgo. Se prev\u00e9 inmunizar a entre un 15 y un 20 por ciento de la poblaci\u00f3n. Sin embargo, la terapia sin adyuvantes para las embarazadas podr\u00eda demorase ya que a\u00fan no est\u00e1 autorizada. El gobierno [&hellip;]<\/p>\n","protected":false},"author":1,"featured_media":0,"comment_status":"open","ping_status":"open","sticky":false,"template":"","format":"standard","meta":{"tdm_status":"","tdm_grid_status":"","footnotes":""},"categories":[37],"tags":[],"class_list":{"0":"post-6808","1":"post","2":"type-post","3":"status-publish","4":"format-standard","6":"category-salud"},"yoast_head":"<!-- This site is optimized with the Yoast SEO plugin v25.1 - https:\/\/yoast.com\/wordpress\/plugins\/seo\/ -->\n<title>ESPA\u00d1A COMIENZA A VACUNAR CONTRA LA GRIPE A\/H1N1<\/title>\n<meta name=\"description\" content=\"Portal de noticias del Per\u00fa sobre el transporte a\u00e9reo, aviaci\u00f3n, turismo, hoteleria, actualidad.\" \/>\n<meta name=\"robots\" content=\"index, follow, max-snippet:-1, max-image-preview:large, max-video-preview:-1\" \/>\n<link rel=\"canonical\" href=\"https:\/\/aeronoticias.com.pe\/noticiero\/salud\/espana-comienza-a-vacunar-contra-la-gripe-a\/\" \/>\n<meta property=\"og:locale\" content=\"es_ES\" \/>\n<meta property=\"og:type\" content=\"article\" \/>\n<meta property=\"og:title\" content=\"ESPA\u00d1A COMIENZA A VACUNAR CONTRA LA GRIPE A\/H1N1\" \/>\n<meta property=\"og:description\" content=\"Portal de noticias del Per\u00fa sobre el transporte a\u00e9reo, aviaci\u00f3n, turismo, hoteleria, actualidad.\" \/>\n<meta property=\"og:url\" content=\"https:\/\/aeronoticias.com.pe\/noticiero\/salud\/espana-comienza-a-vacunar-contra-la-gripe-a\/\" \/>\n<meta property=\"og:site_name\" content=\"Aeronoticias.com.pe\" \/>\n<meta property=\"article:publisher\" content=\"https:\/\/www.facebook.com\/Aeronoticias.com.pe\/\" \/>\n<meta property=\"article:published_time\" content=\"2009-11-16T14:54:08+00:00\" \/>\n<meta name=\"author\" content=\"Redacci\u00f3n Aeronoticias\" \/>\n<meta name=\"twitter:card\" content=\"summary_large_image\" \/>\n<meta name=\"twitter:creator\" content=\"@aeronoticias\" \/>\n<meta name=\"twitter:site\" content=\"@aeronoticias\" \/>\n<meta name=\"twitter:label1\" content=\"Escrito por\" \/>\n\t<meta name=\"twitter:data1\" content=\"Redacci\u00f3n Aeronoticias\" \/>\n\t<meta name=\"twitter:label2\" content=\"Tiempo de lectura\" \/>\n\t<meta name=\"twitter:data2\" content=\"4 minutos\" \/>\n<script type=\"application\/ld+json\" class=\"yoast-schema-graph\">{\"@context\":\"https:\/\/schema.org\",\"@graph\":[{\"@type\":\"WebPage\",\"@id\":\"https:\/\/aeronoticias.com.pe\/noticiero\/salud\/espana-comienza-a-vacunar-contra-la-gripe-a\/\",\"url\":\"https:\/\/aeronoticias.com.pe\/noticiero\/salud\/espana-comienza-a-vacunar-contra-la-gripe-a\/\",\"name\":\"ESPA\u00d1A COMIENZA A VACUNAR CONTRA LA GRIPE A\/H1N1\",\"isPartOf\":{\"@id\":\"https:\/\/aeronoticias.com.pe\/noticiero\/#website\"},\"datePublished\":\"2009-11-16T14:54:08+00:00\",\"author\":{\"@id\":\"https:\/\/aeronoticias.com.pe\/noticiero\/#\/schema\/person\/fc1e5d578f4b62ba1cf7ac2bba1170a0\"},\"description\":\"Portal de noticias del Per\u00fa sobre el transporte a\u00e9reo, aviaci\u00f3n, turismo, hoteleria, actualidad.\",\"breadcrumb\":{\"@id\":\"https:\/\/aeronoticias.com.pe\/noticiero\/salud\/espana-comienza-a-vacunar-contra-la-gripe-a\/#breadcrumb\"},\"inLanguage\":\"es\",\"potentialAction\":[{\"@type\":\"ReadAction\",\"target\":[\"https:\/\/aeronoticias.com.pe\/noticiero\/salud\/espana-comienza-a-vacunar-contra-la-gripe-a\/\"]}]},{\"@type\":\"BreadcrumbList\",\"@id\":\"https:\/\/aeronoticias.com.pe\/noticiero\/salud\/espana-comienza-a-vacunar-contra-la-gripe-a\/#breadcrumb\",\"itemListElement\":[{\"@type\":\"ListItem\",\"position\":1,\"name\":\"Portada\",\"item\":\"https:\/\/aeronoticias.com.pe\/noticiero\/\"},{\"@type\":\"ListItem\",\"position\":2,\"name\":\"ESPA\u00d1A COMIENZA A VACUNAR CONTRA LA GRIPE A\/H1N1\"}]},{\"@type\":\"WebSite\",\"@id\":\"https:\/\/aeronoticias.com.pe\/noticiero\/#website\",\"url\":\"https:\/\/aeronoticias.com.pe\/noticiero\/\",\"name\":\"Aeronoticias.com.pe\",\"description\":\"Noticias de tranporte aereo, turismo, hoteles, gastronomia, actualidad, internacional\",\"potentialAction\":[{\"@type\":\"SearchAction\",\"target\":{\"@type\":\"EntryPoint\",\"urlTemplate\":\"https:\/\/aeronoticias.com.pe\/noticiero\/?s={search_term_string}\"},\"query-input\":{\"@type\":\"PropertyValueSpecification\",\"valueRequired\":true,\"valueName\":\"search_term_string\"}}],\"inLanguage\":\"es\"},{\"@type\":\"Person\",\"@id\":\"https:\/\/aeronoticias.com.pe\/noticiero\/#\/schema\/person\/fc1e5d578f4b62ba1cf7ac2bba1170a0\",\"name\":\"Redacci\u00f3n Aeronoticias\",\"url\":\"https:\/\/aeronoticias.com.pe\/noticiero\/author\/piloto\/\"}]}<\/script>\n<!-- \/ Yoast SEO plugin. -->","yoast_head_json":{"title":"ESPA\u00d1A COMIENZA A VACUNAR CONTRA LA GRIPE A\/H1N1","description":"Portal de noticias del Per\u00fa sobre el transporte a\u00e9reo, aviaci\u00f3n, turismo, hoteleria, actualidad.","robots":{"index":"index","follow":"follow","max-snippet":"max-snippet:-1","max-image-preview":"max-image-preview:large","max-video-preview":"max-video-preview:-1"},"canonical":"https:\/\/aeronoticias.com.pe\/noticiero\/salud\/espana-comienza-a-vacunar-contra-la-gripe-a\/","og_locale":"es_ES","og_type":"article","og_title":"ESPA\u00d1A COMIENZA A VACUNAR CONTRA LA GRIPE A\/H1N1","og_description":"Portal de noticias del Per\u00fa sobre el transporte a\u00e9reo, aviaci\u00f3n, turismo, hoteleria, actualidad.","og_url":"https:\/\/aeronoticias.com.pe\/noticiero\/salud\/espana-comienza-a-vacunar-contra-la-gripe-a\/","og_site_name":"Aeronoticias.com.pe","article_publisher":"https:\/\/www.facebook.com\/Aeronoticias.com.pe\/","article_published_time":"2009-11-16T14:54:08+00:00","author":"Redacci\u00f3n Aeronoticias","twitter_card":"summary_large_image","twitter_creator":"@aeronoticias","twitter_site":"@aeronoticias","twitter_misc":{"Escrito por":"Redacci\u00f3n Aeronoticias","Tiempo de lectura":"4 minutos"},"schema":{"@context":"https:\/\/schema.org","@graph":[{"@type":"WebPage","@id":"https:\/\/aeronoticias.com.pe\/noticiero\/salud\/espana-comienza-a-vacunar-contra-la-gripe-a\/","url":"https:\/\/aeronoticias.com.pe\/noticiero\/salud\/espana-comienza-a-vacunar-contra-la-gripe-a\/","name":"ESPA\u00d1A COMIENZA A VACUNAR CONTRA LA GRIPE A\/H1N1","isPartOf":{"@id":"https:\/\/aeronoticias.com.pe\/noticiero\/#website"},"datePublished":"2009-11-16T14:54:08+00:00","author":{"@id":"https:\/\/aeronoticias.com.pe\/noticiero\/#\/schema\/person\/fc1e5d578f4b62ba1cf7ac2bba1170a0"},"description":"Portal de noticias del Per\u00fa sobre el transporte a\u00e9reo, aviaci\u00f3n, turismo, hoteleria, actualidad.","breadcrumb":{"@id":"https:\/\/aeronoticias.com.pe\/noticiero\/salud\/espana-comienza-a-vacunar-contra-la-gripe-a\/#breadcrumb"},"inLanguage":"es","potentialAction":[{"@type":"ReadAction","target":["https:\/\/aeronoticias.com.pe\/noticiero\/salud\/espana-comienza-a-vacunar-contra-la-gripe-a\/"]}]},{"@type":"BreadcrumbList","@id":"https:\/\/aeronoticias.com.pe\/noticiero\/salud\/espana-comienza-a-vacunar-contra-la-gripe-a\/#breadcrumb","itemListElement":[{"@type":"ListItem","position":1,"name":"Portada","item":"https:\/\/aeronoticias.com.pe\/noticiero\/"},{"@type":"ListItem","position":2,"name":"ESPA\u00d1A COMIENZA A VACUNAR CONTRA LA GRIPE A\/H1N1"}]},{"@type":"WebSite","@id":"https:\/\/aeronoticias.com.pe\/noticiero\/#website","url":"https:\/\/aeronoticias.com.pe\/noticiero\/","name":"Aeronoticias.com.pe","description":"Noticias de tranporte aereo, turismo, hoteles, gastronomia, actualidad, internacional","potentialAction":[{"@type":"SearchAction","target":{"@type":"EntryPoint","urlTemplate":"https:\/\/aeronoticias.com.pe\/noticiero\/?s={search_term_string}"},"query-input":{"@type":"PropertyValueSpecification","valueRequired":true,"valueName":"search_term_string"}}],"inLanguage":"es"},{"@type":"Person","@id":"https:\/\/aeronoticias.com.pe\/noticiero\/#\/schema\/person\/fc1e5d578f4b62ba1cf7ac2bba1170a0","name":"Redacci\u00f3n Aeronoticias","url":"https:\/\/aeronoticias.com.pe\/noticiero\/author\/piloto\/"}]}},"_links":{"self":[{"href":"https:\/\/aeronoticias.com.pe\/noticiero\/wp-json\/wp\/v2\/posts\/6808","targetHints":{"allow":["GET"]}}],"collection":[{"href":"https:\/\/aeronoticias.com.pe\/noticiero\/wp-json\/wp\/v2\/posts"}],"about":[{"href":"https:\/\/aeronoticias.com.pe\/noticiero\/wp-json\/wp\/v2\/types\/post"}],"author":[{"embeddable":true,"href":"https:\/\/aeronoticias.com.pe\/noticiero\/wp-json\/wp\/v2\/users\/1"}],"replies":[{"embeddable":true,"href":"https:\/\/aeronoticias.com.pe\/noticiero\/wp-json\/wp\/v2\/comments?post=6808"}],"version-history":[{"count":0,"href":"https:\/\/aeronoticias.com.pe\/noticiero\/wp-json\/wp\/v2\/posts\/6808\/revisions"}],"wp:attachment":[{"href":"https:\/\/aeronoticias.com.pe\/noticiero\/wp-json\/wp\/v2\/media?parent=6808"}],"wp:term":[{"taxonomy":"category","embeddable":true,"href":"https:\/\/aeronoticias.com.pe\/noticiero\/wp-json\/wp\/v2\/categories?post=6808"},{"taxonomy":"post_tag","embeddable":true,"href":"https:\/\/aeronoticias.com.pe\/noticiero\/wp-json\/wp\/v2\/tags?post=6808"}],"curies":[{"name":"wp","href":"https:\/\/api.w.org\/{rel}","templated":true}]}}