{"id":6810,"date":"2009-11-16T14:49:31","date_gmt":"2009-11-16T14:49:31","guid":{"rendered":"http:\/\/desarrollo.mcvicious.com\/aero2020\/2009\/11\/16\/recursos-naturales-de-trujillo\/"},"modified":"2009-11-16T14:49:31","modified_gmt":"2009-11-16T14:49:31","slug":"recursos-naturales-de-trujillo","status":"publish","type":"post","link":"https:\/\/aeronoticias.com.pe\/noticiero\/turismo\/13\/recursos-naturales-de-trujillo\/","title":{"rendered":"RECURSOS NATURALES DE TRUJILLO"},"content":{"rendered":"<p align=\"justify\">En\u00a0 Huamachuco, capital de\u00a0 la\u00a0 provincia S\u00e1nchez\u00a0 Carri\u00f3n a\u00a0 6\u00a0 horas\u00a0 de\u00a0 la\u00a0 ciudad\u00a0 de\u00a0 Trujillo,\u00a0 en La Libertad ; se\u00a0 encuentran\u00a0 sus principales\u00a0 recursos ecol\u00f3gicos:<\/p>\n<p>1. Laguna\u00a0 de\u00a0 Sausachoca\u00a0 sus\u00a0 Aguas\u00a0 son\u00a0 de\u00a0 color\u00a0 negro-azulado y\u00a0 de\u00a0 temperatura\u00a0 fr\u00eda. Por\u00a0 su profundidad puede\u00a0 ser\u00a0 navegable en\u00a0 peque\u00f1as\u00a0 embarcaciones y\u00a0 resulta fecunda para\u00a0 el\u00a0 desarrollo de\u00a0 la\u00a0 piscicultura. Se ubica a 12 km.\u00a0 de\u00a0 Huamachuco, a\u00a0 un\u00a0 costado\u00a0 de\u00a0 la\u00a0 carretera que conduce a Cajabamba y Pataz.<\/p>\n<div style=\"text-align: center\"><img loading=\"lazy\" decoding=\"async\" src=\"images\/stories\/09\/11\/161109\/trujillo.jpg\" border=\"0\" alt=\"RECURSOS NATURALES DE TRUJILLO\" title=\"RECURSOS NATURALES DE TRUJILLO\" width=\"400\" height=\"275\" \/><\/div>\n<p align=\"justify\">2. Agua de\u00a0 los Pajaritos\u00a0 Al\u00a0 amanecer sube\u00a0 la\u00a0 temperatura\u00a0 de\u00a0 sus aguas permitiendo\u00a0 ba\u00f1arse\u00a0 en\u00a0 ellas.\u00a0 Es un pintoresco lugar donde se aprecia\u00a0 en\u00a0 su\u00a0 m\u00e1xima expresi\u00f3n el\u00a0 afloramiento de aguas cristalinas de\u00a0 las rocas, producto de las filtraciones del nevado Huaylillas.<\/p>\n<p>3. Laguna\u00a0 Cushuro\u00a0 ubicada en\u00a0 las faldas del cerro Huaylillas, es\u00a0 ideal para la crianza de truchas. Actualmente de acondiciona para fomentar la crianza y protecci\u00f3n de vicu\u00f1as con la\u00a0 participaci\u00f3n de agricultores de la zona.<\/p>\n<p>4. Cerro\u00a0 Huaylillas\u00a0 por\u00a0 su ladera norte a\u00fan se encuentran restos de lo que fuera el camino imperial de los Incas que un\u00eda al Cuzco con Cajamarca el\u00a0 que\u00a0 se\u00a0 pierde en la sinuosidad\u00a0 del\u00a0 horizonte.<\/p>\n<p>Actividad Cultural: Fiesta\u00a0 Muchik Espect\u00e1culo Vida 2009 con Fabiola de la Cuba<\/p>\n<p>\u201cSea\u00a0 propicio el tiempo venidero que de la tierra y su pre\u00f1ez imperecedera, los sea fecunda la vida.<br \/>En\u00a0 su entra\u00f1a, al calor de\u00a0 madre, nos cobijemos todos\u00a0 la\u00a0 luz de\u00a0 la luna y de los\u00a0 astros&#8230;\u201d(Invocaci\u00f3n ancestral Muchik)<\/p>\n<p>La\u00a0 Fista Muchik se celebr\u00f3 para\u00a0 encanto\u00a0 de\u00a0 sus\u00a0 seguidores\u00a0\u00a0 y aunque\u00a0 el\u00a0 recelo de los gu\u00edas\u00a0 tur\u00edsticos de las\u00a0 ruinas\u00a0 de\u00a0 Chan- Chan, por\u00a0 lo\u00a0 delicado de\u00a0 su situaci\u00f3n arquitect\u00f3nica, el\u00a0 viernes 6\u00a0 de\u00a0 noviembre\u00a0 a las\u00a0 7:30pm, en\u00a0 el\u00a0 Palacio Nik An.<\/p>\n<p align=\"justify\">Fabiola de\u00a0 la Cuba intenta en este\u00a0 tipo de espect\u00e1culos recorrer el\u00a0 tiempo y\u00a0 el espacio de\u00a0 la tierra maravillosa\u00a0 que la\u00a0 acoje. Su\u00a0 objetivo\u00a0 es\u00a0 involucrar a\u00a0 los\u00a0 descendientes Mochicas y\u00a0 Chim\u00faes, de\u00a0 africanos y\u00a0 europeos,\u00a0 en\u00a0 un\u00a0 intento\u00a0 de\u00a0 b\u00fasqueda\u00a0 de\u00a0 or\u00edgenes\u00a0 desde\u00a0 lo m\u00e1s\u00a0 profundo\u00a0 de\u00a0 nuestro\u00a0 ser.<\/p>\n<p>La m\u00fasica, el\u00a0 silencio, la\u00a0 danza y\u00a0 la\u00a0 poes\u00eda, el\u00a0 ritmo, el\u00a0 color y el movimiento de algunos de\u00a0 los m\u00e1s destacados artistas nacionales, presentan junto a\u00a0 Fabiola\u00a0 el\u00a0 encanto de\u00a0 un\u00a0 pueblo\u00a0 y\u00a0 su\u00a0 historia.<\/p>\n<p>El espect\u00e1culo se centra entendiendo\u00a0 la\u00a0 herencia espa\u00f1ola fusionada con\u00a0 la\u00a0 sensibilidad\u00a0 de\u00a0 los pueblos\u00a0 originarios, la\u00a0 incorporaci\u00f3n del\u00a0 Africa en\u00a0 el\u00a0 Per\u00fa, pasando\u00a0 por\u00a0 zamacuecas, huaynos y\u00a0 festejos;\u00a0 hasta\u00a0\u00a0 llegar a\u00a0 la\u00a0 mayor de\u00a0 nuestra\u00a0 cultura musical reconocida universalmente:\u00a0 la\u00a0 Marinera\u00a0 y\u00a0 el\u00a0 Valse\u00a0 Peruano.<\/p>\n<p>Se incluy\u00f3 danza, palabra y\u00a0 poes\u00eda, sin dejar pasar por supuesto, lo que\u00a0 es muy necesario\u00a0 en\u00a0 nuestra\u00a0 \u00e9poca: una\u00a0 buena dosis de\u00a0 Recreaci\u00f3n Audiovisual.<\/p>\n<p>\u00a0<\/p>\n","protected":false},"excerpt":{"rendered":"<p>En\u00a0 Huamachuco, capital de\u00a0 la\u00a0 provincia S\u00e1nchez\u00a0 Carri\u00f3n a\u00a0 6\u00a0 horas\u00a0 de\u00a0 la\u00a0 ciudad\u00a0 de\u00a0 Trujillo,\u00a0 en La Libertad ; se\u00a0 encuentran\u00a0 sus principales\u00a0 recursos ecol\u00f3gicos: 1. Laguna\u00a0 de\u00a0 Sausachoca\u00a0 sus\u00a0 Aguas\u00a0 son\u00a0 de\u00a0 color\u00a0 negro-azulado y\u00a0 de\u00a0 temperatura\u00a0 fr\u00eda. Por\u00a0 su profundidad puede\u00a0 ser\u00a0 navegable en\u00a0 peque\u00f1as\u00a0 embarcaciones y\u00a0 resulta fecunda para\u00a0 el\u00a0 desarrollo [&hellip;]<\/p>\n","protected":false},"author":1,"featured_media":0,"comment_status":"open","ping_status":"open","sticky":false,"template":"","format":"standard","meta":{"tdm_status":"","tdm_grid_status":"","footnotes":""},"categories":[31],"tags":[],"class_list":{"0":"post-6810","1":"post","2":"type-post","3":"status-publish","4":"format-standard","6":"category-31"},"yoast_head":"<!-- This site is optimized with the Yoast SEO plugin v25.1 - https:\/\/yoast.com\/wordpress\/plugins\/seo\/ -->\n<title>RECURSOS NATURALES DE TRUJILLO<\/title>\n<meta name=\"description\" content=\"Portal de noticias del Per\u00fa sobre el transporte a\u00e9reo, aviaci\u00f3n, turismo, hoteleria, actualidad.\" \/>\n<meta name=\"robots\" content=\"index, follow, max-snippet:-1, max-image-preview:large, max-video-preview:-1\" \/>\n<link rel=\"canonical\" href=\"https:\/\/aeronoticias.com.pe\/noticiero\/turismo\/13\/recursos-naturales-de-trujillo\/\" \/>\n<meta property=\"og:locale\" content=\"es_ES\" \/>\n<meta property=\"og:type\" content=\"article\" \/>\n<meta property=\"og:title\" content=\"RECURSOS NATURALES DE TRUJILLO\" \/>\n<meta property=\"og:description\" content=\"Portal de noticias del Per\u00fa sobre el transporte a\u00e9reo, aviaci\u00f3n, turismo, hoteleria, actualidad.\" \/>\n<meta property=\"og:url\" content=\"https:\/\/aeronoticias.com.pe\/noticiero\/turismo\/13\/recursos-naturales-de-trujillo\/\" \/>\n<meta property=\"og:site_name\" content=\"Aeronoticias.com.pe\" \/>\n<meta property=\"article:publisher\" content=\"https:\/\/www.facebook.com\/Aeronoticias.com.pe\/\" \/>\n<meta property=\"article:published_time\" content=\"2009-11-16T14:49:31+00:00\" \/>\n<meta name=\"author\" content=\"Redacci\u00f3n Aeronoticias\" \/>\n<meta name=\"twitter:card\" content=\"summary_large_image\" \/>\n<meta name=\"twitter:creator\" content=\"@aeronoticias\" \/>\n<meta name=\"twitter:site\" content=\"@aeronoticias\" \/>\n<meta name=\"twitter:label1\" content=\"Escrito por\" \/>\n\t<meta name=\"twitter:data1\" content=\"Redacci\u00f3n Aeronoticias\" \/>\n\t<meta name=\"twitter:label2\" content=\"Tiempo de lectura\" \/>\n\t<meta name=\"twitter:data2\" content=\"2 minutos\" \/>\n<script type=\"application\/ld+json\" class=\"yoast-schema-graph\">{\"@context\":\"https:\/\/schema.org\",\"@graph\":[{\"@type\":\"WebPage\",\"@id\":\"https:\/\/aeronoticias.com.pe\/noticiero\/turismo\/13\/recursos-naturales-de-trujillo\/\",\"url\":\"https:\/\/aeronoticias.com.pe\/noticiero\/turismo\/13\/recursos-naturales-de-trujillo\/\",\"name\":\"RECURSOS NATURALES DE TRUJILLO\",\"isPartOf\":{\"@id\":\"https:\/\/aeronoticias.com.pe\/noticiero\/#website\"},\"datePublished\":\"2009-11-16T14:49:31+00:00\",\"author\":{\"@id\":\"https:\/\/aeronoticias.com.pe\/noticiero\/#\/schema\/person\/fc1e5d578f4b62ba1cf7ac2bba1170a0\"},\"description\":\"Portal de noticias del Per\u00fa sobre el transporte a\u00e9reo, aviaci\u00f3n, turismo, hoteleria, actualidad.\",\"breadcrumb\":{\"@id\":\"https:\/\/aeronoticias.com.pe\/noticiero\/turismo\/13\/recursos-naturales-de-trujillo\/#breadcrumb\"},\"inLanguage\":\"es\",\"potentialAction\":[{\"@type\":\"ReadAction\",\"target\":[\"https:\/\/aeronoticias.com.pe\/noticiero\/turismo\/13\/recursos-naturales-de-trujillo\/\"]}]},{\"@type\":\"BreadcrumbList\",\"@id\":\"https:\/\/aeronoticias.com.pe\/noticiero\/turismo\/13\/recursos-naturales-de-trujillo\/#breadcrumb\",\"itemListElement\":[{\"@type\":\"ListItem\",\"position\":1,\"name\":\"Portada\",\"item\":\"https:\/\/aeronoticias.com.pe\/noticiero\/\"},{\"@type\":\"ListItem\",\"position\":2,\"name\":\"RECURSOS NATURALES DE TRUJILLO\"}]},{\"@type\":\"WebSite\",\"@id\":\"https:\/\/aeronoticias.com.pe\/noticiero\/#website\",\"url\":\"https:\/\/aeronoticias.com.pe\/noticiero\/\",\"name\":\"Aeronoticias.com.pe\",\"description\":\"Noticias de tranporte aereo, turismo, hoteles, gastronomia, actualidad, internacional\",\"potentialAction\":[{\"@type\":\"SearchAction\",\"target\":{\"@type\":\"EntryPoint\",\"urlTemplate\":\"https:\/\/aeronoticias.com.pe\/noticiero\/?s={search_term_string}\"},\"query-input\":{\"@type\":\"PropertyValueSpecification\",\"valueRequired\":true,\"valueName\":\"search_term_string\"}}],\"inLanguage\":\"es\"},{\"@type\":\"Person\",\"@id\":\"https:\/\/aeronoticias.com.pe\/noticiero\/#\/schema\/person\/fc1e5d578f4b62ba1cf7ac2bba1170a0\",\"name\":\"Redacci\u00f3n Aeronoticias\",\"url\":\"https:\/\/aeronoticias.com.pe\/noticiero\/author\/piloto\/\"}]}<\/script>\n<!-- \/ Yoast SEO plugin. -->","yoast_head_json":{"title":"RECURSOS NATURALES DE TRUJILLO","description":"Portal de noticias del Per\u00fa sobre el transporte a\u00e9reo, aviaci\u00f3n, turismo, hoteleria, actualidad.","robots":{"index":"index","follow":"follow","max-snippet":"max-snippet:-1","max-image-preview":"max-image-preview:large","max-video-preview":"max-video-preview:-1"},"canonical":"https:\/\/aeronoticias.com.pe\/noticiero\/turismo\/13\/recursos-naturales-de-trujillo\/","og_locale":"es_ES","og_type":"article","og_title":"RECURSOS NATURALES DE TRUJILLO","og_description":"Portal de noticias del Per\u00fa sobre el transporte a\u00e9reo, aviaci\u00f3n, turismo, hoteleria, actualidad.","og_url":"https:\/\/aeronoticias.com.pe\/noticiero\/turismo\/13\/recursos-naturales-de-trujillo\/","og_site_name":"Aeronoticias.com.pe","article_publisher":"https:\/\/www.facebook.com\/Aeronoticias.com.pe\/","article_published_time":"2009-11-16T14:49:31+00:00","author":"Redacci\u00f3n Aeronoticias","twitter_card":"summary_large_image","twitter_creator":"@aeronoticias","twitter_site":"@aeronoticias","twitter_misc":{"Escrito por":"Redacci\u00f3n Aeronoticias","Tiempo de lectura":"2 minutos"},"schema":{"@context":"https:\/\/schema.org","@graph":[{"@type":"WebPage","@id":"https:\/\/aeronoticias.com.pe\/noticiero\/turismo\/13\/recursos-naturales-de-trujillo\/","url":"https:\/\/aeronoticias.com.pe\/noticiero\/turismo\/13\/recursos-naturales-de-trujillo\/","name":"RECURSOS NATURALES DE TRUJILLO","isPartOf":{"@id":"https:\/\/aeronoticias.com.pe\/noticiero\/#website"},"datePublished":"2009-11-16T14:49:31+00:00","author":{"@id":"https:\/\/aeronoticias.com.pe\/noticiero\/#\/schema\/person\/fc1e5d578f4b62ba1cf7ac2bba1170a0"},"description":"Portal de noticias del Per\u00fa sobre el transporte a\u00e9reo, aviaci\u00f3n, turismo, hoteleria, actualidad.","breadcrumb":{"@id":"https:\/\/aeronoticias.com.pe\/noticiero\/turismo\/13\/recursos-naturales-de-trujillo\/#breadcrumb"},"inLanguage":"es","potentialAction":[{"@type":"ReadAction","target":["https:\/\/aeronoticias.com.pe\/noticiero\/turismo\/13\/recursos-naturales-de-trujillo\/"]}]},{"@type":"BreadcrumbList","@id":"https:\/\/aeronoticias.com.pe\/noticiero\/turismo\/13\/recursos-naturales-de-trujillo\/#breadcrumb","itemListElement":[{"@type":"ListItem","position":1,"name":"Portada","item":"https:\/\/aeronoticias.com.pe\/noticiero\/"},{"@type":"ListItem","position":2,"name":"RECURSOS NATURALES DE TRUJILLO"}]},{"@type":"WebSite","@id":"https:\/\/aeronoticias.com.pe\/noticiero\/#website","url":"https:\/\/aeronoticias.com.pe\/noticiero\/","name":"Aeronoticias.com.pe","description":"Noticias de tranporte aereo, turismo, hoteles, gastronomia, actualidad, internacional","potentialAction":[{"@type":"SearchAction","target":{"@type":"EntryPoint","urlTemplate":"https:\/\/aeronoticias.com.pe\/noticiero\/?s={search_term_string}"},"query-input":{"@type":"PropertyValueSpecification","valueRequired":true,"valueName":"search_term_string"}}],"inLanguage":"es"},{"@type":"Person","@id":"https:\/\/aeronoticias.com.pe\/noticiero\/#\/schema\/person\/fc1e5d578f4b62ba1cf7ac2bba1170a0","name":"Redacci\u00f3n Aeronoticias","url":"https:\/\/aeronoticias.com.pe\/noticiero\/author\/piloto\/"}]}},"_links":{"self":[{"href":"https:\/\/aeronoticias.com.pe\/noticiero\/wp-json\/wp\/v2\/posts\/6810","targetHints":{"allow":["GET"]}}],"collection":[{"href":"https:\/\/aeronoticias.com.pe\/noticiero\/wp-json\/wp\/v2\/posts"}],"about":[{"href":"https:\/\/aeronoticias.com.pe\/noticiero\/wp-json\/wp\/v2\/types\/post"}],"author":[{"embeddable":true,"href":"https:\/\/aeronoticias.com.pe\/noticiero\/wp-json\/wp\/v2\/users\/1"}],"replies":[{"embeddable":true,"href":"https:\/\/aeronoticias.com.pe\/noticiero\/wp-json\/wp\/v2\/comments?post=6810"}],"version-history":[{"count":0,"href":"https:\/\/aeronoticias.com.pe\/noticiero\/wp-json\/wp\/v2\/posts\/6810\/revisions"}],"wp:attachment":[{"href":"https:\/\/aeronoticias.com.pe\/noticiero\/wp-json\/wp\/v2\/media?parent=6810"}],"wp:term":[{"taxonomy":"category","embeddable":true,"href":"https:\/\/aeronoticias.com.pe\/noticiero\/wp-json\/wp\/v2\/categories?post=6810"},{"taxonomy":"post_tag","embeddable":true,"href":"https:\/\/aeronoticias.com.pe\/noticiero\/wp-json\/wp\/v2\/tags?post=6810"}],"curies":[{"name":"wp","href":"https:\/\/api.w.org\/{rel}","templated":true}]}}