{"id":6812,"date":"2009-11-16T15:29:15","date_gmt":"2009-11-16T15:29:15","guid":{"rendered":"http:\/\/desarrollo.mcvicious.com\/aero2020\/2009\/11\/16\/economistas-peruanos-se-reunieron-en-el-hotel-los-delfines-para-analizar-crisis-mundial\/"},"modified":"2009-11-16T15:29:15","modified_gmt":"2009-11-16T15:29:15","slug":"economistas-peruanos-se-reunieron-en-el-hotel-los-delfines-para-analizar-crisis-mundial","status":"publish","type":"post","link":"https:\/\/aeronoticias.com.pe\/noticiero\/economia\/economistas-peruanos-se-reunieron-en-el-hotel-los-delfines-para-analizar-crisis-mundial\/","title":{"rendered":"ECONOMISTAS PERUANOS SE REUNIERON EN EL HOTEL LOS DELFINES PARA ANALIZAR CORRIENTE CRISIS ECON\u00d3MICA"},"content":{"rendered":"<p align=\"justify\">Una comisi\u00f3n de expertos en econom\u00eda internacional liderados por el Congresista Aprista Jorge del Castillo G\u00e1lvez se reuni\u00f3 en Los Delfines Hotel &#038; Casino, del lime\u00f1o distrito de San Isidro \u2013 Per\u00fa. Con la finalidad de analizar la crisis financiera internacional, y las conclusiones para el presente a\u00f1o, y adem\u00e1s de las proyecciones del 2010.<\/p>\n<p>Presididos por Jorge del Castillo, el foro cont\u00f3 con la participaci\u00f3n de destacados economistas como Javier Silva Ruete, Patricia Teullet, Fernando Ort\u00edz de Zevallos, Ben Schneider, Jaime Quijandr\u00eda, entre muchos otros que compartieron experiencias, adem\u00e1s de extensos conocimientos en pro de establecer las fundamentaciones de un programa enfocado a la reforma de un rol activo en el ejercicio econ\u00f3mico del Per\u00fa a presente y futuro.<\/p>\n<p style=\"text-align: center\"><img decoding=\"async\" src=\"images\/stories\/09\/11\/161109\/delfos1.jpg\" border=\"0\" alt=\"ECONOMISTAS PERUANOS SE REUNIERON EN EL HOTEL LOS DELFINES PARA ANALIZAR CORRIENTE CRISIS ECON\u00d3MICA\" title=\"ECONOMISTAS PERUANOS SE REUNIERON EN EL HOTEL LOS DELFINES PARA ANALIZAR CORRIENTE CRISIS ECON\u00d3MICA\" \/><\/p>\n<p> <!--more--> <\/p>\n<p style=\"text-align: justify\"><strong>Aeronoticias<\/strong> considera que una iniciativa tan importante como el foro de expertos peruanos en Econom\u00eda no pod\u00eda realizarse en otra locaci\u00f3n que el Hotel Los Delfines Hotel &#038; Casino, que es el m\u00e1s importante centro de convenciones \u2013ubicado en el distrito de San Isidro-, que tiene el Per\u00fa, donde se encuentran casi todas las delegaciones Diplom\u00e1ticas y en el que se vienen agendando importantes reuniones acad\u00e9micas internacionales para el 2010 y el 2011.<\/p>\n<p style=\"text-align: center\"><img decoding=\"async\" src=\"images\/stories\/09\/11\/161109\/delfos2.jpg\" border=\"0\" alt=\"ECONOMISTAS PERUANOS SE REUNIERON EN EL HOTEL LOS DELFINES PARA ANALIZAR CORRIENTE CRISIS ECON\u00d3MICA\" title=\"ECONOMISTAS PERUANOS SE REUNIERON EN EL HOTEL LOS DELFINES PARA ANALIZAR CORRIENTE CRISIS ECON\u00d3MICA\" \/><\/p>\n<p style=\"text-align: center\">&nbsp;<\/p>\n<p style=\"text-align: center\"><img decoding=\"async\" src=\"images\/stories\/losdelfines.jpg\" border=\"0\" \/> <\/p>\n<p style=\"text-align: center\">&nbsp;<\/p>\n<p style=\"text-align: center\"><img decoding=\"async\" src=\"images\/stories\/losdelfines1.jpg\" border=\"0\" \/> <\/p>\n<p style=\"text-align: center\">&nbsp;<\/p>\n<p style=\"text-align: center\"><img decoding=\"async\" src=\"images\/stories\/losdelfines2.jpg\" border=\"0\" \/><\/p>\n<p style=\"text-align: center\">&nbsp;<\/p>\n<p style=\"text-align: center\"><img decoding=\"async\" src=\"images\/stories\/losdelfines4.jpg\" border=\"0\" \/> <\/p>\n<p style=\"text-align: center\">&nbsp;<\/p>\n<p style=\"text-align: center\">&nbsp;<\/p>\n","protected":false},"excerpt":{"rendered":"<p>Una comisi\u00f3n de expertos en econom\u00eda internacional liderados por el Congresista Aprista Jorge del Castillo G\u00e1lvez se reuni\u00f3 en Los Delfines Hotel &#038; Casino, del lime\u00f1o distrito de San Isidro \u2013 Per\u00fa. Con la finalidad de analizar la crisis financiera internacional, y las conclusiones para el presente a\u00f1o, y adem\u00e1s de las proyecciones del 2010. [&hellip;]<\/p>\n","protected":false},"author":1,"featured_media":0,"comment_status":"open","ping_status":"open","sticky":false,"template":"","format":"standard","meta":{"tdm_status":"","tdm_grid_status":"","footnotes":""},"categories":[33],"tags":[],"class_list":{"0":"post-6812","1":"post","2":"type-post","3":"status-publish","4":"format-standard","6":"category-economia"},"yoast_head":"<!-- This site is optimized with the Yoast SEO plugin v25.1 - https:\/\/yoast.com\/wordpress\/plugins\/seo\/ -->\n<title>ECONOMISTAS PERUANOS SE REUNIERON EN EL HOTEL LOS DELFINES PARA ANALIZAR CORRIENTE CRISIS ECON\u00d3MICA<\/title>\n<meta name=\"description\" content=\"Portal de noticias del Per\u00fa sobre el transporte a\u00e9reo, aviaci\u00f3n, turismo, hoteleria, actualidad.\" \/>\n<meta name=\"robots\" content=\"index, follow, max-snippet:-1, max-image-preview:large, max-video-preview:-1\" \/>\n<link rel=\"canonical\" href=\"https:\/\/aeronoticias.com.pe\/noticiero\/economia\/economistas-peruanos-se-reunieron-en-el-hotel-los-delfines-para-analizar-crisis-mundial\/\" \/>\n<meta property=\"og:locale\" content=\"es_ES\" \/>\n<meta property=\"og:type\" content=\"article\" \/>\n<meta property=\"og:title\" content=\"ECONOMISTAS PERUANOS SE REUNIERON EN EL HOTEL LOS DELFINES PARA ANALIZAR CORRIENTE CRISIS ECON\u00d3MICA\" \/>\n<meta property=\"og:description\" content=\"Portal de noticias del Per\u00fa sobre el transporte a\u00e9reo, aviaci\u00f3n, turismo, hoteleria, actualidad.\" \/>\n<meta property=\"og:url\" content=\"https:\/\/aeronoticias.com.pe\/noticiero\/economia\/economistas-peruanos-se-reunieron-en-el-hotel-los-delfines-para-analizar-crisis-mundial\/\" \/>\n<meta property=\"og:site_name\" content=\"Aeronoticias.com.pe\" \/>\n<meta property=\"article:publisher\" content=\"https:\/\/www.facebook.com\/Aeronoticias.com.pe\/\" \/>\n<meta property=\"article:published_time\" content=\"2009-11-16T15:29:15+00:00\" \/>\n<meta name=\"author\" content=\"Redacci\u00f3n Aeronoticias\" \/>\n<meta name=\"twitter:card\" content=\"summary_large_image\" \/>\n<meta name=\"twitter:creator\" content=\"@aeronoticias\" \/>\n<meta name=\"twitter:site\" content=\"@aeronoticias\" \/>\n<meta name=\"twitter:label1\" content=\"Escrito por\" \/>\n\t<meta name=\"twitter:data1\" content=\"Redacci\u00f3n Aeronoticias\" \/>\n\t<meta name=\"twitter:label2\" content=\"Tiempo de lectura\" \/>\n\t<meta name=\"twitter:data2\" content=\"1 minuto\" \/>\n<script type=\"application\/ld+json\" class=\"yoast-schema-graph\">{\"@context\":\"https:\/\/schema.org\",\"@graph\":[{\"@type\":\"WebPage\",\"@id\":\"https:\/\/aeronoticias.com.pe\/noticiero\/economia\/economistas-peruanos-se-reunieron-en-el-hotel-los-delfines-para-analizar-crisis-mundial\/\",\"url\":\"https:\/\/aeronoticias.com.pe\/noticiero\/economia\/economistas-peruanos-se-reunieron-en-el-hotel-los-delfines-para-analizar-crisis-mundial\/\",\"name\":\"ECONOMISTAS PERUANOS SE REUNIERON EN EL HOTEL LOS DELFINES PARA ANALIZAR CORRIENTE CRISIS ECON\u00d3MICA\",\"isPartOf\":{\"@id\":\"https:\/\/aeronoticias.com.pe\/noticiero\/#website\"},\"datePublished\":\"2009-11-16T15:29:15+00:00\",\"author\":{\"@id\":\"https:\/\/aeronoticias.com.pe\/noticiero\/#\/schema\/person\/fc1e5d578f4b62ba1cf7ac2bba1170a0\"},\"description\":\"Portal de noticias del Per\u00fa sobre el transporte a\u00e9reo, aviaci\u00f3n, turismo, hoteleria, actualidad.\",\"breadcrumb\":{\"@id\":\"https:\/\/aeronoticias.com.pe\/noticiero\/economia\/economistas-peruanos-se-reunieron-en-el-hotel-los-delfines-para-analizar-crisis-mundial\/#breadcrumb\"},\"inLanguage\":\"es\",\"potentialAction\":[{\"@type\":\"ReadAction\",\"target\":[\"https:\/\/aeronoticias.com.pe\/noticiero\/economia\/economistas-peruanos-se-reunieron-en-el-hotel-los-delfines-para-analizar-crisis-mundial\/\"]}]},{\"@type\":\"BreadcrumbList\",\"@id\":\"https:\/\/aeronoticias.com.pe\/noticiero\/economia\/economistas-peruanos-se-reunieron-en-el-hotel-los-delfines-para-analizar-crisis-mundial\/#breadcrumb\",\"itemListElement\":[{\"@type\":\"ListItem\",\"position\":1,\"name\":\"Portada\",\"item\":\"https:\/\/aeronoticias.com.pe\/noticiero\/\"},{\"@type\":\"ListItem\",\"position\":2,\"name\":\"ECONOMISTAS PERUANOS SE REUNIERON EN EL HOTEL LOS DELFINES PARA ANALIZAR CORRIENTE CRISIS ECON\u00d3MICA\"}]},{\"@type\":\"WebSite\",\"@id\":\"https:\/\/aeronoticias.com.pe\/noticiero\/#website\",\"url\":\"https:\/\/aeronoticias.com.pe\/noticiero\/\",\"name\":\"Aeronoticias.com.pe\",\"description\":\"Noticias de tranporte aereo, turismo, hoteles, gastronomia, actualidad, internacional\",\"potentialAction\":[{\"@type\":\"SearchAction\",\"target\":{\"@type\":\"EntryPoint\",\"urlTemplate\":\"https:\/\/aeronoticias.com.pe\/noticiero\/?s={search_term_string}\"},\"query-input\":{\"@type\":\"PropertyValueSpecification\",\"valueRequired\":true,\"valueName\":\"search_term_string\"}}],\"inLanguage\":\"es\"},{\"@type\":\"Person\",\"@id\":\"https:\/\/aeronoticias.com.pe\/noticiero\/#\/schema\/person\/fc1e5d578f4b62ba1cf7ac2bba1170a0\",\"name\":\"Redacci\u00f3n Aeronoticias\",\"url\":\"https:\/\/aeronoticias.com.pe\/noticiero\/author\/piloto\/\"}]}<\/script>\n<!-- \/ Yoast SEO plugin. -->","yoast_head_json":{"title":"ECONOMISTAS PERUANOS SE REUNIERON EN EL HOTEL LOS DELFINES PARA ANALIZAR CORRIENTE CRISIS ECON\u00d3MICA","description":"Portal de noticias del Per\u00fa sobre el transporte a\u00e9reo, aviaci\u00f3n, turismo, hoteleria, actualidad.","robots":{"index":"index","follow":"follow","max-snippet":"max-snippet:-1","max-image-preview":"max-image-preview:large","max-video-preview":"max-video-preview:-1"},"canonical":"https:\/\/aeronoticias.com.pe\/noticiero\/economia\/economistas-peruanos-se-reunieron-en-el-hotel-los-delfines-para-analizar-crisis-mundial\/","og_locale":"es_ES","og_type":"article","og_title":"ECONOMISTAS PERUANOS SE REUNIERON EN EL HOTEL LOS DELFINES PARA ANALIZAR CORRIENTE CRISIS ECON\u00d3MICA","og_description":"Portal de noticias del Per\u00fa sobre el transporte a\u00e9reo, aviaci\u00f3n, turismo, hoteleria, actualidad.","og_url":"https:\/\/aeronoticias.com.pe\/noticiero\/economia\/economistas-peruanos-se-reunieron-en-el-hotel-los-delfines-para-analizar-crisis-mundial\/","og_site_name":"Aeronoticias.com.pe","article_publisher":"https:\/\/www.facebook.com\/Aeronoticias.com.pe\/","article_published_time":"2009-11-16T15:29:15+00:00","author":"Redacci\u00f3n Aeronoticias","twitter_card":"summary_large_image","twitter_creator":"@aeronoticias","twitter_site":"@aeronoticias","twitter_misc":{"Escrito por":"Redacci\u00f3n Aeronoticias","Tiempo de lectura":"1 minuto"},"schema":{"@context":"https:\/\/schema.org","@graph":[{"@type":"WebPage","@id":"https:\/\/aeronoticias.com.pe\/noticiero\/economia\/economistas-peruanos-se-reunieron-en-el-hotel-los-delfines-para-analizar-crisis-mundial\/","url":"https:\/\/aeronoticias.com.pe\/noticiero\/economia\/economistas-peruanos-se-reunieron-en-el-hotel-los-delfines-para-analizar-crisis-mundial\/","name":"ECONOMISTAS PERUANOS SE REUNIERON EN EL HOTEL LOS DELFINES PARA ANALIZAR CORRIENTE CRISIS ECON\u00d3MICA","isPartOf":{"@id":"https:\/\/aeronoticias.com.pe\/noticiero\/#website"},"datePublished":"2009-11-16T15:29:15+00:00","author":{"@id":"https:\/\/aeronoticias.com.pe\/noticiero\/#\/schema\/person\/fc1e5d578f4b62ba1cf7ac2bba1170a0"},"description":"Portal de noticias del Per\u00fa sobre el transporte a\u00e9reo, aviaci\u00f3n, turismo, hoteleria, actualidad.","breadcrumb":{"@id":"https:\/\/aeronoticias.com.pe\/noticiero\/economia\/economistas-peruanos-se-reunieron-en-el-hotel-los-delfines-para-analizar-crisis-mundial\/#breadcrumb"},"inLanguage":"es","potentialAction":[{"@type":"ReadAction","target":["https:\/\/aeronoticias.com.pe\/noticiero\/economia\/economistas-peruanos-se-reunieron-en-el-hotel-los-delfines-para-analizar-crisis-mundial\/"]}]},{"@type":"BreadcrumbList","@id":"https:\/\/aeronoticias.com.pe\/noticiero\/economia\/economistas-peruanos-se-reunieron-en-el-hotel-los-delfines-para-analizar-crisis-mundial\/#breadcrumb","itemListElement":[{"@type":"ListItem","position":1,"name":"Portada","item":"https:\/\/aeronoticias.com.pe\/noticiero\/"},{"@type":"ListItem","position":2,"name":"ECONOMISTAS PERUANOS SE REUNIERON EN EL HOTEL LOS DELFINES PARA ANALIZAR CORRIENTE CRISIS ECON\u00d3MICA"}]},{"@type":"WebSite","@id":"https:\/\/aeronoticias.com.pe\/noticiero\/#website","url":"https:\/\/aeronoticias.com.pe\/noticiero\/","name":"Aeronoticias.com.pe","description":"Noticias de tranporte aereo, turismo, hoteles, gastronomia, actualidad, internacional","potentialAction":[{"@type":"SearchAction","target":{"@type":"EntryPoint","urlTemplate":"https:\/\/aeronoticias.com.pe\/noticiero\/?s={search_term_string}"},"query-input":{"@type":"PropertyValueSpecification","valueRequired":true,"valueName":"search_term_string"}}],"inLanguage":"es"},{"@type":"Person","@id":"https:\/\/aeronoticias.com.pe\/noticiero\/#\/schema\/person\/fc1e5d578f4b62ba1cf7ac2bba1170a0","name":"Redacci\u00f3n Aeronoticias","url":"https:\/\/aeronoticias.com.pe\/noticiero\/author\/piloto\/"}]}},"_links":{"self":[{"href":"https:\/\/aeronoticias.com.pe\/noticiero\/wp-json\/wp\/v2\/posts\/6812","targetHints":{"allow":["GET"]}}],"collection":[{"href":"https:\/\/aeronoticias.com.pe\/noticiero\/wp-json\/wp\/v2\/posts"}],"about":[{"href":"https:\/\/aeronoticias.com.pe\/noticiero\/wp-json\/wp\/v2\/types\/post"}],"author":[{"embeddable":true,"href":"https:\/\/aeronoticias.com.pe\/noticiero\/wp-json\/wp\/v2\/users\/1"}],"replies":[{"embeddable":true,"href":"https:\/\/aeronoticias.com.pe\/noticiero\/wp-json\/wp\/v2\/comments?post=6812"}],"version-history":[{"count":0,"href":"https:\/\/aeronoticias.com.pe\/noticiero\/wp-json\/wp\/v2\/posts\/6812\/revisions"}],"wp:attachment":[{"href":"https:\/\/aeronoticias.com.pe\/noticiero\/wp-json\/wp\/v2\/media?parent=6812"}],"wp:term":[{"taxonomy":"category","embeddable":true,"href":"https:\/\/aeronoticias.com.pe\/noticiero\/wp-json\/wp\/v2\/categories?post=6812"},{"taxonomy":"post_tag","embeddable":true,"href":"https:\/\/aeronoticias.com.pe\/noticiero\/wp-json\/wp\/v2\/tags?post=6812"}],"curies":[{"name":"wp","href":"https:\/\/api.w.org\/{rel}","templated":true}]}}