{"id":68133,"date":"2020-12-24T21:39:59","date_gmt":"2020-12-25T02:39:59","guid":{"rendered":"https:\/\/aeronoticias.com.pe\/noticiero\/?p=68133"},"modified":"2020-12-24T21:40:04","modified_gmt":"2020-12-25T02:40:04","slug":"casi-700-pilotos-estaran-activos-en-nochebuena-y-ano-nuevo","status":"publish","type":"post","link":"https:\/\/aeronoticias.com.pe\/noticiero\/transporte-aereo\/casi-700-pilotos-estaran-activos-en-nochebuena-y-ano-nuevo\/","title":{"rendered":"Casi 700 pilotos estar\u00e1n activos en Nochebuena y A\u00f1o Nuevo"},"content":{"rendered":"\n<p><strong>(Aeronoticias)<\/strong>.- La Asociaci\u00f3n Sindical de Pilotos Aviadores (<strong>ASPA<\/strong>) de M\u00e9xico inform\u00f3 que\u00a0<strong>cerca de 700 pilotos sindicalizados est\u00e1n listos para cubrir los vuelos de Navidad y fin de a\u00f1o<\/strong>, operando en destinos nacionales e internacionales.\u00a0<\/p>\n\n\n\n<p>La aerol\u00ednea&nbsp;<strong>Aeromar tiene programados 50 viajes para Nochebuena y 52 para el \u00faltimo d\u00eda del a\u00f1o<\/strong>, mismos que ser\u00e1n operados por&nbsp;<strong>60 pilotos<\/strong>. Por su parte,&nbsp;<strong>Grupo Aerom\u00e9xico mantendr\u00e1 activos a 600 pilotos<\/strong>&nbsp;para sus vuelos en estos d\u00edas.&nbsp;<\/p>\n\n\n\n<p>\u201cHacer vuelos en estas fechas siempre tiene una carga extra de emoci\u00f3n, pero quiz\u00e1 este a\u00f1o sea&nbsp;<strong>m\u00e1s relevante porque podremos reunir a familias y amigos que llevan meses sin verse debido a la pandemia<\/strong>&nbsp;y tambi\u00e9n justo por esta raz\u00f3n es que cuidaremos de cumplir con todas las medidas sanitarias para transmitir seguridad a nuestros pasajeros\u201d,&nbsp;<strong>declar\u00f3 el capit\u00e1n Luis Ba\u00f1uelos.<\/strong><\/p>\n\n\n\n<p>El piloto de ASPA, junto a su tripulaci\u00f3n, llevar\u00e1 a cabo un&nbsp;<strong>servicio a Buenos Aires, Argentina, durante la Navidad.&nbsp;<\/strong><\/p>\n\n\n\n<p>Por su parte, el capit\u00e1n&nbsp;<strong>Gerardo Vergara<\/strong>, quien volar\u00e1 la v\u00edspera del a\u00f1o nuevo en un viaje&nbsp;<strong>de M\u00e9xico a Sao Paulo, Brasil,<\/strong>&nbsp;expres\u00f3 que si bien es un a\u00f1o donde se viaj\u00f3 muy pocas horas, el poder regresar representa una oportunidad de hacer \u201clo que amamos\u201d.<\/p>\n\n\n\n<p>El secretario general de ASPA, Rafael D\u00edaz Covarrubias, asegur\u00f3 que a pesar del complicado panorama en la negociaci\u00f3n con las aerol\u00edneas,<strong>&nbsp;los pilotos tienen un compromiso profesional que cumplir.&nbsp;<\/strong><\/p>\n\n\n\n<p>\u201cM\u00e1s all\u00e1 de los procesos de negociaci\u00f3n que tenemos en curso con Grupo Aerom\u00e9xico y Aeromar, los pilotos de ASPA somos profesionales comprometidos con nuestro pa\u00eds; estamos preparados para ofrecer el mejor servicio a nuestros pasajeros. Tengan por seguro que estar\u00e1n en las mejores manos\u201d, agreg\u00f3.<\/p>\n\n\n\n<p>Fuente: <strong><em>A21.<\/em><\/strong><\/p>\n","protected":false},"excerpt":{"rendered":"<p>(Aeronoticias).- La Asociaci\u00f3n Sindical de Pilotos Aviadores (ASPA) de M\u00e9xico inform\u00f3 que\u00a0cerca de 700 pilotos sindicalizados est\u00e1n listos para cubrir los vuelos de Navidad y fin de a\u00f1o, operando en destinos nacionales e internacionales.\u00a0 La aerol\u00ednea&nbsp;Aeromar tiene programados 50 viajes para Nochebuena y 52 para el \u00faltimo d\u00eda del a\u00f1o, mismos que ser\u00e1n operados por&nbsp;60 [&hellip;]<\/p>\n","protected":false},"author":4,"featured_media":68134,"comment_status":"open","ping_status":"open","sticky":false,"template":"","format":"standard","meta":{"tdm_status":"","tdm_grid_status":"","footnotes":""},"categories":[32,11],"tags":[1173,138],"class_list":{"0":"post-68133","1":"post","2":"type-post","3":"status-publish","4":"format-standard","5":"has-post-thumbnail","7":"category-internacional","8":"category-transporte-aereo","9":"tag-navidad","10":"tag-pilotos"},"yoast_head":"<!-- This site is optimized with the Yoast SEO plugin v25.1 - https:\/\/yoast.com\/wordpress\/plugins\/seo\/ -->\n<title>Casi 700 pilotos estar\u00e1n activos en Nochebuena y A\u00f1o Nuevo<\/title>\n<meta name=\"description\" content=\"Portal de noticias del Per\u00fa sobre el transporte a\u00e9reo, aviaci\u00f3n, turismo, hoteleria, actualidad.\" \/>\n<meta name=\"robots\" content=\"index, follow, max-snippet:-1, max-image-preview:large, max-video-preview:-1\" \/>\n<link rel=\"canonical\" href=\"https:\/\/aeronoticias.com.pe\/noticiero\/transporte-aereo\/casi-700-pilotos-estaran-activos-en-nochebuena-y-ano-nuevo\/\" \/>\n<meta property=\"og:locale\" content=\"es_ES\" \/>\n<meta property=\"og:type\" content=\"article\" \/>\n<meta property=\"og:title\" content=\"Casi 700 pilotos estar\u00e1n activos en Nochebuena y A\u00f1o Nuevo\" \/>\n<meta property=\"og:description\" content=\"Portal de noticias del Per\u00fa sobre el transporte a\u00e9reo, aviaci\u00f3n, turismo, hoteleria, actualidad.\" \/>\n<meta property=\"og:url\" content=\"https:\/\/aeronoticias.com.pe\/noticiero\/transporte-aereo\/casi-700-pilotos-estaran-activos-en-nochebuena-y-ano-nuevo\/\" \/>\n<meta property=\"og:site_name\" content=\"Aeronoticias.com.pe\" \/>\n<meta property=\"article:publisher\" content=\"https:\/\/www.facebook.com\/Aeronoticias.com.pe\/\" \/>\n<meta property=\"article:published_time\" content=\"2020-12-25T02:39:59+00:00\" \/>\n<meta property=\"article:modified_time\" content=\"2020-12-25T02:40:04+00:00\" \/>\n<meta property=\"og:image\" content=\"https:\/\/aeronoticias.com.pe\/noticiero\/wp-content\/uploads\/2020\/12\/aspa-pilotos-navidad.jpg\" \/>\n\t<meta property=\"og:image:width\" content=\"1280\" \/>\n\t<meta property=\"og:image:height\" content=\"790\" \/>\n\t<meta property=\"og:image:type\" content=\"image\/jpeg\" \/>\n<meta name=\"author\" content=\"Jefrey Cuya\" \/>\n<meta name=\"twitter:card\" content=\"summary_large_image\" \/>\n<meta name=\"twitter:creator\" content=\"@aeronoticias\" \/>\n<meta name=\"twitter:site\" content=\"@aeronoticias\" \/>\n<meta name=\"twitter:label1\" content=\"Escrito por\" \/>\n\t<meta name=\"twitter:data1\" content=\"Jefrey Cuya\" \/>\n\t<meta name=\"twitter:label2\" content=\"Tiempo de lectura\" \/>\n\t<meta name=\"twitter:data2\" content=\"2 minutos\" \/>\n<script type=\"application\/ld+json\" class=\"yoast-schema-graph\">{\"@context\":\"https:\/\/schema.org\",\"@graph\":[{\"@type\":\"WebPage\",\"@id\":\"https:\/\/aeronoticias.com.pe\/noticiero\/transporte-aereo\/casi-700-pilotos-estaran-activos-en-nochebuena-y-ano-nuevo\/\",\"url\":\"https:\/\/aeronoticias.com.pe\/noticiero\/transporte-aereo\/casi-700-pilotos-estaran-activos-en-nochebuena-y-ano-nuevo\/\",\"name\":\"Casi 700 pilotos estar\u00e1n activos en Nochebuena y A\u00f1o Nuevo\",\"isPartOf\":{\"@id\":\"https:\/\/aeronoticias.com.pe\/noticiero\/#website\"},\"primaryImageOfPage\":{\"@id\":\"https:\/\/aeronoticias.com.pe\/noticiero\/transporte-aereo\/casi-700-pilotos-estaran-activos-en-nochebuena-y-ano-nuevo\/#primaryimage\"},\"image\":{\"@id\":\"https:\/\/aeronoticias.com.pe\/noticiero\/transporte-aereo\/casi-700-pilotos-estaran-activos-en-nochebuena-y-ano-nuevo\/#primaryimage\"},\"thumbnailUrl\":\"https:\/\/aeronoticias.com.pe\/noticiero\/wp-content\/uploads\/2020\/12\/aspa-pilotos-navidad.jpg\",\"datePublished\":\"2020-12-25T02:39:59+00:00\",\"dateModified\":\"2020-12-25T02:40:04+00:00\",\"author\":{\"@id\":\"https:\/\/aeronoticias.com.pe\/noticiero\/#\/schema\/person\/9ef7422a13b22ab480ffc29639f442b0\"},\"description\":\"Portal de noticias del Per\u00fa sobre el transporte a\u00e9reo, aviaci\u00f3n, turismo, hoteleria, actualidad.\",\"breadcrumb\":{\"@id\":\"https:\/\/aeronoticias.com.pe\/noticiero\/transporte-aereo\/casi-700-pilotos-estaran-activos-en-nochebuena-y-ano-nuevo\/#breadcrumb\"},\"inLanguage\":\"es\",\"potentialAction\":[{\"@type\":\"ReadAction\",\"target\":[\"https:\/\/aeronoticias.com.pe\/noticiero\/transporte-aereo\/casi-700-pilotos-estaran-activos-en-nochebuena-y-ano-nuevo\/\"]}]},{\"@type\":\"ImageObject\",\"inLanguage\":\"es\",\"@id\":\"https:\/\/aeronoticias.com.pe\/noticiero\/transporte-aereo\/casi-700-pilotos-estaran-activos-en-nochebuena-y-ano-nuevo\/#primaryimage\",\"url\":\"https:\/\/aeronoticias.com.pe\/noticiero\/wp-content\/uploads\/2020\/12\/aspa-pilotos-navidad.jpg\",\"contentUrl\":\"https:\/\/aeronoticias.com.pe\/noticiero\/wp-content\/uploads\/2020\/12\/aspa-pilotos-navidad.jpg\",\"width\":1280,\"height\":790},{\"@type\":\"BreadcrumbList\",\"@id\":\"https:\/\/aeronoticias.com.pe\/noticiero\/transporte-aereo\/casi-700-pilotos-estaran-activos-en-nochebuena-y-ano-nuevo\/#breadcrumb\",\"itemListElement\":[{\"@type\":\"ListItem\",\"position\":1,\"name\":\"Portada\",\"item\":\"https:\/\/aeronoticias.com.pe\/noticiero\/\"},{\"@type\":\"ListItem\",\"position\":2,\"name\":\"Casi 700 pilotos estar\u00e1n activos en Nochebuena y A\u00f1o Nuevo\"}]},{\"@type\":\"WebSite\",\"@id\":\"https:\/\/aeronoticias.com.pe\/noticiero\/#website\",\"url\":\"https:\/\/aeronoticias.com.pe\/noticiero\/\",\"name\":\"Aeronoticias.com.pe\",\"description\":\"Noticias de tranporte aereo, turismo, hoteles, gastronomia, actualidad, internacional\",\"potentialAction\":[{\"@type\":\"SearchAction\",\"target\":{\"@type\":\"EntryPoint\",\"urlTemplate\":\"https:\/\/aeronoticias.com.pe\/noticiero\/?s={search_term_string}\"},\"query-input\":{\"@type\":\"PropertyValueSpecification\",\"valueRequired\":true,\"valueName\":\"search_term_string\"}}],\"inLanguage\":\"es\"},{\"@type\":\"Person\",\"@id\":\"https:\/\/aeronoticias.com.pe\/noticiero\/#\/schema\/person\/9ef7422a13b22ab480ffc29639f442b0\",\"name\":\"Jefrey Cuya\",\"url\":\"https:\/\/aeronoticias.com.pe\/noticiero\/author\/jefreycuya\/\"}]}<\/script>\n<!-- \/ Yoast SEO plugin. -->","yoast_head_json":{"title":"Casi 700 pilotos estar\u00e1n activos en Nochebuena y A\u00f1o Nuevo","description":"Portal de noticias del Per\u00fa sobre el transporte a\u00e9reo, aviaci\u00f3n, turismo, hoteleria, actualidad.","robots":{"index":"index","follow":"follow","max-snippet":"max-snippet:-1","max-image-preview":"max-image-preview:large","max-video-preview":"max-video-preview:-1"},"canonical":"https:\/\/aeronoticias.com.pe\/noticiero\/transporte-aereo\/casi-700-pilotos-estaran-activos-en-nochebuena-y-ano-nuevo\/","og_locale":"es_ES","og_type":"article","og_title":"Casi 700 pilotos estar\u00e1n activos en Nochebuena y A\u00f1o Nuevo","og_description":"Portal de noticias del Per\u00fa sobre el transporte a\u00e9reo, aviaci\u00f3n, turismo, hoteleria, actualidad.","og_url":"https:\/\/aeronoticias.com.pe\/noticiero\/transporte-aereo\/casi-700-pilotos-estaran-activos-en-nochebuena-y-ano-nuevo\/","og_site_name":"Aeronoticias.com.pe","article_publisher":"https:\/\/www.facebook.com\/Aeronoticias.com.pe\/","article_published_time":"2020-12-25T02:39:59+00:00","article_modified_time":"2020-12-25T02:40:04+00:00","og_image":[{"width":1280,"height":790,"url":"https:\/\/aeronoticias.com.pe\/noticiero\/wp-content\/uploads\/2020\/12\/aspa-pilotos-navidad.jpg","type":"image\/jpeg"}],"author":"Jefrey Cuya","twitter_card":"summary_large_image","twitter_creator":"@aeronoticias","twitter_site":"@aeronoticias","twitter_misc":{"Escrito por":"Jefrey Cuya","Tiempo de lectura":"2 minutos"},"schema":{"@context":"https:\/\/schema.org","@graph":[{"@type":"WebPage","@id":"https:\/\/aeronoticias.com.pe\/noticiero\/transporte-aereo\/casi-700-pilotos-estaran-activos-en-nochebuena-y-ano-nuevo\/","url":"https:\/\/aeronoticias.com.pe\/noticiero\/transporte-aereo\/casi-700-pilotos-estaran-activos-en-nochebuena-y-ano-nuevo\/","name":"Casi 700 pilotos estar\u00e1n activos en Nochebuena y A\u00f1o Nuevo","isPartOf":{"@id":"https:\/\/aeronoticias.com.pe\/noticiero\/#website"},"primaryImageOfPage":{"@id":"https:\/\/aeronoticias.com.pe\/noticiero\/transporte-aereo\/casi-700-pilotos-estaran-activos-en-nochebuena-y-ano-nuevo\/#primaryimage"},"image":{"@id":"https:\/\/aeronoticias.com.pe\/noticiero\/transporte-aereo\/casi-700-pilotos-estaran-activos-en-nochebuena-y-ano-nuevo\/#primaryimage"},"thumbnailUrl":"https:\/\/aeronoticias.com.pe\/noticiero\/wp-content\/uploads\/2020\/12\/aspa-pilotos-navidad.jpg","datePublished":"2020-12-25T02:39:59+00:00","dateModified":"2020-12-25T02:40:04+00:00","author":{"@id":"https:\/\/aeronoticias.com.pe\/noticiero\/#\/schema\/person\/9ef7422a13b22ab480ffc29639f442b0"},"description":"Portal de noticias del Per\u00fa sobre el transporte a\u00e9reo, aviaci\u00f3n, turismo, hoteleria, actualidad.","breadcrumb":{"@id":"https:\/\/aeronoticias.com.pe\/noticiero\/transporte-aereo\/casi-700-pilotos-estaran-activos-en-nochebuena-y-ano-nuevo\/#breadcrumb"},"inLanguage":"es","potentialAction":[{"@type":"ReadAction","target":["https:\/\/aeronoticias.com.pe\/noticiero\/transporte-aereo\/casi-700-pilotos-estaran-activos-en-nochebuena-y-ano-nuevo\/"]}]},{"@type":"ImageObject","inLanguage":"es","@id":"https:\/\/aeronoticias.com.pe\/noticiero\/transporte-aereo\/casi-700-pilotos-estaran-activos-en-nochebuena-y-ano-nuevo\/#primaryimage","url":"https:\/\/aeronoticias.com.pe\/noticiero\/wp-content\/uploads\/2020\/12\/aspa-pilotos-navidad.jpg","contentUrl":"https:\/\/aeronoticias.com.pe\/noticiero\/wp-content\/uploads\/2020\/12\/aspa-pilotos-navidad.jpg","width":1280,"height":790},{"@type":"BreadcrumbList","@id":"https:\/\/aeronoticias.com.pe\/noticiero\/transporte-aereo\/casi-700-pilotos-estaran-activos-en-nochebuena-y-ano-nuevo\/#breadcrumb","itemListElement":[{"@type":"ListItem","position":1,"name":"Portada","item":"https:\/\/aeronoticias.com.pe\/noticiero\/"},{"@type":"ListItem","position":2,"name":"Casi 700 pilotos estar\u00e1n activos en Nochebuena y A\u00f1o Nuevo"}]},{"@type":"WebSite","@id":"https:\/\/aeronoticias.com.pe\/noticiero\/#website","url":"https:\/\/aeronoticias.com.pe\/noticiero\/","name":"Aeronoticias.com.pe","description":"Noticias de tranporte aereo, turismo, hoteles, gastronomia, actualidad, internacional","potentialAction":[{"@type":"SearchAction","target":{"@type":"EntryPoint","urlTemplate":"https:\/\/aeronoticias.com.pe\/noticiero\/?s={search_term_string}"},"query-input":{"@type":"PropertyValueSpecification","valueRequired":true,"valueName":"search_term_string"}}],"inLanguage":"es"},{"@type":"Person","@id":"https:\/\/aeronoticias.com.pe\/noticiero\/#\/schema\/person\/9ef7422a13b22ab480ffc29639f442b0","name":"Jefrey Cuya","url":"https:\/\/aeronoticias.com.pe\/noticiero\/author\/jefreycuya\/"}]}},"_links":{"self":[{"href":"https:\/\/aeronoticias.com.pe\/noticiero\/wp-json\/wp\/v2\/posts\/68133","targetHints":{"allow":["GET"]}}],"collection":[{"href":"https:\/\/aeronoticias.com.pe\/noticiero\/wp-json\/wp\/v2\/posts"}],"about":[{"href":"https:\/\/aeronoticias.com.pe\/noticiero\/wp-json\/wp\/v2\/types\/post"}],"author":[{"embeddable":true,"href":"https:\/\/aeronoticias.com.pe\/noticiero\/wp-json\/wp\/v2\/users\/4"}],"replies":[{"embeddable":true,"href":"https:\/\/aeronoticias.com.pe\/noticiero\/wp-json\/wp\/v2\/comments?post=68133"}],"version-history":[{"count":0,"href":"https:\/\/aeronoticias.com.pe\/noticiero\/wp-json\/wp\/v2\/posts\/68133\/revisions"}],"wp:featuredmedia":[{"embeddable":true,"href":"https:\/\/aeronoticias.com.pe\/noticiero\/wp-json\/wp\/v2\/media\/68134"}],"wp:attachment":[{"href":"https:\/\/aeronoticias.com.pe\/noticiero\/wp-json\/wp\/v2\/media?parent=68133"}],"wp:term":[{"taxonomy":"category","embeddable":true,"href":"https:\/\/aeronoticias.com.pe\/noticiero\/wp-json\/wp\/v2\/categories?post=68133"},{"taxonomy":"post_tag","embeddable":true,"href":"https:\/\/aeronoticias.com.pe\/noticiero\/wp-json\/wp\/v2\/tags?post=68133"}],"curies":[{"name":"wp","href":"https:\/\/api.w.org\/{rel}","templated":true}]}}