{"id":68146,"date":"2020-12-27T06:36:06","date_gmt":"2020-12-27T11:36:06","guid":{"rendered":"https:\/\/aeronoticias.com.pe\/noticiero\/?p=68146"},"modified":"2020-12-27T06:36:10","modified_gmt":"2020-12-27T11:36:10","slug":"un-incidente-con-un-737-max-desato-las-alarmas-en-arizona","status":"publish","type":"post","link":"https:\/\/aeronoticias.com.pe\/noticiero\/transporte-aereo\/un-incidente-con-un-737-max-desato-las-alarmas-en-arizona\/","title":{"rendered":"Un incidente con un 737 Max desat\u00f3 las alarmas en Arizona"},"content":{"rendered":"\n<p><strong>(Aeronoticias)<\/strong>.- Prep\u00e1rense porque desde ahora, hasta el menor incidente de un avi\u00f3n 737 Max ocupar\u00e1 p\u00e1ginas y p\u00e1ginas en los peri\u00f3dicos. Como ya ha empezado a ocurrir.\u00a0<\/p>\n\n\n\n<p>El pasado martes 22, un avi\u00f3n de este modelo, propiedad de Air Canad\u00e1, sufri\u00f3 un problema ventilado en todos los medios americanos. Iba desde Arizona a Montreal, cuando sufri\u00f3 un problema en un motor. Nada que ver con la aver\u00eda habitual en estos aparatos.&nbsp;<\/p>\n\n\n\n<p>El avi\u00f3n s\u00f3lo llevaba tres personas a bordo porque no estaba en servicio. Aparentemente el avi\u00f3n despeg\u00f3 de Pinal Air Park, en Arizona, un dep\u00f3sito para aeronaves. El avi\u00f3n, presumiblemente, se dispon\u00eda a reincorporarse a la compa\u00f1\u00eda para reiniciar las operaciones. Inmediatamente fue desviado al aeropuerto de Tucson, en el mismo estado de Arizona.<\/p>\n\n\n\n<p>Air Canad\u00e1 inform\u00f3 inmediatamente que el avi\u00f3n present\u00f3 una advertencia de una incidencia en uno de los dos motores y que los pilotos, en respuesta al aviso, decidieron apagarlo y aterrizar en el primero aeropuerto disponible.<\/p>\n\n\n\n<p>El aterrizaje tuvo lugar sin incidencias y anoche, s\u00e1bado, el aparato a\u00fan segu\u00eda all\u00ed.&nbsp;<\/p>\n\n\n\n<p>Seg\u00fan han indicado otras fuentes, la incidencia tendr\u00eda relaci\u00f3n con la baja presi\u00f3n hidr\u00e1ulica en el motor izquierdo.&nbsp;<\/p>\n\n\n\n<p>Air Canad\u00e1 dijo que los aviones est\u00e1n perfectamente preparados para volar con un \u00fanico motor en caso de una incidencia en el otro.<\/p>\n\n\n\n<p>Boeing, que debe de estar aterrorizada por la mala imagen que incidentes por otro lado totalmente normales en la aviaci\u00f3n puedan generarle, no respondi\u00f3 a las peticiones de aclaraci\u00f3n que le hicieron los medios de comunicaci\u00f3n.<\/p>\n\n\n\n<p>Fuente: Preferente.com<\/p>\n","protected":false},"excerpt":{"rendered":"<p>(Aeronoticias).- Prep\u00e1rense porque desde ahora, hasta el menor incidente de un avi\u00f3n 737 Max ocupar\u00e1 p\u00e1ginas y p\u00e1ginas en los peri\u00f3dicos. Como ya ha empezado a ocurrir.\u00a0 El pasado martes 22, un avi\u00f3n de este modelo, propiedad de Air Canad\u00e1, sufri\u00f3 un problema ventilado en todos los medios americanos. Iba desde Arizona a Montreal, cuando [&hellip;]<\/p>\n","protected":false},"author":4,"featured_media":68147,"comment_status":"open","ping_status":"open","sticky":false,"template":"","format":"standard","meta":{"tdm_status":"","tdm_grid_status":"","footnotes":""},"categories":[32,11],"tags":[1177,1176],"class_list":{"0":"post-68146","1":"post","2":"type-post","3":"status-publish","4":"format-standard","5":"has-post-thumbnail","7":"category-internacional","8":"category-transporte-aereo","9":"tag-737max","10":"tag-arizona"},"yoast_head":"<!-- This site is optimized with the Yoast SEO plugin v25.1 - https:\/\/yoast.com\/wordpress\/plugins\/seo\/ -->\n<title>Un incidente con un 737 Max desat\u00f3 las alarmas en Arizona<\/title>\n<meta name=\"description\" content=\"Portal de noticias del Per\u00fa sobre el transporte a\u00e9reo, aviaci\u00f3n, turismo, hoteleria, actualidad.\" \/>\n<meta name=\"robots\" content=\"index, follow, max-snippet:-1, max-image-preview:large, max-video-preview:-1\" \/>\n<link rel=\"canonical\" href=\"https:\/\/aeronoticias.com.pe\/noticiero\/transporte-aereo\/un-incidente-con-un-737-max-desato-las-alarmas-en-arizona\/\" \/>\n<meta property=\"og:locale\" content=\"es_ES\" \/>\n<meta property=\"og:type\" content=\"article\" \/>\n<meta property=\"og:title\" content=\"Un incidente con un 737 Max desat\u00f3 las alarmas en Arizona\" \/>\n<meta property=\"og:description\" content=\"Portal de noticias del Per\u00fa sobre el transporte a\u00e9reo, aviaci\u00f3n, turismo, hoteleria, actualidad.\" \/>\n<meta property=\"og:url\" content=\"https:\/\/aeronoticias.com.pe\/noticiero\/transporte-aereo\/un-incidente-con-un-737-max-desato-las-alarmas-en-arizona\/\" \/>\n<meta property=\"og:site_name\" content=\"Aeronoticias.com.pe\" \/>\n<meta property=\"article:publisher\" content=\"https:\/\/www.facebook.com\/Aeronoticias.com.pe\/\" \/>\n<meta property=\"article:published_time\" content=\"2020-12-27T11:36:06+00:00\" \/>\n<meta property=\"article:modified_time\" content=\"2020-12-27T11:36:10+00:00\" \/>\n<meta property=\"og:image\" content=\"https:\/\/aeronoticias.com.pe\/noticiero\/wp-content\/uploads\/2020\/12\/Boeing-737Max8_opt.jpg\" \/>\n\t<meta property=\"og:image:width\" content=\"600\" \/>\n\t<meta property=\"og:image:height\" content=\"480\" \/>\n\t<meta property=\"og:image:type\" content=\"image\/jpeg\" \/>\n<meta name=\"author\" content=\"Jefrey Cuya\" \/>\n<meta name=\"twitter:card\" content=\"summary_large_image\" \/>\n<meta name=\"twitter:creator\" content=\"@aeronoticias\" \/>\n<meta name=\"twitter:site\" content=\"@aeronoticias\" \/>\n<meta name=\"twitter:label1\" content=\"Escrito por\" \/>\n\t<meta name=\"twitter:data1\" content=\"Jefrey Cuya\" \/>\n\t<meta name=\"twitter:label2\" content=\"Tiempo de lectura\" \/>\n\t<meta name=\"twitter:data2\" content=\"1 minuto\" \/>\n<script type=\"application\/ld+json\" class=\"yoast-schema-graph\">{\"@context\":\"https:\/\/schema.org\",\"@graph\":[{\"@type\":\"WebPage\",\"@id\":\"https:\/\/aeronoticias.com.pe\/noticiero\/transporte-aereo\/un-incidente-con-un-737-max-desato-las-alarmas-en-arizona\/\",\"url\":\"https:\/\/aeronoticias.com.pe\/noticiero\/transporte-aereo\/un-incidente-con-un-737-max-desato-las-alarmas-en-arizona\/\",\"name\":\"Un incidente con un 737 Max desat\u00f3 las alarmas en Arizona\",\"isPartOf\":{\"@id\":\"https:\/\/aeronoticias.com.pe\/noticiero\/#website\"},\"primaryImageOfPage\":{\"@id\":\"https:\/\/aeronoticias.com.pe\/noticiero\/transporte-aereo\/un-incidente-con-un-737-max-desato-las-alarmas-en-arizona\/#primaryimage\"},\"image\":{\"@id\":\"https:\/\/aeronoticias.com.pe\/noticiero\/transporte-aereo\/un-incidente-con-un-737-max-desato-las-alarmas-en-arizona\/#primaryimage\"},\"thumbnailUrl\":\"https:\/\/aeronoticias.com.pe\/noticiero\/wp-content\/uploads\/2020\/12\/Boeing-737Max8_opt.jpg\",\"datePublished\":\"2020-12-27T11:36:06+00:00\",\"dateModified\":\"2020-12-27T11:36:10+00:00\",\"author\":{\"@id\":\"https:\/\/aeronoticias.com.pe\/noticiero\/#\/schema\/person\/9ef7422a13b22ab480ffc29639f442b0\"},\"description\":\"Portal de noticias del Per\u00fa sobre el transporte a\u00e9reo, aviaci\u00f3n, turismo, hoteleria, actualidad.\",\"breadcrumb\":{\"@id\":\"https:\/\/aeronoticias.com.pe\/noticiero\/transporte-aereo\/un-incidente-con-un-737-max-desato-las-alarmas-en-arizona\/#breadcrumb\"},\"inLanguage\":\"es\",\"potentialAction\":[{\"@type\":\"ReadAction\",\"target\":[\"https:\/\/aeronoticias.com.pe\/noticiero\/transporte-aereo\/un-incidente-con-un-737-max-desato-las-alarmas-en-arizona\/\"]}]},{\"@type\":\"ImageObject\",\"inLanguage\":\"es\",\"@id\":\"https:\/\/aeronoticias.com.pe\/noticiero\/transporte-aereo\/un-incidente-con-un-737-max-desato-las-alarmas-en-arizona\/#primaryimage\",\"url\":\"https:\/\/aeronoticias.com.pe\/noticiero\/wp-content\/uploads\/2020\/12\/Boeing-737Max8_opt.jpg\",\"contentUrl\":\"https:\/\/aeronoticias.com.pe\/noticiero\/wp-content\/uploads\/2020\/12\/Boeing-737Max8_opt.jpg\",\"width\":600,\"height\":480,\"caption\":\"3D imagery, 737 MAX, MAX, 737 MAX 7, 737 MAX8, 737 MAX 9\"},{\"@type\":\"BreadcrumbList\",\"@id\":\"https:\/\/aeronoticias.com.pe\/noticiero\/transporte-aereo\/un-incidente-con-un-737-max-desato-las-alarmas-en-arizona\/#breadcrumb\",\"itemListElement\":[{\"@type\":\"ListItem\",\"position\":1,\"name\":\"Portada\",\"item\":\"https:\/\/aeronoticias.com.pe\/noticiero\/\"},{\"@type\":\"ListItem\",\"position\":2,\"name\":\"Un incidente con un 737 Max desat\u00f3 las alarmas en Arizona\"}]},{\"@type\":\"WebSite\",\"@id\":\"https:\/\/aeronoticias.com.pe\/noticiero\/#website\",\"url\":\"https:\/\/aeronoticias.com.pe\/noticiero\/\",\"name\":\"Aeronoticias.com.pe\",\"description\":\"Noticias de tranporte aereo, turismo, hoteles, gastronomia, actualidad, internacional\",\"potentialAction\":[{\"@type\":\"SearchAction\",\"target\":{\"@type\":\"EntryPoint\",\"urlTemplate\":\"https:\/\/aeronoticias.com.pe\/noticiero\/?s={search_term_string}\"},\"query-input\":{\"@type\":\"PropertyValueSpecification\",\"valueRequired\":true,\"valueName\":\"search_term_string\"}}],\"inLanguage\":\"es\"},{\"@type\":\"Person\",\"@id\":\"https:\/\/aeronoticias.com.pe\/noticiero\/#\/schema\/person\/9ef7422a13b22ab480ffc29639f442b0\",\"name\":\"Jefrey Cuya\",\"url\":\"https:\/\/aeronoticias.com.pe\/noticiero\/author\/jefreycuya\/\"}]}<\/script>\n<!-- \/ Yoast SEO plugin. -->","yoast_head_json":{"title":"Un incidente con un 737 Max desat\u00f3 las alarmas en Arizona","description":"Portal de noticias del Per\u00fa sobre el transporte a\u00e9reo, aviaci\u00f3n, turismo, hoteleria, actualidad.","robots":{"index":"index","follow":"follow","max-snippet":"max-snippet:-1","max-image-preview":"max-image-preview:large","max-video-preview":"max-video-preview:-1"},"canonical":"https:\/\/aeronoticias.com.pe\/noticiero\/transporte-aereo\/un-incidente-con-un-737-max-desato-las-alarmas-en-arizona\/","og_locale":"es_ES","og_type":"article","og_title":"Un incidente con un 737 Max desat\u00f3 las alarmas en Arizona","og_description":"Portal de noticias del Per\u00fa sobre el transporte a\u00e9reo, aviaci\u00f3n, turismo, hoteleria, actualidad.","og_url":"https:\/\/aeronoticias.com.pe\/noticiero\/transporte-aereo\/un-incidente-con-un-737-max-desato-las-alarmas-en-arizona\/","og_site_name":"Aeronoticias.com.pe","article_publisher":"https:\/\/www.facebook.com\/Aeronoticias.com.pe\/","article_published_time":"2020-12-27T11:36:06+00:00","article_modified_time":"2020-12-27T11:36:10+00:00","og_image":[{"width":600,"height":480,"url":"https:\/\/aeronoticias.com.pe\/noticiero\/wp-content\/uploads\/2020\/12\/Boeing-737Max8_opt.jpg","type":"image\/jpeg"}],"author":"Jefrey Cuya","twitter_card":"summary_large_image","twitter_creator":"@aeronoticias","twitter_site":"@aeronoticias","twitter_misc":{"Escrito por":"Jefrey Cuya","Tiempo de lectura":"1 minuto"},"schema":{"@context":"https:\/\/schema.org","@graph":[{"@type":"WebPage","@id":"https:\/\/aeronoticias.com.pe\/noticiero\/transporte-aereo\/un-incidente-con-un-737-max-desato-las-alarmas-en-arizona\/","url":"https:\/\/aeronoticias.com.pe\/noticiero\/transporte-aereo\/un-incidente-con-un-737-max-desato-las-alarmas-en-arizona\/","name":"Un incidente con un 737 Max desat\u00f3 las alarmas en Arizona","isPartOf":{"@id":"https:\/\/aeronoticias.com.pe\/noticiero\/#website"},"primaryImageOfPage":{"@id":"https:\/\/aeronoticias.com.pe\/noticiero\/transporte-aereo\/un-incidente-con-un-737-max-desato-las-alarmas-en-arizona\/#primaryimage"},"image":{"@id":"https:\/\/aeronoticias.com.pe\/noticiero\/transporte-aereo\/un-incidente-con-un-737-max-desato-las-alarmas-en-arizona\/#primaryimage"},"thumbnailUrl":"https:\/\/aeronoticias.com.pe\/noticiero\/wp-content\/uploads\/2020\/12\/Boeing-737Max8_opt.jpg","datePublished":"2020-12-27T11:36:06+00:00","dateModified":"2020-12-27T11:36:10+00:00","author":{"@id":"https:\/\/aeronoticias.com.pe\/noticiero\/#\/schema\/person\/9ef7422a13b22ab480ffc29639f442b0"},"description":"Portal de noticias del Per\u00fa sobre el transporte a\u00e9reo, aviaci\u00f3n, turismo, hoteleria, actualidad.","breadcrumb":{"@id":"https:\/\/aeronoticias.com.pe\/noticiero\/transporte-aereo\/un-incidente-con-un-737-max-desato-las-alarmas-en-arizona\/#breadcrumb"},"inLanguage":"es","potentialAction":[{"@type":"ReadAction","target":["https:\/\/aeronoticias.com.pe\/noticiero\/transporte-aereo\/un-incidente-con-un-737-max-desato-las-alarmas-en-arizona\/"]}]},{"@type":"ImageObject","inLanguage":"es","@id":"https:\/\/aeronoticias.com.pe\/noticiero\/transporte-aereo\/un-incidente-con-un-737-max-desato-las-alarmas-en-arizona\/#primaryimage","url":"https:\/\/aeronoticias.com.pe\/noticiero\/wp-content\/uploads\/2020\/12\/Boeing-737Max8_opt.jpg","contentUrl":"https:\/\/aeronoticias.com.pe\/noticiero\/wp-content\/uploads\/2020\/12\/Boeing-737Max8_opt.jpg","width":600,"height":480,"caption":"3D imagery, 737 MAX, MAX, 737 MAX 7, 737 MAX8, 737 MAX 9"},{"@type":"BreadcrumbList","@id":"https:\/\/aeronoticias.com.pe\/noticiero\/transporte-aereo\/un-incidente-con-un-737-max-desato-las-alarmas-en-arizona\/#breadcrumb","itemListElement":[{"@type":"ListItem","position":1,"name":"Portada","item":"https:\/\/aeronoticias.com.pe\/noticiero\/"},{"@type":"ListItem","position":2,"name":"Un incidente con un 737 Max desat\u00f3 las alarmas en Arizona"}]},{"@type":"WebSite","@id":"https:\/\/aeronoticias.com.pe\/noticiero\/#website","url":"https:\/\/aeronoticias.com.pe\/noticiero\/","name":"Aeronoticias.com.pe","description":"Noticias de tranporte aereo, turismo, hoteles, gastronomia, actualidad, internacional","potentialAction":[{"@type":"SearchAction","target":{"@type":"EntryPoint","urlTemplate":"https:\/\/aeronoticias.com.pe\/noticiero\/?s={search_term_string}"},"query-input":{"@type":"PropertyValueSpecification","valueRequired":true,"valueName":"search_term_string"}}],"inLanguage":"es"},{"@type":"Person","@id":"https:\/\/aeronoticias.com.pe\/noticiero\/#\/schema\/person\/9ef7422a13b22ab480ffc29639f442b0","name":"Jefrey Cuya","url":"https:\/\/aeronoticias.com.pe\/noticiero\/author\/jefreycuya\/"}]}},"_links":{"self":[{"href":"https:\/\/aeronoticias.com.pe\/noticiero\/wp-json\/wp\/v2\/posts\/68146","targetHints":{"allow":["GET"]}}],"collection":[{"href":"https:\/\/aeronoticias.com.pe\/noticiero\/wp-json\/wp\/v2\/posts"}],"about":[{"href":"https:\/\/aeronoticias.com.pe\/noticiero\/wp-json\/wp\/v2\/types\/post"}],"author":[{"embeddable":true,"href":"https:\/\/aeronoticias.com.pe\/noticiero\/wp-json\/wp\/v2\/users\/4"}],"replies":[{"embeddable":true,"href":"https:\/\/aeronoticias.com.pe\/noticiero\/wp-json\/wp\/v2\/comments?post=68146"}],"version-history":[{"count":0,"href":"https:\/\/aeronoticias.com.pe\/noticiero\/wp-json\/wp\/v2\/posts\/68146\/revisions"}],"wp:featuredmedia":[{"embeddable":true,"href":"https:\/\/aeronoticias.com.pe\/noticiero\/wp-json\/wp\/v2\/media\/68147"}],"wp:attachment":[{"href":"https:\/\/aeronoticias.com.pe\/noticiero\/wp-json\/wp\/v2\/media?parent=68146"}],"wp:term":[{"taxonomy":"category","embeddable":true,"href":"https:\/\/aeronoticias.com.pe\/noticiero\/wp-json\/wp\/v2\/categories?post=68146"},{"taxonomy":"post_tag","embeddable":true,"href":"https:\/\/aeronoticias.com.pe\/noticiero\/wp-json\/wp\/v2\/tags?post=68146"}],"curies":[{"name":"wp","href":"https:\/\/api.w.org\/{rel}","templated":true}]}}