{"id":68201,"date":"2021-01-02T18:55:00","date_gmt":"2021-01-02T23:55:00","guid":{"rendered":"https:\/\/aeronoticias.com.pe\/noticiero\/?p=68201"},"modified":"2021-01-02T18:56:05","modified_gmt":"2021-01-02T23:56:05","slug":"peru-libre-inscribe-candidatura-de-julian-palacin-al-congreso-con-el-numero-7-por-lima","status":"publish","type":"post","link":"https:\/\/aeronoticias.com.pe\/noticiero\/politica\/peru-libre-inscribe-candidatura-de-julian-palacin-al-congreso-con-el-numero-7-por-lima\/","title":{"rendered":"Per\u00fa Libre inscribe candidatura de Juli\u00e1n Palacin al Congreso con el n\u00famero 7 por Lima"},"content":{"rendered":"\n<p><strong>(Aeronoticias)<\/strong>.- El JEE de Lima Centro 2 declar\u00f3 improcedente la solicitud de inscripci\u00f3n de algunas candidaturas, por lo que admiti\u00f3 en parte la lista de candidatos de estas agrupaciones.<\/p>\n\n\n\n<p>En el caso de la agrupaci\u00f3n&nbsp;<strong>Per\u00fa Libre<\/strong>, el JEE admiti\u00f3 29 de las 34 candidaturas presentadas por la personera legal titular&nbsp;<strong>Ana Mar\u00eda C\u00f3rdova<\/strong>.<\/p>\n\n\n\n<p>Cinco fueron declaradas improcedentes, de quienes postulaban por los n\u00fameros 2, 3, 9, 26 y 33,&nbsp;<em>\u201cquedando en consecuencia excluidos de la lista de candidatos\u201d.<\/em><\/p>\n\n\n\n<p>En el partido&nbsp;<strong>Uni\u00f3n por el Per\u00fa<\/strong>, el JEE de Lima Centro 2 resolvi\u00f3 admitir la candidatura de&nbsp;<strong>14 aspirantes al Congreso y rechazar 20 de ellas.<\/strong><\/p>\n\n\n\n<p>Se declar\u00f3 improcedentes la solicitud de quienes se presentaron con los siguientes n\u00fameros: 2, 8, 10, 11, 12, 13, 14, 15, 17, 18, 20, 21, 23, 25, 26, 28, 29, 30, 31 y 33.<\/p>\n\n\n\n<p>Finalmente, se admiti\u00f3 la solicitud de inscripci\u00f3n de 32 de los 34 candidatos por el partido&nbsp;<strong>Per\u00fa Patria Segura<\/strong>. Las candidaturas rechazadas fueron de quienes llevaban los n\u00fameros 12 y 13 por no presentar licencias sin goce de haber en el per\u00edodo establecido.<\/p>\n\n\n\n<p>Las tres listas ser\u00e1n publicadas en el portal electr\u00f3nico institucional del Jurado Nacional de Elecciones y en el panel de este JEE,<em>&nbsp;\u201cpara los efectos de tachas conforme a lo dispuesto en el art\u00edculo 43 del reglamento\u201d.<\/em><\/p>\n\n\n\n<p>Fuente: <strong><em>El Comercio<\/em><\/strong>.<\/p>\n","protected":false},"excerpt":{"rendered":"<p>(Aeronoticias).- El JEE de Lima Centro 2 declar\u00f3 improcedente la solicitud de inscripci\u00f3n de algunas candidaturas, por lo que admiti\u00f3 en parte la lista de candidatos de estas agrupaciones. En el caso de la agrupaci\u00f3n&nbsp;Per\u00fa Libre, el JEE admiti\u00f3 29 de las 34 candidaturas presentadas por la personera legal titular&nbsp;Ana Mar\u00eda C\u00f3rdova. Cinco fueron declaradas [&hellip;]<\/p>\n","protected":false},"author":5,"featured_media":68202,"comment_status":"open","ping_status":"open","sticky":false,"template":"","format":"standard","meta":{"tdm_status":"","tdm_grid_status":"","footnotes":""},"categories":[36],"tags":[1188,434,1189],"class_list":{"0":"post-68201","1":"post","2":"type-post","3":"status-publish","4":"format-standard","5":"has-post-thumbnail","7":"category-politica","8":"tag-julian-palacin-2","9":"tag-lima","10":"tag-peru-libre"},"yoast_head":"<!-- This site is optimized with the Yoast SEO plugin v25.1 - https:\/\/yoast.com\/wordpress\/plugins\/seo\/ -->\n<title>Per\u00fa Libre inscribe candidatura de Juli\u00e1n Palacin al Congreso con el n\u00famero 7 por Lima<\/title>\n<meta name=\"description\" content=\"Portal de noticias del Per\u00fa sobre el transporte a\u00e9reo, aviaci\u00f3n, turismo, hoteleria, actualidad.\" \/>\n<meta name=\"robots\" content=\"index, follow, max-snippet:-1, max-image-preview:large, max-video-preview:-1\" \/>\n<link rel=\"canonical\" href=\"https:\/\/aeronoticias.com.pe\/noticiero\/politica\/peru-libre-inscribe-candidatura-de-julian-palacin-al-congreso-con-el-numero-7-por-lima\/\" \/>\n<meta property=\"og:locale\" content=\"es_ES\" \/>\n<meta property=\"og:type\" content=\"article\" \/>\n<meta property=\"og:title\" content=\"Per\u00fa Libre inscribe candidatura de Juli\u00e1n Palacin al Congreso con el n\u00famero 7 por Lima\" \/>\n<meta property=\"og:description\" content=\"Portal de noticias del Per\u00fa sobre el transporte a\u00e9reo, aviaci\u00f3n, turismo, hoteleria, actualidad.\" \/>\n<meta property=\"og:url\" content=\"https:\/\/aeronoticias.com.pe\/noticiero\/politica\/peru-libre-inscribe-candidatura-de-julian-palacin-al-congreso-con-el-numero-7-por-lima\/\" \/>\n<meta property=\"og:site_name\" content=\"Aeronoticias.com.pe\" \/>\n<meta property=\"article:publisher\" content=\"https:\/\/www.facebook.com\/Aeronoticias.com.pe\/\" \/>\n<meta property=\"article:published_time\" content=\"2021-01-02T23:55:00+00:00\" \/>\n<meta property=\"article:modified_time\" content=\"2021-01-02T23:56:05+00:00\" \/>\n<meta property=\"og:image\" content=\"https:\/\/aeronoticias.com.pe\/noticiero\/wp-content\/uploads\/2021\/01\/IMG-20210101-WA0022.jpg\" \/>\n\t<meta property=\"og:image:width\" content=\"448\" \/>\n\t<meta property=\"og:image:height\" content=\"306\" \/>\n\t<meta property=\"og:image:type\" content=\"image\/jpeg\" \/>\n<meta name=\"author\" content=\"Redacci\u00f3n\" \/>\n<meta name=\"twitter:card\" content=\"summary_large_image\" \/>\n<meta name=\"twitter:creator\" content=\"@aeronoticias\" \/>\n<meta name=\"twitter:site\" content=\"@aeronoticias\" \/>\n<meta name=\"twitter:label1\" content=\"Escrito por\" \/>\n\t<meta name=\"twitter:data1\" content=\"Redacci\u00f3n\" \/>\n\t<meta name=\"twitter:label2\" content=\"Tiempo de lectura\" \/>\n\t<meta name=\"twitter:data2\" content=\"1 minuto\" \/>\n<script type=\"application\/ld+json\" class=\"yoast-schema-graph\">{\"@context\":\"https:\/\/schema.org\",\"@graph\":[{\"@type\":\"WebPage\",\"@id\":\"https:\/\/aeronoticias.com.pe\/noticiero\/politica\/peru-libre-inscribe-candidatura-de-julian-palacin-al-congreso-con-el-numero-7-por-lima\/\",\"url\":\"https:\/\/aeronoticias.com.pe\/noticiero\/politica\/peru-libre-inscribe-candidatura-de-julian-palacin-al-congreso-con-el-numero-7-por-lima\/\",\"name\":\"Per\u00fa Libre inscribe candidatura de Juli\u00e1n Palacin al Congreso con el n\u00famero 7 por Lima\",\"isPartOf\":{\"@id\":\"https:\/\/aeronoticias.com.pe\/noticiero\/#website\"},\"primaryImageOfPage\":{\"@id\":\"https:\/\/aeronoticias.com.pe\/noticiero\/politica\/peru-libre-inscribe-candidatura-de-julian-palacin-al-congreso-con-el-numero-7-por-lima\/#primaryimage\"},\"image\":{\"@id\":\"https:\/\/aeronoticias.com.pe\/noticiero\/politica\/peru-libre-inscribe-candidatura-de-julian-palacin-al-congreso-con-el-numero-7-por-lima\/#primaryimage\"},\"thumbnailUrl\":\"https:\/\/aeronoticias.com.pe\/noticiero\/wp-content\/uploads\/2021\/01\/IMG-20210101-WA0022.jpg\",\"datePublished\":\"2021-01-02T23:55:00+00:00\",\"dateModified\":\"2021-01-02T23:56:05+00:00\",\"author\":{\"@id\":\"https:\/\/aeronoticias.com.pe\/noticiero\/#\/schema\/person\/1f235680a6a48329fef0f8b66d4a5d7d\"},\"description\":\"Portal de noticias del Per\u00fa sobre el transporte a\u00e9reo, aviaci\u00f3n, turismo, hoteleria, actualidad.\",\"breadcrumb\":{\"@id\":\"https:\/\/aeronoticias.com.pe\/noticiero\/politica\/peru-libre-inscribe-candidatura-de-julian-palacin-al-congreso-con-el-numero-7-por-lima\/#breadcrumb\"},\"inLanguage\":\"es\",\"potentialAction\":[{\"@type\":\"ReadAction\",\"target\":[\"https:\/\/aeronoticias.com.pe\/noticiero\/politica\/peru-libre-inscribe-candidatura-de-julian-palacin-al-congreso-con-el-numero-7-por-lima\/\"]}]},{\"@type\":\"ImageObject\",\"inLanguage\":\"es\",\"@id\":\"https:\/\/aeronoticias.com.pe\/noticiero\/politica\/peru-libre-inscribe-candidatura-de-julian-palacin-al-congreso-con-el-numero-7-por-lima\/#primaryimage\",\"url\":\"https:\/\/aeronoticias.com.pe\/noticiero\/wp-content\/uploads\/2021\/01\/IMG-20210101-WA0022.jpg\",\"contentUrl\":\"https:\/\/aeronoticias.com.pe\/noticiero\/wp-content\/uploads\/2021\/01\/IMG-20210101-WA0022.jpg\",\"width\":448,\"height\":306},{\"@type\":\"BreadcrumbList\",\"@id\":\"https:\/\/aeronoticias.com.pe\/noticiero\/politica\/peru-libre-inscribe-candidatura-de-julian-palacin-al-congreso-con-el-numero-7-por-lima\/#breadcrumb\",\"itemListElement\":[{\"@type\":\"ListItem\",\"position\":1,\"name\":\"Portada\",\"item\":\"https:\/\/aeronoticias.com.pe\/noticiero\/\"},{\"@type\":\"ListItem\",\"position\":2,\"name\":\"Per\u00fa Libre inscribe candidatura de Juli\u00e1n Palacin al Congreso con el n\u00famero 7 por Lima\"}]},{\"@type\":\"WebSite\",\"@id\":\"https:\/\/aeronoticias.com.pe\/noticiero\/#website\",\"url\":\"https:\/\/aeronoticias.com.pe\/noticiero\/\",\"name\":\"Aeronoticias.com.pe\",\"description\":\"Noticias de tranporte aereo, turismo, hoteles, gastronomia, actualidad, internacional\",\"potentialAction\":[{\"@type\":\"SearchAction\",\"target\":{\"@type\":\"EntryPoint\",\"urlTemplate\":\"https:\/\/aeronoticias.com.pe\/noticiero\/?s={search_term_string}\"},\"query-input\":{\"@type\":\"PropertyValueSpecification\",\"valueRequired\":true,\"valueName\":\"search_term_string\"}}],\"inLanguage\":\"es\"},{\"@type\":\"Person\",\"@id\":\"https:\/\/aeronoticias.com.pe\/noticiero\/#\/schema\/person\/1f235680a6a48329fef0f8b66d4a5d7d\",\"name\":\"Redacci\u00f3n\",\"url\":\"https:\/\/aeronoticias.com.pe\/noticiero\/author\/estefany\/\"}]}<\/script>\n<!-- \/ Yoast SEO plugin. -->","yoast_head_json":{"title":"Per\u00fa Libre inscribe candidatura de Juli\u00e1n Palacin al Congreso con el n\u00famero 7 por Lima","description":"Portal de noticias del Per\u00fa sobre el transporte a\u00e9reo, aviaci\u00f3n, turismo, hoteleria, actualidad.","robots":{"index":"index","follow":"follow","max-snippet":"max-snippet:-1","max-image-preview":"max-image-preview:large","max-video-preview":"max-video-preview:-1"},"canonical":"https:\/\/aeronoticias.com.pe\/noticiero\/politica\/peru-libre-inscribe-candidatura-de-julian-palacin-al-congreso-con-el-numero-7-por-lima\/","og_locale":"es_ES","og_type":"article","og_title":"Per\u00fa Libre inscribe candidatura de Juli\u00e1n Palacin al Congreso con el n\u00famero 7 por Lima","og_description":"Portal de noticias del Per\u00fa sobre el transporte a\u00e9reo, aviaci\u00f3n, turismo, hoteleria, actualidad.","og_url":"https:\/\/aeronoticias.com.pe\/noticiero\/politica\/peru-libre-inscribe-candidatura-de-julian-palacin-al-congreso-con-el-numero-7-por-lima\/","og_site_name":"Aeronoticias.com.pe","article_publisher":"https:\/\/www.facebook.com\/Aeronoticias.com.pe\/","article_published_time":"2021-01-02T23:55:00+00:00","article_modified_time":"2021-01-02T23:56:05+00:00","og_image":[{"width":448,"height":306,"url":"https:\/\/aeronoticias.com.pe\/noticiero\/wp-content\/uploads\/2021\/01\/IMG-20210101-WA0022.jpg","type":"image\/jpeg"}],"author":"Redacci\u00f3n","twitter_card":"summary_large_image","twitter_creator":"@aeronoticias","twitter_site":"@aeronoticias","twitter_misc":{"Escrito por":"Redacci\u00f3n","Tiempo de lectura":"1 minuto"},"schema":{"@context":"https:\/\/schema.org","@graph":[{"@type":"WebPage","@id":"https:\/\/aeronoticias.com.pe\/noticiero\/politica\/peru-libre-inscribe-candidatura-de-julian-palacin-al-congreso-con-el-numero-7-por-lima\/","url":"https:\/\/aeronoticias.com.pe\/noticiero\/politica\/peru-libre-inscribe-candidatura-de-julian-palacin-al-congreso-con-el-numero-7-por-lima\/","name":"Per\u00fa Libre inscribe candidatura de Juli\u00e1n Palacin al Congreso con el n\u00famero 7 por Lima","isPartOf":{"@id":"https:\/\/aeronoticias.com.pe\/noticiero\/#website"},"primaryImageOfPage":{"@id":"https:\/\/aeronoticias.com.pe\/noticiero\/politica\/peru-libre-inscribe-candidatura-de-julian-palacin-al-congreso-con-el-numero-7-por-lima\/#primaryimage"},"image":{"@id":"https:\/\/aeronoticias.com.pe\/noticiero\/politica\/peru-libre-inscribe-candidatura-de-julian-palacin-al-congreso-con-el-numero-7-por-lima\/#primaryimage"},"thumbnailUrl":"https:\/\/aeronoticias.com.pe\/noticiero\/wp-content\/uploads\/2021\/01\/IMG-20210101-WA0022.jpg","datePublished":"2021-01-02T23:55:00+00:00","dateModified":"2021-01-02T23:56:05+00:00","author":{"@id":"https:\/\/aeronoticias.com.pe\/noticiero\/#\/schema\/person\/1f235680a6a48329fef0f8b66d4a5d7d"},"description":"Portal de noticias del Per\u00fa sobre el transporte a\u00e9reo, aviaci\u00f3n, turismo, hoteleria, actualidad.","breadcrumb":{"@id":"https:\/\/aeronoticias.com.pe\/noticiero\/politica\/peru-libre-inscribe-candidatura-de-julian-palacin-al-congreso-con-el-numero-7-por-lima\/#breadcrumb"},"inLanguage":"es","potentialAction":[{"@type":"ReadAction","target":["https:\/\/aeronoticias.com.pe\/noticiero\/politica\/peru-libre-inscribe-candidatura-de-julian-palacin-al-congreso-con-el-numero-7-por-lima\/"]}]},{"@type":"ImageObject","inLanguage":"es","@id":"https:\/\/aeronoticias.com.pe\/noticiero\/politica\/peru-libre-inscribe-candidatura-de-julian-palacin-al-congreso-con-el-numero-7-por-lima\/#primaryimage","url":"https:\/\/aeronoticias.com.pe\/noticiero\/wp-content\/uploads\/2021\/01\/IMG-20210101-WA0022.jpg","contentUrl":"https:\/\/aeronoticias.com.pe\/noticiero\/wp-content\/uploads\/2021\/01\/IMG-20210101-WA0022.jpg","width":448,"height":306},{"@type":"BreadcrumbList","@id":"https:\/\/aeronoticias.com.pe\/noticiero\/politica\/peru-libre-inscribe-candidatura-de-julian-palacin-al-congreso-con-el-numero-7-por-lima\/#breadcrumb","itemListElement":[{"@type":"ListItem","position":1,"name":"Portada","item":"https:\/\/aeronoticias.com.pe\/noticiero\/"},{"@type":"ListItem","position":2,"name":"Per\u00fa Libre inscribe candidatura de Juli\u00e1n Palacin al Congreso con el n\u00famero 7 por Lima"}]},{"@type":"WebSite","@id":"https:\/\/aeronoticias.com.pe\/noticiero\/#website","url":"https:\/\/aeronoticias.com.pe\/noticiero\/","name":"Aeronoticias.com.pe","description":"Noticias de tranporte aereo, turismo, hoteles, gastronomia, actualidad, internacional","potentialAction":[{"@type":"SearchAction","target":{"@type":"EntryPoint","urlTemplate":"https:\/\/aeronoticias.com.pe\/noticiero\/?s={search_term_string}"},"query-input":{"@type":"PropertyValueSpecification","valueRequired":true,"valueName":"search_term_string"}}],"inLanguage":"es"},{"@type":"Person","@id":"https:\/\/aeronoticias.com.pe\/noticiero\/#\/schema\/person\/1f235680a6a48329fef0f8b66d4a5d7d","name":"Redacci\u00f3n","url":"https:\/\/aeronoticias.com.pe\/noticiero\/author\/estefany\/"}]}},"_links":{"self":[{"href":"https:\/\/aeronoticias.com.pe\/noticiero\/wp-json\/wp\/v2\/posts\/68201","targetHints":{"allow":["GET"]}}],"collection":[{"href":"https:\/\/aeronoticias.com.pe\/noticiero\/wp-json\/wp\/v2\/posts"}],"about":[{"href":"https:\/\/aeronoticias.com.pe\/noticiero\/wp-json\/wp\/v2\/types\/post"}],"author":[{"embeddable":true,"href":"https:\/\/aeronoticias.com.pe\/noticiero\/wp-json\/wp\/v2\/users\/5"}],"replies":[{"embeddable":true,"href":"https:\/\/aeronoticias.com.pe\/noticiero\/wp-json\/wp\/v2\/comments?post=68201"}],"version-history":[{"count":0,"href":"https:\/\/aeronoticias.com.pe\/noticiero\/wp-json\/wp\/v2\/posts\/68201\/revisions"}],"wp:featuredmedia":[{"embeddable":true,"href":"https:\/\/aeronoticias.com.pe\/noticiero\/wp-json\/wp\/v2\/media\/68202"}],"wp:attachment":[{"href":"https:\/\/aeronoticias.com.pe\/noticiero\/wp-json\/wp\/v2\/media?parent=68201"}],"wp:term":[{"taxonomy":"category","embeddable":true,"href":"https:\/\/aeronoticias.com.pe\/noticiero\/wp-json\/wp\/v2\/categories?post=68201"},{"taxonomy":"post_tag","embeddable":true,"href":"https:\/\/aeronoticias.com.pe\/noticiero\/wp-json\/wp\/v2\/tags?post=68201"}],"curies":[{"name":"wp","href":"https:\/\/api.w.org\/{rel}","templated":true}]}}