{"id":68209,"date":"2021-01-02T18:54:19","date_gmt":"2021-01-02T23:54:19","guid":{"rendered":"https:\/\/aeronoticias.com.pe\/noticiero\/?p=68209"},"modified":"2021-01-02T18:54:24","modified_gmt":"2021-01-02T23:54:24","slug":"negociaciones-de-aeromexico-entran-en-periodo-de-cura","status":"publish","type":"post","link":"https:\/\/aeronoticias.com.pe\/noticiero\/transporte-aereo\/negociaciones-de-aeromexico-entran-en-periodo-de-cura\/","title":{"rendered":"Negociaciones de Aerom\u00e9xico entran en per\u00edodo de cura"},"content":{"rendered":"\n<p><strong>(Aeronoticias)<\/strong>.- Luego de que pasara la fecha l\u00edmite del 31 de diciembre de 2020 para que Grupo Aerom\u00e9xico llegara a un acuerdo con sus sindicatos, en el marco de la reorganizaci\u00f3n financiera en el Cap\u00edtulo 11, la aerol\u00ednea entr\u00f3 en un<strong>\u00a0\u00abper\u00edodo de cura\u00bb<\/strong>\u00a0de siete d\u00edas, en los que<strong>\u00a0deber\u00e1 llegar a un entendimiento con sus empleados sindicalizados.<\/strong><\/p>\n\n\n\n<p>De lo contrario, la inversi\u00f3n de Apollo Global Management por mil millones de d\u00f3lares&nbsp;<strong>podr\u00eda verse amenazada<\/strong>&nbsp;al no cumplir con los requisitos establecidos en el proceso de reorganizaci\u00f3n financiera bajo el Cap\u00edtulo 11 de la ley de Quiebras de Estados Unidos.<\/p>\n\n\n\n<p>Aerom\u00e9xico todav\u00eda debe llegar a un acuerdo con tres de sus sindicatos, el de Pilotos Aviadores (<strong>ASPA<\/strong>) y el de Sobrecargos de Aviaci\u00f3n (<strong>ASSA<\/strong>) y el de sobrecargos de la filial Aerom\u00e9xico Connect (<strong>STIA<\/strong>).<\/p>\n\n\n\n<p>Sin embargo, ASPA&nbsp;<em>\u00aba\u00fan no ha aceptado la propuesta de la Compa\u00f1\u00eda, lo que es indispensable para poder cumplir los compromisos y objetivos requeridos por los fondeadores para acceder a los desembolsos subsecuentes bajo el DIP Financing. Por consiguiente, Aerom\u00e9xico continuar\u00e1 las negociaciones con ASPA con la finalidad de alcanzar acuerdos durante el Periodo de Cura\u00bb.<\/em><\/p>\n\n\n\n<p><strong>Los pilotos rechazaron ayer una propuesta hecha por su mismo sindicato<\/strong>, luego de que las modificaciones al Contrato Colectivo, realizadas pro Aerom\u00e9xico, fueran tildadas de agresivas, lacerantes y contra los derechos laborales obtenidos tras a\u00f1os de avances.<\/p>\n\n\n\n<p>Fuente: <strong><em>A21.<\/em><\/strong><\/p>\n","protected":false},"excerpt":{"rendered":"<p>(Aeronoticias).- Luego de que pasara la fecha l\u00edmite del 31 de diciembre de 2020 para que Grupo Aerom\u00e9xico llegara a un acuerdo con sus sindicatos, en el marco de la reorganizaci\u00f3n financiera en el Cap\u00edtulo 11, la aerol\u00ednea entr\u00f3 en un\u00a0\u00abper\u00edodo de cura\u00bb\u00a0de siete d\u00edas, en los que\u00a0deber\u00e1 llegar a un entendimiento con sus empleados [&hellip;]<\/p>\n","protected":false},"author":4,"featured_media":66358,"comment_status":"open","ping_status":"open","sticky":false,"template":"","format":"standard","meta":{"tdm_status":"","tdm_grid_status":"","footnotes":""},"categories":[32,11],"tags":[235,163],"class_list":{"0":"post-68209","1":"post","2":"type-post","3":"status-publish","4":"format-standard","5":"has-post-thumbnail","7":"category-internacional","8":"category-transporte-aereo","9":"tag-aeromexico-2","10":"tag-coronavirus"},"yoast_head":"<!-- This site is optimized with the Yoast SEO plugin v25.1 - https:\/\/yoast.com\/wordpress\/plugins\/seo\/ -->\n<title>Negociaciones de Aerom\u00e9xico entran en per\u00edodo de cura<\/title>\n<meta name=\"description\" content=\"Portal de noticias del Per\u00fa sobre el transporte a\u00e9reo, aviaci\u00f3n, turismo, hoteleria, actualidad.\" \/>\n<meta name=\"robots\" content=\"index, follow, max-snippet:-1, max-image-preview:large, max-video-preview:-1\" \/>\n<link rel=\"canonical\" href=\"https:\/\/aeronoticias.com.pe\/noticiero\/transporte-aereo\/negociaciones-de-aeromexico-entran-en-periodo-de-cura\/\" \/>\n<meta property=\"og:locale\" content=\"es_ES\" \/>\n<meta property=\"og:type\" content=\"article\" \/>\n<meta property=\"og:title\" content=\"Negociaciones de Aerom\u00e9xico entran en per\u00edodo de cura\" \/>\n<meta property=\"og:description\" content=\"Portal de noticias del Per\u00fa sobre el transporte a\u00e9reo, aviaci\u00f3n, turismo, hoteleria, actualidad.\" \/>\n<meta property=\"og:url\" content=\"https:\/\/aeronoticias.com.pe\/noticiero\/transporte-aereo\/negociaciones-de-aeromexico-entran-en-periodo-de-cura\/\" \/>\n<meta property=\"og:site_name\" content=\"Aeronoticias.com.pe\" \/>\n<meta property=\"article:publisher\" content=\"https:\/\/www.facebook.com\/Aeronoticias.com.pe\/\" \/>\n<meta property=\"article:published_time\" content=\"2021-01-02T23:54:19+00:00\" \/>\n<meta property=\"article:modified_time\" content=\"2021-01-02T23:54:24+00:00\" \/>\n<meta property=\"og:image\" content=\"https:\/\/aeronoticias.com.pe\/noticiero\/wp-content\/uploads\/2019\/07\/aeromexico-1.jpg\" \/>\n\t<meta property=\"og:image:width\" content=\"1024\" \/>\n\t<meta property=\"og:image:height\" content=\"684\" \/>\n\t<meta property=\"og:image:type\" content=\"image\/jpeg\" \/>\n<meta name=\"author\" content=\"Jefrey Cuya\" \/>\n<meta name=\"twitter:card\" content=\"summary_large_image\" \/>\n<meta name=\"twitter:creator\" content=\"@aeronoticias\" \/>\n<meta name=\"twitter:site\" content=\"@aeronoticias\" \/>\n<meta name=\"twitter:label1\" content=\"Escrito por\" \/>\n\t<meta name=\"twitter:data1\" content=\"Jefrey Cuya\" \/>\n\t<meta name=\"twitter:label2\" content=\"Tiempo de lectura\" \/>\n\t<meta name=\"twitter:data2\" content=\"1 minuto\" \/>\n<script type=\"application\/ld+json\" class=\"yoast-schema-graph\">{\"@context\":\"https:\/\/schema.org\",\"@graph\":[{\"@type\":\"WebPage\",\"@id\":\"https:\/\/aeronoticias.com.pe\/noticiero\/transporte-aereo\/negociaciones-de-aeromexico-entran-en-periodo-de-cura\/\",\"url\":\"https:\/\/aeronoticias.com.pe\/noticiero\/transporte-aereo\/negociaciones-de-aeromexico-entran-en-periodo-de-cura\/\",\"name\":\"Negociaciones de Aerom\u00e9xico entran en per\u00edodo de cura\",\"isPartOf\":{\"@id\":\"https:\/\/aeronoticias.com.pe\/noticiero\/#website\"},\"primaryImageOfPage\":{\"@id\":\"https:\/\/aeronoticias.com.pe\/noticiero\/transporte-aereo\/negociaciones-de-aeromexico-entran-en-periodo-de-cura\/#primaryimage\"},\"image\":{\"@id\":\"https:\/\/aeronoticias.com.pe\/noticiero\/transporte-aereo\/negociaciones-de-aeromexico-entran-en-periodo-de-cura\/#primaryimage\"},\"thumbnailUrl\":\"https:\/\/aeronoticias.com.pe\/noticiero\/wp-content\/uploads\/2019\/07\/aeromexico-1.jpg\",\"datePublished\":\"2021-01-02T23:54:19+00:00\",\"dateModified\":\"2021-01-02T23:54:24+00:00\",\"author\":{\"@id\":\"https:\/\/aeronoticias.com.pe\/noticiero\/#\/schema\/person\/9ef7422a13b22ab480ffc29639f442b0\"},\"description\":\"Portal de noticias del Per\u00fa sobre el transporte a\u00e9reo, aviaci\u00f3n, turismo, hoteleria, actualidad.\",\"breadcrumb\":{\"@id\":\"https:\/\/aeronoticias.com.pe\/noticiero\/transporte-aereo\/negociaciones-de-aeromexico-entran-en-periodo-de-cura\/#breadcrumb\"},\"inLanguage\":\"es\",\"potentialAction\":[{\"@type\":\"ReadAction\",\"target\":[\"https:\/\/aeronoticias.com.pe\/noticiero\/transporte-aereo\/negociaciones-de-aeromexico-entran-en-periodo-de-cura\/\"]}]},{\"@type\":\"ImageObject\",\"inLanguage\":\"es\",\"@id\":\"https:\/\/aeronoticias.com.pe\/noticiero\/transporte-aereo\/negociaciones-de-aeromexico-entran-en-periodo-de-cura\/#primaryimage\",\"url\":\"https:\/\/aeronoticias.com.pe\/noticiero\/wp-content\/uploads\/2019\/07\/aeromexico-1.jpg\",\"contentUrl\":\"https:\/\/aeronoticias.com.pe\/noticiero\/wp-content\/uploads\/2019\/07\/aeromexico-1.jpg\",\"width\":1024,\"height\":684},{\"@type\":\"BreadcrumbList\",\"@id\":\"https:\/\/aeronoticias.com.pe\/noticiero\/transporte-aereo\/negociaciones-de-aeromexico-entran-en-periodo-de-cura\/#breadcrumb\",\"itemListElement\":[{\"@type\":\"ListItem\",\"position\":1,\"name\":\"Portada\",\"item\":\"https:\/\/aeronoticias.com.pe\/noticiero\/\"},{\"@type\":\"ListItem\",\"position\":2,\"name\":\"Negociaciones de Aerom\u00e9xico entran en per\u00edodo de cura\"}]},{\"@type\":\"WebSite\",\"@id\":\"https:\/\/aeronoticias.com.pe\/noticiero\/#website\",\"url\":\"https:\/\/aeronoticias.com.pe\/noticiero\/\",\"name\":\"Aeronoticias.com.pe\",\"description\":\"Noticias de tranporte aereo, turismo, hoteles, gastronomia, actualidad, internacional\",\"potentialAction\":[{\"@type\":\"SearchAction\",\"target\":{\"@type\":\"EntryPoint\",\"urlTemplate\":\"https:\/\/aeronoticias.com.pe\/noticiero\/?s={search_term_string}\"},\"query-input\":{\"@type\":\"PropertyValueSpecification\",\"valueRequired\":true,\"valueName\":\"search_term_string\"}}],\"inLanguage\":\"es\"},{\"@type\":\"Person\",\"@id\":\"https:\/\/aeronoticias.com.pe\/noticiero\/#\/schema\/person\/9ef7422a13b22ab480ffc29639f442b0\",\"name\":\"Jefrey Cuya\",\"url\":\"https:\/\/aeronoticias.com.pe\/noticiero\/author\/jefreycuya\/\"}]}<\/script>\n<!-- \/ Yoast SEO plugin. -->","yoast_head_json":{"title":"Negociaciones de Aerom\u00e9xico entran en per\u00edodo de cura","description":"Portal de noticias del Per\u00fa sobre el transporte a\u00e9reo, aviaci\u00f3n, turismo, hoteleria, actualidad.","robots":{"index":"index","follow":"follow","max-snippet":"max-snippet:-1","max-image-preview":"max-image-preview:large","max-video-preview":"max-video-preview:-1"},"canonical":"https:\/\/aeronoticias.com.pe\/noticiero\/transporte-aereo\/negociaciones-de-aeromexico-entran-en-periodo-de-cura\/","og_locale":"es_ES","og_type":"article","og_title":"Negociaciones de Aerom\u00e9xico entran en per\u00edodo de cura","og_description":"Portal de noticias del Per\u00fa sobre el transporte a\u00e9reo, aviaci\u00f3n, turismo, hoteleria, actualidad.","og_url":"https:\/\/aeronoticias.com.pe\/noticiero\/transporte-aereo\/negociaciones-de-aeromexico-entran-en-periodo-de-cura\/","og_site_name":"Aeronoticias.com.pe","article_publisher":"https:\/\/www.facebook.com\/Aeronoticias.com.pe\/","article_published_time":"2021-01-02T23:54:19+00:00","article_modified_time":"2021-01-02T23:54:24+00:00","og_image":[{"width":1024,"height":684,"url":"https:\/\/aeronoticias.com.pe\/noticiero\/wp-content\/uploads\/2019\/07\/aeromexico-1.jpg","type":"image\/jpeg"}],"author":"Jefrey Cuya","twitter_card":"summary_large_image","twitter_creator":"@aeronoticias","twitter_site":"@aeronoticias","twitter_misc":{"Escrito por":"Jefrey Cuya","Tiempo de lectura":"1 minuto"},"schema":{"@context":"https:\/\/schema.org","@graph":[{"@type":"WebPage","@id":"https:\/\/aeronoticias.com.pe\/noticiero\/transporte-aereo\/negociaciones-de-aeromexico-entran-en-periodo-de-cura\/","url":"https:\/\/aeronoticias.com.pe\/noticiero\/transporte-aereo\/negociaciones-de-aeromexico-entran-en-periodo-de-cura\/","name":"Negociaciones de Aerom\u00e9xico entran en per\u00edodo de cura","isPartOf":{"@id":"https:\/\/aeronoticias.com.pe\/noticiero\/#website"},"primaryImageOfPage":{"@id":"https:\/\/aeronoticias.com.pe\/noticiero\/transporte-aereo\/negociaciones-de-aeromexico-entran-en-periodo-de-cura\/#primaryimage"},"image":{"@id":"https:\/\/aeronoticias.com.pe\/noticiero\/transporte-aereo\/negociaciones-de-aeromexico-entran-en-periodo-de-cura\/#primaryimage"},"thumbnailUrl":"https:\/\/aeronoticias.com.pe\/noticiero\/wp-content\/uploads\/2019\/07\/aeromexico-1.jpg","datePublished":"2021-01-02T23:54:19+00:00","dateModified":"2021-01-02T23:54:24+00:00","author":{"@id":"https:\/\/aeronoticias.com.pe\/noticiero\/#\/schema\/person\/9ef7422a13b22ab480ffc29639f442b0"},"description":"Portal de noticias del Per\u00fa sobre el transporte a\u00e9reo, aviaci\u00f3n, turismo, hoteleria, actualidad.","breadcrumb":{"@id":"https:\/\/aeronoticias.com.pe\/noticiero\/transporte-aereo\/negociaciones-de-aeromexico-entran-en-periodo-de-cura\/#breadcrumb"},"inLanguage":"es","potentialAction":[{"@type":"ReadAction","target":["https:\/\/aeronoticias.com.pe\/noticiero\/transporte-aereo\/negociaciones-de-aeromexico-entran-en-periodo-de-cura\/"]}]},{"@type":"ImageObject","inLanguage":"es","@id":"https:\/\/aeronoticias.com.pe\/noticiero\/transporte-aereo\/negociaciones-de-aeromexico-entran-en-periodo-de-cura\/#primaryimage","url":"https:\/\/aeronoticias.com.pe\/noticiero\/wp-content\/uploads\/2019\/07\/aeromexico-1.jpg","contentUrl":"https:\/\/aeronoticias.com.pe\/noticiero\/wp-content\/uploads\/2019\/07\/aeromexico-1.jpg","width":1024,"height":684},{"@type":"BreadcrumbList","@id":"https:\/\/aeronoticias.com.pe\/noticiero\/transporte-aereo\/negociaciones-de-aeromexico-entran-en-periodo-de-cura\/#breadcrumb","itemListElement":[{"@type":"ListItem","position":1,"name":"Portada","item":"https:\/\/aeronoticias.com.pe\/noticiero\/"},{"@type":"ListItem","position":2,"name":"Negociaciones de Aerom\u00e9xico entran en per\u00edodo de cura"}]},{"@type":"WebSite","@id":"https:\/\/aeronoticias.com.pe\/noticiero\/#website","url":"https:\/\/aeronoticias.com.pe\/noticiero\/","name":"Aeronoticias.com.pe","description":"Noticias de tranporte aereo, turismo, hoteles, gastronomia, actualidad, internacional","potentialAction":[{"@type":"SearchAction","target":{"@type":"EntryPoint","urlTemplate":"https:\/\/aeronoticias.com.pe\/noticiero\/?s={search_term_string}"},"query-input":{"@type":"PropertyValueSpecification","valueRequired":true,"valueName":"search_term_string"}}],"inLanguage":"es"},{"@type":"Person","@id":"https:\/\/aeronoticias.com.pe\/noticiero\/#\/schema\/person\/9ef7422a13b22ab480ffc29639f442b0","name":"Jefrey Cuya","url":"https:\/\/aeronoticias.com.pe\/noticiero\/author\/jefreycuya\/"}]}},"_links":{"self":[{"href":"https:\/\/aeronoticias.com.pe\/noticiero\/wp-json\/wp\/v2\/posts\/68209","targetHints":{"allow":["GET"]}}],"collection":[{"href":"https:\/\/aeronoticias.com.pe\/noticiero\/wp-json\/wp\/v2\/posts"}],"about":[{"href":"https:\/\/aeronoticias.com.pe\/noticiero\/wp-json\/wp\/v2\/types\/post"}],"author":[{"embeddable":true,"href":"https:\/\/aeronoticias.com.pe\/noticiero\/wp-json\/wp\/v2\/users\/4"}],"replies":[{"embeddable":true,"href":"https:\/\/aeronoticias.com.pe\/noticiero\/wp-json\/wp\/v2\/comments?post=68209"}],"version-history":[{"count":0,"href":"https:\/\/aeronoticias.com.pe\/noticiero\/wp-json\/wp\/v2\/posts\/68209\/revisions"}],"wp:featuredmedia":[{"embeddable":true,"href":"https:\/\/aeronoticias.com.pe\/noticiero\/wp-json\/wp\/v2\/media\/66358"}],"wp:attachment":[{"href":"https:\/\/aeronoticias.com.pe\/noticiero\/wp-json\/wp\/v2\/media?parent=68209"}],"wp:term":[{"taxonomy":"category","embeddable":true,"href":"https:\/\/aeronoticias.com.pe\/noticiero\/wp-json\/wp\/v2\/categories?post=68209"},{"taxonomy":"post_tag","embeddable":true,"href":"https:\/\/aeronoticias.com.pe\/noticiero\/wp-json\/wp\/v2\/tags?post=68209"}],"curies":[{"name":"wp","href":"https:\/\/api.w.org\/{rel}","templated":true}]}}