{"id":68211,"date":"2021-01-04T06:42:00","date_gmt":"2021-01-04T11:42:00","guid":{"rendered":"https:\/\/aeronoticias.com.pe\/noticiero\/?p=68211"},"modified":"2021-01-04T08:45:58","modified_gmt":"2021-01-04T13:45:58","slug":"colombia-vuelven-a-exigir-pcr-negativa-a-viajeros","status":"publish","type":"post","link":"https:\/\/aeronoticias.com.pe\/noticiero\/transporte-aereo\/colombia-vuelven-a-exigir-pcr-negativa-a-viajeros\/","title":{"rendered":"Colombia: Vuelven a exigir PCR negativa a viajeros"},"content":{"rendered":"\n<p><strong>(Aeronoticias)<\/strong>.- El Ministerio de Salud acat\u00f3 el fallo del juzgado Once Administrativo del Circuito de Bogot\u00e1, el cual reiter\u00f3 la exigencia de la prueba PCR negativa a los viajeros que ingresen al pa\u00eds.<\/p>\n\n\n\n<p>La prueba PCR negativa se debe tomar en el pa\u00eds de origen con un&nbsp; m\u00e1ximo de 96 horas antes de abordar el vuelo, y aplica para \u201ctodas las personas desde los cero a\u00f1os que lleguen al pa\u00eds procedentes del exterior sean connacionales o no\u201d, se\u00f1ala el Ministerio de Salud en la resoluci\u00f3n 2532.<\/p>\n\n\n\n<p>Igualmente, indica que no permitir\u00e1n \u201cabordar al pasajero que presente fiebre o s\u00edntomas respiratorios asociados con Covid-19 y de aquellos que no hayan diligenciado previamente la aplicaci\u00f3n Check-Mig\u201d. Por otra parte, advirti\u00f3 que solo podr\u00e1n embarcar pasajeros que no tienen la prueba PCR negativa cuando \u201cmanifiesten que tuvieron dificultades para tom\u00e1rsela o para obtener el resultado en el t\u00e9rmino estipulado para el vuelo\u201d.<\/p>\n\n\n\n<p>En ese sentido si el pasajero no presenta la prueba se deber\u00e1 \u201cinformar al viajero que una vez ingrese al pa\u00eds deber\u00e1 realizarse la prueba PCR y guardar aislamiento preventivo durante 14 d\u00edas. El aislamiento podr\u00e1 terminar antes si el resultado de la prueba PCR es negativo. Tambi\u00e9n podr\u00e1 extenderse por criterio epidemiol\u00f3gico\u201d, estipula la resoluci\u00f3n. As\u00ed mismo, advierte la entidad que los costos de la prueba PCR y los del aislamiento preventivo ser\u00e1n por cuenta del viajero.<\/p>\n\n\n\n<p>Como lo inform\u00f3&nbsp;<em>REPORTUR.co<\/em>, el Ministro de Salud, Fernando Ru\u00edz, en respuesta al primer fallo, record\u00f3 en su momento, que la medida del levantamiento de la prueba para viajeros se hizo previa consulta con la OPS, el comit\u00e9 de expertos nacionales e internacionales, la Asociaci\u00f3n Colombiana de Infectolog\u00eda y varias universidades, que concertaron eliminar el requisito.<\/p>\n\n\n\n<p>\u201cPor ahora simplemente estamos pidi\u00e9ndole al juez que nos haga la aclaraci\u00f3n, nosotros esperamos y tenemos la esperanza de que haya una consideraci\u00f3n, que se mire esto bajo argumentos t\u00e9cnicos y con eso poder saber qu\u00e9 medidas tomar en el futuro\u201d, dijo en su momento.<\/p>\n\n\n\n<p>Fuente: <strong><em>Reportur.com<\/em><\/strong><\/p>\n","protected":false},"excerpt":{"rendered":"<p>(Aeronoticias).- El Ministerio de Salud acat\u00f3 el fallo del juzgado Once Administrativo del Circuito de Bogot\u00e1, el cual reiter\u00f3 la exigencia de la prueba PCR negativa a los viajeros que ingresen al pa\u00eds. La prueba PCR negativa se debe tomar en el pa\u00eds de origen con un&nbsp; m\u00e1ximo de 96 horas antes de abordar el [&hellip;]<\/p>\n","protected":false},"author":4,"featured_media":68212,"comment_status":"open","ping_status":"open","sticky":false,"template":"","format":"standard","meta":{"tdm_status":"","tdm_grid_status":"","footnotes":""},"categories":[32,11],"tags":[163],"class_list":{"0":"post-68211","1":"post","2":"type-post","3":"status-publish","4":"format-standard","5":"has-post-thumbnail","7":"category-internacional","8":"category-transporte-aereo","9":"tag-coronavirus"},"yoast_head":"<!-- This site is optimized with the Yoast SEO plugin v25.1 - https:\/\/yoast.com\/wordpress\/plugins\/seo\/ -->\n<title>Colombia: Vuelven a exigir PCR negativa a viajeros<\/title>\n<meta name=\"description\" content=\"Portal de noticias del Per\u00fa sobre el transporte a\u00e9reo, aviaci\u00f3n, turismo, hoteleria, actualidad.\" \/>\n<meta name=\"robots\" content=\"index, follow, max-snippet:-1, max-image-preview:large, max-video-preview:-1\" \/>\n<link rel=\"canonical\" href=\"https:\/\/aeronoticias.com.pe\/noticiero\/transporte-aereo\/colombia-vuelven-a-exigir-pcr-negativa-a-viajeros\/\" \/>\n<meta property=\"og:locale\" content=\"es_ES\" \/>\n<meta property=\"og:type\" content=\"article\" \/>\n<meta property=\"og:title\" content=\"Colombia: Vuelven a exigir PCR negativa a viajeros\" \/>\n<meta property=\"og:description\" content=\"Portal de noticias del Per\u00fa sobre el transporte a\u00e9reo, aviaci\u00f3n, turismo, hoteleria, actualidad.\" \/>\n<meta property=\"og:url\" content=\"https:\/\/aeronoticias.com.pe\/noticiero\/transporte-aereo\/colombia-vuelven-a-exigir-pcr-negativa-a-viajeros\/\" \/>\n<meta property=\"og:site_name\" content=\"Aeronoticias.com.pe\" \/>\n<meta property=\"article:publisher\" content=\"https:\/\/www.facebook.com\/Aeronoticias.com.pe\/\" \/>\n<meta property=\"article:published_time\" content=\"2021-01-04T11:42:00+00:00\" \/>\n<meta property=\"article:modified_time\" content=\"2021-01-04T13:45:58+00:00\" \/>\n<meta property=\"og:image\" content=\"https:\/\/aeronoticias.com.pe\/noticiero\/wp-content\/uploads\/2021\/01\/perfil-viajero-e1609724082712.jpg\" \/>\n\t<meta property=\"og:image:width\" content=\"640\" \/>\n\t<meta property=\"og:image:height\" content=\"427\" \/>\n\t<meta property=\"og:image:type\" content=\"image\/jpeg\" \/>\n<meta name=\"author\" content=\"Jefrey Cuya\" \/>\n<meta name=\"twitter:card\" content=\"summary_large_image\" \/>\n<meta name=\"twitter:creator\" content=\"@aeronoticias\" \/>\n<meta name=\"twitter:site\" content=\"@aeronoticias\" \/>\n<meta name=\"twitter:label1\" content=\"Escrito por\" \/>\n\t<meta name=\"twitter:data1\" content=\"Jefrey Cuya\" \/>\n\t<meta name=\"twitter:label2\" content=\"Tiempo de lectura\" \/>\n\t<meta name=\"twitter:data2\" content=\"2 minutos\" \/>\n<script type=\"application\/ld+json\" class=\"yoast-schema-graph\">{\"@context\":\"https:\/\/schema.org\",\"@graph\":[{\"@type\":\"WebPage\",\"@id\":\"https:\/\/aeronoticias.com.pe\/noticiero\/transporte-aereo\/colombia-vuelven-a-exigir-pcr-negativa-a-viajeros\/\",\"url\":\"https:\/\/aeronoticias.com.pe\/noticiero\/transporte-aereo\/colombia-vuelven-a-exigir-pcr-negativa-a-viajeros\/\",\"name\":\"Colombia: Vuelven a exigir PCR negativa a viajeros\",\"isPartOf\":{\"@id\":\"https:\/\/aeronoticias.com.pe\/noticiero\/#website\"},\"primaryImageOfPage\":{\"@id\":\"https:\/\/aeronoticias.com.pe\/noticiero\/transporte-aereo\/colombia-vuelven-a-exigir-pcr-negativa-a-viajeros\/#primaryimage\"},\"image\":{\"@id\":\"https:\/\/aeronoticias.com.pe\/noticiero\/transporte-aereo\/colombia-vuelven-a-exigir-pcr-negativa-a-viajeros\/#primaryimage\"},\"thumbnailUrl\":\"https:\/\/aeronoticias.com.pe\/noticiero\/wp-content\/uploads\/2021\/01\/perfil-viajero-e1609724082712.jpg\",\"datePublished\":\"2021-01-04T11:42:00+00:00\",\"dateModified\":\"2021-01-04T13:45:58+00:00\",\"author\":{\"@id\":\"https:\/\/aeronoticias.com.pe\/noticiero\/#\/schema\/person\/9ef7422a13b22ab480ffc29639f442b0\"},\"description\":\"Portal de noticias del Per\u00fa sobre el transporte a\u00e9reo, aviaci\u00f3n, turismo, hoteleria, actualidad.\",\"breadcrumb\":{\"@id\":\"https:\/\/aeronoticias.com.pe\/noticiero\/transporte-aereo\/colombia-vuelven-a-exigir-pcr-negativa-a-viajeros\/#breadcrumb\"},\"inLanguage\":\"es\",\"potentialAction\":[{\"@type\":\"ReadAction\",\"target\":[\"https:\/\/aeronoticias.com.pe\/noticiero\/transporte-aereo\/colombia-vuelven-a-exigir-pcr-negativa-a-viajeros\/\"]}]},{\"@type\":\"ImageObject\",\"inLanguage\":\"es\",\"@id\":\"https:\/\/aeronoticias.com.pe\/noticiero\/transporte-aereo\/colombia-vuelven-a-exigir-pcr-negativa-a-viajeros\/#primaryimage\",\"url\":\"https:\/\/aeronoticias.com.pe\/noticiero\/wp-content\/uploads\/2021\/01\/perfil-viajero-e1609724082712.jpg\",\"contentUrl\":\"https:\/\/aeronoticias.com.pe\/noticiero\/wp-content\/uploads\/2021\/01\/perfil-viajero-e1609724082712.jpg\",\"width\":640,\"height\":427},{\"@type\":\"BreadcrumbList\",\"@id\":\"https:\/\/aeronoticias.com.pe\/noticiero\/transporte-aereo\/colombia-vuelven-a-exigir-pcr-negativa-a-viajeros\/#breadcrumb\",\"itemListElement\":[{\"@type\":\"ListItem\",\"position\":1,\"name\":\"Portada\",\"item\":\"https:\/\/aeronoticias.com.pe\/noticiero\/\"},{\"@type\":\"ListItem\",\"position\":2,\"name\":\"Colombia: Vuelven a exigir PCR negativa a viajeros\"}]},{\"@type\":\"WebSite\",\"@id\":\"https:\/\/aeronoticias.com.pe\/noticiero\/#website\",\"url\":\"https:\/\/aeronoticias.com.pe\/noticiero\/\",\"name\":\"Aeronoticias.com.pe\",\"description\":\"Noticias de tranporte aereo, turismo, hoteles, gastronomia, actualidad, internacional\",\"potentialAction\":[{\"@type\":\"SearchAction\",\"target\":{\"@type\":\"EntryPoint\",\"urlTemplate\":\"https:\/\/aeronoticias.com.pe\/noticiero\/?s={search_term_string}\"},\"query-input\":{\"@type\":\"PropertyValueSpecification\",\"valueRequired\":true,\"valueName\":\"search_term_string\"}}],\"inLanguage\":\"es\"},{\"@type\":\"Person\",\"@id\":\"https:\/\/aeronoticias.com.pe\/noticiero\/#\/schema\/person\/9ef7422a13b22ab480ffc29639f442b0\",\"name\":\"Jefrey Cuya\",\"url\":\"https:\/\/aeronoticias.com.pe\/noticiero\/author\/jefreycuya\/\"}]}<\/script>\n<!-- \/ Yoast SEO plugin. -->","yoast_head_json":{"title":"Colombia: Vuelven a exigir PCR negativa a viajeros","description":"Portal de noticias del Per\u00fa sobre el transporte a\u00e9reo, aviaci\u00f3n, turismo, hoteleria, actualidad.","robots":{"index":"index","follow":"follow","max-snippet":"max-snippet:-1","max-image-preview":"max-image-preview:large","max-video-preview":"max-video-preview:-1"},"canonical":"https:\/\/aeronoticias.com.pe\/noticiero\/transporte-aereo\/colombia-vuelven-a-exigir-pcr-negativa-a-viajeros\/","og_locale":"es_ES","og_type":"article","og_title":"Colombia: Vuelven a exigir PCR negativa a viajeros","og_description":"Portal de noticias del Per\u00fa sobre el transporte a\u00e9reo, aviaci\u00f3n, turismo, hoteleria, actualidad.","og_url":"https:\/\/aeronoticias.com.pe\/noticiero\/transporte-aereo\/colombia-vuelven-a-exigir-pcr-negativa-a-viajeros\/","og_site_name":"Aeronoticias.com.pe","article_publisher":"https:\/\/www.facebook.com\/Aeronoticias.com.pe\/","article_published_time":"2021-01-04T11:42:00+00:00","article_modified_time":"2021-01-04T13:45:58+00:00","og_image":[{"width":640,"height":427,"url":"https:\/\/aeronoticias.com.pe\/noticiero\/wp-content\/uploads\/2021\/01\/perfil-viajero-e1609724082712.jpg","type":"image\/jpeg"}],"author":"Jefrey Cuya","twitter_card":"summary_large_image","twitter_creator":"@aeronoticias","twitter_site":"@aeronoticias","twitter_misc":{"Escrito por":"Jefrey Cuya","Tiempo de lectura":"2 minutos"},"schema":{"@context":"https:\/\/schema.org","@graph":[{"@type":"WebPage","@id":"https:\/\/aeronoticias.com.pe\/noticiero\/transporte-aereo\/colombia-vuelven-a-exigir-pcr-negativa-a-viajeros\/","url":"https:\/\/aeronoticias.com.pe\/noticiero\/transporte-aereo\/colombia-vuelven-a-exigir-pcr-negativa-a-viajeros\/","name":"Colombia: Vuelven a exigir PCR negativa a viajeros","isPartOf":{"@id":"https:\/\/aeronoticias.com.pe\/noticiero\/#website"},"primaryImageOfPage":{"@id":"https:\/\/aeronoticias.com.pe\/noticiero\/transporte-aereo\/colombia-vuelven-a-exigir-pcr-negativa-a-viajeros\/#primaryimage"},"image":{"@id":"https:\/\/aeronoticias.com.pe\/noticiero\/transporte-aereo\/colombia-vuelven-a-exigir-pcr-negativa-a-viajeros\/#primaryimage"},"thumbnailUrl":"https:\/\/aeronoticias.com.pe\/noticiero\/wp-content\/uploads\/2021\/01\/perfil-viajero-e1609724082712.jpg","datePublished":"2021-01-04T11:42:00+00:00","dateModified":"2021-01-04T13:45:58+00:00","author":{"@id":"https:\/\/aeronoticias.com.pe\/noticiero\/#\/schema\/person\/9ef7422a13b22ab480ffc29639f442b0"},"description":"Portal de noticias del Per\u00fa sobre el transporte a\u00e9reo, aviaci\u00f3n, turismo, hoteleria, actualidad.","breadcrumb":{"@id":"https:\/\/aeronoticias.com.pe\/noticiero\/transporte-aereo\/colombia-vuelven-a-exigir-pcr-negativa-a-viajeros\/#breadcrumb"},"inLanguage":"es","potentialAction":[{"@type":"ReadAction","target":["https:\/\/aeronoticias.com.pe\/noticiero\/transporte-aereo\/colombia-vuelven-a-exigir-pcr-negativa-a-viajeros\/"]}]},{"@type":"ImageObject","inLanguage":"es","@id":"https:\/\/aeronoticias.com.pe\/noticiero\/transporte-aereo\/colombia-vuelven-a-exigir-pcr-negativa-a-viajeros\/#primaryimage","url":"https:\/\/aeronoticias.com.pe\/noticiero\/wp-content\/uploads\/2021\/01\/perfil-viajero-e1609724082712.jpg","contentUrl":"https:\/\/aeronoticias.com.pe\/noticiero\/wp-content\/uploads\/2021\/01\/perfil-viajero-e1609724082712.jpg","width":640,"height":427},{"@type":"BreadcrumbList","@id":"https:\/\/aeronoticias.com.pe\/noticiero\/transporte-aereo\/colombia-vuelven-a-exigir-pcr-negativa-a-viajeros\/#breadcrumb","itemListElement":[{"@type":"ListItem","position":1,"name":"Portada","item":"https:\/\/aeronoticias.com.pe\/noticiero\/"},{"@type":"ListItem","position":2,"name":"Colombia: Vuelven a exigir PCR negativa a viajeros"}]},{"@type":"WebSite","@id":"https:\/\/aeronoticias.com.pe\/noticiero\/#website","url":"https:\/\/aeronoticias.com.pe\/noticiero\/","name":"Aeronoticias.com.pe","description":"Noticias de tranporte aereo, turismo, hoteles, gastronomia, actualidad, internacional","potentialAction":[{"@type":"SearchAction","target":{"@type":"EntryPoint","urlTemplate":"https:\/\/aeronoticias.com.pe\/noticiero\/?s={search_term_string}"},"query-input":{"@type":"PropertyValueSpecification","valueRequired":true,"valueName":"search_term_string"}}],"inLanguage":"es"},{"@type":"Person","@id":"https:\/\/aeronoticias.com.pe\/noticiero\/#\/schema\/person\/9ef7422a13b22ab480ffc29639f442b0","name":"Jefrey Cuya","url":"https:\/\/aeronoticias.com.pe\/noticiero\/author\/jefreycuya\/"}]}},"_links":{"self":[{"href":"https:\/\/aeronoticias.com.pe\/noticiero\/wp-json\/wp\/v2\/posts\/68211","targetHints":{"allow":["GET"]}}],"collection":[{"href":"https:\/\/aeronoticias.com.pe\/noticiero\/wp-json\/wp\/v2\/posts"}],"about":[{"href":"https:\/\/aeronoticias.com.pe\/noticiero\/wp-json\/wp\/v2\/types\/post"}],"author":[{"embeddable":true,"href":"https:\/\/aeronoticias.com.pe\/noticiero\/wp-json\/wp\/v2\/users\/4"}],"replies":[{"embeddable":true,"href":"https:\/\/aeronoticias.com.pe\/noticiero\/wp-json\/wp\/v2\/comments?post=68211"}],"version-history":[{"count":0,"href":"https:\/\/aeronoticias.com.pe\/noticiero\/wp-json\/wp\/v2\/posts\/68211\/revisions"}],"wp:featuredmedia":[{"embeddable":true,"href":"https:\/\/aeronoticias.com.pe\/noticiero\/wp-json\/wp\/v2\/media\/68212"}],"wp:attachment":[{"href":"https:\/\/aeronoticias.com.pe\/noticiero\/wp-json\/wp\/v2\/media?parent=68211"}],"wp:term":[{"taxonomy":"category","embeddable":true,"href":"https:\/\/aeronoticias.com.pe\/noticiero\/wp-json\/wp\/v2\/categories?post=68211"},{"taxonomy":"post_tag","embeddable":true,"href":"https:\/\/aeronoticias.com.pe\/noticiero\/wp-json\/wp\/v2\/tags?post=68211"}],"curies":[{"name":"wp","href":"https:\/\/api.w.org\/{rel}","templated":true}]}}