{"id":68308,"date":"2021-01-12T12:02:49","date_gmt":"2021-01-12T17:02:49","guid":{"rendered":"https:\/\/aeronoticias.com.pe\/noticiero\/?p=68308"},"modified":"2021-01-14T12:41:25","modified_gmt":"2021-01-14T17:41:25","slug":"el-15-de-enero-de-1911-el-piloto-peruano-juan-bielovucic-realizo-el-primer-vuelo-sobre-lima","status":"publish","type":"post","link":"https:\/\/aeronoticias.com.pe\/noticiero\/mundo\/el-15-de-enero-de-1911-el-piloto-peruano-juan-bielovucic-realizo-el-primer-vuelo-sobre-lima\/","title":{"rendered":"El 15 de Enero de 1911 el piloto peruano Juan Bielovucic realiz\u00f3 el primer vuelo sobre Lima"},"content":{"rendered":"\n<p><strong>(Aeronoticias)<\/strong> Hace m\u00e1s de un siglo vol\u00f3 por primera vez sobre la ciudad de Lima un aeroplano conducido por el piloto peruano Juan Bielovucic, inaugurando la era de la aviaci\u00f3n en nuestro pa\u00eds.<\/p>\n\n\n\n<p>El espect\u00e1culo atrajo multitudes que vieron con ojos desorbitados como el biplano Volsin realizaba sus evoluciones poco despu\u00e9s de despegar de un terreno de Santa Beatriz donde funcionaba el hip\u00f3dromo del mismo nombre conocido despu\u00e9s como Campo de Marte.<\/p>\n\n\n\n<p>El hist\u00f3rico vuelo fue inaugurado por el Presidente de la Rep\u00fablica Augusto B. Legu\u00eda, acompa\u00f1ado por altos funcionarios del gobierno entre los que destacaba el general de brigada E.P. Pedro Mu\u00f1iz, gran propulsor de la aviaci\u00f3n militar.<\/p>\n\n\n\n<p>Prec\u00edsamente fue Mu\u00f1iz quien tuvo la iniciativa de fundar la Liga Peruana Pro Aviaci\u00f3n y tambi\u00e9n la Escuela Peruana de Aviaci\u00f3n Militar que se inaugur\u00f3 el 4 de Marzo de 1911 convirti\u00e9ndose en la primera de Sudam\u00e9rica.<\/p>\n","protected":false},"excerpt":{"rendered":"<p>(Aeronoticias) Hace m\u00e1s de un siglo vol\u00f3 por primera vez sobre la ciudad de Lima un aeroplano conducido por el piloto peruano Juan Bielovucic, inaugurando la era de la aviaci\u00f3n en nuestro pa\u00eds. El espect\u00e1culo atrajo multitudes que vieron con ojos desorbitados como el biplano Volsin realizaba sus evoluciones poco despu\u00e9s de despegar de un [&hellip;]<\/p>\n","protected":false},"author":3,"featured_media":68310,"comment_status":"open","ping_status":"open","sticky":false,"template":"","format":"standard","meta":{"tdm_status":"","tdm_grid_status":"","footnotes":""},"categories":[28,64],"tags":[],"class_list":{"0":"post-68308","1":"post","2":"type-post","3":"status-publish","4":"format-standard","5":"has-post-thumbnail","7":"category-mundo","8":"category-mundo-mundo"},"yoast_head":"<!-- This site is optimized with the Yoast SEO plugin v25.1 - https:\/\/yoast.com\/wordpress\/plugins\/seo\/ -->\n<title>El 15 de Enero de 1911 el piloto peruano Juan Bielovucic realiz\u00f3 el primer vuelo sobre Lima<\/title>\n<meta name=\"description\" content=\"Hace m\u00e1s de un siglo vol\u00f3 por primera vez sobre la ciudad de Lima un aeroplano conducido por el piloto peruano Juan Bielovucic, inaugurando la era de la aviaci\u00f3n en nuestro pa\u00eds.\" \/>\n<meta name=\"robots\" content=\"index, follow, max-snippet:-1, max-image-preview:large, max-video-preview:-1\" \/>\n<link rel=\"canonical\" href=\"https:\/\/aeronoticias.com.pe\/noticiero\/mundo\/el-15-de-enero-de-1911-el-piloto-peruano-juan-bielovucic-realizo-el-primer-vuelo-sobre-lima\/\" \/>\n<meta property=\"og:locale\" content=\"es_ES\" \/>\n<meta property=\"og:type\" content=\"article\" \/>\n<meta property=\"og:title\" content=\"El 15 de Enero de 1911 el piloto peruano Juan Bielovucic realiz\u00f3 el primer vuelo sobre Lima\" \/>\n<meta property=\"og:description\" content=\"Hace m\u00e1s de un siglo vol\u00f3 por primera vez sobre la ciudad de Lima un aeroplano conducido por el piloto peruano Juan Bielovucic, inaugurando la era de la aviaci\u00f3n en nuestro pa\u00eds.\" \/>\n<meta property=\"og:url\" content=\"https:\/\/aeronoticias.com.pe\/noticiero\/mundo\/el-15-de-enero-de-1911-el-piloto-peruano-juan-bielovucic-realizo-el-primer-vuelo-sobre-lima\/\" \/>\n<meta property=\"og:site_name\" content=\"Aeronoticias.com.pe\" \/>\n<meta property=\"article:publisher\" content=\"https:\/\/www.facebook.com\/Aeronoticias.com.pe\/\" \/>\n<meta property=\"article:published_time\" content=\"2021-01-12T17:02:49+00:00\" \/>\n<meta property=\"article:modified_time\" content=\"2021-01-14T17:41:25+00:00\" \/>\n<meta property=\"og:image\" content=\"https:\/\/aeronoticias.com.pe\/noticiero\/wp-content\/uploads\/2021\/01\/juanbielovucic.jpg\" \/>\n\t<meta property=\"og:image:width\" content=\"720\" \/>\n\t<meta property=\"og:image:height\" content=\"461\" \/>\n\t<meta property=\"og:image:type\" content=\"image\/jpeg\" \/>\n<meta name=\"author\" content=\"Redacci\u00f3n\" \/>\n<meta name=\"twitter:card\" content=\"summary_large_image\" \/>\n<meta name=\"twitter:creator\" content=\"@aeronoticias\" \/>\n<meta name=\"twitter:site\" content=\"@aeronoticias\" \/>\n<meta name=\"twitter:label1\" content=\"Escrito por\" \/>\n\t<meta name=\"twitter:data1\" content=\"Redacci\u00f3n\" \/>\n\t<meta name=\"twitter:label2\" content=\"Tiempo de lectura\" \/>\n\t<meta name=\"twitter:data2\" content=\"1 minuto\" \/>\n<script type=\"application\/ld+json\" class=\"yoast-schema-graph\">{\"@context\":\"https:\/\/schema.org\",\"@graph\":[{\"@type\":\"WebPage\",\"@id\":\"https:\/\/aeronoticias.com.pe\/noticiero\/mundo\/el-15-de-enero-de-1911-el-piloto-peruano-juan-bielovucic-realizo-el-primer-vuelo-sobre-lima\/\",\"url\":\"https:\/\/aeronoticias.com.pe\/noticiero\/mundo\/el-15-de-enero-de-1911-el-piloto-peruano-juan-bielovucic-realizo-el-primer-vuelo-sobre-lima\/\",\"name\":\"El 15 de Enero de 1911 el piloto peruano Juan Bielovucic realiz\u00f3 el primer vuelo sobre Lima\",\"isPartOf\":{\"@id\":\"https:\/\/aeronoticias.com.pe\/noticiero\/#website\"},\"primaryImageOfPage\":{\"@id\":\"https:\/\/aeronoticias.com.pe\/noticiero\/mundo\/el-15-de-enero-de-1911-el-piloto-peruano-juan-bielovucic-realizo-el-primer-vuelo-sobre-lima\/#primaryimage\"},\"image\":{\"@id\":\"https:\/\/aeronoticias.com.pe\/noticiero\/mundo\/el-15-de-enero-de-1911-el-piloto-peruano-juan-bielovucic-realizo-el-primer-vuelo-sobre-lima\/#primaryimage\"},\"thumbnailUrl\":\"https:\/\/aeronoticias.com.pe\/noticiero\/wp-content\/uploads\/2021\/01\/juanbielovucic.jpg\",\"datePublished\":\"2021-01-12T17:02:49+00:00\",\"dateModified\":\"2021-01-14T17:41:25+00:00\",\"author\":{\"@id\":\"https:\/\/aeronoticias.com.pe\/noticiero\/#\/schema\/person\/16212a617c73f78916b13194154243bd\"},\"description\":\"Hace m\u00e1s de un siglo vol\u00f3 por primera vez sobre la ciudad de Lima un aeroplano conducido por el piloto peruano Juan Bielovucic, inaugurando la era de la aviaci\u00f3n en nuestro pa\u00eds.\",\"breadcrumb\":{\"@id\":\"https:\/\/aeronoticias.com.pe\/noticiero\/mundo\/el-15-de-enero-de-1911-el-piloto-peruano-juan-bielovucic-realizo-el-primer-vuelo-sobre-lima\/#breadcrumb\"},\"inLanguage\":\"es\",\"potentialAction\":[{\"@type\":\"ReadAction\",\"target\":[\"https:\/\/aeronoticias.com.pe\/noticiero\/mundo\/el-15-de-enero-de-1911-el-piloto-peruano-juan-bielovucic-realizo-el-primer-vuelo-sobre-lima\/\"]}]},{\"@type\":\"ImageObject\",\"inLanguage\":\"es\",\"@id\":\"https:\/\/aeronoticias.com.pe\/noticiero\/mundo\/el-15-de-enero-de-1911-el-piloto-peruano-juan-bielovucic-realizo-el-primer-vuelo-sobre-lima\/#primaryimage\",\"url\":\"https:\/\/aeronoticias.com.pe\/noticiero\/wp-content\/uploads\/2021\/01\/juanbielovucic.jpg\",\"contentUrl\":\"https:\/\/aeronoticias.com.pe\/noticiero\/wp-content\/uploads\/2021\/01\/juanbielovucic.jpg\",\"width\":720,\"height\":461,\"caption\":\"Piloto peruano Juan Bielovucic realiz\u00f3 el primer vuelo sobre Lima, el 15 de Enero de 1911.\"},{\"@type\":\"BreadcrumbList\",\"@id\":\"https:\/\/aeronoticias.com.pe\/noticiero\/mundo\/el-15-de-enero-de-1911-el-piloto-peruano-juan-bielovucic-realizo-el-primer-vuelo-sobre-lima\/#breadcrumb\",\"itemListElement\":[{\"@type\":\"ListItem\",\"position\":1,\"name\":\"Portada\",\"item\":\"https:\/\/aeronoticias.com.pe\/noticiero\/\"},{\"@type\":\"ListItem\",\"position\":2,\"name\":\"El 15 de Enero de 1911 el piloto peruano Juan Bielovucic realiz\u00f3 el primer vuelo sobre Lima\"}]},{\"@type\":\"WebSite\",\"@id\":\"https:\/\/aeronoticias.com.pe\/noticiero\/#website\",\"url\":\"https:\/\/aeronoticias.com.pe\/noticiero\/\",\"name\":\"Aeronoticias.com.pe\",\"description\":\"Noticias de tranporte aereo, turismo, hoteles, gastronomia, actualidad, internacional\",\"potentialAction\":[{\"@type\":\"SearchAction\",\"target\":{\"@type\":\"EntryPoint\",\"urlTemplate\":\"https:\/\/aeronoticias.com.pe\/noticiero\/?s={search_term_string}\"},\"query-input\":{\"@type\":\"PropertyValueSpecification\",\"valueRequired\":true,\"valueName\":\"search_term_string\"}}],\"inLanguage\":\"es\"},{\"@type\":\"Person\",\"@id\":\"https:\/\/aeronoticias.com.pe\/noticiero\/#\/schema\/person\/16212a617c73f78916b13194154243bd\",\"name\":\"Redacci\u00f3n\",\"sameAs\":[\"http:\/\/Redacci\u00f3n\"],\"url\":\"https:\/\/aeronoticias.com.pe\/noticiero\/author\/celeste\/\"}]}<\/script>\n<!-- \/ Yoast SEO plugin. -->","yoast_head_json":{"title":"El 15 de Enero de 1911 el piloto peruano Juan Bielovucic realiz\u00f3 el primer vuelo sobre Lima","description":"Hace m\u00e1s de un siglo vol\u00f3 por primera vez sobre la ciudad de Lima un aeroplano conducido por el piloto peruano Juan Bielovucic, inaugurando la era de la aviaci\u00f3n en nuestro pa\u00eds.","robots":{"index":"index","follow":"follow","max-snippet":"max-snippet:-1","max-image-preview":"max-image-preview:large","max-video-preview":"max-video-preview:-1"},"canonical":"https:\/\/aeronoticias.com.pe\/noticiero\/mundo\/el-15-de-enero-de-1911-el-piloto-peruano-juan-bielovucic-realizo-el-primer-vuelo-sobre-lima\/","og_locale":"es_ES","og_type":"article","og_title":"El 15 de Enero de 1911 el piloto peruano Juan Bielovucic realiz\u00f3 el primer vuelo sobre Lima","og_description":"Hace m\u00e1s de un siglo vol\u00f3 por primera vez sobre la ciudad de Lima un aeroplano conducido por el piloto peruano Juan Bielovucic, inaugurando la era de la aviaci\u00f3n en nuestro pa\u00eds.","og_url":"https:\/\/aeronoticias.com.pe\/noticiero\/mundo\/el-15-de-enero-de-1911-el-piloto-peruano-juan-bielovucic-realizo-el-primer-vuelo-sobre-lima\/","og_site_name":"Aeronoticias.com.pe","article_publisher":"https:\/\/www.facebook.com\/Aeronoticias.com.pe\/","article_published_time":"2021-01-12T17:02:49+00:00","article_modified_time":"2021-01-14T17:41:25+00:00","og_image":[{"width":720,"height":461,"url":"https:\/\/aeronoticias.com.pe\/noticiero\/wp-content\/uploads\/2021\/01\/juanbielovucic.jpg","type":"image\/jpeg"}],"author":"Redacci\u00f3n","twitter_card":"summary_large_image","twitter_creator":"@aeronoticias","twitter_site":"@aeronoticias","twitter_misc":{"Escrito por":"Redacci\u00f3n","Tiempo de lectura":"1 minuto"},"schema":{"@context":"https:\/\/schema.org","@graph":[{"@type":"WebPage","@id":"https:\/\/aeronoticias.com.pe\/noticiero\/mundo\/el-15-de-enero-de-1911-el-piloto-peruano-juan-bielovucic-realizo-el-primer-vuelo-sobre-lima\/","url":"https:\/\/aeronoticias.com.pe\/noticiero\/mundo\/el-15-de-enero-de-1911-el-piloto-peruano-juan-bielovucic-realizo-el-primer-vuelo-sobre-lima\/","name":"El 15 de Enero de 1911 el piloto peruano Juan Bielovucic realiz\u00f3 el primer vuelo sobre Lima","isPartOf":{"@id":"https:\/\/aeronoticias.com.pe\/noticiero\/#website"},"primaryImageOfPage":{"@id":"https:\/\/aeronoticias.com.pe\/noticiero\/mundo\/el-15-de-enero-de-1911-el-piloto-peruano-juan-bielovucic-realizo-el-primer-vuelo-sobre-lima\/#primaryimage"},"image":{"@id":"https:\/\/aeronoticias.com.pe\/noticiero\/mundo\/el-15-de-enero-de-1911-el-piloto-peruano-juan-bielovucic-realizo-el-primer-vuelo-sobre-lima\/#primaryimage"},"thumbnailUrl":"https:\/\/aeronoticias.com.pe\/noticiero\/wp-content\/uploads\/2021\/01\/juanbielovucic.jpg","datePublished":"2021-01-12T17:02:49+00:00","dateModified":"2021-01-14T17:41:25+00:00","author":{"@id":"https:\/\/aeronoticias.com.pe\/noticiero\/#\/schema\/person\/16212a617c73f78916b13194154243bd"},"description":"Hace m\u00e1s de un siglo vol\u00f3 por primera vez sobre la ciudad de Lima un aeroplano conducido por el piloto peruano Juan Bielovucic, inaugurando la era de la aviaci\u00f3n en nuestro pa\u00eds.","breadcrumb":{"@id":"https:\/\/aeronoticias.com.pe\/noticiero\/mundo\/el-15-de-enero-de-1911-el-piloto-peruano-juan-bielovucic-realizo-el-primer-vuelo-sobre-lima\/#breadcrumb"},"inLanguage":"es","potentialAction":[{"@type":"ReadAction","target":["https:\/\/aeronoticias.com.pe\/noticiero\/mundo\/el-15-de-enero-de-1911-el-piloto-peruano-juan-bielovucic-realizo-el-primer-vuelo-sobre-lima\/"]}]},{"@type":"ImageObject","inLanguage":"es","@id":"https:\/\/aeronoticias.com.pe\/noticiero\/mundo\/el-15-de-enero-de-1911-el-piloto-peruano-juan-bielovucic-realizo-el-primer-vuelo-sobre-lima\/#primaryimage","url":"https:\/\/aeronoticias.com.pe\/noticiero\/wp-content\/uploads\/2021\/01\/juanbielovucic.jpg","contentUrl":"https:\/\/aeronoticias.com.pe\/noticiero\/wp-content\/uploads\/2021\/01\/juanbielovucic.jpg","width":720,"height":461,"caption":"Piloto peruano Juan Bielovucic realiz\u00f3 el primer vuelo sobre Lima, el 15 de Enero de 1911."},{"@type":"BreadcrumbList","@id":"https:\/\/aeronoticias.com.pe\/noticiero\/mundo\/el-15-de-enero-de-1911-el-piloto-peruano-juan-bielovucic-realizo-el-primer-vuelo-sobre-lima\/#breadcrumb","itemListElement":[{"@type":"ListItem","position":1,"name":"Portada","item":"https:\/\/aeronoticias.com.pe\/noticiero\/"},{"@type":"ListItem","position":2,"name":"El 15 de Enero de 1911 el piloto peruano Juan Bielovucic realiz\u00f3 el primer vuelo sobre Lima"}]},{"@type":"WebSite","@id":"https:\/\/aeronoticias.com.pe\/noticiero\/#website","url":"https:\/\/aeronoticias.com.pe\/noticiero\/","name":"Aeronoticias.com.pe","description":"Noticias de tranporte aereo, turismo, hoteles, gastronomia, actualidad, internacional","potentialAction":[{"@type":"SearchAction","target":{"@type":"EntryPoint","urlTemplate":"https:\/\/aeronoticias.com.pe\/noticiero\/?s={search_term_string}"},"query-input":{"@type":"PropertyValueSpecification","valueRequired":true,"valueName":"search_term_string"}}],"inLanguage":"es"},{"@type":"Person","@id":"https:\/\/aeronoticias.com.pe\/noticiero\/#\/schema\/person\/16212a617c73f78916b13194154243bd","name":"Redacci\u00f3n","sameAs":["http:\/\/Redacci\u00f3n"],"url":"https:\/\/aeronoticias.com.pe\/noticiero\/author\/celeste\/"}]}},"_links":{"self":[{"href":"https:\/\/aeronoticias.com.pe\/noticiero\/wp-json\/wp\/v2\/posts\/68308","targetHints":{"allow":["GET"]}}],"collection":[{"href":"https:\/\/aeronoticias.com.pe\/noticiero\/wp-json\/wp\/v2\/posts"}],"about":[{"href":"https:\/\/aeronoticias.com.pe\/noticiero\/wp-json\/wp\/v2\/types\/post"}],"author":[{"embeddable":true,"href":"https:\/\/aeronoticias.com.pe\/noticiero\/wp-json\/wp\/v2\/users\/3"}],"replies":[{"embeddable":true,"href":"https:\/\/aeronoticias.com.pe\/noticiero\/wp-json\/wp\/v2\/comments?post=68308"}],"version-history":[{"count":0,"href":"https:\/\/aeronoticias.com.pe\/noticiero\/wp-json\/wp\/v2\/posts\/68308\/revisions"}],"wp:featuredmedia":[{"embeddable":true,"href":"https:\/\/aeronoticias.com.pe\/noticiero\/wp-json\/wp\/v2\/media\/68310"}],"wp:attachment":[{"href":"https:\/\/aeronoticias.com.pe\/noticiero\/wp-json\/wp\/v2\/media?parent=68308"}],"wp:term":[{"taxonomy":"category","embeddable":true,"href":"https:\/\/aeronoticias.com.pe\/noticiero\/wp-json\/wp\/v2\/categories?post=68308"},{"taxonomy":"post_tag","embeddable":true,"href":"https:\/\/aeronoticias.com.pe\/noticiero\/wp-json\/wp\/v2\/tags?post=68308"}],"curies":[{"name":"wp","href":"https:\/\/api.w.org\/{rel}","templated":true}]}}